{"id":10108,"date":"2026-03-09T18:00:34","date_gmt":"2026-03-09T17:00:34","guid":{"rendered":"https:\/\/www.elle.lu\/fr\/?p=10108"},"modified":"2026-03-09T17:58:28","modified_gmt":"2026-03-09T16:58:28","slug":"lily-collins-ses-indispensables-mode-pour-un-ete-europeen-elegant","status":"publish","type":"post","link":"https:\/\/www.elle.lu\/fr\/10108-lily-collins-ses-indispensables-mode-pour-un-ete-europeen-elegant.html","title":{"rendered":"Lily Collins : ses indispensables mode pour un \u00e9t\u00e9 europ\u00e9en \u00e9l\u00e9gant"},"content":{"rendered":"","protected":false},"excerpt":{"rendered":"Lily Collins, notre Am\u00e9ricaine \u00e0 Paris pr\u00e9f\u00e9r\u00e9e dans Emily in Paris, ajoute une nouvelle ligne \u00e0 son CV ; et laquelle. ...","protected":false},"author":44,"featured_media":10109,"comment_status":"open","ping_status":"open","sticky":false,"template":"","format":"standard","meta":{"_acf_changed":false,"_jetpack_memberships_contains_paid_content":false,"footnotes":""},"categories":[9,2],"tags":[],"class_list":["post-10108","post","type-post","status-publish","format-standard","has-post-thumbnail","hentry","category-actu","category-mode"],"acf":[],"yoast_head":"<!-- This site is optimized with the Yoast SEO plugin v27.2 - https:\/\/yoast.com\/product\/yoast-seo-wordpress\/ -->\n<title>Lily Collins : ses indispensables mode pour un \u00e9t\u00e9 europ\u00e9en \u00e9l\u00e9gant - ELLE.lu Luxembourg<\/title>\n<meta name=\"description\" content=\"Lily Collins, notre Am\u00e9ricaine \u00e0 Paris pr\u00e9f\u00e9r\u00e9e dans Emily in Paris, ajoute une nouvelle ligne \u00e0 son CV ; et laquelle. L\u2019actrice, productrice et autrice devient la toute premi\u00e8re Global Brand Ambassador de Zalando.\" \/>\n<meta name=\"robots\" content=\"index, follow, max-snippet:-1, max-image-preview:large, max-video-preview:-1\" \/>\n<link rel=\"canonical\" href=\"https:\/\/www.elle.be\/fr\/468631-lily-collins-livre-ses-indispensables-pour-un-ete-europeen-elegant.html\" \/>\n<meta property=\"og:locale\" content=\"fr_FR\" \/>\n<meta property=\"og:type\" content=\"article\" \/>\n<meta property=\"og:title\" content=\"Lily Collins : ses indispensables mode pour un \u00e9t\u00e9 europ\u00e9en \u00e9l\u00e9gant - ELLE.lu Luxembourg\" \/>\n<meta property=\"og:description\" content=\"Lily Collins, notre Am\u00e9ricaine \u00e0 Paris pr\u00e9f\u00e9r\u00e9e dans Emily in Paris, ajoute une nouvelle ligne \u00e0 son CV ; et laquelle. L\u2019actrice, productrice et autrice devient la toute premi\u00e8re Global Brand Ambassador de Zalando.\" \/>\n<meta property=\"og:url\" content=\"https:\/\/www.elle.be\/fr\/468631-lily-collins-livre-ses-indispensables-pour-un-ete-europeen-elegant.html\" \/>\n<meta property=\"og:site_name\" content=\"ELLE.lu Luxembourg\" \/>\n<meta property=\"article:published_time\" content=\"2026-03-09T17:00:34+00:00\" \/>\n<meta property=\"og:image\" content=\"https:\/\/www.elle.lu\/fr\/wp-content\/uploads\/2026\/03\/zalando-ss26-pr-lily4-rgb-jpeg-copy.jpg\" \/>\n\t<meta property=\"og:image:width\" content=\"1200\" \/>\n\t<meta property=\"og:image:height\" content=\"800\" \/>\n\t<meta property=\"og:image:type\" content=\"image\/jpeg\" \/>\n<meta name=\"author\" content=\"Lore Ginneberge\" \/>\n<meta name=\"twitter:card\" content=\"summary_large_image\" \/>\n<meta name=\"twitter:label1\" content=\"\u00c9crit par\" \/>\n\t<meta name=\"twitter:data1\" content=\"Lore Ginneberge\" \/>\n\t<meta name=\"twitter:label2\" content=\"Dur\u00e9e de lecture estim\u00e9e\" \/>\n\t<meta name=\"twitter:data2\" content=\"5 minutes\" \/>\n<script type=\"application\/ld+json\" class=\"yoast-schema-graph\">{\"@context\":\"https:\/\/schema.org\",\"@graph\":[{\"@type\":\"Article\",\"@id\":\"https:\/\/www.elle.be\/fr\/468631-lily-collins-livre-ses-indispensables-pour-un-ete-europeen-elegant.html#article\",\"isPartOf\":{\"@id\":\"https:\/\/www.elle.lu\/fr\/10108-lily-collins-ses-indispensables-mode-pour-un-ete-europeen-elegant.html\"},\"author\":{\"name\":\"Lore Ginneberge\",\"@id\":\"https:\/\/www.elle.lu\/fr\/#\/schema\/person\/90f4bfb552f6e18e62737a7bf375149a\"},\"headline\":\"Lily Collins : ses indispensables mode pour un \u00e9t\u00e9 europ\u00e9en \u00e9l\u00e9gant\",\"datePublished\":\"2026-03-09T17:00:34+00:00\",\"mainEntityOfPage\":{\"@id\":\"https:\/\/www.elle.lu\/fr\/10108-lily-collins-ses-indispensables-mode-pour-un-ete-europeen-elegant.html\"},\"wordCount\":880,\"commentCount\":0,\"image\":{\"@id\":\"https:\/\/www.elle.be\/fr\/468631-lily-collins-livre-ses-indispensables-pour-un-ete-europeen-elegant.html#primaryimage\"},\"thumbnailUrl\":\"https:\/\/www.elle.lu\/fr\/wp-content\/uploads\/2026\/03\/zalando-ss26-pr-lily4-rgb-jpeg-copy.jpg\",\"articleSection\":[\"Actu\",\"Mode\"],\"inLanguage\":\"fr-FR\",\"potentialAction\":[{\"@type\":\"CommentAction\",\"name\":\"Comment\",\"target\":[\"https:\/\/www.elle.be\/fr\/468631-lily-collins-livre-ses-indispensables-pour-un-ete-europeen-elegant.html#respond\"]}]},{\"@type\":\"WebPage\",\"@id\":\"https:\/\/www.elle.lu\/fr\/10108-lily-collins-ses-indispensables-mode-pour-un-ete-europeen-elegant.html\",\"url\":\"https:\/\/www.elle.be\/fr\/468631-lily-collins-livre-ses-indispensables-pour-un-ete-europeen-elegant.html\",\"name\":\"Lily Collins : ses indispensables mode pour un \u00e9t\u00e9 europ\u00e9en \u00e9l\u00e9gant - ELLE.lu Luxembourg\",\"isPartOf\":{\"@id\":\"https:\/\/www.elle.lu\/fr\/#website\"},\"primaryImageOfPage\":{\"@id\":\"https:\/\/www.elle.be\/fr\/468631-lily-collins-livre-ses-indispensables-pour-un-ete-europeen-elegant.html#primaryimage\"},\"image\":{\"@id\":\"https:\/\/www.elle.be\/fr\/468631-lily-collins-livre-ses-indispensables-pour-un-ete-europeen-elegant.html#primaryimage\"},\"thumbnailUrl\":\"https:\/\/www.elle.lu\/fr\/wp-content\/uploads\/2026\/03\/zalando-ss26-pr-lily4-rgb-jpeg-copy.jpg\",\"datePublished\":\"2026-03-09T17:00:34+00:00\",\"author\":{\"@id\":\"https:\/\/www.elle.lu\/fr\/#\/schema\/person\/90f4bfb552f6e18e62737a7bf375149a\"},\"description\":\"Lily Collins, notre Am\u00e9ricaine \u00e0 Paris pr\u00e9f\u00e9r\u00e9e dans Emily in Paris, ajoute une nouvelle ligne \u00e0 son CV ; et laquelle. L\u2019actrice, productrice et autrice devient la toute premi\u00e8re Global Brand Ambassador de Zalando.\",\"breadcrumb\":{\"@id\":\"https:\/\/www.elle.be\/fr\/468631-lily-collins-livre-ses-indispensables-pour-un-ete-europeen-elegant.html#breadcrumb\"},\"inLanguage\":\"fr-FR\",\"potentialAction\":[{\"@type\":\"ReadAction\",\"target\":[\"https:\/\/www.elle.be\/fr\/468631-lily-collins-livre-ses-indispensables-pour-un-ete-europeen-elegant.html\"]}]},{\"@type\":\"ImageObject\",\"inLanguage\":\"fr-FR\",\"@id\":\"https:\/\/www.elle.be\/fr\/468631-lily-collins-livre-ses-indispensables-pour-un-ete-europeen-elegant.html#primaryimage\",\"url\":\"https:\/\/www.elle.lu\/fr\/wp-content\/uploads\/2026\/03\/zalando-ss26-pr-lily4-rgb-jpeg-copy.jpg\",\"contentUrl\":\"https:\/\/www.elle.lu\/fr\/wp-content\/uploads\/2026\/03\/zalando-ss26-pr-lily4-rgb-jpeg-copy.jpg\",\"width\":1200,\"height\":800,\"caption\":\"ZALANDO \u00a9 ROSIE MARKS (WIEDEN+KENNEDY AMSTERDAM)\"},{\"@type\":\"BreadcrumbList\",\"@id\":\"https:\/\/www.elle.be\/fr\/468631-lily-collins-livre-ses-indispensables-pour-un-ete-europeen-elegant.html#breadcrumb\",\"itemListElement\":[{\"@type\":\"ListItem\",\"position\":1,\"name\":\"Accueil\",\"item\":\"https:\/\/www.elle.lu\/fr\"},{\"@type\":\"ListItem\",\"position\":2,\"name\":\"Lily Collins : ses indispensables mode pour un \u00e9t\u00e9 europ\u00e9en \u00e9l\u00e9gant\"}]},{\"@type\":\"WebSite\",\"@id\":\"https:\/\/www.elle.lu\/fr\/#website\",\"url\":\"https:\/\/www.elle.lu\/fr\/\",\"name\":\"ELLE.lu\",\"description\":\"Explorez les derni\u00e8res tendances mode, beaut\u00e9 et art de vivre au Luxembourg sur ELLE.lu. Un contenu exclusivement luxembourgeois sur notre site, r\u00e9seaux sociaux et YouTube.\",\"potentialAction\":[{\"@type\":\"SearchAction\",\"target\":{\"@type\":\"EntryPoint\",\"urlTemplate\":\"https:\/\/www.elle.lu\/fr\/?s={search_term_string}\"},\"query-input\":{\"@type\":\"PropertyValueSpecification\",\"valueRequired\":true,\"valueName\":\"search_term_string\"}}],\"inLanguage\":\"fr-FR\"},{\"@type\":\"Person\",\"@id\":\"https:\/\/www.elle.lu\/fr\/#\/schema\/person\/90f4bfb552f6e18e62737a7bf375149a\",\"name\":\"Lore Ginneberge\",\"image\":{\"@type\":\"ImageObject\",\"inLanguage\":\"fr-FR\",\"@id\":\"https:\/\/secure.gravatar.com\/avatar\/320e0ffd9268475472e9ffb5337358b93e3ea5be4b6e4dc50a9a1742648bd8a0?s=96&d=mm&r=g\",\"url\":\"https:\/\/secure.gravatar.com\/avatar\/320e0ffd9268475472e9ffb5337358b93e3ea5be4b6e4dc50a9a1742648bd8a0?s=96&d=mm&r=g\",\"contentUrl\":\"https:\/\/secure.gravatar.com\/avatar\/320e0ffd9268475472e9ffb5337358b93e3ea5be4b6e4dc50a9a1742648bd8a0?s=96&d=mm&r=g\",\"caption\":\"Lore Ginneberge\"},\"url\":\"https:\/\/www.elle.lu\/fr\/author\/lore-ginneberge\"}]}<\/script>\n<!-- \/ Yoast SEO plugin. -->","yoast_head_json":{"title":"Lily Collins : ses indispensables mode pour un \u00e9t\u00e9 europ\u00e9en \u00e9l\u00e9gant - ELLE.lu Luxembourg","description":"Lily Collins, notre Am\u00e9ricaine \u00e0 Paris pr\u00e9f\u00e9r\u00e9e dans Emily in Paris, ajoute une nouvelle ligne \u00e0 son CV ; et laquelle. L\u2019actrice, productrice et autrice devient la toute premi\u00e8re Global Brand Ambassador de Zalando.","robots":{"index":"index","follow":"follow","max-snippet":"max-snippet:-1","max-image-preview":"max-image-preview:large","max-video-preview":"max-video-preview:-1"},"canonical":"https:\/\/www.elle.be\/fr\/468631-lily-collins-livre-ses-indispensables-pour-un-ete-europeen-elegant.html","og_locale":"fr_FR","og_type":"article","og_title":"Lily Collins : ses indispensables mode pour un \u00e9t\u00e9 europ\u00e9en \u00e9l\u00e9gant - ELLE.lu Luxembourg","og_description":"Lily Collins, notre Am\u00e9ricaine \u00e0 Paris pr\u00e9f\u00e9r\u00e9e dans Emily in Paris, ajoute une nouvelle ligne \u00e0 son CV ; et laquelle. L\u2019actrice, productrice et autrice devient la toute premi\u00e8re Global Brand Ambassador de Zalando.","og_url":"https:\/\/www.elle.be\/fr\/468631-lily-collins-livre-ses-indispensables-pour-un-ete-europeen-elegant.html","og_site_name":"ELLE.lu Luxembourg","article_published_time":"2026-03-09T17:00:34+00:00","og_image":[{"width":1200,"height":800,"url":"https:\/\/www.elle.lu\/fr\/wp-content\/uploads\/2026\/03\/zalando-ss26-pr-lily4-rgb-jpeg-copy.jpg","type":"image\/jpeg"}],"author":"Lore Ginneberge","twitter_card":"summary_large_image","twitter_misc":{"\u00c9crit par":"Lore Ginneberge","Dur\u00e9e de lecture estim\u00e9e":"5 minutes"},"schema":{"@context":"https:\/\/schema.org","@graph":[{"@type":"Article","@id":"https:\/\/www.elle.be\/fr\/468631-lily-collins-livre-ses-indispensables-pour-un-ete-europeen-elegant.html#article","isPartOf":{"@id":"https:\/\/www.elle.lu\/fr\/10108-lily-collins-ses-indispensables-mode-pour-un-ete-europeen-elegant.html"},"author":{"name":"Lore Ginneberge","@id":"https:\/\/www.elle.lu\/fr\/#\/schema\/person\/90f4bfb552f6e18e62737a7bf375149a"},"headline":"Lily Collins : ses indispensables mode pour un \u00e9t\u00e9 europ\u00e9en \u00e9l\u00e9gant","datePublished":"2026-03-09T17:00:34+00:00","mainEntityOfPage":{"@id":"https:\/\/www.elle.lu\/fr\/10108-lily-collins-ses-indispensables-mode-pour-un-ete-europeen-elegant.html"},"wordCount":880,"commentCount":0,"image":{"@id":"https:\/\/www.elle.be\/fr\/468631-lily-collins-livre-ses-indispensables-pour-un-ete-europeen-elegant.html#primaryimage"},"thumbnailUrl":"https:\/\/www.elle.lu\/fr\/wp-content\/uploads\/2026\/03\/zalando-ss26-pr-lily4-rgb-jpeg-copy.jpg","articleSection":["Actu","Mode"],"inLanguage":"fr-FR","potentialAction":[{"@type":"CommentAction","name":"Comment","target":["https:\/\/www.elle.be\/fr\/468631-lily-collins-livre-ses-indispensables-pour-un-ete-europeen-elegant.html#respond"]}]},{"@type":"WebPage","@id":"https:\/\/www.elle.lu\/fr\/10108-lily-collins-ses-indispensables-mode-pour-un-ete-europeen-elegant.html","url":"https:\/\/www.elle.be\/fr\/468631-lily-collins-livre-ses-indispensables-pour-un-ete-europeen-elegant.html","name":"Lily Collins : ses indispensables mode pour un \u00e9t\u00e9 europ\u00e9en \u00e9l\u00e9gant - ELLE.lu Luxembourg","isPartOf":{"@id":"https:\/\/www.elle.lu\/fr\/#website"},"primaryImageOfPage":{"@id":"https:\/\/www.elle.be\/fr\/468631-lily-collins-livre-ses-indispensables-pour-un-ete-europeen-elegant.html#primaryimage"},"image":{"@id":"https:\/\/www.elle.be\/fr\/468631-lily-collins-livre-ses-indispensables-pour-un-ete-europeen-elegant.html#primaryimage"},"thumbnailUrl":"https:\/\/www.elle.lu\/fr\/wp-content\/uploads\/2026\/03\/zalando-ss26-pr-lily4-rgb-jpeg-copy.jpg","datePublished":"2026-03-09T17:00:34+00:00","author":{"@id":"https:\/\/www.elle.lu\/fr\/#\/schema\/person\/90f4bfb552f6e18e62737a7bf375149a"},"description":"Lily Collins, notre Am\u00e9ricaine \u00e0 Paris pr\u00e9f\u00e9r\u00e9e dans Emily in Paris, ajoute une nouvelle ligne \u00e0 son CV ; et laquelle. L\u2019actrice, productrice et autrice devient la toute premi\u00e8re Global Brand Ambassador de Zalando.","breadcrumb":{"@id":"https:\/\/www.elle.be\/fr\/468631-lily-collins-livre-ses-indispensables-pour-un-ete-europeen-elegant.html#breadcrumb"},"inLanguage":"fr-FR","potentialAction":[{"@type":"ReadAction","target":["https:\/\/www.elle.be\/fr\/468631-lily-collins-livre-ses-indispensables-pour-un-ete-europeen-elegant.html"]}]},{"@type":"ImageObject","inLanguage":"fr-FR","@id":"https:\/\/www.elle.be\/fr\/468631-lily-collins-livre-ses-indispensables-pour-un-ete-europeen-elegant.html#primaryimage","url":"https:\/\/www.elle.lu\/fr\/wp-content\/uploads\/2026\/03\/zalando-ss26-pr-lily4-rgb-jpeg-copy.jpg","contentUrl":"https:\/\/www.elle.lu\/fr\/wp-content\/uploads\/2026\/03\/zalando-ss26-pr-lily4-rgb-jpeg-copy.jpg","width":1200,"height":800,"caption":"ZALANDO \u00a9 ROSIE MARKS (WIEDEN+KENNEDY AMSTERDAM)"},{"@type":"BreadcrumbList","@id":"https:\/\/www.elle.be\/fr\/468631-lily-collins-livre-ses-indispensables-pour-un-ete-europeen-elegant.html#breadcrumb","itemListElement":[{"@type":"ListItem","position":1,"name":"Accueil","item":"https:\/\/www.elle.lu\/fr"},{"@type":"ListItem","position":2,"name":"Lily Collins : ses indispensables mode pour un \u00e9t\u00e9 europ\u00e9en \u00e9l\u00e9gant"}]},{"@type":"WebSite","@id":"https:\/\/www.elle.lu\/fr\/#website","url":"https:\/\/www.elle.lu\/fr\/","name":"ELLE.lu","description":"Explorez les derni\u00e8res tendances mode, beaut\u00e9 et art de vivre au Luxembourg sur ELLE.lu. Un contenu exclusivement luxembourgeois sur notre site, r\u00e9seaux sociaux et YouTube.","potentialAction":[{"@type":"SearchAction","target":{"@type":"EntryPoint","urlTemplate":"https:\/\/www.elle.lu\/fr\/?s={search_term_string}"},"query-input":{"@type":"PropertyValueSpecification","valueRequired":true,"valueName":"search_term_string"}}],"inLanguage":"fr-FR"},{"@type":"Person","@id":"https:\/\/www.elle.lu\/fr\/#\/schema\/person\/90f4bfb552f6e18e62737a7bf375149a","name":"Lore Ginneberge","image":{"@type":"ImageObject","inLanguage":"fr-FR","@id":"https:\/\/secure.gravatar.com\/avatar\/320e0ffd9268475472e9ffb5337358b93e3ea5be4b6e4dc50a9a1742648bd8a0?s=96&d=mm&r=g","url":"https:\/\/secure.gravatar.com\/avatar\/320e0ffd9268475472e9ffb5337358b93e3ea5be4b6e4dc50a9a1742648bd8a0?s=96&d=mm&r=g","contentUrl":"https:\/\/secure.gravatar.com\/avatar\/320e0ffd9268475472e9ffb5337358b93e3ea5be4b6e4dc50a9a1742648bd8a0?s=96&d=mm&r=g","caption":"Lore Ginneberge"},"url":"https:\/\/www.elle.lu\/fr\/author\/lore-ginneberge"}]}},"jetpack_featured_media_url":"https:\/\/www.elle.lu\/fr\/wp-content\/uploads\/2026\/03\/zalando-ss26-pr-lily4-rgb-jpeg-copy.jpg","jetpack_sharing_enabled":true,"_links":{"self":[{"href":"https:\/\/www.elle.lu\/fr\/wp-json\/wp\/v2\/posts\/10108","targetHints":{"allow":["GET"]}}],"collection":[{"href":"https:\/\/www.elle.lu\/fr\/wp-json\/wp\/v2\/posts"}],"about":[{"href":"https:\/\/www.elle.lu\/fr\/wp-json\/wp\/v2\/types\/post"}],"author":[{"embeddable":true,"href":"https:\/\/www.elle.lu\/fr\/wp-json\/wp\/v2\/users\/44"}],"replies":[{"embeddable":true,"href":"https:\/\/www.elle.lu\/fr\/wp-json\/wp\/v2\/comments?post=10108"}],"version-history":[{"count":4,"href":"https:\/\/www.elle.lu\/fr\/wp-json\/wp\/v2\/posts\/10108\/revisions"}],"predecessor-version":[{"id":10116,"href":"https:\/\/www.elle.lu\/fr\/wp-json\/wp\/v2\/posts\/10108\/revisions\/10116"}],"wp:featuredmedia":[{"embeddable":true,"href":"https:\/\/www.elle.lu\/fr\/wp-json\/wp\/v2\/media\/10109"}],"wp:attachment":[{"href":"https:\/\/www.elle.lu\/fr\/wp-json\/wp\/v2\/media?parent=10108"}],"wp:term":[{"taxonomy":"category","embeddable":true,"href":"https:\/\/www.elle.lu\/fr\/wp-json\/wp\/v2\/categories?post=10108"},{"taxonomy":"post_tag","embeddable":true,"href":"https:\/\/www.elle.lu\/fr\/wp-json\/wp\/v2\/tags?post=10108"}],"curies":[{"name":"wp","href":"https:\/\/api.w.org\/{rel}","templated":true}]}}