{"id":10557,"date":"2026-04-28T07:00:27","date_gmt":"2026-04-28T05:00:27","guid":{"rendered":"https:\/\/www.elle.lu\/fr\/?p=10557"},"modified":"2026-04-27T11:15:55","modified_gmt":"2026-04-27T09:15:55","slug":"qui-sont-les-9-finalistes-du-prix-lvmh-2026","status":"publish","type":"post","link":"https:\/\/www.elle.lu\/fr\/10557-qui-sont-les-9-finalistes-du-prix-lvmh-2026.html","title":{"rendered":"Qui sont les 9 finalistes du Prix LVMH 2026 ?"},"content":{"rendered":"","protected":false},"excerpt":{"rendered":"On conna\u00eet enfin les noms des finalistes du Prix LVMH. ...","protected":false},"author":14,"featured_media":10558,"comment_status":"open","ping_status":"open","sticky":false,"template":"","format":"standard","meta":{"_acf_changed":false,"_jetpack_memberships_contains_paid_content":false,"footnotes":""},"categories":[2,9],"tags":[],"class_list":["post-10557","post","type-post","status-publish","format-standard","has-post-thumbnail","hentry","category-mode","category-actu"],"acf":[],"yoast_head":"<!-- This site is optimized with the Yoast SEO plugin v27.2 - https:\/\/yoast.com\/product\/yoast-seo-wordpress\/ -->\n<title>Qui sont les 9 finalistes du Prix LVMH 2026 ? - ELLE.lu Luxembourg<\/title>\n<meta name=\"description\" content=\"On conna\u00eet enfin les noms des finalistes du Prix LVMH. Cr\u00e9ateurs en pleine ascension, nouveaux talents prometteurs... Voici la short list 2026.\" \/>\n<meta name=\"robots\" content=\"index, follow, max-snippet:-1, max-image-preview:large, max-video-preview:-1\" \/>\n<link rel=\"canonical\" href=\"https:\/\/www.elle.lu\/fr\/10557-qui-sont-les-9-finalistes-du-prix-lvmh-2026.html\" \/>\n<meta property=\"og:locale\" content=\"fr_FR\" \/>\n<meta property=\"og:type\" content=\"article\" \/>\n<meta property=\"og:title\" content=\"Qui sont les 9 finalistes du Prix LVMH 2026 ? - ELLE.lu Luxembourg\" \/>\n<meta property=\"og:description\" content=\"On conna\u00eet enfin les noms des finalistes du Prix LVMH. Cr\u00e9ateurs en pleine ascension, nouveaux talents prometteurs... Voici la short list 2026.\" \/>\n<meta property=\"og:url\" content=\"https:\/\/www.elle.lu\/fr\/10557-qui-sont-les-9-finalistes-du-prix-lvmh-2026.html\" \/>\n<meta property=\"og:site_name\" content=\"ELLE.lu Luxembourg\" \/>\n<meta property=\"article:published_time\" content=\"2026-04-28T05:00:27+00:00\" \/>\n<meta property=\"og:image\" content=\"https:\/\/www.elle.lu\/fr\/wp-content\/uploads\/2026\/04\/qui-sont-les-9-finalistes-du-prix-lvmh-2026jpg.webp\" \/>\n\t<meta property=\"og:image:width\" content=\"635\" \/>\n\t<meta property=\"og:image:height\" content=\"635\" \/>\n\t<meta property=\"og:image:type\" content=\"image\/webp\" \/>\n<meta name=\"author\" content=\"ELLE Luxembourg\" \/>\n<meta name=\"twitter:card\" content=\"summary_large_image\" \/>\n<meta name=\"twitter:label1\" content=\"\u00c9crit par\" \/>\n\t<meta name=\"twitter:data1\" content=\"ELLE Luxembourg\" \/>\n\t<meta name=\"twitter:label2\" content=\"Dur\u00e9e de lecture estim\u00e9e\" \/>\n\t<meta name=\"twitter:data2\" content=\"4 minutes\" \/>\n<script type=\"application\/ld+json\" class=\"yoast-schema-graph\">{\"@context\":\"https:\/\/schema.org\",\"@graph\":[{\"@type\":\"Article\",\"@id\":\"https:\/\/www.elle.lu\/fr\/10557-qui-sont-les-9-finalistes-du-prix-lvmh-2026.html#article\",\"isPartOf\":{\"@id\":\"https:\/\/www.elle.lu\/fr\/10557-qui-sont-les-9-finalistes-du-prix-lvmh-2026.html\"},\"author\":{\"name\":\"ELLE Luxembourg\",\"@id\":\"https:\/\/www.elle.lu\/fr\/#\/schema\/person\/9f46b98d1e40ec669426239054a74f55\"},\"headline\":\"Qui sont les 9 finalistes du Prix LVMH 2026 ?\",\"datePublished\":\"2026-04-28T05:00:27+00:00\",\"mainEntityOfPage\":{\"@id\":\"https:\/\/www.elle.lu\/fr\/10557-qui-sont-les-9-finalistes-du-prix-lvmh-2026.html\"},\"wordCount\":648,\"commentCount\":0,\"image\":{\"@id\":\"https:\/\/www.elle.lu\/fr\/10557-qui-sont-les-9-finalistes-du-prix-lvmh-2026.html#primaryimage\"},\"thumbnailUrl\":\"https:\/\/www.elle.lu\/fr\/wp-content\/uploads\/2026\/04\/qui-sont-les-9-finalistes-du-prix-lvmh-2026jpg.webp\",\"articleSection\":[\"Mode\",\"Actu\"],\"inLanguage\":\"fr-FR\",\"potentialAction\":[{\"@type\":\"CommentAction\",\"name\":\"Comment\",\"target\":[\"https:\/\/www.elle.lu\/fr\/10557-qui-sont-les-9-finalistes-du-prix-lvmh-2026.html#respond\"]}]},{\"@type\":\"WebPage\",\"@id\":\"https:\/\/www.elle.lu\/fr\/10557-qui-sont-les-9-finalistes-du-prix-lvmh-2026.html\",\"url\":\"https:\/\/www.elle.lu\/fr\/10557-qui-sont-les-9-finalistes-du-prix-lvmh-2026.html\",\"name\":\"Qui sont les 9 finalistes du Prix LVMH 2026 ? - ELLE.lu Luxembourg\",\"isPartOf\":{\"@id\":\"https:\/\/www.elle.lu\/fr\/#website\"},\"primaryImageOfPage\":{\"@id\":\"https:\/\/www.elle.lu\/fr\/10557-qui-sont-les-9-finalistes-du-prix-lvmh-2026.html#primaryimage\"},\"image\":{\"@id\":\"https:\/\/www.elle.lu\/fr\/10557-qui-sont-les-9-finalistes-du-prix-lvmh-2026.html#primaryimage\"},\"thumbnailUrl\":\"https:\/\/www.elle.lu\/fr\/wp-content\/uploads\/2026\/04\/qui-sont-les-9-finalistes-du-prix-lvmh-2026jpg.webp\",\"datePublished\":\"2026-04-28T05:00:27+00:00\",\"author\":{\"@id\":\"https:\/\/www.elle.lu\/fr\/#\/schema\/person\/9f46b98d1e40ec669426239054a74f55\"},\"description\":\"On conna\u00eet enfin les noms des finalistes du Prix LVMH. Cr\u00e9ateurs en pleine ascension, nouveaux talents prometteurs... Voici la short list 2026.\",\"breadcrumb\":{\"@id\":\"https:\/\/www.elle.lu\/fr\/10557-qui-sont-les-9-finalistes-du-prix-lvmh-2026.html#breadcrumb\"},\"inLanguage\":\"fr-FR\",\"potentialAction\":[{\"@type\":\"ReadAction\",\"target\":[\"https:\/\/www.elle.lu\/fr\/10557-qui-sont-les-9-finalistes-du-prix-lvmh-2026.html\"]}]},{\"@type\":\"ImageObject\",\"inLanguage\":\"fr-FR\",\"@id\":\"https:\/\/www.elle.lu\/fr\/10557-qui-sont-les-9-finalistes-du-prix-lvmh-2026.html#primaryimage\",\"url\":\"https:\/\/www.elle.lu\/fr\/wp-content\/uploads\/2026\/04\/qui-sont-les-9-finalistes-du-prix-lvmh-2026jpg.webp\",\"contentUrl\":\"https:\/\/www.elle.lu\/fr\/wp-content\/uploads\/2026\/04\/qui-sont-les-9-finalistes-du-prix-lvmh-2026jpg.webp\",\"width\":635,\"height\":635,\"caption\":\"\u00a9LVMH\"},{\"@type\":\"BreadcrumbList\",\"@id\":\"https:\/\/www.elle.lu\/fr\/10557-qui-sont-les-9-finalistes-du-prix-lvmh-2026.html#breadcrumb\",\"itemListElement\":[{\"@type\":\"ListItem\",\"position\":1,\"name\":\"Accueil\",\"item\":\"https:\/\/www.elle.lu\/fr\"},{\"@type\":\"ListItem\",\"position\":2,\"name\":\"Qui sont les 9 finalistes du Prix LVMH 2026 ?\"}]},{\"@type\":\"WebSite\",\"@id\":\"https:\/\/www.elle.lu\/fr\/#website\",\"url\":\"https:\/\/www.elle.lu\/fr\/\",\"name\":\"ELLE.lu\",\"description\":\"Explorez les derni\u00e8res tendances mode, beaut\u00e9 et art de vivre au Luxembourg sur ELLE.lu. Un contenu exclusivement luxembourgeois sur notre site, r\u00e9seaux sociaux et YouTube.\",\"potentialAction\":[{\"@type\":\"SearchAction\",\"target\":{\"@type\":\"EntryPoint\",\"urlTemplate\":\"https:\/\/www.elle.lu\/fr\/?s={search_term_string}\"},\"query-input\":{\"@type\":\"PropertyValueSpecification\",\"valueRequired\":true,\"valueName\":\"search_term_string\"}}],\"inLanguage\":\"fr-FR\"},{\"@type\":\"Person\",\"@id\":\"https:\/\/www.elle.lu\/fr\/#\/schema\/person\/9f46b98d1e40ec669426239054a74f55\",\"name\":\"ELLE Luxembourg\",\"image\":{\"@type\":\"ImageObject\",\"inLanguage\":\"fr-FR\",\"@id\":\"https:\/\/secure.gravatar.com\/avatar\/53ba8a0846e80e757a82f9012841e058a80a9c9fcef00955129602230f0fd7ac?s=96&d=mm&r=g\",\"url\":\"https:\/\/secure.gravatar.com\/avatar\/53ba8a0846e80e757a82f9012841e058a80a9c9fcef00955129602230f0fd7ac?s=96&d=mm&r=g\",\"contentUrl\":\"https:\/\/secure.gravatar.com\/avatar\/53ba8a0846e80e757a82f9012841e058a80a9c9fcef00955129602230f0fd7ac?s=96&d=mm&r=g\",\"caption\":\"ELLE Luxembourg\"},\"url\":\"https:\/\/www.elle.lu\/fr\/author\/elle-luxembourg\"}]}<\/script>\n<!-- \/ Yoast SEO plugin. -->","yoast_head_json":{"title":"Qui sont les 9 finalistes du Prix LVMH 2026 ? - ELLE.lu Luxembourg","description":"On conna\u00eet enfin les noms des finalistes du Prix LVMH. Cr\u00e9ateurs en pleine ascension, nouveaux talents prometteurs... Voici la short list 2026.","robots":{"index":"index","follow":"follow","max-snippet":"max-snippet:-1","max-image-preview":"max-image-preview:large","max-video-preview":"max-video-preview:-1"},"canonical":"https:\/\/www.elle.lu\/fr\/10557-qui-sont-les-9-finalistes-du-prix-lvmh-2026.html","og_locale":"fr_FR","og_type":"article","og_title":"Qui sont les 9 finalistes du Prix LVMH 2026 ? - ELLE.lu Luxembourg","og_description":"On conna\u00eet enfin les noms des finalistes du Prix LVMH. Cr\u00e9ateurs en pleine ascension, nouveaux talents prometteurs... Voici la short list 2026.","og_url":"https:\/\/www.elle.lu\/fr\/10557-qui-sont-les-9-finalistes-du-prix-lvmh-2026.html","og_site_name":"ELLE.lu Luxembourg","article_published_time":"2026-04-28T05:00:27+00:00","og_image":[{"width":635,"height":635,"url":"https:\/\/www.elle.lu\/fr\/wp-content\/uploads\/2026\/04\/qui-sont-les-9-finalistes-du-prix-lvmh-2026jpg.webp","type":"image\/webp"}],"author":"ELLE Luxembourg","twitter_card":"summary_large_image","twitter_misc":{"\u00c9crit par":"ELLE Luxembourg","Dur\u00e9e de lecture estim\u00e9e":"4 minutes"},"schema":{"@context":"https:\/\/schema.org","@graph":[{"@type":"Article","@id":"https:\/\/www.elle.lu\/fr\/10557-qui-sont-les-9-finalistes-du-prix-lvmh-2026.html#article","isPartOf":{"@id":"https:\/\/www.elle.lu\/fr\/10557-qui-sont-les-9-finalistes-du-prix-lvmh-2026.html"},"author":{"name":"ELLE Luxembourg","@id":"https:\/\/www.elle.lu\/fr\/#\/schema\/person\/9f46b98d1e40ec669426239054a74f55"},"headline":"Qui sont les 9 finalistes du Prix LVMH 2026 ?","datePublished":"2026-04-28T05:00:27+00:00","mainEntityOfPage":{"@id":"https:\/\/www.elle.lu\/fr\/10557-qui-sont-les-9-finalistes-du-prix-lvmh-2026.html"},"wordCount":648,"commentCount":0,"image":{"@id":"https:\/\/www.elle.lu\/fr\/10557-qui-sont-les-9-finalistes-du-prix-lvmh-2026.html#primaryimage"},"thumbnailUrl":"https:\/\/www.elle.lu\/fr\/wp-content\/uploads\/2026\/04\/qui-sont-les-9-finalistes-du-prix-lvmh-2026jpg.webp","articleSection":["Mode","Actu"],"inLanguage":"fr-FR","potentialAction":[{"@type":"CommentAction","name":"Comment","target":["https:\/\/www.elle.lu\/fr\/10557-qui-sont-les-9-finalistes-du-prix-lvmh-2026.html#respond"]}]},{"@type":"WebPage","@id":"https:\/\/www.elle.lu\/fr\/10557-qui-sont-les-9-finalistes-du-prix-lvmh-2026.html","url":"https:\/\/www.elle.lu\/fr\/10557-qui-sont-les-9-finalistes-du-prix-lvmh-2026.html","name":"Qui sont les 9 finalistes du Prix LVMH 2026 ? - ELLE.lu Luxembourg","isPartOf":{"@id":"https:\/\/www.elle.lu\/fr\/#website"},"primaryImageOfPage":{"@id":"https:\/\/www.elle.lu\/fr\/10557-qui-sont-les-9-finalistes-du-prix-lvmh-2026.html#primaryimage"},"image":{"@id":"https:\/\/www.elle.lu\/fr\/10557-qui-sont-les-9-finalistes-du-prix-lvmh-2026.html#primaryimage"},"thumbnailUrl":"https:\/\/www.elle.lu\/fr\/wp-content\/uploads\/2026\/04\/qui-sont-les-9-finalistes-du-prix-lvmh-2026jpg.webp","datePublished":"2026-04-28T05:00:27+00:00","author":{"@id":"https:\/\/www.elle.lu\/fr\/#\/schema\/person\/9f46b98d1e40ec669426239054a74f55"},"description":"On conna\u00eet enfin les noms des finalistes du Prix LVMH. Cr\u00e9ateurs en pleine ascension, nouveaux talents prometteurs... Voici la short list 2026.","breadcrumb":{"@id":"https:\/\/www.elle.lu\/fr\/10557-qui-sont-les-9-finalistes-du-prix-lvmh-2026.html#breadcrumb"},"inLanguage":"fr-FR","potentialAction":[{"@type":"ReadAction","target":["https:\/\/www.elle.lu\/fr\/10557-qui-sont-les-9-finalistes-du-prix-lvmh-2026.html"]}]},{"@type":"ImageObject","inLanguage":"fr-FR","@id":"https:\/\/www.elle.lu\/fr\/10557-qui-sont-les-9-finalistes-du-prix-lvmh-2026.html#primaryimage","url":"https:\/\/www.elle.lu\/fr\/wp-content\/uploads\/2026\/04\/qui-sont-les-9-finalistes-du-prix-lvmh-2026jpg.webp","contentUrl":"https:\/\/www.elle.lu\/fr\/wp-content\/uploads\/2026\/04\/qui-sont-les-9-finalistes-du-prix-lvmh-2026jpg.webp","width":635,"height":635,"caption":"\u00a9LVMH"},{"@type":"BreadcrumbList","@id":"https:\/\/www.elle.lu\/fr\/10557-qui-sont-les-9-finalistes-du-prix-lvmh-2026.html#breadcrumb","itemListElement":[{"@type":"ListItem","position":1,"name":"Accueil","item":"https:\/\/www.elle.lu\/fr"},{"@type":"ListItem","position":2,"name":"Qui sont les 9 finalistes du Prix LVMH 2026 ?"}]},{"@type":"WebSite","@id":"https:\/\/www.elle.lu\/fr\/#website","url":"https:\/\/www.elle.lu\/fr\/","name":"ELLE.lu","description":"Explorez les derni\u00e8res tendances mode, beaut\u00e9 et art de vivre au Luxembourg sur ELLE.lu. Un contenu exclusivement luxembourgeois sur notre site, r\u00e9seaux sociaux et YouTube.","potentialAction":[{"@type":"SearchAction","target":{"@type":"EntryPoint","urlTemplate":"https:\/\/www.elle.lu\/fr\/?s={search_term_string}"},"query-input":{"@type":"PropertyValueSpecification","valueRequired":true,"valueName":"search_term_string"}}],"inLanguage":"fr-FR"},{"@type":"Person","@id":"https:\/\/www.elle.lu\/fr\/#\/schema\/person\/9f46b98d1e40ec669426239054a74f55","name":"ELLE Luxembourg","image":{"@type":"ImageObject","inLanguage":"fr-FR","@id":"https:\/\/secure.gravatar.com\/avatar\/53ba8a0846e80e757a82f9012841e058a80a9c9fcef00955129602230f0fd7ac?s=96&d=mm&r=g","url":"https:\/\/secure.gravatar.com\/avatar\/53ba8a0846e80e757a82f9012841e058a80a9c9fcef00955129602230f0fd7ac?s=96&d=mm&r=g","contentUrl":"https:\/\/secure.gravatar.com\/avatar\/53ba8a0846e80e757a82f9012841e058a80a9c9fcef00955129602230f0fd7ac?s=96&d=mm&r=g","caption":"ELLE Luxembourg"},"url":"https:\/\/www.elle.lu\/fr\/author\/elle-luxembourg"}]}},"jetpack_featured_media_url":"https:\/\/www.elle.lu\/fr\/wp-content\/uploads\/2026\/04\/qui-sont-les-9-finalistes-du-prix-lvmh-2026jpg.webp","jetpack_sharing_enabled":true,"_links":{"self":[{"href":"https:\/\/www.elle.lu\/fr\/wp-json\/wp\/v2\/posts\/10557","targetHints":{"allow":["GET"]}}],"collection":[{"href":"https:\/\/www.elle.lu\/fr\/wp-json\/wp\/v2\/posts"}],"about":[{"href":"https:\/\/www.elle.lu\/fr\/wp-json\/wp\/v2\/types\/post"}],"author":[{"embeddable":true,"href":"https:\/\/www.elle.lu\/fr\/wp-json\/wp\/v2\/users\/14"}],"replies":[{"embeddable":true,"href":"https:\/\/www.elle.lu\/fr\/wp-json\/wp\/v2\/comments?post=10557"}],"version-history":[{"count":1,"href":"https:\/\/www.elle.lu\/fr\/wp-json\/wp\/v2\/posts\/10557\/revisions"}],"predecessor-version":[{"id":10559,"href":"https:\/\/www.elle.lu\/fr\/wp-json\/wp\/v2\/posts\/10557\/revisions\/10559"}],"wp:featuredmedia":[{"embeddable":true,"href":"https:\/\/www.elle.lu\/fr\/wp-json\/wp\/v2\/media\/10558"}],"wp:attachment":[{"href":"https:\/\/www.elle.lu\/fr\/wp-json\/wp\/v2\/media?parent=10557"}],"wp:term":[{"taxonomy":"category","embeddable":true,"href":"https:\/\/www.elle.lu\/fr\/wp-json\/wp\/v2\/categories?post=10557"},{"taxonomy":"post_tag","embeddable":true,"href":"https:\/\/www.elle.lu\/fr\/wp-json\/wp\/v2\/tags?post=10557"}],"curies":[{"name":"wp","href":"https:\/\/api.w.org\/{rel}","templated":true}]}}