{"id":10579,"date":"2026-04-30T07:00:25","date_gmt":"2026-04-30T05:00:25","guid":{"rendered":"https:\/\/www.elle.lu\/fr\/?p=10579"},"modified":"2026-04-30T13:42:52","modified_gmt":"2026-04-30T11:42:52","slug":"milan-design-week-2026-les-projets-a-retenir-entre-grandes-maisons-et-designers","status":"publish","type":"post","link":"https:\/\/www.elle.lu\/fr\/10579-milan-design-week-2026-les-projets-a-retenir-entre-grandes-maisons-et-designers.html","title":{"rendered":"Milan Design Week 2026 : les projets \u00e0 retenir entre grandes maisons et designers"},"content":{"rendered":"","protected":false},"excerpt":{"rendered":"\u00c0 Milan, la Design Week 2026 a confirm\u00e9 le r\u00f4le central des mati\u00e8res, des textures et des sc\u00e9nographies immersives. ...","protected":false},"author":28,"featured_media":10588,"comment_status":"open","ping_status":"open","sticky":false,"template":"","format":"standard","meta":{"_acf_changed":false,"_jetpack_memberships_contains_paid_content":false,"footnotes":""},"categories":[4,13],"tags":[],"class_list":["post-10579","post","type-post","status-publish","format-standard","has-post-thumbnail","hentry","category-lifestyle","category-culture"],"acf":[],"yoast_head":"<!-- This site is optimized with the Yoast SEO plugin v27.5 - https:\/\/yoast.com\/product\/yoast-seo-wordpress\/ -->\n<title>Milan Design Week 2026 : les projets \u00e0 retenir entre grandes maisons et designers - ELLE.lu Luxembourg<\/title>\n<meta name=\"description\" content=\"\u00c0 Milan, la Design Week 2026 a confirm\u00e9 le r\u00f4le central des mati\u00e8res, des textures et des sc\u00e9nographies immersives. Du verre de Murano aux installations en marbre, en passant par les signatures luxembourgeoises, s\u00e9lection des projets qui ont structur\u00e9 cette \u00e9dition.\" \/>\n<meta name=\"robots\" content=\"index, follow, max-snippet:-1, max-image-preview:large, max-video-preview:-1\" \/>\n<link rel=\"canonical\" href=\"https:\/\/www.elle.lu\/fr\/10579-milan-design-week-2026-les-projets-a-retenir-entre-grandes-maisons-et-designers.html\" \/>\n<meta property=\"og:locale\" content=\"fr_FR\" \/>\n<meta property=\"og:type\" content=\"article\" \/>\n<meta property=\"og:title\" content=\"Milan Design Week 2026 : les projets \u00e0 retenir entre grandes maisons et designers - ELLE.lu Luxembourg\" \/>\n<meta property=\"og:description\" content=\"\u00c0 Milan, la Design Week 2026 a confirm\u00e9 le r\u00f4le central des mati\u00e8res, des textures et des sc\u00e9nographies immersives. Du verre de Murano aux installations en marbre, en passant par les signatures luxembourgeoises, s\u00e9lection des projets qui ont structur\u00e9 cette \u00e9dition.\" \/>\n<meta property=\"og:url\" content=\"https:\/\/www.elle.lu\/fr\/10579-milan-design-week-2026-les-projets-a-retenir-entre-grandes-maisons-et-designers.html\" \/>\n<meta property=\"og:site_name\" content=\"ELLE.lu Luxembourg\" \/>\n<meta property=\"article:published_time\" content=\"2026-04-30T05:00:25+00:00\" \/>\n<meta property=\"article:modified_time\" content=\"2026-04-30T11:42:52+00:00\" \/>\n<meta property=\"og:image\" content=\"https:\/\/www.elle.lu\/fr\/wp-content\/uploads\/2026\/04\/copyright-stevens-fremont-i-roche-bobois-3.jpeg\" \/>\n\t<meta property=\"og:image:width\" content=\"2500\" \/>\n\t<meta property=\"og:image:height\" content=\"1598\" \/>\n\t<meta property=\"og:image:type\" content=\"image\/jpeg\" \/>\n<meta name=\"author\" content=\"Jessika Maria Rauch\" \/>\n<meta name=\"twitter:card\" content=\"summary_large_image\" \/>\n<meta name=\"twitter:label1\" content=\"\u00c9crit par\" \/>\n\t<meta name=\"twitter:data1\" content=\"Jessika Maria Rauch\" \/>\n\t<meta name=\"twitter:label2\" content=\"Dur\u00e9e de lecture estim\u00e9e\" \/>\n\t<meta name=\"twitter:data2\" content=\"8 minutes\" \/>\n<script type=\"application\/ld+json\" class=\"yoast-schema-graph\">{\"@context\":\"https:\\\/\\\/schema.org\",\"@graph\":[{\"@type\":\"Article\",\"@id\":\"https:\\\/\\\/www.elle.lu\\\/fr\\\/10579-milan-design-week-2026-les-projets-a-retenir-entre-grandes-maisons-et-designers.html#article\",\"isPartOf\":{\"@id\":\"https:\\\/\\\/www.elle.lu\\\/fr\\\/10579-milan-design-week-2026-les-projets-a-retenir-entre-grandes-maisons-et-designers.html\"},\"author\":{\"name\":\"Jessika Maria Rauch\",\"@id\":\"https:\\\/\\\/www.elle.lu\\\/fr\\\/#\\\/schema\\\/person\\\/8086c0cf9c0dde1acbe677c9ff804862\"},\"headline\":\"Milan Design Week 2026 : les projets \u00e0 retenir entre grandes maisons et designers\",\"datePublished\":\"2026-04-30T05:00:25+00:00\",\"dateModified\":\"2026-04-30T11:42:52+00:00\",\"mainEntityOfPage\":{\"@id\":\"https:\\\/\\\/www.elle.lu\\\/fr\\\/10579-milan-design-week-2026-les-projets-a-retenir-entre-grandes-maisons-et-designers.html\"},\"wordCount\":1265,\"commentCount\":0,\"image\":{\"@id\":\"https:\\\/\\\/www.elle.lu\\\/fr\\\/10579-milan-design-week-2026-les-projets-a-retenir-entre-grandes-maisons-et-designers.html#primaryimage\"},\"thumbnailUrl\":\"https:\\\/\\\/www.elle.lu\\\/fr\\\/wp-content\\\/uploads\\\/2026\\\/04\\\/copyright-stevens-fremont-i-roche-bobois-3.jpeg\",\"articleSection\":[\"Lifestyle\",\"Culture\"],\"inLanguage\":\"fr-FR\",\"potentialAction\":[{\"@type\":\"CommentAction\",\"name\":\"Comment\",\"target\":[\"https:\\\/\\\/www.elle.lu\\\/fr\\\/10579-milan-design-week-2026-les-projets-a-retenir-entre-grandes-maisons-et-designers.html#respond\"]}]},{\"@type\":\"WebPage\",\"@id\":\"https:\\\/\\\/www.elle.lu\\\/fr\\\/10579-milan-design-week-2026-les-projets-a-retenir-entre-grandes-maisons-et-designers.html\",\"url\":\"https:\\\/\\\/www.elle.lu\\\/fr\\\/10579-milan-design-week-2026-les-projets-a-retenir-entre-grandes-maisons-et-designers.html\",\"name\":\"Milan Design Week 2026 : les projets \u00e0 retenir entre grandes maisons et designers - ELLE.lu Luxembourg\",\"isPartOf\":{\"@id\":\"https:\\\/\\\/www.elle.lu\\\/fr\\\/#website\"},\"primaryImageOfPage\":{\"@id\":\"https:\\\/\\\/www.elle.lu\\\/fr\\\/10579-milan-design-week-2026-les-projets-a-retenir-entre-grandes-maisons-et-designers.html#primaryimage\"},\"image\":{\"@id\":\"https:\\\/\\\/www.elle.lu\\\/fr\\\/10579-milan-design-week-2026-les-projets-a-retenir-entre-grandes-maisons-et-designers.html#primaryimage\"},\"thumbnailUrl\":\"https:\\\/\\\/www.elle.lu\\\/fr\\\/wp-content\\\/uploads\\\/2026\\\/04\\\/copyright-stevens-fremont-i-roche-bobois-3.jpeg\",\"datePublished\":\"2026-04-30T05:00:25+00:00\",\"dateModified\":\"2026-04-30T11:42:52+00:00\",\"author\":{\"@id\":\"https:\\\/\\\/www.elle.lu\\\/fr\\\/#\\\/schema\\\/person\\\/8086c0cf9c0dde1acbe677c9ff804862\"},\"description\":\"\u00c0 Milan, la Design Week 2026 a confirm\u00e9 le r\u00f4le central des mati\u00e8res, des textures et des sc\u00e9nographies immersives. Du verre de Murano aux installations en marbre, en passant par les signatures luxembourgeoises, s\u00e9lection des projets qui ont structur\u00e9 cette \u00e9dition.\",\"breadcrumb\":{\"@id\":\"https:\\\/\\\/www.elle.lu\\\/fr\\\/10579-milan-design-week-2026-les-projets-a-retenir-entre-grandes-maisons-et-designers.html#breadcrumb\"},\"inLanguage\":\"fr-FR\",\"potentialAction\":[{\"@type\":\"ReadAction\",\"target\":[\"https:\\\/\\\/www.elle.lu\\\/fr\\\/10579-milan-design-week-2026-les-projets-a-retenir-entre-grandes-maisons-et-designers.html\"]}]},{\"@type\":\"ImageObject\",\"inLanguage\":\"fr-FR\",\"@id\":\"https:\\\/\\\/www.elle.lu\\\/fr\\\/10579-milan-design-week-2026-les-projets-a-retenir-entre-grandes-maisons-et-designers.html#primaryimage\",\"url\":\"https:\\\/\\\/www.elle.lu\\\/fr\\\/wp-content\\\/uploads\\\/2026\\\/04\\\/copyright-stevens-fremont-i-roche-bobois-3.jpeg\",\"contentUrl\":\"https:\\\/\\\/www.elle.lu\\\/fr\\\/wp-content\\\/uploads\\\/2026\\\/04\\\/copyright-stevens-fremont-i-roche-bobois-3.jpeg\",\"width\":2500,\"height\":1598,\"caption\":\"\u00a9 Stevens Fremont I Roche Bobois\"},{\"@type\":\"BreadcrumbList\",\"@id\":\"https:\\\/\\\/www.elle.lu\\\/fr\\\/10579-milan-design-week-2026-les-projets-a-retenir-entre-grandes-maisons-et-designers.html#breadcrumb\",\"itemListElement\":[{\"@type\":\"ListItem\",\"position\":1,\"name\":\"Accueil\",\"item\":\"https:\\\/\\\/www.elle.lu\\\/fr\"},{\"@type\":\"ListItem\",\"position\":2,\"name\":\"Milan Design Week 2026 : les projets \u00e0 retenir entre grandes maisons et designers\"}]},{\"@type\":\"WebSite\",\"@id\":\"https:\\\/\\\/www.elle.lu\\\/fr\\\/#website\",\"url\":\"https:\\\/\\\/www.elle.lu\\\/fr\\\/\",\"name\":\"ELLE.lu\",\"description\":\"Explorez les derni\u00e8res tendances mode, beaut\u00e9 et art de vivre au Luxembourg sur ELLE.lu. Un contenu exclusivement luxembourgeois sur notre site, r\u00e9seaux sociaux et YouTube.\",\"potentialAction\":[{\"@type\":\"SearchAction\",\"target\":{\"@type\":\"EntryPoint\",\"urlTemplate\":\"https:\\\/\\\/www.elle.lu\\\/fr\\\/?s={search_term_string}\"},\"query-input\":{\"@type\":\"PropertyValueSpecification\",\"valueRequired\":true,\"valueName\":\"search_term_string\"}}],\"inLanguage\":\"fr-FR\"},{\"@type\":\"Person\",\"@id\":\"https:\\\/\\\/www.elle.lu\\\/fr\\\/#\\\/schema\\\/person\\\/8086c0cf9c0dde1acbe677c9ff804862\",\"name\":\"Jessika Maria Rauch\",\"image\":{\"@type\":\"ImageObject\",\"inLanguage\":\"fr-FR\",\"@id\":\"https:\\\/\\\/secure.gravatar.com\\\/avatar\\\/bae28e2d194bb1010f3b1fc4f2b3bad5de4e4e1d9b176035cc00dc8ae8775257?s=96&d=mm&r=g\",\"url\":\"https:\\\/\\\/secure.gravatar.com\\\/avatar\\\/bae28e2d194bb1010f3b1fc4f2b3bad5de4e4e1d9b176035cc00dc8ae8775257?s=96&d=mm&r=g\",\"contentUrl\":\"https:\\\/\\\/secure.gravatar.com\\\/avatar\\\/bae28e2d194bb1010f3b1fc4f2b3bad5de4e4e1d9b176035cc00dc8ae8775257?s=96&d=mm&r=g\",\"caption\":\"Jessika Maria Rauch\"},\"url\":\"https:\\\/\\\/www.elle.lu\\\/fr\\\/author\\\/jessika-maria-rauch\"}]}<\/script>\n<!-- \/ Yoast SEO plugin. -->","yoast_head_json":{"title":"Milan Design Week 2026 : les projets \u00e0 retenir entre grandes maisons et designers - ELLE.lu Luxembourg","description":"\u00c0 Milan, la Design Week 2026 a confirm\u00e9 le r\u00f4le central des mati\u00e8res, des textures et des sc\u00e9nographies immersives. Du verre de Murano aux installations en marbre, en passant par les signatures luxembourgeoises, s\u00e9lection des projets qui ont structur\u00e9 cette \u00e9dition.","robots":{"index":"index","follow":"follow","max-snippet":"max-snippet:-1","max-image-preview":"max-image-preview:large","max-video-preview":"max-video-preview:-1"},"canonical":"https:\/\/www.elle.lu\/fr\/10579-milan-design-week-2026-les-projets-a-retenir-entre-grandes-maisons-et-designers.html","og_locale":"fr_FR","og_type":"article","og_title":"Milan Design Week 2026 : les projets \u00e0 retenir entre grandes maisons et designers - ELLE.lu Luxembourg","og_description":"\u00c0 Milan, la Design Week 2026 a confirm\u00e9 le r\u00f4le central des mati\u00e8res, des textures et des sc\u00e9nographies immersives. Du verre de Murano aux installations en marbre, en passant par les signatures luxembourgeoises, s\u00e9lection des projets qui ont structur\u00e9 cette \u00e9dition.","og_url":"https:\/\/www.elle.lu\/fr\/10579-milan-design-week-2026-les-projets-a-retenir-entre-grandes-maisons-et-designers.html","og_site_name":"ELLE.lu Luxembourg","article_published_time":"2026-04-30T05:00:25+00:00","article_modified_time":"2026-04-30T11:42:52+00:00","og_image":[{"width":2500,"height":1598,"url":"https:\/\/www.elle.lu\/fr\/wp-content\/uploads\/2026\/04\/copyright-stevens-fremont-i-roche-bobois-3.jpeg","type":"image\/jpeg"}],"author":"Jessika Maria Rauch","twitter_card":"summary_large_image","twitter_misc":{"\u00c9crit par":"Jessika Maria Rauch","Dur\u00e9e de lecture estim\u00e9e":"8 minutes"},"schema":{"@context":"https:\/\/schema.org","@graph":[{"@type":"Article","@id":"https:\/\/www.elle.lu\/fr\/10579-milan-design-week-2026-les-projets-a-retenir-entre-grandes-maisons-et-designers.html#article","isPartOf":{"@id":"https:\/\/www.elle.lu\/fr\/10579-milan-design-week-2026-les-projets-a-retenir-entre-grandes-maisons-et-designers.html"},"author":{"name":"Jessika Maria Rauch","@id":"https:\/\/www.elle.lu\/fr\/#\/schema\/person\/8086c0cf9c0dde1acbe677c9ff804862"},"headline":"Milan Design Week 2026 : les projets \u00e0 retenir entre grandes maisons et designers","datePublished":"2026-04-30T05:00:25+00:00","dateModified":"2026-04-30T11:42:52+00:00","mainEntityOfPage":{"@id":"https:\/\/www.elle.lu\/fr\/10579-milan-design-week-2026-les-projets-a-retenir-entre-grandes-maisons-et-designers.html"},"wordCount":1265,"commentCount":0,"image":{"@id":"https:\/\/www.elle.lu\/fr\/10579-milan-design-week-2026-les-projets-a-retenir-entre-grandes-maisons-et-designers.html#primaryimage"},"thumbnailUrl":"https:\/\/www.elle.lu\/fr\/wp-content\/uploads\/2026\/04\/copyright-stevens-fremont-i-roche-bobois-3.jpeg","articleSection":["Lifestyle","Culture"],"inLanguage":"fr-FR","potentialAction":[{"@type":"CommentAction","name":"Comment","target":["https:\/\/www.elle.lu\/fr\/10579-milan-design-week-2026-les-projets-a-retenir-entre-grandes-maisons-et-designers.html#respond"]}]},{"@type":"WebPage","@id":"https:\/\/www.elle.lu\/fr\/10579-milan-design-week-2026-les-projets-a-retenir-entre-grandes-maisons-et-designers.html","url":"https:\/\/www.elle.lu\/fr\/10579-milan-design-week-2026-les-projets-a-retenir-entre-grandes-maisons-et-designers.html","name":"Milan Design Week 2026 : les projets \u00e0 retenir entre grandes maisons et designers - ELLE.lu Luxembourg","isPartOf":{"@id":"https:\/\/www.elle.lu\/fr\/#website"},"primaryImageOfPage":{"@id":"https:\/\/www.elle.lu\/fr\/10579-milan-design-week-2026-les-projets-a-retenir-entre-grandes-maisons-et-designers.html#primaryimage"},"image":{"@id":"https:\/\/www.elle.lu\/fr\/10579-milan-design-week-2026-les-projets-a-retenir-entre-grandes-maisons-et-designers.html#primaryimage"},"thumbnailUrl":"https:\/\/www.elle.lu\/fr\/wp-content\/uploads\/2026\/04\/copyright-stevens-fremont-i-roche-bobois-3.jpeg","datePublished":"2026-04-30T05:00:25+00:00","dateModified":"2026-04-30T11:42:52+00:00","author":{"@id":"https:\/\/www.elle.lu\/fr\/#\/schema\/person\/8086c0cf9c0dde1acbe677c9ff804862"},"description":"\u00c0 Milan, la Design Week 2026 a confirm\u00e9 le r\u00f4le central des mati\u00e8res, des textures et des sc\u00e9nographies immersives. Du verre de Murano aux installations en marbre, en passant par les signatures luxembourgeoises, s\u00e9lection des projets qui ont structur\u00e9 cette \u00e9dition.","breadcrumb":{"@id":"https:\/\/www.elle.lu\/fr\/10579-milan-design-week-2026-les-projets-a-retenir-entre-grandes-maisons-et-designers.html#breadcrumb"},"inLanguage":"fr-FR","potentialAction":[{"@type":"ReadAction","target":["https:\/\/www.elle.lu\/fr\/10579-milan-design-week-2026-les-projets-a-retenir-entre-grandes-maisons-et-designers.html"]}]},{"@type":"ImageObject","inLanguage":"fr-FR","@id":"https:\/\/www.elle.lu\/fr\/10579-milan-design-week-2026-les-projets-a-retenir-entre-grandes-maisons-et-designers.html#primaryimage","url":"https:\/\/www.elle.lu\/fr\/wp-content\/uploads\/2026\/04\/copyright-stevens-fremont-i-roche-bobois-3.jpeg","contentUrl":"https:\/\/www.elle.lu\/fr\/wp-content\/uploads\/2026\/04\/copyright-stevens-fremont-i-roche-bobois-3.jpeg","width":2500,"height":1598,"caption":"\u00a9 Stevens Fremont I Roche Bobois"},{"@type":"BreadcrumbList","@id":"https:\/\/www.elle.lu\/fr\/10579-milan-design-week-2026-les-projets-a-retenir-entre-grandes-maisons-et-designers.html#breadcrumb","itemListElement":[{"@type":"ListItem","position":1,"name":"Accueil","item":"https:\/\/www.elle.lu\/fr"},{"@type":"ListItem","position":2,"name":"Milan Design Week 2026 : les projets \u00e0 retenir entre grandes maisons et designers"}]},{"@type":"WebSite","@id":"https:\/\/www.elle.lu\/fr\/#website","url":"https:\/\/www.elle.lu\/fr\/","name":"ELLE.lu","description":"Explorez les derni\u00e8res tendances mode, beaut\u00e9 et art de vivre au Luxembourg sur ELLE.lu. Un contenu exclusivement luxembourgeois sur notre site, r\u00e9seaux sociaux et YouTube.","potentialAction":[{"@type":"SearchAction","target":{"@type":"EntryPoint","urlTemplate":"https:\/\/www.elle.lu\/fr\/?s={search_term_string}"},"query-input":{"@type":"PropertyValueSpecification","valueRequired":true,"valueName":"search_term_string"}}],"inLanguage":"fr-FR"},{"@type":"Person","@id":"https:\/\/www.elle.lu\/fr\/#\/schema\/person\/8086c0cf9c0dde1acbe677c9ff804862","name":"Jessika Maria Rauch","image":{"@type":"ImageObject","inLanguage":"fr-FR","@id":"https:\/\/secure.gravatar.com\/avatar\/bae28e2d194bb1010f3b1fc4f2b3bad5de4e4e1d9b176035cc00dc8ae8775257?s=96&d=mm&r=g","url":"https:\/\/secure.gravatar.com\/avatar\/bae28e2d194bb1010f3b1fc4f2b3bad5de4e4e1d9b176035cc00dc8ae8775257?s=96&d=mm&r=g","contentUrl":"https:\/\/secure.gravatar.com\/avatar\/bae28e2d194bb1010f3b1fc4f2b3bad5de4e4e1d9b176035cc00dc8ae8775257?s=96&d=mm&r=g","caption":"Jessika Maria Rauch"},"url":"https:\/\/www.elle.lu\/fr\/author\/jessika-maria-rauch"}]}},"jetpack_featured_media_url":"https:\/\/www.elle.lu\/fr\/wp-content\/uploads\/2026\/04\/copyright-stevens-fremont-i-roche-bobois-3.jpeg","jetpack_sharing_enabled":true,"_links":{"self":[{"href":"https:\/\/www.elle.lu\/fr\/wp-json\/wp\/v2\/posts\/10579","targetHints":{"allow":["GET"]}}],"collection":[{"href":"https:\/\/www.elle.lu\/fr\/wp-json\/wp\/v2\/posts"}],"about":[{"href":"https:\/\/www.elle.lu\/fr\/wp-json\/wp\/v2\/types\/post"}],"author":[{"embeddable":true,"href":"https:\/\/www.elle.lu\/fr\/wp-json\/wp\/v2\/users\/28"}],"replies":[{"embeddable":true,"href":"https:\/\/www.elle.lu\/fr\/wp-json\/wp\/v2\/comments?post=10579"}],"version-history":[{"count":7,"href":"https:\/\/www.elle.lu\/fr\/wp-json\/wp\/v2\/posts\/10579\/revisions"}],"predecessor-version":[{"id":10613,"href":"https:\/\/www.elle.lu\/fr\/wp-json\/wp\/v2\/posts\/10579\/revisions\/10613"}],"wp:featuredmedia":[{"embeddable":true,"href":"https:\/\/www.elle.lu\/fr\/wp-json\/wp\/v2\/media\/10588"}],"wp:attachment":[{"href":"https:\/\/www.elle.lu\/fr\/wp-json\/wp\/v2\/media?parent=10579"}],"wp:term":[{"taxonomy":"category","embeddable":true,"href":"https:\/\/www.elle.lu\/fr\/wp-json\/wp\/v2\/categories?post=10579"},{"taxonomy":"post_tag","embeddable":true,"href":"https:\/\/www.elle.lu\/fr\/wp-json\/wp\/v2\/tags?post=10579"}],"curies":[{"name":"wp","href":"https:\/\/api.w.org\/{rel}","templated":true}]}}