{"id":10621,"date":"2026-05-03T07:00:10","date_gmt":"2026-05-03T05:00:10","guid":{"rendered":"https:\/\/www.elle.lu\/fr\/?p=10621"},"modified":"2026-04-30T15:18:59","modified_gmt":"2026-04-30T13:18:59","slug":"mode-ce-quil-faut-retenir-cette-semaine-au-luxembourg-de-gucci-a-levis-en-passant-par-zimmermann","status":"publish","type":"post","link":"https:\/\/www.elle.lu\/fr\/10621-mode-ce-quil-faut-retenir-cette-semaine-au-luxembourg-de-gucci-a-levis-en-passant-par-zimmermann.html","title":{"rendered":"Mode : ce qu\u2019il faut retenir cette semaine au Luxembourg, de Gucci \u00e0 Levi\u2019s en passant par Zimmermann"},"content":{"rendered":"","protected":false},"excerpt":{"rendered":"Un nouveau sac chez Gucci, une capsule estivale chez Figaret, une collaboration sign\u00e9e de\u00a0Charlotte Cardin avec Levi\u2019s\u2026 Tour d\u2019horizon des actualit\u00e9s mode qui vont rapidement se retrouver dans les vestiaires &#8211; et en boutique &#8211; au Luxembourg.","protected":false},"author":14,"featured_media":10624,"comment_status":"open","ping_status":"open","sticky":false,"template":"","format":"standard","meta":{"_acf_changed":false,"_jetpack_memberships_contains_paid_content":false,"footnotes":""},"categories":[2,9],"tags":[],"class_list":["post-10621","post","type-post","status-publish","format-standard","has-post-thumbnail","hentry","category-mode","category-actu"],"acf":[],"yoast_head":"<!-- This site is optimized with the Yoast SEO plugin v27.5 - https:\/\/yoast.com\/product\/yoast-seo-wordpress\/ -->\n<title>Mode : ce qu\u2019il faut retenir cette semaine au Luxembourg, de Gucci \u00e0 Levi\u2019s en passant par Zimmermann - ELLE.lu Luxembourg<\/title>\n<meta name=\"description\" content=\"Un nouveau sac chez Gucci, une capsule estivale chez Figaret, une collaboration sign\u00e9e de\u00a0Charlotte Cardin avec Levi\u2019s\u2026 Tour d\u2019horizon des actualit\u00e9s mode qui vont rapidement se retrouver dans les vestiaires - et en boutique - au Luxembourg.\" \/>\n<meta name=\"robots\" content=\"index, follow, max-snippet:-1, max-image-preview:large, max-video-preview:-1\" \/>\n<link rel=\"canonical\" href=\"https:\/\/www.elle.fr\/Mode\/Les-news-mode\/Le-best-of-mode-de-la-semaine-un-nouveau-sac-chez-Gucci-une-escale-mode-a-Biarritz-avec-Figaret-4466741#xtor=AL-244\" \/>\n<meta property=\"og:locale\" content=\"fr_FR\" \/>\n<meta property=\"og:type\" content=\"article\" \/>\n<meta property=\"og:title\" content=\"Mode : ce qu\u2019il faut retenir cette semaine au Luxembourg, de Gucci \u00e0 Levi\u2019s en passant par Zimmermann - ELLE.lu Luxembourg\" \/>\n<meta property=\"og:description\" content=\"Un nouveau sac chez Gucci, une capsule estivale chez Figaret, une collaboration sign\u00e9e de\u00a0Charlotte Cardin avec Levi\u2019s\u2026 Tour d\u2019horizon des actualit\u00e9s mode qui vont rapidement se retrouver dans les vestiaires - et en boutique - au Luxembourg.\" \/>\n<meta property=\"og:url\" content=\"https:\/\/www.elle.fr\/Mode\/Les-news-mode\/Le-best-of-mode-de-la-semaine-un-nouveau-sac-chez-Gucci-une-escale-mode-a-Biarritz-avec-Figaret-4466741#xtor=AL-244\" \/>\n<meta property=\"og:site_name\" content=\"ELLE.lu Luxembourg\" \/>\n<meta property=\"article:published_time\" content=\"2026-05-03T05:00:10+00:00\" \/>\n<meta property=\"og:image\" content=\"https:\/\/www.elle.lu\/fr\/wp-content\/uploads\/2026\/04\/le-best-of-mode-de-la-semaine-un-nouveau-sac-chez-gucci-une-escale-mode-a-biarritz-avec-figaret.webp\" \/>\n\t<meta property=\"og:image:width\" content=\"1280\" \/>\n\t<meta property=\"og:image:height\" content=\"832\" \/>\n\t<meta property=\"og:image:type\" content=\"image\/webp\" \/>\n<meta name=\"author\" content=\"ELLE Luxembourg\" \/>\n<meta name=\"twitter:card\" content=\"summary_large_image\" \/>\n<meta name=\"twitter:label1\" content=\"\u00c9crit par\" \/>\n\t<meta name=\"twitter:data1\" content=\"ELLE Luxembourg\" \/>\n\t<meta name=\"twitter:label2\" content=\"Dur\u00e9e de lecture estim\u00e9e\" \/>\n\t<meta name=\"twitter:data2\" content=\"5 minutes\" \/>\n<script type=\"application\/ld+json\" class=\"yoast-schema-graph\">{\"@context\":\"https:\\\/\\\/schema.org\",\"@graph\":[{\"@type\":\"Article\",\"@id\":\"https:\\\/\\\/www.elle.fr\\\/Mode\\\/Les-news-mode\\\/Le-best-of-mode-de-la-semaine-un-nouveau-sac-chez-Gucci-une-escale-mode-a-Biarritz-avec-Figaret-4466741#xtor%3dAL-244#article\",\"isPartOf\":{\"@id\":\"https:\\\/\\\/www.elle.lu\\\/fr\\\/10621-mode-ce-quil-faut-retenir-cette-semaine-au-luxembourg-de-gucci-a-levis-en-passant-par-zimmermann.html\"},\"author\":{\"name\":\"ELLE Luxembourg\",\"@id\":\"https:\\\/\\\/www.elle.lu\\\/fr\\\/#\\\/schema\\\/person\\\/9f46b98d1e40ec669426239054a74f55\"},\"headline\":\"Mode : ce qu\u2019il faut retenir cette semaine au Luxembourg, de Gucci \u00e0 Levi\u2019s en passant par Zimmermann\",\"datePublished\":\"2026-05-03T05:00:10+00:00\",\"mainEntityOfPage\":{\"@id\":\"https:\\\/\\\/www.elle.lu\\\/fr\\\/10621-mode-ce-quil-faut-retenir-cette-semaine-au-luxembourg-de-gucci-a-levis-en-passant-par-zimmermann.html\"},\"wordCount\":738,\"commentCount\":0,\"image\":{\"@id\":\"https:\\\/\\\/www.elle.fr\\\/Mode\\\/Les-news-mode\\\/Le-best-of-mode-de-la-semaine-un-nouveau-sac-chez-Gucci-une-escale-mode-a-Biarritz-avec-Figaret-4466741#xtor%3dAL-244#primaryimage\"},\"thumbnailUrl\":\"https:\\\/\\\/www.elle.lu\\\/fr\\\/wp-content\\\/uploads\\\/2026\\\/04\\\/le-best-of-mode-de-la-semaine-un-nouveau-sac-chez-gucci-une-escale-mode-a-biarritz-avec-figaret.webp\",\"articleSection\":[\"Mode\",\"Actu\"],\"inLanguage\":\"fr-FR\",\"potentialAction\":[{\"@type\":\"CommentAction\",\"name\":\"Comment\",\"target\":[\"https:\\\/\\\/www.elle.fr\\\/Mode\\\/Les-news-mode\\\/Le-best-of-mode-de-la-semaine-un-nouveau-sac-chez-Gucci-une-escale-mode-a-Biarritz-avec-Figaret-4466741#xtor%3dAL-244#respond\"]}]},{\"@type\":\"WebPage\",\"@id\":\"https:\\\/\\\/www.elle.lu\\\/fr\\\/10621-mode-ce-quil-faut-retenir-cette-semaine-au-luxembourg-de-gucci-a-levis-en-passant-par-zimmermann.html\",\"url\":\"https:\\\/\\\/www.elle.fr\\\/Mode\\\/Les-news-mode\\\/Le-best-of-mode-de-la-semaine-un-nouveau-sac-chez-Gucci-une-escale-mode-a-Biarritz-avec-Figaret-4466741#xtor%3dAL-244\",\"name\":\"Mode : ce qu\u2019il faut retenir cette semaine au Luxembourg, de Gucci \u00e0 Levi\u2019s en passant par Zimmermann - ELLE.lu Luxembourg\",\"isPartOf\":{\"@id\":\"https:\\\/\\\/www.elle.lu\\\/fr\\\/#website\"},\"primaryImageOfPage\":{\"@id\":\"https:\\\/\\\/www.elle.fr\\\/Mode\\\/Les-news-mode\\\/Le-best-of-mode-de-la-semaine-un-nouveau-sac-chez-Gucci-une-escale-mode-a-Biarritz-avec-Figaret-4466741#xtor%3dAL-244#primaryimage\"},\"image\":{\"@id\":\"https:\\\/\\\/www.elle.fr\\\/Mode\\\/Les-news-mode\\\/Le-best-of-mode-de-la-semaine-un-nouveau-sac-chez-Gucci-une-escale-mode-a-Biarritz-avec-Figaret-4466741#xtor%3dAL-244#primaryimage\"},\"thumbnailUrl\":\"https:\\\/\\\/www.elle.lu\\\/fr\\\/wp-content\\\/uploads\\\/2026\\\/04\\\/le-best-of-mode-de-la-semaine-un-nouveau-sac-chez-gucci-une-escale-mode-a-biarritz-avec-figaret.webp\",\"datePublished\":\"2026-05-03T05:00:10+00:00\",\"author\":{\"@id\":\"https:\\\/\\\/www.elle.lu\\\/fr\\\/#\\\/schema\\\/person\\\/9f46b98d1e40ec669426239054a74f55\"},\"description\":\"Un nouveau sac chez Gucci, une capsule estivale chez Figaret, une collaboration sign\u00e9e de\u00a0Charlotte Cardin avec Levi\u2019s\u2026 Tour d\u2019horizon des actualit\u00e9s mode qui vont rapidement se retrouver dans les vestiaires - et en boutique - au Luxembourg.\",\"breadcrumb\":{\"@id\":\"https:\\\/\\\/www.elle.fr\\\/Mode\\\/Les-news-mode\\\/Le-best-of-mode-de-la-semaine-un-nouveau-sac-chez-Gucci-une-escale-mode-a-Biarritz-avec-Figaret-4466741#xtor%3dAL-244#breadcrumb\"},\"inLanguage\":\"fr-FR\",\"potentialAction\":[{\"@type\":\"ReadAction\",\"target\":[\"https:\\\/\\\/www.elle.fr\\\/Mode\\\/Les-news-mode\\\/Le-best-of-mode-de-la-semaine-un-nouveau-sac-chez-Gucci-une-escale-mode-a-Biarritz-avec-Figaret-4466741#xtor%3dAL-244\"]}]},{\"@type\":\"ImageObject\",\"inLanguage\":\"fr-FR\",\"@id\":\"https:\\\/\\\/www.elle.fr\\\/Mode\\\/Les-news-mode\\\/Le-best-of-mode-de-la-semaine-un-nouveau-sac-chez-Gucci-une-escale-mode-a-Biarritz-avec-Figaret-4466741#xtor%3dAL-244#primaryimage\",\"url\":\"https:\\\/\\\/www.elle.lu\\\/fr\\\/wp-content\\\/uploads\\\/2026\\\/04\\\/le-best-of-mode-de-la-semaine-un-nouveau-sac-chez-gucci-une-escale-mode-a-biarritz-avec-figaret.webp\",\"contentUrl\":\"https:\\\/\\\/www.elle.lu\\\/fr\\\/wp-content\\\/uploads\\\/2026\\\/04\\\/le-best-of-mode-de-la-semaine-un-nouveau-sac-chez-gucci-une-escale-mode-a-biarritz-avec-figaret.webp\",\"width\":1280,\"height\":832,\"caption\":\"\u00a9Presse\"},{\"@type\":\"BreadcrumbList\",\"@id\":\"https:\\\/\\\/www.elle.fr\\\/Mode\\\/Les-news-mode\\\/Le-best-of-mode-de-la-semaine-un-nouveau-sac-chez-Gucci-une-escale-mode-a-Biarritz-avec-Figaret-4466741#xtor%3dAL-244#breadcrumb\",\"itemListElement\":[{\"@type\":\"ListItem\",\"position\":1,\"name\":\"Accueil\",\"item\":\"https:\\\/\\\/www.elle.lu\\\/fr\"},{\"@type\":\"ListItem\",\"position\":2,\"name\":\"Mode : ce qu\u2019il faut retenir cette semaine au Luxembourg, de Gucci \u00e0 Levi\u2019s en passant par Zimmermann\"}]},{\"@type\":\"WebSite\",\"@id\":\"https:\\\/\\\/www.elle.lu\\\/fr\\\/#website\",\"url\":\"https:\\\/\\\/www.elle.lu\\\/fr\\\/\",\"name\":\"ELLE.lu\",\"description\":\"Explorez les derni\u00e8res tendances mode, beaut\u00e9 et art de vivre au Luxembourg sur ELLE.lu. Un contenu exclusivement luxembourgeois sur notre site, r\u00e9seaux sociaux et YouTube.\",\"potentialAction\":[{\"@type\":\"SearchAction\",\"target\":{\"@type\":\"EntryPoint\",\"urlTemplate\":\"https:\\\/\\\/www.elle.lu\\\/fr\\\/?s={search_term_string}\"},\"query-input\":{\"@type\":\"PropertyValueSpecification\",\"valueRequired\":true,\"valueName\":\"search_term_string\"}}],\"inLanguage\":\"fr-FR\"},{\"@type\":\"Person\",\"@id\":\"https:\\\/\\\/www.elle.lu\\\/fr\\\/#\\\/schema\\\/person\\\/9f46b98d1e40ec669426239054a74f55\",\"name\":\"ELLE Luxembourg\",\"image\":{\"@type\":\"ImageObject\",\"inLanguage\":\"fr-FR\",\"@id\":\"https:\\\/\\\/secure.gravatar.com\\\/avatar\\\/53ba8a0846e80e757a82f9012841e058a80a9c9fcef00955129602230f0fd7ac?s=96&d=mm&r=g\",\"url\":\"https:\\\/\\\/secure.gravatar.com\\\/avatar\\\/53ba8a0846e80e757a82f9012841e058a80a9c9fcef00955129602230f0fd7ac?s=96&d=mm&r=g\",\"contentUrl\":\"https:\\\/\\\/secure.gravatar.com\\\/avatar\\\/53ba8a0846e80e757a82f9012841e058a80a9c9fcef00955129602230f0fd7ac?s=96&d=mm&r=g\",\"caption\":\"ELLE Luxembourg\"},\"url\":\"https:\\\/\\\/www.elle.lu\\\/fr\\\/author\\\/elle-luxembourg\"}]}<\/script>\n<!-- \/ Yoast SEO plugin. -->","yoast_head_json":{"title":"Mode : ce qu\u2019il faut retenir cette semaine au Luxembourg, de Gucci \u00e0 Levi\u2019s en passant par Zimmermann - ELLE.lu Luxembourg","description":"Un nouveau sac chez Gucci, une capsule estivale chez Figaret, une collaboration sign\u00e9e de\u00a0Charlotte Cardin avec Levi\u2019s\u2026 Tour d\u2019horizon des actualit\u00e9s mode qui vont rapidement se retrouver dans les vestiaires - et en boutique - au Luxembourg.","robots":{"index":"index","follow":"follow","max-snippet":"max-snippet:-1","max-image-preview":"max-image-preview:large","max-video-preview":"max-video-preview:-1"},"canonical":"https:\/\/www.elle.fr\/Mode\/Les-news-mode\/Le-best-of-mode-de-la-semaine-un-nouveau-sac-chez-Gucci-une-escale-mode-a-Biarritz-avec-Figaret-4466741#xtor=AL-244","og_locale":"fr_FR","og_type":"article","og_title":"Mode : ce qu\u2019il faut retenir cette semaine au Luxembourg, de Gucci \u00e0 Levi\u2019s en passant par Zimmermann - ELLE.lu Luxembourg","og_description":"Un nouveau sac chez Gucci, une capsule estivale chez Figaret, une collaboration sign\u00e9e de\u00a0Charlotte Cardin avec Levi\u2019s\u2026 Tour d\u2019horizon des actualit\u00e9s mode qui vont rapidement se retrouver dans les vestiaires - et en boutique - au Luxembourg.","og_url":"https:\/\/www.elle.fr\/Mode\/Les-news-mode\/Le-best-of-mode-de-la-semaine-un-nouveau-sac-chez-Gucci-une-escale-mode-a-Biarritz-avec-Figaret-4466741#xtor=AL-244","og_site_name":"ELLE.lu Luxembourg","article_published_time":"2026-05-03T05:00:10+00:00","og_image":[{"width":1280,"height":832,"url":"https:\/\/www.elle.lu\/fr\/wp-content\/uploads\/2026\/04\/le-best-of-mode-de-la-semaine-un-nouveau-sac-chez-gucci-une-escale-mode-a-biarritz-avec-figaret.webp","type":"image\/webp"}],"author":"ELLE Luxembourg","twitter_card":"summary_large_image","twitter_misc":{"\u00c9crit par":"ELLE Luxembourg","Dur\u00e9e de lecture estim\u00e9e":"5 minutes"},"schema":{"@context":"https:\/\/schema.org","@graph":[{"@type":"Article","@id":"https:\/\/www.elle.fr\/Mode\/Les-news-mode\/Le-best-of-mode-de-la-semaine-un-nouveau-sac-chez-Gucci-une-escale-mode-a-Biarritz-avec-Figaret-4466741#xtor%3dAL-244#article","isPartOf":{"@id":"https:\/\/www.elle.lu\/fr\/10621-mode-ce-quil-faut-retenir-cette-semaine-au-luxembourg-de-gucci-a-levis-en-passant-par-zimmermann.html"},"author":{"name":"ELLE Luxembourg","@id":"https:\/\/www.elle.lu\/fr\/#\/schema\/person\/9f46b98d1e40ec669426239054a74f55"},"headline":"Mode : ce qu\u2019il faut retenir cette semaine au Luxembourg, de Gucci \u00e0 Levi\u2019s en passant par Zimmermann","datePublished":"2026-05-03T05:00:10+00:00","mainEntityOfPage":{"@id":"https:\/\/www.elle.lu\/fr\/10621-mode-ce-quil-faut-retenir-cette-semaine-au-luxembourg-de-gucci-a-levis-en-passant-par-zimmermann.html"},"wordCount":738,"commentCount":0,"image":{"@id":"https:\/\/www.elle.fr\/Mode\/Les-news-mode\/Le-best-of-mode-de-la-semaine-un-nouveau-sac-chez-Gucci-une-escale-mode-a-Biarritz-avec-Figaret-4466741#xtor%3dAL-244#primaryimage"},"thumbnailUrl":"https:\/\/www.elle.lu\/fr\/wp-content\/uploads\/2026\/04\/le-best-of-mode-de-la-semaine-un-nouveau-sac-chez-gucci-une-escale-mode-a-biarritz-avec-figaret.webp","articleSection":["Mode","Actu"],"inLanguage":"fr-FR","potentialAction":[{"@type":"CommentAction","name":"Comment","target":["https:\/\/www.elle.fr\/Mode\/Les-news-mode\/Le-best-of-mode-de-la-semaine-un-nouveau-sac-chez-Gucci-une-escale-mode-a-Biarritz-avec-Figaret-4466741#xtor%3dAL-244#respond"]}]},{"@type":"WebPage","@id":"https:\/\/www.elle.lu\/fr\/10621-mode-ce-quil-faut-retenir-cette-semaine-au-luxembourg-de-gucci-a-levis-en-passant-par-zimmermann.html","url":"https:\/\/www.elle.fr\/Mode\/Les-news-mode\/Le-best-of-mode-de-la-semaine-un-nouveau-sac-chez-Gucci-une-escale-mode-a-Biarritz-avec-Figaret-4466741#xtor%3dAL-244","name":"Mode : ce qu\u2019il faut retenir cette semaine au Luxembourg, de Gucci \u00e0 Levi\u2019s en passant par Zimmermann - ELLE.lu Luxembourg","isPartOf":{"@id":"https:\/\/www.elle.lu\/fr\/#website"},"primaryImageOfPage":{"@id":"https:\/\/www.elle.fr\/Mode\/Les-news-mode\/Le-best-of-mode-de-la-semaine-un-nouveau-sac-chez-Gucci-une-escale-mode-a-Biarritz-avec-Figaret-4466741#xtor%3dAL-244#primaryimage"},"image":{"@id":"https:\/\/www.elle.fr\/Mode\/Les-news-mode\/Le-best-of-mode-de-la-semaine-un-nouveau-sac-chez-Gucci-une-escale-mode-a-Biarritz-avec-Figaret-4466741#xtor%3dAL-244#primaryimage"},"thumbnailUrl":"https:\/\/www.elle.lu\/fr\/wp-content\/uploads\/2026\/04\/le-best-of-mode-de-la-semaine-un-nouveau-sac-chez-gucci-une-escale-mode-a-biarritz-avec-figaret.webp","datePublished":"2026-05-03T05:00:10+00:00","author":{"@id":"https:\/\/www.elle.lu\/fr\/#\/schema\/person\/9f46b98d1e40ec669426239054a74f55"},"description":"Un nouveau sac chez Gucci, une capsule estivale chez Figaret, une collaboration sign\u00e9e de\u00a0Charlotte Cardin avec Levi\u2019s\u2026 Tour d\u2019horizon des actualit\u00e9s mode qui vont rapidement se retrouver dans les vestiaires - et en boutique - au Luxembourg.","breadcrumb":{"@id":"https:\/\/www.elle.fr\/Mode\/Les-news-mode\/Le-best-of-mode-de-la-semaine-un-nouveau-sac-chez-Gucci-une-escale-mode-a-Biarritz-avec-Figaret-4466741#xtor%3dAL-244#breadcrumb"},"inLanguage":"fr-FR","potentialAction":[{"@type":"ReadAction","target":["https:\/\/www.elle.fr\/Mode\/Les-news-mode\/Le-best-of-mode-de-la-semaine-un-nouveau-sac-chez-Gucci-une-escale-mode-a-Biarritz-avec-Figaret-4466741#xtor%3dAL-244"]}]},{"@type":"ImageObject","inLanguage":"fr-FR","@id":"https:\/\/www.elle.fr\/Mode\/Les-news-mode\/Le-best-of-mode-de-la-semaine-un-nouveau-sac-chez-Gucci-une-escale-mode-a-Biarritz-avec-Figaret-4466741#xtor%3dAL-244#primaryimage","url":"https:\/\/www.elle.lu\/fr\/wp-content\/uploads\/2026\/04\/le-best-of-mode-de-la-semaine-un-nouveau-sac-chez-gucci-une-escale-mode-a-biarritz-avec-figaret.webp","contentUrl":"https:\/\/www.elle.lu\/fr\/wp-content\/uploads\/2026\/04\/le-best-of-mode-de-la-semaine-un-nouveau-sac-chez-gucci-une-escale-mode-a-biarritz-avec-figaret.webp","width":1280,"height":832,"caption":"\u00a9Presse"},{"@type":"BreadcrumbList","@id":"https:\/\/www.elle.fr\/Mode\/Les-news-mode\/Le-best-of-mode-de-la-semaine-un-nouveau-sac-chez-Gucci-une-escale-mode-a-Biarritz-avec-Figaret-4466741#xtor%3dAL-244#breadcrumb","itemListElement":[{"@type":"ListItem","position":1,"name":"Accueil","item":"https:\/\/www.elle.lu\/fr"},{"@type":"ListItem","position":2,"name":"Mode : ce qu\u2019il faut retenir cette semaine au Luxembourg, de Gucci \u00e0 Levi\u2019s en passant par Zimmermann"}]},{"@type":"WebSite","@id":"https:\/\/www.elle.lu\/fr\/#website","url":"https:\/\/www.elle.lu\/fr\/","name":"ELLE.lu","description":"Explorez les derni\u00e8res tendances mode, beaut\u00e9 et art de vivre au Luxembourg sur ELLE.lu. Un contenu exclusivement luxembourgeois sur notre site, r\u00e9seaux sociaux et YouTube.","potentialAction":[{"@type":"SearchAction","target":{"@type":"EntryPoint","urlTemplate":"https:\/\/www.elle.lu\/fr\/?s={search_term_string}"},"query-input":{"@type":"PropertyValueSpecification","valueRequired":true,"valueName":"search_term_string"}}],"inLanguage":"fr-FR"},{"@type":"Person","@id":"https:\/\/www.elle.lu\/fr\/#\/schema\/person\/9f46b98d1e40ec669426239054a74f55","name":"ELLE Luxembourg","image":{"@type":"ImageObject","inLanguage":"fr-FR","@id":"https:\/\/secure.gravatar.com\/avatar\/53ba8a0846e80e757a82f9012841e058a80a9c9fcef00955129602230f0fd7ac?s=96&d=mm&r=g","url":"https:\/\/secure.gravatar.com\/avatar\/53ba8a0846e80e757a82f9012841e058a80a9c9fcef00955129602230f0fd7ac?s=96&d=mm&r=g","contentUrl":"https:\/\/secure.gravatar.com\/avatar\/53ba8a0846e80e757a82f9012841e058a80a9c9fcef00955129602230f0fd7ac?s=96&d=mm&r=g","caption":"ELLE Luxembourg"},"url":"https:\/\/www.elle.lu\/fr\/author\/elle-luxembourg"}]}},"jetpack_featured_media_url":"https:\/\/www.elle.lu\/fr\/wp-content\/uploads\/2026\/04\/le-best-of-mode-de-la-semaine-un-nouveau-sac-chez-gucci-une-escale-mode-a-biarritz-avec-figaret.webp","jetpack_sharing_enabled":true,"_links":{"self":[{"href":"https:\/\/www.elle.lu\/fr\/wp-json\/wp\/v2\/posts\/10621","targetHints":{"allow":["GET"]}}],"collection":[{"href":"https:\/\/www.elle.lu\/fr\/wp-json\/wp\/v2\/posts"}],"about":[{"href":"https:\/\/www.elle.lu\/fr\/wp-json\/wp\/v2\/types\/post"}],"author":[{"embeddable":true,"href":"https:\/\/www.elle.lu\/fr\/wp-json\/wp\/v2\/users\/14"}],"replies":[{"embeddable":true,"href":"https:\/\/www.elle.lu\/fr\/wp-json\/wp\/v2\/comments?post=10621"}],"version-history":[{"count":1,"href":"https:\/\/www.elle.lu\/fr\/wp-json\/wp\/v2\/posts\/10621\/revisions"}],"predecessor-version":[{"id":10630,"href":"https:\/\/www.elle.lu\/fr\/wp-json\/wp\/v2\/posts\/10621\/revisions\/10630"}],"wp:featuredmedia":[{"embeddable":true,"href":"https:\/\/www.elle.lu\/fr\/wp-json\/wp\/v2\/media\/10624"}],"wp:attachment":[{"href":"https:\/\/www.elle.lu\/fr\/wp-json\/wp\/v2\/media?parent=10621"}],"wp:term":[{"taxonomy":"category","embeddable":true,"href":"https:\/\/www.elle.lu\/fr\/wp-json\/wp\/v2\/categories?post=10621"},{"taxonomy":"post_tag","embeddable":true,"href":"https:\/\/www.elle.lu\/fr\/wp-json\/wp\/v2\/tags?post=10621"}],"curies":[{"name":"wp","href":"https:\/\/api.w.org\/{rel}","templated":true}]}}