{"id":10638,"date":"2026-04-30T17:37:53","date_gmt":"2026-04-30T15:37:53","guid":{"rendered":"https:\/\/www.elle.lu\/fr\/?p=10638"},"modified":"2026-04-30T17:37:53","modified_gmt":"2026-04-30T15:37:53","slug":"rhode-arrive-enfin-chez-sephora-luxembourg-et-ca-change-vraiment-tout","status":"publish","type":"post","link":"https:\/\/www.elle.lu\/fr\/10638-rhode-arrive-enfin-chez-sephora-luxembourg-et-ca-change-vraiment-tout.html","title":{"rendered":"Rhode arrive enfin chez Sephora Luxembourg (et \u00e7a change vraiment tout)"},"content":{"rendered":"","protected":false},"excerpt":{"rendered":"On ne vous apprend rien : Rhode fait partie de ces marques qu\u2019on utilise d\u00e9j\u00e0, qu\u2019on recommande, qu\u2019on rach\u00e8te. ...","protected":false},"author":49,"featured_media":10640,"comment_status":"open","ping_status":"open","sticky":false,"template":"","format":"standard","meta":{"_acf_changed":false,"_jetpack_memberships_contains_paid_content":false,"footnotes":""},"categories":[3,9],"tags":[],"class_list":["post-10638","post","type-post","status-publish","format-standard","has-post-thumbnail","hentry","category-beaute","category-actu"],"acf":[],"yoast_head":"<!-- This site is optimized with the Yoast SEO plugin v27.5 - https:\/\/yoast.com\/product\/yoast-seo-wordpress\/ -->\n<title>Rhode arrive enfin chez Sephora Luxembourg (et \u00e7a change vraiment tout) - ELLE.lu Luxembourg<\/title>\n<meta name=\"description\" content=\"On ne vous apprend rien : Rhode fait partie de ces marques qu\u2019on utilise d\u00e9j\u00e0, qu\u2019on recommande, qu\u2019on rach\u00e8te. Lanc\u00e9e en 2022 par Hailey Bieber, elle s\u2019installe en septembre chez Sephora au Luxembourg, en ligne et en magasin.\" \/>\n<meta name=\"robots\" content=\"index, follow, max-snippet:-1, max-image-preview:large, max-video-preview:-1\" \/>\n<link rel=\"canonical\" href=\"https:\/\/www.elle.lu\/fr\/10638-rhode-arrive-enfin-chez-sephora-luxembourg-et-ca-change-vraiment-tout.html\" \/>\n<meta property=\"og:locale\" content=\"fr_FR\" \/>\n<meta property=\"og:type\" content=\"article\" \/>\n<meta property=\"og:title\" content=\"Rhode arrive enfin chez Sephora Luxembourg (et \u00e7a change vraiment tout) - ELLE.lu Luxembourg\" \/>\n<meta property=\"og:description\" content=\"On ne vous apprend rien : Rhode fait partie de ces marques qu\u2019on utilise d\u00e9j\u00e0, qu\u2019on recommande, qu\u2019on rach\u00e8te. Lanc\u00e9e en 2022 par Hailey Bieber, elle s\u2019installe en septembre chez Sephora au Luxembourg, en ligne et en magasin.\" \/>\n<meta property=\"og:url\" content=\"https:\/\/www.elle.lu\/fr\/10638-rhode-arrive-enfin-chez-sephora-luxembourg-et-ca-change-vraiment-tout.html\" \/>\n<meta property=\"og:site_name\" content=\"ELLE.lu Luxembourg\" \/>\n<meta property=\"article:published_time\" content=\"2026-04-30T15:37:53+00:00\" \/>\n<meta property=\"og:image\" content=\"https:\/\/www.elle.lu\/fr\/wp-content\/uploads\/2026\/04\/mist-hero-1-desktop-fb996d1f-f76b-42f1-847b-f19f20cb045a-2480xjpg.webp\" \/>\n\t<meta property=\"og:image:width\" content=\"2400\" \/>\n\t<meta property=\"og:image:height\" content=\"1993\" \/>\n\t<meta property=\"og:image:type\" content=\"image\/webp\" \/>\n<meta name=\"author\" content=\"Sarah Braun\" \/>\n<meta name=\"twitter:card\" content=\"summary_large_image\" \/>\n<meta name=\"twitter:label1\" content=\"\u00c9crit par\" \/>\n\t<meta name=\"twitter:data1\" content=\"Sarah Braun\" \/>\n\t<meta name=\"twitter:label2\" content=\"Dur\u00e9e de lecture estim\u00e9e\" \/>\n\t<meta name=\"twitter:data2\" content=\"3 minutes\" \/>\n<script type=\"application\/ld+json\" class=\"yoast-schema-graph\">{\"@context\":\"https:\\\/\\\/schema.org\",\"@graph\":[{\"@type\":\"Article\",\"@id\":\"https:\\\/\\\/www.elle.lu\\\/fr\\\/10638-rhode-arrive-enfin-chez-sephora-luxembourg-et-ca-change-vraiment-tout.html#article\",\"isPartOf\":{\"@id\":\"https:\\\/\\\/www.elle.lu\\\/fr\\\/10638-rhode-arrive-enfin-chez-sephora-luxembourg-et-ca-change-vraiment-tout.html\"},\"author\":{\"name\":\"Sarah Braun\",\"@id\":\"https:\\\/\\\/www.elle.lu\\\/fr\\\/#\\\/schema\\\/person\\\/ac820204224d1a52c950088e1996b007\"},\"headline\":\"Rhode arrive enfin chez Sephora Luxembourg (et \u00e7a change vraiment tout)\",\"datePublished\":\"2026-04-30T15:37:53+00:00\",\"mainEntityOfPage\":{\"@id\":\"https:\\\/\\\/www.elle.lu\\\/fr\\\/10638-rhode-arrive-enfin-chez-sephora-luxembourg-et-ca-change-vraiment-tout.html\"},\"wordCount\":416,\"commentCount\":0,\"image\":{\"@id\":\"https:\\\/\\\/www.elle.lu\\\/fr\\\/10638-rhode-arrive-enfin-chez-sephora-luxembourg-et-ca-change-vraiment-tout.html#primaryimage\"},\"thumbnailUrl\":\"https:\\\/\\\/www.elle.lu\\\/fr\\\/wp-content\\\/uploads\\\/2026\\\/04\\\/mist-hero-1-desktop-fb996d1f-f76b-42f1-847b-f19f20cb045a-2480xjpg.webp\",\"articleSection\":[\"Beaut\u00e9\",\"Actu\"],\"inLanguage\":\"fr-FR\",\"potentialAction\":[{\"@type\":\"CommentAction\",\"name\":\"Comment\",\"target\":[\"https:\\\/\\\/www.elle.lu\\\/fr\\\/10638-rhode-arrive-enfin-chez-sephora-luxembourg-et-ca-change-vraiment-tout.html#respond\"]}]},{\"@type\":\"WebPage\",\"@id\":\"https:\\\/\\\/www.elle.lu\\\/fr\\\/10638-rhode-arrive-enfin-chez-sephora-luxembourg-et-ca-change-vraiment-tout.html\",\"url\":\"https:\\\/\\\/www.elle.lu\\\/fr\\\/10638-rhode-arrive-enfin-chez-sephora-luxembourg-et-ca-change-vraiment-tout.html\",\"name\":\"Rhode arrive enfin chez Sephora Luxembourg (et \u00e7a change vraiment tout) - ELLE.lu Luxembourg\",\"isPartOf\":{\"@id\":\"https:\\\/\\\/www.elle.lu\\\/fr\\\/#website\"},\"primaryImageOfPage\":{\"@id\":\"https:\\\/\\\/www.elle.lu\\\/fr\\\/10638-rhode-arrive-enfin-chez-sephora-luxembourg-et-ca-change-vraiment-tout.html#primaryimage\"},\"image\":{\"@id\":\"https:\\\/\\\/www.elle.lu\\\/fr\\\/10638-rhode-arrive-enfin-chez-sephora-luxembourg-et-ca-change-vraiment-tout.html#primaryimage\"},\"thumbnailUrl\":\"https:\\\/\\\/www.elle.lu\\\/fr\\\/wp-content\\\/uploads\\\/2026\\\/04\\\/mist-hero-1-desktop-fb996d1f-f76b-42f1-847b-f19f20cb045a-2480xjpg.webp\",\"datePublished\":\"2026-04-30T15:37:53+00:00\",\"author\":{\"@id\":\"https:\\\/\\\/www.elle.lu\\\/fr\\\/#\\\/schema\\\/person\\\/ac820204224d1a52c950088e1996b007\"},\"description\":\"On ne vous apprend rien : Rhode fait partie de ces marques qu\u2019on utilise d\u00e9j\u00e0, qu\u2019on recommande, qu\u2019on rach\u00e8te. Lanc\u00e9e en 2022 par Hailey Bieber, elle s\u2019installe en septembre chez Sephora au Luxembourg, en ligne et en magasin.\",\"breadcrumb\":{\"@id\":\"https:\\\/\\\/www.elle.lu\\\/fr\\\/10638-rhode-arrive-enfin-chez-sephora-luxembourg-et-ca-change-vraiment-tout.html#breadcrumb\"},\"inLanguage\":\"fr-FR\",\"potentialAction\":[{\"@type\":\"ReadAction\",\"target\":[\"https:\\\/\\\/www.elle.lu\\\/fr\\\/10638-rhode-arrive-enfin-chez-sephora-luxembourg-et-ca-change-vraiment-tout.html\"]}]},{\"@type\":\"ImageObject\",\"inLanguage\":\"fr-FR\",\"@id\":\"https:\\\/\\\/www.elle.lu\\\/fr\\\/10638-rhode-arrive-enfin-chez-sephora-luxembourg-et-ca-change-vraiment-tout.html#primaryimage\",\"url\":\"https:\\\/\\\/www.elle.lu\\\/fr\\\/wp-content\\\/uploads\\\/2026\\\/04\\\/mist-hero-1-desktop-fb996d1f-f76b-42f1-847b-f19f20cb045a-2480xjpg.webp\",\"contentUrl\":\"https:\\\/\\\/www.elle.lu\\\/fr\\\/wp-content\\\/uploads\\\/2026\\\/04\\\/mist-hero-1-desktop-fb996d1f-f76b-42f1-847b-f19f20cb045a-2480xjpg.webp\",\"width\":2400,\"height\":1993,\"caption\":\"\u00a9Rhode\"},{\"@type\":\"BreadcrumbList\",\"@id\":\"https:\\\/\\\/www.elle.lu\\\/fr\\\/10638-rhode-arrive-enfin-chez-sephora-luxembourg-et-ca-change-vraiment-tout.html#breadcrumb\",\"itemListElement\":[{\"@type\":\"ListItem\",\"position\":1,\"name\":\"Accueil\",\"item\":\"https:\\\/\\\/www.elle.lu\\\/fr\"},{\"@type\":\"ListItem\",\"position\":2,\"name\":\"Rhode arrive enfin chez Sephora Luxembourg (et \u00e7a change vraiment tout)\"}]},{\"@type\":\"WebSite\",\"@id\":\"https:\\\/\\\/www.elle.lu\\\/fr\\\/#website\",\"url\":\"https:\\\/\\\/www.elle.lu\\\/fr\\\/\",\"name\":\"ELLE.lu\",\"description\":\"Explorez les derni\u00e8res tendances mode, beaut\u00e9 et art de vivre au Luxembourg sur ELLE.lu. Un contenu exclusivement luxembourgeois sur notre site, r\u00e9seaux sociaux et YouTube.\",\"potentialAction\":[{\"@type\":\"SearchAction\",\"target\":{\"@type\":\"EntryPoint\",\"urlTemplate\":\"https:\\\/\\\/www.elle.lu\\\/fr\\\/?s={search_term_string}\"},\"query-input\":{\"@type\":\"PropertyValueSpecification\",\"valueRequired\":true,\"valueName\":\"search_term_string\"}}],\"inLanguage\":\"fr-FR\"},{\"@type\":\"Person\",\"@id\":\"https:\\\/\\\/www.elle.lu\\\/fr\\\/#\\\/schema\\\/person\\\/ac820204224d1a52c950088e1996b007\",\"name\":\"Sarah Braun\",\"image\":{\"@type\":\"ImageObject\",\"inLanguage\":\"fr-FR\",\"@id\":\"https:\\\/\\\/secure.gravatar.com\\\/avatar\\\/795f10c954947838090d4f384b3a26b2352bf71fd41dd058f378fee046f7ce21?s=96&d=mm&r=g\",\"url\":\"https:\\\/\\\/secure.gravatar.com\\\/avatar\\\/795f10c954947838090d4f384b3a26b2352bf71fd41dd058f378fee046f7ce21?s=96&d=mm&r=g\",\"contentUrl\":\"https:\\\/\\\/secure.gravatar.com\\\/avatar\\\/795f10c954947838090d4f384b3a26b2352bf71fd41dd058f378fee046f7ce21?s=96&d=mm&r=g\",\"caption\":\"Sarah Braun\"},\"url\":\"https:\\\/\\\/www.elle.lu\\\/fr\\\/author\\\/sarahelle-lu\"}]}<\/script>\n<!-- \/ Yoast SEO plugin. -->","yoast_head_json":{"title":"Rhode arrive enfin chez Sephora Luxembourg (et \u00e7a change vraiment tout) - ELLE.lu Luxembourg","description":"On ne vous apprend rien : Rhode fait partie de ces marques qu\u2019on utilise d\u00e9j\u00e0, qu\u2019on recommande, qu\u2019on rach\u00e8te. Lanc\u00e9e en 2022 par Hailey Bieber, elle s\u2019installe en septembre chez Sephora au Luxembourg, en ligne et en magasin.","robots":{"index":"index","follow":"follow","max-snippet":"max-snippet:-1","max-image-preview":"max-image-preview:large","max-video-preview":"max-video-preview:-1"},"canonical":"https:\/\/www.elle.lu\/fr\/10638-rhode-arrive-enfin-chez-sephora-luxembourg-et-ca-change-vraiment-tout.html","og_locale":"fr_FR","og_type":"article","og_title":"Rhode arrive enfin chez Sephora Luxembourg (et \u00e7a change vraiment tout) - ELLE.lu Luxembourg","og_description":"On ne vous apprend rien : Rhode fait partie de ces marques qu\u2019on utilise d\u00e9j\u00e0, qu\u2019on recommande, qu\u2019on rach\u00e8te. Lanc\u00e9e en 2022 par Hailey Bieber, elle s\u2019installe en septembre chez Sephora au Luxembourg, en ligne et en magasin.","og_url":"https:\/\/www.elle.lu\/fr\/10638-rhode-arrive-enfin-chez-sephora-luxembourg-et-ca-change-vraiment-tout.html","og_site_name":"ELLE.lu Luxembourg","article_published_time":"2026-04-30T15:37:53+00:00","og_image":[{"width":2400,"height":1993,"url":"https:\/\/www.elle.lu\/fr\/wp-content\/uploads\/2026\/04\/mist-hero-1-desktop-fb996d1f-f76b-42f1-847b-f19f20cb045a-2480xjpg.webp","type":"image\/webp"}],"author":"Sarah Braun","twitter_card":"summary_large_image","twitter_misc":{"\u00c9crit par":"Sarah Braun","Dur\u00e9e de lecture estim\u00e9e":"3 minutes"},"schema":{"@context":"https:\/\/schema.org","@graph":[{"@type":"Article","@id":"https:\/\/www.elle.lu\/fr\/10638-rhode-arrive-enfin-chez-sephora-luxembourg-et-ca-change-vraiment-tout.html#article","isPartOf":{"@id":"https:\/\/www.elle.lu\/fr\/10638-rhode-arrive-enfin-chez-sephora-luxembourg-et-ca-change-vraiment-tout.html"},"author":{"name":"Sarah Braun","@id":"https:\/\/www.elle.lu\/fr\/#\/schema\/person\/ac820204224d1a52c950088e1996b007"},"headline":"Rhode arrive enfin chez Sephora Luxembourg (et \u00e7a change vraiment tout)","datePublished":"2026-04-30T15:37:53+00:00","mainEntityOfPage":{"@id":"https:\/\/www.elle.lu\/fr\/10638-rhode-arrive-enfin-chez-sephora-luxembourg-et-ca-change-vraiment-tout.html"},"wordCount":416,"commentCount":0,"image":{"@id":"https:\/\/www.elle.lu\/fr\/10638-rhode-arrive-enfin-chez-sephora-luxembourg-et-ca-change-vraiment-tout.html#primaryimage"},"thumbnailUrl":"https:\/\/www.elle.lu\/fr\/wp-content\/uploads\/2026\/04\/mist-hero-1-desktop-fb996d1f-f76b-42f1-847b-f19f20cb045a-2480xjpg.webp","articleSection":["Beaut\u00e9","Actu"],"inLanguage":"fr-FR","potentialAction":[{"@type":"CommentAction","name":"Comment","target":["https:\/\/www.elle.lu\/fr\/10638-rhode-arrive-enfin-chez-sephora-luxembourg-et-ca-change-vraiment-tout.html#respond"]}]},{"@type":"WebPage","@id":"https:\/\/www.elle.lu\/fr\/10638-rhode-arrive-enfin-chez-sephora-luxembourg-et-ca-change-vraiment-tout.html","url":"https:\/\/www.elle.lu\/fr\/10638-rhode-arrive-enfin-chez-sephora-luxembourg-et-ca-change-vraiment-tout.html","name":"Rhode arrive enfin chez Sephora Luxembourg (et \u00e7a change vraiment tout) - ELLE.lu Luxembourg","isPartOf":{"@id":"https:\/\/www.elle.lu\/fr\/#website"},"primaryImageOfPage":{"@id":"https:\/\/www.elle.lu\/fr\/10638-rhode-arrive-enfin-chez-sephora-luxembourg-et-ca-change-vraiment-tout.html#primaryimage"},"image":{"@id":"https:\/\/www.elle.lu\/fr\/10638-rhode-arrive-enfin-chez-sephora-luxembourg-et-ca-change-vraiment-tout.html#primaryimage"},"thumbnailUrl":"https:\/\/www.elle.lu\/fr\/wp-content\/uploads\/2026\/04\/mist-hero-1-desktop-fb996d1f-f76b-42f1-847b-f19f20cb045a-2480xjpg.webp","datePublished":"2026-04-30T15:37:53+00:00","author":{"@id":"https:\/\/www.elle.lu\/fr\/#\/schema\/person\/ac820204224d1a52c950088e1996b007"},"description":"On ne vous apprend rien : Rhode fait partie de ces marques qu\u2019on utilise d\u00e9j\u00e0, qu\u2019on recommande, qu\u2019on rach\u00e8te. Lanc\u00e9e en 2022 par Hailey Bieber, elle s\u2019installe en septembre chez Sephora au Luxembourg, en ligne et en magasin.","breadcrumb":{"@id":"https:\/\/www.elle.lu\/fr\/10638-rhode-arrive-enfin-chez-sephora-luxembourg-et-ca-change-vraiment-tout.html#breadcrumb"},"inLanguage":"fr-FR","potentialAction":[{"@type":"ReadAction","target":["https:\/\/www.elle.lu\/fr\/10638-rhode-arrive-enfin-chez-sephora-luxembourg-et-ca-change-vraiment-tout.html"]}]},{"@type":"ImageObject","inLanguage":"fr-FR","@id":"https:\/\/www.elle.lu\/fr\/10638-rhode-arrive-enfin-chez-sephora-luxembourg-et-ca-change-vraiment-tout.html#primaryimage","url":"https:\/\/www.elle.lu\/fr\/wp-content\/uploads\/2026\/04\/mist-hero-1-desktop-fb996d1f-f76b-42f1-847b-f19f20cb045a-2480xjpg.webp","contentUrl":"https:\/\/www.elle.lu\/fr\/wp-content\/uploads\/2026\/04\/mist-hero-1-desktop-fb996d1f-f76b-42f1-847b-f19f20cb045a-2480xjpg.webp","width":2400,"height":1993,"caption":"\u00a9Rhode"},{"@type":"BreadcrumbList","@id":"https:\/\/www.elle.lu\/fr\/10638-rhode-arrive-enfin-chez-sephora-luxembourg-et-ca-change-vraiment-tout.html#breadcrumb","itemListElement":[{"@type":"ListItem","position":1,"name":"Accueil","item":"https:\/\/www.elle.lu\/fr"},{"@type":"ListItem","position":2,"name":"Rhode arrive enfin chez Sephora Luxembourg (et \u00e7a change vraiment tout)"}]},{"@type":"WebSite","@id":"https:\/\/www.elle.lu\/fr\/#website","url":"https:\/\/www.elle.lu\/fr\/","name":"ELLE.lu","description":"Explorez les derni\u00e8res tendances mode, beaut\u00e9 et art de vivre au Luxembourg sur ELLE.lu. Un contenu exclusivement luxembourgeois sur notre site, r\u00e9seaux sociaux et YouTube.","potentialAction":[{"@type":"SearchAction","target":{"@type":"EntryPoint","urlTemplate":"https:\/\/www.elle.lu\/fr\/?s={search_term_string}"},"query-input":{"@type":"PropertyValueSpecification","valueRequired":true,"valueName":"search_term_string"}}],"inLanguage":"fr-FR"},{"@type":"Person","@id":"https:\/\/www.elle.lu\/fr\/#\/schema\/person\/ac820204224d1a52c950088e1996b007","name":"Sarah Braun","image":{"@type":"ImageObject","inLanguage":"fr-FR","@id":"https:\/\/secure.gravatar.com\/avatar\/795f10c954947838090d4f384b3a26b2352bf71fd41dd058f378fee046f7ce21?s=96&d=mm&r=g","url":"https:\/\/secure.gravatar.com\/avatar\/795f10c954947838090d4f384b3a26b2352bf71fd41dd058f378fee046f7ce21?s=96&d=mm&r=g","contentUrl":"https:\/\/secure.gravatar.com\/avatar\/795f10c954947838090d4f384b3a26b2352bf71fd41dd058f378fee046f7ce21?s=96&d=mm&r=g","caption":"Sarah Braun"},"url":"https:\/\/www.elle.lu\/fr\/author\/sarahelle-lu"}]}},"jetpack_featured_media_url":"https:\/\/www.elle.lu\/fr\/wp-content\/uploads\/2026\/04\/mist-hero-1-desktop-fb996d1f-f76b-42f1-847b-f19f20cb045a-2480xjpg.webp","jetpack_sharing_enabled":true,"_links":{"self":[{"href":"https:\/\/www.elle.lu\/fr\/wp-json\/wp\/v2\/posts\/10638","targetHints":{"allow":["GET"]}}],"collection":[{"href":"https:\/\/www.elle.lu\/fr\/wp-json\/wp\/v2\/posts"}],"about":[{"href":"https:\/\/www.elle.lu\/fr\/wp-json\/wp\/v2\/types\/post"}],"author":[{"embeddable":true,"href":"https:\/\/www.elle.lu\/fr\/wp-json\/wp\/v2\/users\/49"}],"replies":[{"embeddable":true,"href":"https:\/\/www.elle.lu\/fr\/wp-json\/wp\/v2\/comments?post=10638"}],"version-history":[{"count":1,"href":"https:\/\/www.elle.lu\/fr\/wp-json\/wp\/v2\/posts\/10638\/revisions"}],"predecessor-version":[{"id":10642,"href":"https:\/\/www.elle.lu\/fr\/wp-json\/wp\/v2\/posts\/10638\/revisions\/10642"}],"wp:featuredmedia":[{"embeddable":true,"href":"https:\/\/www.elle.lu\/fr\/wp-json\/wp\/v2\/media\/10640"}],"wp:attachment":[{"href":"https:\/\/www.elle.lu\/fr\/wp-json\/wp\/v2\/media?parent=10638"}],"wp:term":[{"taxonomy":"category","embeddable":true,"href":"https:\/\/www.elle.lu\/fr\/wp-json\/wp\/v2\/categories?post=10638"},{"taxonomy":"post_tag","embeddable":true,"href":"https:\/\/www.elle.lu\/fr\/wp-json\/wp\/v2\/tags?post=10638"}],"curies":[{"name":"wp","href":"https:\/\/api.w.org\/{rel}","templated":true}]}}