{"id":12001,"date":"2026-08-31T07:00:18","date_gmt":"2026-08-31T05:00:18","guid":{"rendered":"https:\/\/www.elle.lu\/fr\/?p=12001"},"modified":"2026-08-30T20:22:57","modified_gmt":"2026-08-30T18:22:57","slug":"florence-hunt-la-mode-a-toujours-fait-partie-de-moi","status":"publish","type":"post","link":"https:\/\/www.elle.lu\/fr\/12001-florence-hunt-la-mode-a-toujours-fait-partie-de-moi.html","title":{"rendered":"Florence Hunt : \u00ab La mode a toujours fait partie de moi \u00bb"},"content":{"rendered":"","protected":false},"excerpt":{"rendered":"Elle a grandi sous nos yeux dans \u00ab La Chronique des Bridgerton \u00bb. Bridgerton \u00bb....","protected":false},"author":14,"featured_media":12002,"comment_status":"open","ping_status":"open","sticky":false,"template":"","format":"standard","meta":{"_acf_changed":false,"_jetpack_newsletter_access":"","_jetpack_dont_email_post_to_subs":false,"_jetpack_newsletter_tier_id":0,"_jetpack_memberships_contains_paywalled_content":false,"_jetpack_feature_clip_id":0,"_jetpack_memberships_contains_paid_content":false,"footnotes":"","jetpack_post_was_ever_published":false},"categories":[245],"tags":[],"class_list":["post-12001","post","type-post","status-publish","format-standard","has-post-thumbnail","hentry","category-cover-girls"],"acf":[],"yoast_head":"<!-- This site is optimized with the Yoast SEO plugin v28.1 - https:\/\/yoast.com\/product\/yoast-seo-wordpress\/ -->\n<title>Florence Hunt : \u00ab La mode a toujours fait partie de moi \u00bb - ELLE.lu Luxembourg<\/title>\n<meta name=\"description\" content=\"Elle a grandi sous nos yeux dans \u00ab La Chronique des Bridgerton \u00bb. \u00c0 19 ans, la nouvelle ambassadrice Dior mode et beaut\u00e9 vient de tourner son premier film au c\u00f4t\u00e9 de Juliette Binoche. Rencontre avec Florence Hunt, une jeune fille enchant\u00e9e.\" \/>\n<meta name=\"robots\" content=\"index, follow, max-snippet:-1, max-image-preview:large, max-video-preview:-1\" \/>\n<link rel=\"canonical\" href=\"https:\/\/www.elle.lu\/fr\/12001-florence-hunt-la-mode-a-toujours-fait-partie-de-moi.html\" \/>\n<meta property=\"og:locale\" content=\"fr_FR\" \/>\n<meta property=\"og:type\" content=\"article\" \/>\n<meta property=\"og:title\" content=\"Florence Hunt : \u00ab La mode a toujours fait partie de moi \u00bb - ELLE.lu Luxembourg\" \/>\n<meta property=\"og:description\" content=\"Elle a grandi sous nos yeux dans \u00ab La Chronique des Bridgerton \u00bb. \u00c0 19 ans, la nouvelle ambassadrice Dior mode et beaut\u00e9 vient de tourner son premier film au c\u00f4t\u00e9 de Juliette Binoche. Rencontre avec Florence Hunt, une jeune fille enchant\u00e9e.\" \/>\n<meta property=\"og:url\" content=\"https:\/\/www.elle.lu\/fr\/12001-florence-hunt-la-mode-a-toujours-fait-partie-de-moi.html\" \/>\n<meta property=\"og:site_name\" content=\"ELLE.lu Luxembourg\" \/>\n<meta property=\"article:published_time\" content=\"2026-08-31T05:00:18+00:00\" \/>\n<meta property=\"og:image\" content=\"https:\/\/www.elle.lu\/fr\/wp-content\/uploads\/2026\/08\/el665068.jpg\" \/>\n\t<meta property=\"og:image:width\" content=\"2500\" \/>\n\t<meta property=\"og:image:height\" content=\"1667\" \/>\n\t<meta property=\"og:image:type\" content=\"image\/jpeg\" \/>\n<meta name=\"author\" content=\"ELLE Luxembourg\" \/>\n<meta name=\"twitter:card\" content=\"summary_large_image\" \/>\n<meta name=\"twitter:label1\" content=\"\u00c9crit par\" \/>\n\t<meta name=\"twitter:data1\" content=\"ELLE Luxembourg\" \/>\n\t<meta name=\"twitter:label2\" content=\"Dur\u00e9e de lecture estim\u00e9e\" \/>\n\t<meta name=\"twitter:data2\" content=\"9 minutes\" \/>\n<script type=\"application\/ld+json\" class=\"yoast-schema-graph\">{\"@context\":\"https:\\\/\\\/schema.org\",\"@graph\":[{\"@type\":\"Article\",\"@id\":\"https:\\\/\\\/www.elle.lu\\\/fr\\\/12001-florence-hunt-la-mode-a-toujours-fait-partie-de-moi.html#article\",\"isPartOf\":{\"@id\":\"https:\\\/\\\/www.elle.lu\\\/fr\\\/12001-florence-hunt-la-mode-a-toujours-fait-partie-de-moi.html\"},\"author\":{\"name\":\"ELLE Luxembourg\",\"@id\":\"https:\\\/\\\/www.elle.lu\\\/fr\\\/#\\\/schema\\\/person\\\/9f46b98d1e40ec669426239054a74f55\"},\"headline\":\"Florence Hunt : \u00ab La mode a toujours fait partie de moi \u00bb\",\"datePublished\":\"2026-08-31T05:00:18+00:00\",\"mainEntityOfPage\":{\"@id\":\"https:\\\/\\\/www.elle.lu\\\/fr\\\/12001-florence-hunt-la-mode-a-toujours-fait-partie-de-moi.html\"},\"wordCount\":1759,\"commentCount\":0,\"image\":{\"@id\":\"https:\\\/\\\/www.elle.lu\\\/fr\\\/12001-florence-hunt-la-mode-a-toujours-fait-partie-de-moi.html#primaryimage\"},\"thumbnailUrl\":\"https:\\\/\\\/www.elle.lu\\\/fr\\\/wp-content\\\/uploads\\\/2026\\\/08\\\/el665068.jpg\",\"articleSection\":[\"Cover girls\"],\"inLanguage\":\"fr-FR\",\"potentialAction\":[{\"@type\":\"CommentAction\",\"name\":\"Comment\",\"target\":[\"https:\\\/\\\/www.elle.lu\\\/fr\\\/12001-florence-hunt-la-mode-a-toujours-fait-partie-de-moi.html#respond\"]}]},{\"@type\":\"WebPage\",\"@id\":\"https:\\\/\\\/www.elle.lu\\\/fr\\\/12001-florence-hunt-la-mode-a-toujours-fait-partie-de-moi.html\",\"url\":\"https:\\\/\\\/www.elle.lu\\\/fr\\\/12001-florence-hunt-la-mode-a-toujours-fait-partie-de-moi.html\",\"name\":\"Florence Hunt : \u00ab La mode a toujours fait partie de moi \u00bb - ELLE.lu Luxembourg\",\"isPartOf\":{\"@id\":\"https:\\\/\\\/www.elle.lu\\\/fr\\\/#website\"},\"primaryImageOfPage\":{\"@id\":\"https:\\\/\\\/www.elle.lu\\\/fr\\\/12001-florence-hunt-la-mode-a-toujours-fait-partie-de-moi.html#primaryimage\"},\"image\":{\"@id\":\"https:\\\/\\\/www.elle.lu\\\/fr\\\/12001-florence-hunt-la-mode-a-toujours-fait-partie-de-moi.html#primaryimage\"},\"thumbnailUrl\":\"https:\\\/\\\/www.elle.lu\\\/fr\\\/wp-content\\\/uploads\\\/2026\\\/08\\\/el665068.jpg\",\"datePublished\":\"2026-08-31T05:00:18+00:00\",\"author\":{\"@id\":\"https:\\\/\\\/www.elle.lu\\\/fr\\\/#\\\/schema\\\/person\\\/9f46b98d1e40ec669426239054a74f55\"},\"description\":\"Elle a grandi sous nos yeux dans \u00ab La Chronique des Bridgerton \u00bb. \u00c0 19 ans, la nouvelle ambassadrice Dior mode et beaut\u00e9 vient de tourner son premier film au c\u00f4t\u00e9 de Juliette Binoche. Rencontre avec Florence Hunt, une jeune fille enchant\u00e9e.\",\"breadcrumb\":{\"@id\":\"https:\\\/\\\/www.elle.lu\\\/fr\\\/12001-florence-hunt-la-mode-a-toujours-fait-partie-de-moi.html#breadcrumb\"},\"inLanguage\":\"fr-FR\",\"potentialAction\":[{\"@type\":\"ReadAction\",\"target\":[\"https:\\\/\\\/www.elle.lu\\\/fr\\\/12001-florence-hunt-la-mode-a-toujours-fait-partie-de-moi.html\"]}]},{\"@type\":\"ImageObject\",\"inLanguage\":\"fr-FR\",\"@id\":\"https:\\\/\\\/www.elle.lu\\\/fr\\\/12001-florence-hunt-la-mode-a-toujours-fait-partie-de-moi.html#primaryimage\",\"url\":\"https:\\\/\\\/www.elle.lu\\\/fr\\\/wp-content\\\/uploads\\\/2026\\\/08\\\/el665068.jpg\",\"contentUrl\":\"https:\\\/\\\/www.elle.lu\\\/fr\\\/wp-content\\\/uploads\\\/2026\\\/08\\\/el665068.jpg\",\"width\":2500,\"height\":1667},{\"@type\":\"BreadcrumbList\",\"@id\":\"https:\\\/\\\/www.elle.lu\\\/fr\\\/12001-florence-hunt-la-mode-a-toujours-fait-partie-de-moi.html#breadcrumb\",\"itemListElement\":[{\"@type\":\"ListItem\",\"position\":1,\"name\":\"Accueil\",\"item\":\"https:\\\/\\\/www.elle.lu\\\/fr\"},{\"@type\":\"ListItem\",\"position\":2,\"name\":\"Florence Hunt : \u00ab La mode a toujours fait partie de moi \u00bb\"}]},{\"@type\":\"WebSite\",\"@id\":\"https:\\\/\\\/www.elle.lu\\\/fr\\\/#website\",\"url\":\"https:\\\/\\\/www.elle.lu\\\/fr\\\/\",\"name\":\"ELLE.lu\",\"description\":\"Explorez les derni\u00e8res tendances mode, beaut\u00e9 et art de vivre au Luxembourg sur ELLE.lu. Un contenu exclusivement luxembourgeois sur notre site, r\u00e9seaux sociaux et YouTube.\",\"potentialAction\":[{\"@type\":\"SearchAction\",\"target\":{\"@type\":\"EntryPoint\",\"urlTemplate\":\"https:\\\/\\\/www.elle.lu\\\/fr\\\/?s={search_term_string}\"},\"query-input\":{\"@type\":\"PropertyValueSpecification\",\"valueRequired\":true,\"valueName\":\"search_term_string\"}}],\"inLanguage\":\"fr-FR\"},{\"@type\":\"Person\",\"@id\":\"https:\\\/\\\/www.elle.lu\\\/fr\\\/#\\\/schema\\\/person\\\/9f46b98d1e40ec669426239054a74f55\",\"name\":\"ELLE Luxembourg\",\"image\":{\"@type\":\"ImageObject\",\"inLanguage\":\"fr-FR\",\"@id\":\"https:\\\/\\\/secure.gravatar.com\\\/avatar\\\/53ba8a0846e80e757a82f9012841e058a80a9c9fcef00955129602230f0fd7ac?s=96&d=mm&r=g\",\"url\":\"https:\\\/\\\/secure.gravatar.com\\\/avatar\\\/53ba8a0846e80e757a82f9012841e058a80a9c9fcef00955129602230f0fd7ac?s=96&d=mm&r=g\",\"contentUrl\":\"https:\\\/\\\/secure.gravatar.com\\\/avatar\\\/53ba8a0846e80e757a82f9012841e058a80a9c9fcef00955129602230f0fd7ac?s=96&d=mm&r=g\",\"caption\":\"ELLE Luxembourg\"},\"url\":\"https:\\\/\\\/www.elle.lu\\\/fr\\\/author\\\/elle-luxembourg\"}]}<\/script>\n<!-- \/ Yoast SEO plugin. -->","yoast_head_json":{"title":"Florence Hunt : \u00ab La mode a toujours fait partie de moi \u00bb - ELLE.lu Luxembourg","description":"Elle a grandi sous nos yeux dans \u00ab La Chronique des Bridgerton \u00bb. \u00c0 19 ans, la nouvelle ambassadrice Dior mode et beaut\u00e9 vient de tourner son premier film au c\u00f4t\u00e9 de Juliette Binoche. Rencontre avec Florence Hunt, une jeune fille enchant\u00e9e.","robots":{"index":"index","follow":"follow","max-snippet":"max-snippet:-1","max-image-preview":"max-image-preview:large","max-video-preview":"max-video-preview:-1"},"canonical":"https:\/\/www.elle.lu\/fr\/12001-florence-hunt-la-mode-a-toujours-fait-partie-de-moi.html","og_locale":"fr_FR","og_type":"article","og_title":"Florence Hunt : \u00ab La mode a toujours fait partie de moi \u00bb - ELLE.lu Luxembourg","og_description":"Elle a grandi sous nos yeux dans \u00ab La Chronique des Bridgerton \u00bb. \u00c0 19 ans, la nouvelle ambassadrice Dior mode et beaut\u00e9 vient de tourner son premier film au c\u00f4t\u00e9 de Juliette Binoche. Rencontre avec Florence Hunt, une jeune fille enchant\u00e9e.","og_url":"https:\/\/www.elle.lu\/fr\/12001-florence-hunt-la-mode-a-toujours-fait-partie-de-moi.html","og_site_name":"ELLE.lu Luxembourg","article_published_time":"2026-08-31T05:00:18+00:00","og_image":[{"width":2500,"height":1667,"url":"https:\/\/www.elle.lu\/fr\/wp-content\/uploads\/2026\/08\/el665068.jpg","type":"image\/jpeg"}],"author":"ELLE Luxembourg","twitter_card":"summary_large_image","twitter_misc":{"\u00c9crit par":"ELLE Luxembourg","Dur\u00e9e de lecture estim\u00e9e":"9 minutes"},"schema":{"@context":"https:\/\/schema.org","@graph":[{"@type":"Article","@id":"https:\/\/www.elle.lu\/fr\/12001-florence-hunt-la-mode-a-toujours-fait-partie-de-moi.html#article","isPartOf":{"@id":"https:\/\/www.elle.lu\/fr\/12001-florence-hunt-la-mode-a-toujours-fait-partie-de-moi.html"},"author":{"name":"ELLE Luxembourg","@id":"https:\/\/www.elle.lu\/fr\/#\/schema\/person\/9f46b98d1e40ec669426239054a74f55"},"headline":"Florence Hunt : \u00ab La mode a toujours fait partie de moi \u00bb","datePublished":"2026-08-31T05:00:18+00:00","mainEntityOfPage":{"@id":"https:\/\/www.elle.lu\/fr\/12001-florence-hunt-la-mode-a-toujours-fait-partie-de-moi.html"},"wordCount":1759,"commentCount":0,"image":{"@id":"https:\/\/www.elle.lu\/fr\/12001-florence-hunt-la-mode-a-toujours-fait-partie-de-moi.html#primaryimage"},"thumbnailUrl":"https:\/\/www.elle.lu\/fr\/wp-content\/uploads\/2026\/08\/el665068.jpg","articleSection":["Cover girls"],"inLanguage":"fr-FR","potentialAction":[{"@type":"CommentAction","name":"Comment","target":["https:\/\/www.elle.lu\/fr\/12001-florence-hunt-la-mode-a-toujours-fait-partie-de-moi.html#respond"]}]},{"@type":"WebPage","@id":"https:\/\/www.elle.lu\/fr\/12001-florence-hunt-la-mode-a-toujours-fait-partie-de-moi.html","url":"https:\/\/www.elle.lu\/fr\/12001-florence-hunt-la-mode-a-toujours-fait-partie-de-moi.html","name":"Florence Hunt : \u00ab La mode a toujours fait partie de moi \u00bb - ELLE.lu Luxembourg","isPartOf":{"@id":"https:\/\/www.elle.lu\/fr\/#website"},"primaryImageOfPage":{"@id":"https:\/\/www.elle.lu\/fr\/12001-florence-hunt-la-mode-a-toujours-fait-partie-de-moi.html#primaryimage"},"image":{"@id":"https:\/\/www.elle.lu\/fr\/12001-florence-hunt-la-mode-a-toujours-fait-partie-de-moi.html#primaryimage"},"thumbnailUrl":"https:\/\/www.elle.lu\/fr\/wp-content\/uploads\/2026\/08\/el665068.jpg","datePublished":"2026-08-31T05:00:18+00:00","author":{"@id":"https:\/\/www.elle.lu\/fr\/#\/schema\/person\/9f46b98d1e40ec669426239054a74f55"},"description":"Elle a grandi sous nos yeux dans \u00ab La Chronique des Bridgerton \u00bb. \u00c0 19 ans, la nouvelle ambassadrice Dior mode et beaut\u00e9 vient de tourner son premier film au c\u00f4t\u00e9 de Juliette Binoche. Rencontre avec Florence Hunt, une jeune fille enchant\u00e9e.","breadcrumb":{"@id":"https:\/\/www.elle.lu\/fr\/12001-florence-hunt-la-mode-a-toujours-fait-partie-de-moi.html#breadcrumb"},"inLanguage":"fr-FR","potentialAction":[{"@type":"ReadAction","target":["https:\/\/www.elle.lu\/fr\/12001-florence-hunt-la-mode-a-toujours-fait-partie-de-moi.html"]}]},{"@type":"ImageObject","inLanguage":"fr-FR","@id":"https:\/\/www.elle.lu\/fr\/12001-florence-hunt-la-mode-a-toujours-fait-partie-de-moi.html#primaryimage","url":"https:\/\/www.elle.lu\/fr\/wp-content\/uploads\/2026\/08\/el665068.jpg","contentUrl":"https:\/\/www.elle.lu\/fr\/wp-content\/uploads\/2026\/08\/el665068.jpg","width":2500,"height":1667},{"@type":"BreadcrumbList","@id":"https:\/\/www.elle.lu\/fr\/12001-florence-hunt-la-mode-a-toujours-fait-partie-de-moi.html#breadcrumb","itemListElement":[{"@type":"ListItem","position":1,"name":"Accueil","item":"https:\/\/www.elle.lu\/fr"},{"@type":"ListItem","position":2,"name":"Florence Hunt : \u00ab La mode a toujours fait partie de moi \u00bb"}]},{"@type":"WebSite","@id":"https:\/\/www.elle.lu\/fr\/#website","url":"https:\/\/www.elle.lu\/fr\/","name":"ELLE.lu","description":"Explorez les derni\u00e8res tendances mode, beaut\u00e9 et art de vivre au Luxembourg sur ELLE.lu. Un contenu exclusivement luxembourgeois sur notre site, r\u00e9seaux sociaux et YouTube.","potentialAction":[{"@type":"SearchAction","target":{"@type":"EntryPoint","urlTemplate":"https:\/\/www.elle.lu\/fr\/?s={search_term_string}"},"query-input":{"@type":"PropertyValueSpecification","valueRequired":true,"valueName":"search_term_string"}}],"inLanguage":"fr-FR"},{"@type":"Person","@id":"https:\/\/www.elle.lu\/fr\/#\/schema\/person\/9f46b98d1e40ec669426239054a74f55","name":"ELLE Luxembourg","image":{"@type":"ImageObject","inLanguage":"fr-FR","@id":"https:\/\/secure.gravatar.com\/avatar\/53ba8a0846e80e757a82f9012841e058a80a9c9fcef00955129602230f0fd7ac?s=96&d=mm&r=g","url":"https:\/\/secure.gravatar.com\/avatar\/53ba8a0846e80e757a82f9012841e058a80a9c9fcef00955129602230f0fd7ac?s=96&d=mm&r=g","contentUrl":"https:\/\/secure.gravatar.com\/avatar\/53ba8a0846e80e757a82f9012841e058a80a9c9fcef00955129602230f0fd7ac?s=96&d=mm&r=g","caption":"ELLE Luxembourg"},"url":"https:\/\/www.elle.lu\/fr\/author\/elle-luxembourg"}]}},"jetpack_featured_media_url":"https:\/\/www.elle.lu\/fr\/wp-content\/uploads\/2026\/08\/el665068.jpg","jetpack_sharing_enabled":true,"_links":{"self":[{"href":"https:\/\/www.elle.lu\/fr\/wp-json\/wp\/v2\/posts\/12001","targetHints":{"allow":["GET"]}}],"collection":[{"href":"https:\/\/www.elle.lu\/fr\/wp-json\/wp\/v2\/posts"}],"about":[{"href":"https:\/\/www.elle.lu\/fr\/wp-json\/wp\/v2\/types\/post"}],"author":[{"embeddable":true,"href":"https:\/\/www.elle.lu\/fr\/wp-json\/wp\/v2\/users\/14"}],"replies":[{"embeddable":true,"href":"https:\/\/www.elle.lu\/fr\/wp-json\/wp\/v2\/comments?post=12001"}],"version-history":[{"count":2,"href":"https:\/\/www.elle.lu\/fr\/wp-json\/wp\/v2\/posts\/12001\/revisions"}],"predecessor-version":[{"id":12025,"href":"https:\/\/www.elle.lu\/fr\/wp-json\/wp\/v2\/posts\/12001\/revisions\/12025"}],"wp:featuredmedia":[{"embeddable":true,"href":"https:\/\/www.elle.lu\/fr\/wp-json\/wp\/v2\/media\/12002"}],"wp:attachment":[{"href":"https:\/\/www.elle.lu\/fr\/wp-json\/wp\/v2\/media?parent=12001"}],"wp:term":[{"taxonomy":"category","embeddable":true,"href":"https:\/\/www.elle.lu\/fr\/wp-json\/wp\/v2\/categories?post=12001"},{"taxonomy":"post_tag","embeddable":true,"href":"https:\/\/www.elle.lu\/fr\/wp-json\/wp\/v2\/tags?post=12001"}],"curies":[{"name":"wp","href":"https:\/\/api.w.org\/{rel}","templated":true}]}}