{"id":12091,"date":"2026-09-03T14:59:31","date_gmt":"2026-09-03T12:59:31","guid":{"rendered":"https:\/\/www.elle.lu\/fr\/?p=12091"},"modified":"2026-09-03T14:59:31","modified_gmt":"2026-09-03T12:59:31","slug":"gloria-steinem-la-feministe-qui-a-appris-aux-femmes-a-ne-pas-demander-la-permission-est-decedee","status":"publish","type":"post","link":"https:\/\/www.elle.lu\/fr\/12091-gloria-steinem-la-feministe-qui-a-appris-aux-femmes-a-ne-pas-demander-la-permission-est-decedee.html","title":{"rendered":"Gloria Steinem, la f\u00e9ministe qui a appris aux femmes \u00e0 ne pas demander la permission, est d\u00e9c\u00e9d\u00e9e"},"content":{"rendered":"","protected":false},"excerpt":{"rendered":"L&#8217;\u00e9crivaine, journaliste et militante am\u00e9ricaine, qui s&#8217;est battue toute sa vie pour les droits des femmes, s&#8217;est \u00e9teinte \u00e0 l&#8217;\u00e2ge de 92 ans\nElle avait compris que l&#8217;estime de soi est une construction sociale, et c&#8217;est autour de cette intuition qu&#8217;elle avait th\u00e9oris\u00e9 son ouvrage Estime de soi.","protected":false},"author":14,"featured_media":12092,"comment_status":"open","ping_status":"open","sticky":false,"template":"","format":"standard","meta":{"_acf_changed":false,"_jetpack_newsletter_access":"","_jetpack_dont_email_post_to_subs":false,"_jetpack_newsletter_tier_id":0,"_jetpack_memberships_contains_paywalled_content":false,"_jetpack_feature_clip_id":0,"_jetpack_memberships_contains_paid_content":false,"footnotes":"","jetpack_post_was_ever_published":false},"categories":[9,12],"tags":[],"class_list":["post-12091","post","type-post","status-publish","format-standard","has-post-thumbnail","hentry","category-actu","category-societe"],"acf":[],"yoast_head":"<!-- This site is optimized with the Yoast SEO plugin v28.4 - https:\/\/yoast.com\/product\/yoast-seo-wordpress\/ -->\n<title>Gloria Steinem, la f\u00e9ministe qui a appris aux femmes \u00e0 ne pas demander la permission, est d\u00e9c\u00e9d\u00e9e - ELLE.lu Luxembourg<\/title>\n<meta name=\"description\" content=\"L&#039;\u00e9crivaine, journaliste et militante am\u00e9ricaine, qui s&#039;est battue toute sa vie pour les droits des femmes, s&#039;est \u00e9teinte \u00e0 l&#039;\u00e2ge de 92 ans\" \/>\n<meta name=\"robots\" content=\"index, follow, max-snippet:-1, max-image-preview:large, max-video-preview:-1\" \/>\n<link rel=\"canonical\" href=\"https:\/\/www.elle.lu\/fr\/12091-gloria-steinem-la-feministe-qui-a-appris-aux-femmes-a-ne-pas-demander-la-permission-est-decedee.html\" \/>\n<meta property=\"og:locale\" content=\"fr_FR\" \/>\n<meta property=\"og:type\" content=\"article\" \/>\n<meta property=\"og:title\" content=\"Gloria Steinem, la f\u00e9ministe qui a appris aux femmes \u00e0 ne pas demander la permission, est d\u00e9c\u00e9d\u00e9e - ELLE.lu Luxembourg\" \/>\n<meta property=\"og:description\" content=\"L&#039;\u00e9crivaine, journaliste et militante am\u00e9ricaine, qui s&#039;est battue toute sa vie pour les droits des femmes, s&#039;est \u00e9teinte \u00e0 l&#039;\u00e2ge de 92 ans\" \/>\n<meta property=\"og:url\" content=\"https:\/\/www.elle.lu\/fr\/12091-gloria-steinem-la-feministe-qui-a-appris-aux-femmes-a-ne-pas-demander-la-permission-est-decedee.html\" \/>\n<meta property=\"og:site_name\" content=\"ELLE.lu Luxembourg\" \/>\n<meta property=\"article:published_time\" content=\"2026-09-03T12:59:31+00:00\" \/>\n<meta property=\"og:image\" content=\"https:\/\/www.elle.lu\/fr\/wp-content\/uploads\/2026\/09\/shutterstock-1289128363-2-2.jpg\" \/>\n\t<meta property=\"og:image:width\" content=\"2499\" \/>\n\t<meta property=\"og:image:height\" content=\"1955\" \/>\n\t<meta property=\"og:image:type\" content=\"image\/jpeg\" \/>\n<meta name=\"author\" content=\"ELLE Luxembourg\" \/>\n<meta name=\"twitter:card\" content=\"summary_large_image\" \/>\n<meta name=\"twitter:label1\" content=\"\u00c9crit par\" \/>\n\t<meta name=\"twitter:data1\" content=\"ELLE Luxembourg\" \/>\n\t<meta name=\"twitter:label2\" content=\"Dur\u00e9e de lecture estim\u00e9e\" \/>\n\t<meta name=\"twitter:data2\" content=\"6 minutes\" \/>\n<script type=\"application\/ld+json\" class=\"yoast-schema-graph\">{\"@context\":\"https:\\\/\\\/schema.org\",\"@graph\":[{\"@type\":\"Article\",\"@id\":\"https:\\\/\\\/www.elle.lu\\\/fr\\\/12091-gloria-steinem-la-feministe-qui-a-appris-aux-femmes-a-ne-pas-demander-la-permission-est-decedee.html#article\",\"isPartOf\":{\"@id\":\"https:\\\/\\\/www.elle.lu\\\/fr\\\/12091-gloria-steinem-la-feministe-qui-a-appris-aux-femmes-a-ne-pas-demander-la-permission-est-decedee.html\"},\"author\":{\"name\":\"ELLE Luxembourg\",\"@id\":\"https:\\\/\\\/www.elle.lu\\\/fr\\\/#\\\/schema\\\/person\\\/9f46b98d1e40ec669426239054a74f55\"},\"headline\":\"Gloria Steinem, la f\u00e9ministe qui a appris aux femmes \u00e0 ne pas demander la permission, est d\u00e9c\u00e9d\u00e9e\",\"datePublished\":\"2026-09-03T12:59:31+00:00\",\"mainEntityOfPage\":{\"@id\":\"https:\\\/\\\/www.elle.lu\\\/fr\\\/12091-gloria-steinem-la-feministe-qui-a-appris-aux-femmes-a-ne-pas-demander-la-permission-est-decedee.html\"},\"wordCount\":1193,\"commentCount\":0,\"image\":{\"@id\":\"https:\\\/\\\/www.elle.lu\\\/fr\\\/12091-gloria-steinem-la-feministe-qui-a-appris-aux-femmes-a-ne-pas-demander-la-permission-est-decedee.html#primaryimage\"},\"thumbnailUrl\":\"https:\\\/\\\/www.elle.lu\\\/fr\\\/wp-content\\\/uploads\\\/2026\\\/09\\\/shutterstock-1289128363-2-2.jpg\",\"articleSection\":[\"Actu\",\"Soci\u00e9t\u00e9\"],\"inLanguage\":\"fr-FR\",\"potentialAction\":[{\"@type\":\"CommentAction\",\"name\":\"Comment\",\"target\":[\"https:\\\/\\\/www.elle.lu\\\/fr\\\/12091-gloria-steinem-la-feministe-qui-a-appris-aux-femmes-a-ne-pas-demander-la-permission-est-decedee.html#respond\"]}]},{\"@type\":\"WebPage\",\"@id\":\"https:\\\/\\\/www.elle.lu\\\/fr\\\/12091-gloria-steinem-la-feministe-qui-a-appris-aux-femmes-a-ne-pas-demander-la-permission-est-decedee.html\",\"url\":\"https:\\\/\\\/www.elle.lu\\\/fr\\\/12091-gloria-steinem-la-feministe-qui-a-appris-aux-femmes-a-ne-pas-demander-la-permission-est-decedee.html\",\"name\":\"Gloria Steinem, la f\u00e9ministe qui a appris aux femmes \u00e0 ne pas demander la permission, est d\u00e9c\u00e9d\u00e9e - ELLE.lu Luxembourg\",\"isPartOf\":{\"@id\":\"https:\\\/\\\/www.elle.lu\\\/fr\\\/#website\"},\"primaryImageOfPage\":{\"@id\":\"https:\\\/\\\/www.elle.lu\\\/fr\\\/12091-gloria-steinem-la-feministe-qui-a-appris-aux-femmes-a-ne-pas-demander-la-permission-est-decedee.html#primaryimage\"},\"image\":{\"@id\":\"https:\\\/\\\/www.elle.lu\\\/fr\\\/12091-gloria-steinem-la-feministe-qui-a-appris-aux-femmes-a-ne-pas-demander-la-permission-est-decedee.html#primaryimage\"},\"thumbnailUrl\":\"https:\\\/\\\/www.elle.lu\\\/fr\\\/wp-content\\\/uploads\\\/2026\\\/09\\\/shutterstock-1289128363-2-2.jpg\",\"datePublished\":\"2026-09-03T12:59:31+00:00\",\"author\":{\"@id\":\"https:\\\/\\\/www.elle.lu\\\/fr\\\/#\\\/schema\\\/person\\\/9f46b98d1e40ec669426239054a74f55\"},\"description\":\"L'\u00e9crivaine, journaliste et militante am\u00e9ricaine, qui s'est battue toute sa vie pour les droits des femmes, s'est \u00e9teinte \u00e0 l'\u00e2ge de 92 ans\",\"breadcrumb\":{\"@id\":\"https:\\\/\\\/www.elle.lu\\\/fr\\\/12091-gloria-steinem-la-feministe-qui-a-appris-aux-femmes-a-ne-pas-demander-la-permission-est-decedee.html#breadcrumb\"},\"inLanguage\":\"fr-FR\",\"potentialAction\":[{\"@type\":\"ReadAction\",\"target\":[\"https:\\\/\\\/www.elle.lu\\\/fr\\\/12091-gloria-steinem-la-feministe-qui-a-appris-aux-femmes-a-ne-pas-demander-la-permission-est-decedee.html\"]}]},{\"@type\":\"ImageObject\",\"inLanguage\":\"fr-FR\",\"@id\":\"https:\\\/\\\/www.elle.lu\\\/fr\\\/12091-gloria-steinem-la-feministe-qui-a-appris-aux-femmes-a-ne-pas-demander-la-permission-est-decedee.html#primaryimage\",\"url\":\"https:\\\/\\\/www.elle.lu\\\/fr\\\/wp-content\\\/uploads\\\/2026\\\/09\\\/shutterstock-1289128363-2-2.jpg\",\"contentUrl\":\"https:\\\/\\\/www.elle.lu\\\/fr\\\/wp-content\\\/uploads\\\/2026\\\/09\\\/shutterstock-1289128363-2-2.jpg\",\"width\":2499,\"height\":1955,\"caption\":\"\u00a9Shutterstock\"},{\"@type\":\"BreadcrumbList\",\"@id\":\"https:\\\/\\\/www.elle.lu\\\/fr\\\/12091-gloria-steinem-la-feministe-qui-a-appris-aux-femmes-a-ne-pas-demander-la-permission-est-decedee.html#breadcrumb\",\"itemListElement\":[{\"@type\":\"ListItem\",\"position\":1,\"name\":\"Accueil\",\"item\":\"https:\\\/\\\/www.elle.lu\\\/fr\"},{\"@type\":\"ListItem\",\"position\":2,\"name\":\"Gloria Steinem, la f\u00e9ministe qui a appris aux femmes \u00e0 ne pas demander la permission, est d\u00e9c\u00e9d\u00e9e\"}]},{\"@type\":\"WebSite\",\"@id\":\"https:\\\/\\\/www.elle.lu\\\/fr\\\/#website\",\"url\":\"https:\\\/\\\/www.elle.lu\\\/fr\\\/\",\"name\":\"ELLE.lu\",\"description\":\"Explorez les derni\u00e8res tendances mode, beaut\u00e9 et art de vivre au Luxembourg sur ELLE.lu. Un contenu exclusivement luxembourgeois sur notre site, r\u00e9seaux sociaux et YouTube.\",\"potentialAction\":[{\"@type\":\"SearchAction\",\"target\":{\"@type\":\"EntryPoint\",\"urlTemplate\":\"https:\\\/\\\/www.elle.lu\\\/fr\\\/?s={search_term_string}\"},\"query-input\":{\"@type\":\"PropertyValueSpecification\",\"valueRequired\":true,\"valueName\":\"search_term_string\"}}],\"inLanguage\":\"fr-FR\"},{\"@type\":\"Person\",\"@id\":\"https:\\\/\\\/www.elle.lu\\\/fr\\\/#\\\/schema\\\/person\\\/9f46b98d1e40ec669426239054a74f55\",\"name\":\"ELLE Luxembourg\",\"image\":{\"@type\":\"ImageObject\",\"inLanguage\":\"fr-FR\",\"@id\":\"https:\\\/\\\/secure.gravatar.com\\\/avatar\\\/53ba8a0846e80e757a82f9012841e058a80a9c9fcef00955129602230f0fd7ac?s=96&d=mm&r=g\",\"url\":\"https:\\\/\\\/secure.gravatar.com\\\/avatar\\\/53ba8a0846e80e757a82f9012841e058a80a9c9fcef00955129602230f0fd7ac?s=96&d=mm&r=g\",\"contentUrl\":\"https:\\\/\\\/secure.gravatar.com\\\/avatar\\\/53ba8a0846e80e757a82f9012841e058a80a9c9fcef00955129602230f0fd7ac?s=96&d=mm&r=g\",\"caption\":\"ELLE Luxembourg\"},\"url\":\"https:\\\/\\\/www.elle.lu\\\/fr\\\/author\\\/elle-luxembourg\"}]}<\/script>\n<!-- \/ Yoast SEO plugin. -->","yoast_head_json":{"title":"Gloria Steinem, la f\u00e9ministe qui a appris aux femmes \u00e0 ne pas demander la permission, est d\u00e9c\u00e9d\u00e9e - ELLE.lu Luxembourg","description":"L'\u00e9crivaine, journaliste et militante am\u00e9ricaine, qui s'est battue toute sa vie pour les droits des femmes, s'est \u00e9teinte \u00e0 l'\u00e2ge de 92 ans","robots":{"index":"index","follow":"follow","max-snippet":"max-snippet:-1","max-image-preview":"max-image-preview:large","max-video-preview":"max-video-preview:-1"},"canonical":"https:\/\/www.elle.lu\/fr\/12091-gloria-steinem-la-feministe-qui-a-appris-aux-femmes-a-ne-pas-demander-la-permission-est-decedee.html","og_locale":"fr_FR","og_type":"article","og_title":"Gloria Steinem, la f\u00e9ministe qui a appris aux femmes \u00e0 ne pas demander la permission, est d\u00e9c\u00e9d\u00e9e - ELLE.lu Luxembourg","og_description":"L'\u00e9crivaine, journaliste et militante am\u00e9ricaine, qui s'est battue toute sa vie pour les droits des femmes, s'est \u00e9teinte \u00e0 l'\u00e2ge de 92 ans","og_url":"https:\/\/www.elle.lu\/fr\/12091-gloria-steinem-la-feministe-qui-a-appris-aux-femmes-a-ne-pas-demander-la-permission-est-decedee.html","og_site_name":"ELLE.lu Luxembourg","article_published_time":"2026-09-03T12:59:31+00:00","og_image":[{"width":2499,"height":1955,"url":"https:\/\/www.elle.lu\/fr\/wp-content\/uploads\/2026\/09\/shutterstock-1289128363-2-2.jpg","type":"image\/jpeg"}],"author":"ELLE Luxembourg","twitter_card":"summary_large_image","twitter_misc":{"\u00c9crit par":"ELLE Luxembourg","Dur\u00e9e de lecture estim\u00e9e":"6 minutes"},"schema":{"@context":"https:\/\/schema.org","@graph":[{"@type":"Article","@id":"https:\/\/www.elle.lu\/fr\/12091-gloria-steinem-la-feministe-qui-a-appris-aux-femmes-a-ne-pas-demander-la-permission-est-decedee.html#article","isPartOf":{"@id":"https:\/\/www.elle.lu\/fr\/12091-gloria-steinem-la-feministe-qui-a-appris-aux-femmes-a-ne-pas-demander-la-permission-est-decedee.html"},"author":{"name":"ELLE Luxembourg","@id":"https:\/\/www.elle.lu\/fr\/#\/schema\/person\/9f46b98d1e40ec669426239054a74f55"},"headline":"Gloria Steinem, la f\u00e9ministe qui a appris aux femmes \u00e0 ne pas demander la permission, est d\u00e9c\u00e9d\u00e9e","datePublished":"2026-09-03T12:59:31+00:00","mainEntityOfPage":{"@id":"https:\/\/www.elle.lu\/fr\/12091-gloria-steinem-la-feministe-qui-a-appris-aux-femmes-a-ne-pas-demander-la-permission-est-decedee.html"},"wordCount":1193,"commentCount":0,"image":{"@id":"https:\/\/www.elle.lu\/fr\/12091-gloria-steinem-la-feministe-qui-a-appris-aux-femmes-a-ne-pas-demander-la-permission-est-decedee.html#primaryimage"},"thumbnailUrl":"https:\/\/www.elle.lu\/fr\/wp-content\/uploads\/2026\/09\/shutterstock-1289128363-2-2.jpg","articleSection":["Actu","Soci\u00e9t\u00e9"],"inLanguage":"fr-FR","potentialAction":[{"@type":"CommentAction","name":"Comment","target":["https:\/\/www.elle.lu\/fr\/12091-gloria-steinem-la-feministe-qui-a-appris-aux-femmes-a-ne-pas-demander-la-permission-est-decedee.html#respond"]}]},{"@type":"WebPage","@id":"https:\/\/www.elle.lu\/fr\/12091-gloria-steinem-la-feministe-qui-a-appris-aux-femmes-a-ne-pas-demander-la-permission-est-decedee.html","url":"https:\/\/www.elle.lu\/fr\/12091-gloria-steinem-la-feministe-qui-a-appris-aux-femmes-a-ne-pas-demander-la-permission-est-decedee.html","name":"Gloria Steinem, la f\u00e9ministe qui a appris aux femmes \u00e0 ne pas demander la permission, est d\u00e9c\u00e9d\u00e9e - ELLE.lu Luxembourg","isPartOf":{"@id":"https:\/\/www.elle.lu\/fr\/#website"},"primaryImageOfPage":{"@id":"https:\/\/www.elle.lu\/fr\/12091-gloria-steinem-la-feministe-qui-a-appris-aux-femmes-a-ne-pas-demander-la-permission-est-decedee.html#primaryimage"},"image":{"@id":"https:\/\/www.elle.lu\/fr\/12091-gloria-steinem-la-feministe-qui-a-appris-aux-femmes-a-ne-pas-demander-la-permission-est-decedee.html#primaryimage"},"thumbnailUrl":"https:\/\/www.elle.lu\/fr\/wp-content\/uploads\/2026\/09\/shutterstock-1289128363-2-2.jpg","datePublished":"2026-09-03T12:59:31+00:00","author":{"@id":"https:\/\/www.elle.lu\/fr\/#\/schema\/person\/9f46b98d1e40ec669426239054a74f55"},"description":"L'\u00e9crivaine, journaliste et militante am\u00e9ricaine, qui s'est battue toute sa vie pour les droits des femmes, s'est \u00e9teinte \u00e0 l'\u00e2ge de 92 ans","breadcrumb":{"@id":"https:\/\/www.elle.lu\/fr\/12091-gloria-steinem-la-feministe-qui-a-appris-aux-femmes-a-ne-pas-demander-la-permission-est-decedee.html#breadcrumb"},"inLanguage":"fr-FR","potentialAction":[{"@type":"ReadAction","target":["https:\/\/www.elle.lu\/fr\/12091-gloria-steinem-la-feministe-qui-a-appris-aux-femmes-a-ne-pas-demander-la-permission-est-decedee.html"]}]},{"@type":"ImageObject","inLanguage":"fr-FR","@id":"https:\/\/www.elle.lu\/fr\/12091-gloria-steinem-la-feministe-qui-a-appris-aux-femmes-a-ne-pas-demander-la-permission-est-decedee.html#primaryimage","url":"https:\/\/www.elle.lu\/fr\/wp-content\/uploads\/2026\/09\/shutterstock-1289128363-2-2.jpg","contentUrl":"https:\/\/www.elle.lu\/fr\/wp-content\/uploads\/2026\/09\/shutterstock-1289128363-2-2.jpg","width":2499,"height":1955,"caption":"\u00a9Shutterstock"},{"@type":"BreadcrumbList","@id":"https:\/\/www.elle.lu\/fr\/12091-gloria-steinem-la-feministe-qui-a-appris-aux-femmes-a-ne-pas-demander-la-permission-est-decedee.html#breadcrumb","itemListElement":[{"@type":"ListItem","position":1,"name":"Accueil","item":"https:\/\/www.elle.lu\/fr"},{"@type":"ListItem","position":2,"name":"Gloria Steinem, la f\u00e9ministe qui a appris aux femmes \u00e0 ne pas demander la permission, est d\u00e9c\u00e9d\u00e9e"}]},{"@type":"WebSite","@id":"https:\/\/www.elle.lu\/fr\/#website","url":"https:\/\/www.elle.lu\/fr\/","name":"ELLE.lu","description":"Explorez les derni\u00e8res tendances mode, beaut\u00e9 et art de vivre au Luxembourg sur ELLE.lu. Un contenu exclusivement luxembourgeois sur notre site, r\u00e9seaux sociaux et YouTube.","potentialAction":[{"@type":"SearchAction","target":{"@type":"EntryPoint","urlTemplate":"https:\/\/www.elle.lu\/fr\/?s={search_term_string}"},"query-input":{"@type":"PropertyValueSpecification","valueRequired":true,"valueName":"search_term_string"}}],"inLanguage":"fr-FR"},{"@type":"Person","@id":"https:\/\/www.elle.lu\/fr\/#\/schema\/person\/9f46b98d1e40ec669426239054a74f55","name":"ELLE Luxembourg","image":{"@type":"ImageObject","inLanguage":"fr-FR","@id":"https:\/\/secure.gravatar.com\/avatar\/53ba8a0846e80e757a82f9012841e058a80a9c9fcef00955129602230f0fd7ac?s=96&d=mm&r=g","url":"https:\/\/secure.gravatar.com\/avatar\/53ba8a0846e80e757a82f9012841e058a80a9c9fcef00955129602230f0fd7ac?s=96&d=mm&r=g","contentUrl":"https:\/\/secure.gravatar.com\/avatar\/53ba8a0846e80e757a82f9012841e058a80a9c9fcef00955129602230f0fd7ac?s=96&d=mm&r=g","caption":"ELLE Luxembourg"},"url":"https:\/\/www.elle.lu\/fr\/author\/elle-luxembourg"}]}},"jetpack_sharing_enabled":true,"jetpack_featured_media_url":"https:\/\/www.elle.lu\/fr\/wp-content\/uploads\/2026\/09\/shutterstock-1289128363-2-2.jpg","_links":{"self":[{"href":"https:\/\/www.elle.lu\/fr\/wp-json\/wp\/v2\/posts\/12091","targetHints":{"allow":["GET"]}}],"collection":[{"href":"https:\/\/www.elle.lu\/fr\/wp-json\/wp\/v2\/posts"}],"about":[{"href":"https:\/\/www.elle.lu\/fr\/wp-json\/wp\/v2\/types\/post"}],"author":[{"embeddable":true,"href":"https:\/\/www.elle.lu\/fr\/wp-json\/wp\/v2\/users\/14"}],"replies":[{"embeddable":true,"href":"https:\/\/www.elle.lu\/fr\/wp-json\/wp\/v2\/comments?post=12091"}],"version-history":[{"count":1,"href":"https:\/\/www.elle.lu\/fr\/wp-json\/wp\/v2\/posts\/12091\/revisions"}],"predecessor-version":[{"id":12093,"href":"https:\/\/www.elle.lu\/fr\/wp-json\/wp\/v2\/posts\/12091\/revisions\/12093"}],"wp:featuredmedia":[{"embeddable":true,"href":"https:\/\/www.elle.lu\/fr\/wp-json\/wp\/v2\/media\/12092"}],"wp:attachment":[{"href":"https:\/\/www.elle.lu\/fr\/wp-json\/wp\/v2\/media?parent=12091"}],"wp:term":[{"taxonomy":"category","embeddable":true,"href":"https:\/\/www.elle.lu\/fr\/wp-json\/wp\/v2\/categories?post=12091"},{"taxonomy":"post_tag","embeddable":true,"href":"https:\/\/www.elle.lu\/fr\/wp-json\/wp\/v2\/tags?post=12091"}],"curies":[{"name":"wp","href":"https:\/\/api.w.org\/{rel}","templated":true}]}}