{"id":1709,"date":"2024-08-10T08:00:47","date_gmt":"2024-08-10T06:00:47","guid":{"rendered":"https:\/\/www.elle.lu\/fr\/?p=1709"},"modified":"2024-08-08T10:47:39","modified_gmt":"2024-08-08T08:47:39","slug":"5-expositions-a-ne-pas-manquer-cet-ete","status":"publish","type":"post","link":"https:\/\/www.elle.lu\/fr\/1709-5-expositions-a-ne-pas-manquer-cet-ete.html","title":{"rendered":"5 expositions \u00e0 ne pas manquer cet \u00e9t\u00e9 !"},"content":{"rendered":"","protected":false},"excerpt":{"rendered":"Les mus\u00e9es et galeries du Luxembourg regorgent d\u2019expositions. ...","protected":false},"author":22,"featured_media":1711,"comment_status":"open","ping_status":"open","sticky":false,"template":"","format":"standard","meta":{"_acf_changed":false,"_jetpack_memberships_contains_paid_content":false,"footnotes":""},"categories":[9,13],"tags":[115],"class_list":["post-1709","post","type-post","status-publish","format-standard","has-post-thumbnail","hentry","category-actu","category-culture","tag-expositions"],"acf":[],"yoast_head":"<!-- This site is optimized with the Yoast SEO plugin v27.2 - https:\/\/yoast.com\/product\/yoast-seo-wordpress\/ -->\n<title>5 expositions \u00e0 ne pas manquer cet \u00e9t\u00e9 ! - ELLE.lu Luxembourg<\/title>\n<meta name=\"description\" content=\"Cet \u00e9t\u00e9, laissez-vous s\u00e9duire par nos coups de c\u0153ur, des expositions m\u00ealant art contemporain, r\u00e9trospectives et monographies...\" \/>\n<meta name=\"robots\" content=\"index, follow, max-snippet:-1, max-image-preview:large, max-video-preview:-1\" \/>\n<link rel=\"canonical\" href=\"https:\/\/www.elle.lu\/fr\/1709-5-expositions-a-ne-pas-manquer-cet-ete.html\" \/>\n<meta property=\"og:locale\" content=\"fr_FR\" \/>\n<meta property=\"og:type\" content=\"article\" \/>\n<meta property=\"og:title\" content=\"5 expositions \u00e0 ne pas manquer cet \u00e9t\u00e9 ! - ELLE.lu Luxembourg\" \/>\n<meta property=\"og:description\" content=\"Cet \u00e9t\u00e9, laissez-vous s\u00e9duire par nos coups de c\u0153ur, des expositions m\u00ealant art contemporain, r\u00e9trospectives et monographies...\" \/>\n<meta property=\"og:url\" content=\"https:\/\/www.elle.lu\/fr\/1709-5-expositions-a-ne-pas-manquer-cet-ete.html\" \/>\n<meta property=\"og:site_name\" content=\"ELLE.lu Luxembourg\" \/>\n<meta property=\"article:published_time\" content=\"2024-08-10T06:00:47+00:00\" \/>\n<meta property=\"og:image\" content=\"https:\/\/www.elle.lu\/fr\/wp-content\/uploads\/2024\/08\/aghalar-dzjo9qka8a8-unsplash-2-1-902x1024.png\" \/>\n\t<meta property=\"og:image:width\" content=\"902\" \/>\n\t<meta property=\"og:image:height\" content=\"1024\" \/>\n\t<meta property=\"og:image:type\" content=\"image\/png\" \/>\n<meta name=\"author\" content=\"Am\u00e9lie Viel\" \/>\n<meta name=\"twitter:card\" content=\"summary_large_image\" \/>\n<meta name=\"twitter:label1\" content=\"\u00c9crit par\" \/>\n\t<meta name=\"twitter:data1\" content=\"Am\u00e9lie Viel\" \/>\n\t<meta name=\"twitter:label2\" content=\"Dur\u00e9e de lecture estim\u00e9e\" \/>\n\t<meta name=\"twitter:data2\" content=\"5 minutes\" \/>\n<script type=\"application\/ld+json\" class=\"yoast-schema-graph\">{\"@context\":\"https:\/\/schema.org\",\"@graph\":[{\"@type\":\"Article\",\"@id\":\"https:\/\/www.elle.lu\/fr\/1709-5-expositions-a-ne-pas-manquer-cet-ete.html#article\",\"isPartOf\":{\"@id\":\"https:\/\/www.elle.lu\/fr\/1709-5-expositions-a-ne-pas-manquer-cet-ete.html\"},\"author\":{\"name\":\"Am\u00e9lie Viel\",\"@id\":\"https:\/\/www.elle.lu\/fr\/#\/schema\/person\/d8e58272c652d7b5585c18e680540e1a\"},\"headline\":\"5 expositions \u00e0 ne pas manquer cet \u00e9t\u00e9 !\",\"datePublished\":\"2024-08-10T06:00:47+00:00\",\"mainEntityOfPage\":{\"@id\":\"https:\/\/www.elle.lu\/fr\/1709-5-expositions-a-ne-pas-manquer-cet-ete.html\"},\"wordCount\":684,\"commentCount\":0,\"image\":{\"@id\":\"https:\/\/www.elle.lu\/fr\/1709-5-expositions-a-ne-pas-manquer-cet-ete.html#primaryimage\"},\"thumbnailUrl\":\"https:\/\/www.elle.lu\/fr\/wp-content\/uploads\/2024\/08\/aghalar-dzjo9qka8a8-unsplash-2-1.png\",\"keywords\":[\"expositions\"],\"articleSection\":[\"Actu\",\"Culture\"],\"inLanguage\":\"fr-FR\",\"potentialAction\":[{\"@type\":\"CommentAction\",\"name\":\"Comment\",\"target\":[\"https:\/\/www.elle.lu\/fr\/1709-5-expositions-a-ne-pas-manquer-cet-ete.html#respond\"]}]},{\"@type\":\"WebPage\",\"@id\":\"https:\/\/www.elle.lu\/fr\/1709-5-expositions-a-ne-pas-manquer-cet-ete.html\",\"url\":\"https:\/\/www.elle.lu\/fr\/1709-5-expositions-a-ne-pas-manquer-cet-ete.html\",\"name\":\"5 expositions \u00e0 ne pas manquer cet \u00e9t\u00e9 ! - ELLE.lu Luxembourg\",\"isPartOf\":{\"@id\":\"https:\/\/www.elle.lu\/fr\/#website\"},\"primaryImageOfPage\":{\"@id\":\"https:\/\/www.elle.lu\/fr\/1709-5-expositions-a-ne-pas-manquer-cet-ete.html#primaryimage\"},\"image\":{\"@id\":\"https:\/\/www.elle.lu\/fr\/1709-5-expositions-a-ne-pas-manquer-cet-ete.html#primaryimage\"},\"thumbnailUrl\":\"https:\/\/www.elle.lu\/fr\/wp-content\/uploads\/2024\/08\/aghalar-dzjo9qka8a8-unsplash-2-1.png\",\"datePublished\":\"2024-08-10T06:00:47+00:00\",\"author\":{\"@id\":\"https:\/\/www.elle.lu\/fr\/#\/schema\/person\/d8e58272c652d7b5585c18e680540e1a\"},\"description\":\"Cet \u00e9t\u00e9, laissez-vous s\u00e9duire par nos coups de c\u0153ur, des expositions m\u00ealant art contemporain, r\u00e9trospectives et monographies...\",\"breadcrumb\":{\"@id\":\"https:\/\/www.elle.lu\/fr\/1709-5-expositions-a-ne-pas-manquer-cet-ete.html#breadcrumb\"},\"inLanguage\":\"fr-FR\",\"potentialAction\":[{\"@type\":\"ReadAction\",\"target\":[\"https:\/\/www.elle.lu\/fr\/1709-5-expositions-a-ne-pas-manquer-cet-ete.html\"]}]},{\"@type\":\"ImageObject\",\"inLanguage\":\"fr-FR\",\"@id\":\"https:\/\/www.elle.lu\/fr\/1709-5-expositions-a-ne-pas-manquer-cet-ete.html#primaryimage\",\"url\":\"https:\/\/www.elle.lu\/fr\/wp-content\/uploads\/2024\/08\/aghalar-dzjo9qka8a8-unsplash-2-1.png\",\"contentUrl\":\"https:\/\/www.elle.lu\/fr\/wp-content\/uploads\/2024\/08\/aghalar-dzjo9qka8a8-unsplash-2-1.png\",\"width\":1814,\"height\":2060,\"caption\":\"\u00a9 Unsplash \/ Aghalar\"},{\"@type\":\"BreadcrumbList\",\"@id\":\"https:\/\/www.elle.lu\/fr\/1709-5-expositions-a-ne-pas-manquer-cet-ete.html#breadcrumb\",\"itemListElement\":[{\"@type\":\"ListItem\",\"position\":1,\"name\":\"Accueil\",\"item\":\"https:\/\/www.elle.lu\/fr\"},{\"@type\":\"ListItem\",\"position\":2,\"name\":\"5 expositions \u00e0 ne pas manquer cet \u00e9t\u00e9 !\"}]},{\"@type\":\"WebSite\",\"@id\":\"https:\/\/www.elle.lu\/fr\/#website\",\"url\":\"https:\/\/www.elle.lu\/fr\/\",\"name\":\"ELLE.lu\",\"description\":\"Explorez les derni\u00e8res tendances mode, beaut\u00e9 et art de vivre au Luxembourg sur ELLE.lu. Un contenu exclusivement luxembourgeois sur notre site, r\u00e9seaux sociaux et YouTube.\",\"potentialAction\":[{\"@type\":\"SearchAction\",\"target\":{\"@type\":\"EntryPoint\",\"urlTemplate\":\"https:\/\/www.elle.lu\/fr\/?s={search_term_string}\"},\"query-input\":{\"@type\":\"PropertyValueSpecification\",\"valueRequired\":true,\"valueName\":\"search_term_string\"}}],\"inLanguage\":\"fr-FR\"},{\"@type\":\"Person\",\"@id\":\"https:\/\/www.elle.lu\/fr\/#\/schema\/person\/d8e58272c652d7b5585c18e680540e1a\",\"name\":\"Am\u00e9lie Viel\",\"image\":{\"@type\":\"ImageObject\",\"inLanguage\":\"fr-FR\",\"@id\":\"https:\/\/secure.gravatar.com\/avatar\/9741e9c258430d1c256463230ffaa49331981030725fd18fbb7eb78faca6a840?s=96&d=mm&r=g\",\"url\":\"https:\/\/secure.gravatar.com\/avatar\/9741e9c258430d1c256463230ffaa49331981030725fd18fbb7eb78faca6a840?s=96&d=mm&r=g\",\"contentUrl\":\"https:\/\/secure.gravatar.com\/avatar\/9741e9c258430d1c256463230ffaa49331981030725fd18fbb7eb78faca6a840?s=96&d=mm&r=g\",\"caption\":\"Am\u00e9lie Viel\"},\"url\":\"https:\/\/www.elle.lu\/fr\/author\/amelie-viel\"}]}<\/script>\n<!-- \/ Yoast SEO plugin. -->","yoast_head_json":{"title":"5 expositions \u00e0 ne pas manquer cet \u00e9t\u00e9 ! - ELLE.lu Luxembourg","description":"Cet \u00e9t\u00e9, laissez-vous s\u00e9duire par nos coups de c\u0153ur, des expositions m\u00ealant art contemporain, r\u00e9trospectives et monographies...","robots":{"index":"index","follow":"follow","max-snippet":"max-snippet:-1","max-image-preview":"max-image-preview:large","max-video-preview":"max-video-preview:-1"},"canonical":"https:\/\/www.elle.lu\/fr\/1709-5-expositions-a-ne-pas-manquer-cet-ete.html","og_locale":"fr_FR","og_type":"article","og_title":"5 expositions \u00e0 ne pas manquer cet \u00e9t\u00e9 ! - ELLE.lu Luxembourg","og_description":"Cet \u00e9t\u00e9, laissez-vous s\u00e9duire par nos coups de c\u0153ur, des expositions m\u00ealant art contemporain, r\u00e9trospectives et monographies...","og_url":"https:\/\/www.elle.lu\/fr\/1709-5-expositions-a-ne-pas-manquer-cet-ete.html","og_site_name":"ELLE.lu Luxembourg","article_published_time":"2024-08-10T06:00:47+00:00","og_image":[{"width":902,"height":1024,"url":"https:\/\/www.elle.lu\/fr\/wp-content\/uploads\/2024\/08\/aghalar-dzjo9qka8a8-unsplash-2-1-902x1024.png","type":"image\/png"}],"author":"Am\u00e9lie Viel","twitter_card":"summary_large_image","twitter_misc":{"\u00c9crit par":"Am\u00e9lie Viel","Dur\u00e9e de lecture estim\u00e9e":"5 minutes"},"schema":{"@context":"https:\/\/schema.org","@graph":[{"@type":"Article","@id":"https:\/\/www.elle.lu\/fr\/1709-5-expositions-a-ne-pas-manquer-cet-ete.html#article","isPartOf":{"@id":"https:\/\/www.elle.lu\/fr\/1709-5-expositions-a-ne-pas-manquer-cet-ete.html"},"author":{"name":"Am\u00e9lie Viel","@id":"https:\/\/www.elle.lu\/fr\/#\/schema\/person\/d8e58272c652d7b5585c18e680540e1a"},"headline":"5 expositions \u00e0 ne pas manquer cet \u00e9t\u00e9 !","datePublished":"2024-08-10T06:00:47+00:00","mainEntityOfPage":{"@id":"https:\/\/www.elle.lu\/fr\/1709-5-expositions-a-ne-pas-manquer-cet-ete.html"},"wordCount":684,"commentCount":0,"image":{"@id":"https:\/\/www.elle.lu\/fr\/1709-5-expositions-a-ne-pas-manquer-cet-ete.html#primaryimage"},"thumbnailUrl":"https:\/\/www.elle.lu\/fr\/wp-content\/uploads\/2024\/08\/aghalar-dzjo9qka8a8-unsplash-2-1.png","keywords":["expositions"],"articleSection":["Actu","Culture"],"inLanguage":"fr-FR","potentialAction":[{"@type":"CommentAction","name":"Comment","target":["https:\/\/www.elle.lu\/fr\/1709-5-expositions-a-ne-pas-manquer-cet-ete.html#respond"]}]},{"@type":"WebPage","@id":"https:\/\/www.elle.lu\/fr\/1709-5-expositions-a-ne-pas-manquer-cet-ete.html","url":"https:\/\/www.elle.lu\/fr\/1709-5-expositions-a-ne-pas-manquer-cet-ete.html","name":"5 expositions \u00e0 ne pas manquer cet \u00e9t\u00e9 ! - ELLE.lu Luxembourg","isPartOf":{"@id":"https:\/\/www.elle.lu\/fr\/#website"},"primaryImageOfPage":{"@id":"https:\/\/www.elle.lu\/fr\/1709-5-expositions-a-ne-pas-manquer-cet-ete.html#primaryimage"},"image":{"@id":"https:\/\/www.elle.lu\/fr\/1709-5-expositions-a-ne-pas-manquer-cet-ete.html#primaryimage"},"thumbnailUrl":"https:\/\/www.elle.lu\/fr\/wp-content\/uploads\/2024\/08\/aghalar-dzjo9qka8a8-unsplash-2-1.png","datePublished":"2024-08-10T06:00:47+00:00","author":{"@id":"https:\/\/www.elle.lu\/fr\/#\/schema\/person\/d8e58272c652d7b5585c18e680540e1a"},"description":"Cet \u00e9t\u00e9, laissez-vous s\u00e9duire par nos coups de c\u0153ur, des expositions m\u00ealant art contemporain, r\u00e9trospectives et monographies...","breadcrumb":{"@id":"https:\/\/www.elle.lu\/fr\/1709-5-expositions-a-ne-pas-manquer-cet-ete.html#breadcrumb"},"inLanguage":"fr-FR","potentialAction":[{"@type":"ReadAction","target":["https:\/\/www.elle.lu\/fr\/1709-5-expositions-a-ne-pas-manquer-cet-ete.html"]}]},{"@type":"ImageObject","inLanguage":"fr-FR","@id":"https:\/\/www.elle.lu\/fr\/1709-5-expositions-a-ne-pas-manquer-cet-ete.html#primaryimage","url":"https:\/\/www.elle.lu\/fr\/wp-content\/uploads\/2024\/08\/aghalar-dzjo9qka8a8-unsplash-2-1.png","contentUrl":"https:\/\/www.elle.lu\/fr\/wp-content\/uploads\/2024\/08\/aghalar-dzjo9qka8a8-unsplash-2-1.png","width":1814,"height":2060,"caption":"\u00a9 Unsplash \/ Aghalar"},{"@type":"BreadcrumbList","@id":"https:\/\/www.elle.lu\/fr\/1709-5-expositions-a-ne-pas-manquer-cet-ete.html#breadcrumb","itemListElement":[{"@type":"ListItem","position":1,"name":"Accueil","item":"https:\/\/www.elle.lu\/fr"},{"@type":"ListItem","position":2,"name":"5 expositions \u00e0 ne pas manquer cet \u00e9t\u00e9 !"}]},{"@type":"WebSite","@id":"https:\/\/www.elle.lu\/fr\/#website","url":"https:\/\/www.elle.lu\/fr\/","name":"ELLE.lu","description":"Explorez les derni\u00e8res tendances mode, beaut\u00e9 et art de vivre au Luxembourg sur ELLE.lu. Un contenu exclusivement luxembourgeois sur notre site, r\u00e9seaux sociaux et YouTube.","potentialAction":[{"@type":"SearchAction","target":{"@type":"EntryPoint","urlTemplate":"https:\/\/www.elle.lu\/fr\/?s={search_term_string}"},"query-input":{"@type":"PropertyValueSpecification","valueRequired":true,"valueName":"search_term_string"}}],"inLanguage":"fr-FR"},{"@type":"Person","@id":"https:\/\/www.elle.lu\/fr\/#\/schema\/person\/d8e58272c652d7b5585c18e680540e1a","name":"Am\u00e9lie Viel","image":{"@type":"ImageObject","inLanguage":"fr-FR","@id":"https:\/\/secure.gravatar.com\/avatar\/9741e9c258430d1c256463230ffaa49331981030725fd18fbb7eb78faca6a840?s=96&d=mm&r=g","url":"https:\/\/secure.gravatar.com\/avatar\/9741e9c258430d1c256463230ffaa49331981030725fd18fbb7eb78faca6a840?s=96&d=mm&r=g","contentUrl":"https:\/\/secure.gravatar.com\/avatar\/9741e9c258430d1c256463230ffaa49331981030725fd18fbb7eb78faca6a840?s=96&d=mm&r=g","caption":"Am\u00e9lie Viel"},"url":"https:\/\/www.elle.lu\/fr\/author\/amelie-viel"}]}},"jetpack_featured_media_url":"https:\/\/www.elle.lu\/fr\/wp-content\/uploads\/2024\/08\/aghalar-dzjo9qka8a8-unsplash-2-1.png","jetpack_sharing_enabled":true,"_links":{"self":[{"href":"https:\/\/www.elle.lu\/fr\/wp-json\/wp\/v2\/posts\/1709","targetHints":{"allow":["GET"]}}],"collection":[{"href":"https:\/\/www.elle.lu\/fr\/wp-json\/wp\/v2\/posts"}],"about":[{"href":"https:\/\/www.elle.lu\/fr\/wp-json\/wp\/v2\/types\/post"}],"author":[{"embeddable":true,"href":"https:\/\/www.elle.lu\/fr\/wp-json\/wp\/v2\/users\/22"}],"replies":[{"embeddable":true,"href":"https:\/\/www.elle.lu\/fr\/wp-json\/wp\/v2\/comments?post=1709"}],"version-history":[{"count":3,"href":"https:\/\/www.elle.lu\/fr\/wp-json\/wp\/v2\/posts\/1709\/revisions"}],"predecessor-version":[{"id":1790,"href":"https:\/\/www.elle.lu\/fr\/wp-json\/wp\/v2\/posts\/1709\/revisions\/1790"}],"wp:featuredmedia":[{"embeddable":true,"href":"https:\/\/www.elle.lu\/fr\/wp-json\/wp\/v2\/media\/1711"}],"wp:attachment":[{"href":"https:\/\/www.elle.lu\/fr\/wp-json\/wp\/v2\/media?parent=1709"}],"wp:term":[{"taxonomy":"category","embeddable":true,"href":"https:\/\/www.elle.lu\/fr\/wp-json\/wp\/v2\/categories?post=1709"},{"taxonomy":"post_tag","embeddable":true,"href":"https:\/\/www.elle.lu\/fr\/wp-json\/wp\/v2\/tags?post=1709"}],"curies":[{"name":"wp","href":"https:\/\/api.w.org\/{rel}","templated":true}]}}