{"id":2112,"date":"2024-09-01T08:00:07","date_gmt":"2024-09-01T06:00:07","guid":{"rendered":"https:\/\/www.elle.lu\/fr\/?p=2112"},"modified":"2024-08-21T14:49:23","modified_gmt":"2024-08-21T12:49:23","slug":"nous-creons-des-goods-and-bads","status":"publish","type":"post","link":"https:\/\/www.elle.lu\/fr\/2112-nous-creons-des-goods-and-bads.html","title":{"rendered":"D\u00e9co : rencontre avec le designer Christophe de la Fontaine"},"content":{"rendered":"","protected":false},"excerpt":{"rendered":"Cofond\u00e9e par le Luxembourgeois Christophe de la Fontaine en 2012, la marque d&#8217;int\u00e9rieur &lt;&lt; Dante Goods and Bads &gt;&gt; est pr\u00e9sente de la Californie \u00e0 la Cor\u00e9e du Sud, que ce soit dans des magasins, des maisons particuli\u00e8res ou des h\u00f4tels branch\u00e9s.","protected":false},"author":28,"featured_media":2118,"comment_status":"open","ping_status":"open","sticky":false,"template":"","format":"standard","meta":{"_acf_changed":false,"_jetpack_memberships_contains_paid_content":false,"footnotes":""},"categories":[7],"tags":[128],"class_list":["post-2112","post","type-post","status-publish","format-standard","has-post-thumbnail","hentry","category-deco","tag-christophe-de-la-fontaine"],"acf":[],"yoast_head":"<!-- This site is optimized with the Yoast SEO plugin v27.2 - https:\/\/yoast.com\/product\/yoast-seo-wordpress\/ -->\n<title>D\u00e9co : rencontre avec le designer Christophe de la Fontaine - ELLE.lu Luxembourg<\/title>\n<meta name=\"description\" content=\"La marque d&#039;int\u00e9rieur &lt;&lt; Dante Goods and Bads &gt;&gt; est pr\u00e9sente de la Californie \u00e0 la Cor\u00e9e du Sud, que ce soit dans des magasins, des ...\" \/>\n<meta name=\"robots\" content=\"index, follow, max-snippet:-1, max-image-preview:large, max-video-preview:-1\" \/>\n<link rel=\"canonical\" href=\"https:\/\/www.elle.lu\/fr\/2112-nous-creons-des-goods-and-bads.html\" \/>\n<meta property=\"og:locale\" content=\"fr_FR\" \/>\n<meta property=\"og:type\" content=\"article\" \/>\n<meta property=\"og:title\" content=\"D\u00e9co : rencontre avec le designer Christophe de la Fontaine - ELLE.lu Luxembourg\" \/>\n<meta property=\"og:description\" content=\"La marque d&#039;int\u00e9rieur &lt;&lt; Dante Goods and Bads &gt;&gt; est pr\u00e9sente de la Californie \u00e0 la Cor\u00e9e du Sud, que ce soit dans des magasins, des ...\" \/>\n<meta property=\"og:url\" content=\"https:\/\/www.elle.lu\/fr\/2112-nous-creons-des-goods-and-bads.html\" \/>\n<meta property=\"og:site_name\" content=\"ELLE.lu Luxembourg\" \/>\n<meta property=\"article:published_time\" content=\"2024-09-01T06:00:07+00:00\" \/>\n<meta property=\"og:image\" content=\"https:\/\/www.elle.lu\/fr\/wp-content\/uploads\/2024\/08\/cg-20140903-7934-credits-dante-goods-and-bads-902x1024.png\" \/>\n\t<meta property=\"og:image:width\" content=\"902\" \/>\n\t<meta property=\"og:image:height\" content=\"1024\" \/>\n\t<meta property=\"og:image:type\" content=\"image\/png\" \/>\n<meta name=\"author\" content=\"Jessika Maria Rauch\" \/>\n<meta name=\"twitter:card\" content=\"summary_large_image\" \/>\n<meta name=\"twitter:label1\" content=\"\u00c9crit par\" \/>\n\t<meta name=\"twitter:data1\" content=\"Jessika Maria Rauch\" \/>\n\t<meta name=\"twitter:label2\" content=\"Dur\u00e9e de lecture estim\u00e9e\" \/>\n\t<meta name=\"twitter:data2\" content=\"11 minutes\" \/>\n<script type=\"application\/ld+json\" class=\"yoast-schema-graph\">{\"@context\":\"https:\/\/schema.org\",\"@graph\":[{\"@type\":\"Article\",\"@id\":\"https:\/\/www.elle.lu\/fr\/2112-nous-creons-des-goods-and-bads.html#article\",\"isPartOf\":{\"@id\":\"https:\/\/www.elle.lu\/fr\/2112-nous-creons-des-goods-and-bads.html\"},\"author\":{\"name\":\"Jessika Maria Rauch\",\"@id\":\"https:\/\/www.elle.lu\/fr\/#\/schema\/person\/8086c0cf9c0dde1acbe677c9ff804862\"},\"headline\":\"D\u00e9co : rencontre avec le designer Christophe de la Fontaine\",\"datePublished\":\"2024-09-01T06:00:07+00:00\",\"mainEntityOfPage\":{\"@id\":\"https:\/\/www.elle.lu\/fr\/2112-nous-creons-des-goods-and-bads.html\"},\"wordCount\":2032,\"commentCount\":0,\"image\":{\"@id\":\"https:\/\/www.elle.lu\/fr\/2112-nous-creons-des-goods-and-bads.html#primaryimage\"},\"thumbnailUrl\":\"https:\/\/www.elle.lu\/fr\/wp-content\/uploads\/2024\/08\/cg-20140903-7934-credits-dante-goods-and-bads.png\",\"keywords\":[\"Christophe de la Fontaine\"],\"articleSection\":[\"Deco\"],\"inLanguage\":\"fr-FR\",\"potentialAction\":[{\"@type\":\"CommentAction\",\"name\":\"Comment\",\"target\":[\"https:\/\/www.elle.lu\/fr\/2112-nous-creons-des-goods-and-bads.html#respond\"]}]},{\"@type\":\"WebPage\",\"@id\":\"https:\/\/www.elle.lu\/fr\/2112-nous-creons-des-goods-and-bads.html\",\"url\":\"https:\/\/www.elle.lu\/fr\/2112-nous-creons-des-goods-and-bads.html\",\"name\":\"D\u00e9co : rencontre avec le designer Christophe de la Fontaine - ELLE.lu Luxembourg\",\"isPartOf\":{\"@id\":\"https:\/\/www.elle.lu\/fr\/#website\"},\"primaryImageOfPage\":{\"@id\":\"https:\/\/www.elle.lu\/fr\/2112-nous-creons-des-goods-and-bads.html#primaryimage\"},\"image\":{\"@id\":\"https:\/\/www.elle.lu\/fr\/2112-nous-creons-des-goods-and-bads.html#primaryimage\"},\"thumbnailUrl\":\"https:\/\/www.elle.lu\/fr\/wp-content\/uploads\/2024\/08\/cg-20140903-7934-credits-dante-goods-and-bads.png\",\"datePublished\":\"2024-09-01T06:00:07+00:00\",\"author\":{\"@id\":\"https:\/\/www.elle.lu\/fr\/#\/schema\/person\/8086c0cf9c0dde1acbe677c9ff804862\"},\"description\":\"La marque d'int\u00e9rieur &lt;< Dante Goods and Bads >> est pr\u00e9sente de la Californie \u00e0 la Cor\u00e9e du Sud, que ce soit dans des magasins, des ...\",\"breadcrumb\":{\"@id\":\"https:\/\/www.elle.lu\/fr\/2112-nous-creons-des-goods-and-bads.html#breadcrumb\"},\"inLanguage\":\"fr-FR\",\"potentialAction\":[{\"@type\":\"ReadAction\",\"target\":[\"https:\/\/www.elle.lu\/fr\/2112-nous-creons-des-goods-and-bads.html\"]}]},{\"@type\":\"ImageObject\",\"inLanguage\":\"fr-FR\",\"@id\":\"https:\/\/www.elle.lu\/fr\/2112-nous-creons-des-goods-and-bads.html#primaryimage\",\"url\":\"https:\/\/www.elle.lu\/fr\/wp-content\/uploads\/2024\/08\/cg-20140903-7934-credits-dante-goods-and-bads.png\",\"contentUrl\":\"https:\/\/www.elle.lu\/fr\/wp-content\/uploads\/2024\/08\/cg-20140903-7934-credits-dante-goods-and-bads.png\",\"width\":1814,\"height\":2060,\"caption\":\"\u00a9 Dante Goods and Bads\"},{\"@type\":\"BreadcrumbList\",\"@id\":\"https:\/\/www.elle.lu\/fr\/2112-nous-creons-des-goods-and-bads.html#breadcrumb\",\"itemListElement\":[{\"@type\":\"ListItem\",\"position\":1,\"name\":\"Accueil\",\"item\":\"https:\/\/www.elle.lu\/fr\"},{\"@type\":\"ListItem\",\"position\":2,\"name\":\"D\u00e9co : rencontre avec le designer Christophe de la Fontaine\"}]},{\"@type\":\"WebSite\",\"@id\":\"https:\/\/www.elle.lu\/fr\/#website\",\"url\":\"https:\/\/www.elle.lu\/fr\/\",\"name\":\"ELLE.lu\",\"description\":\"Explorez les derni\u00e8res tendances mode, beaut\u00e9 et art de vivre au Luxembourg sur ELLE.lu. Un contenu exclusivement luxembourgeois sur notre site, r\u00e9seaux sociaux et YouTube.\",\"potentialAction\":[{\"@type\":\"SearchAction\",\"target\":{\"@type\":\"EntryPoint\",\"urlTemplate\":\"https:\/\/www.elle.lu\/fr\/?s={search_term_string}\"},\"query-input\":{\"@type\":\"PropertyValueSpecification\",\"valueRequired\":true,\"valueName\":\"search_term_string\"}}],\"inLanguage\":\"fr-FR\"},{\"@type\":\"Person\",\"@id\":\"https:\/\/www.elle.lu\/fr\/#\/schema\/person\/8086c0cf9c0dde1acbe677c9ff804862\",\"name\":\"Jessika Maria Rauch\",\"image\":{\"@type\":\"ImageObject\",\"inLanguage\":\"fr-FR\",\"@id\":\"https:\/\/secure.gravatar.com\/avatar\/bae28e2d194bb1010f3b1fc4f2b3bad5de4e4e1d9b176035cc00dc8ae8775257?s=96&d=mm&r=g\",\"url\":\"https:\/\/secure.gravatar.com\/avatar\/bae28e2d194bb1010f3b1fc4f2b3bad5de4e4e1d9b176035cc00dc8ae8775257?s=96&d=mm&r=g\",\"contentUrl\":\"https:\/\/secure.gravatar.com\/avatar\/bae28e2d194bb1010f3b1fc4f2b3bad5de4e4e1d9b176035cc00dc8ae8775257?s=96&d=mm&r=g\",\"caption\":\"Jessika Maria Rauch\"},\"url\":\"https:\/\/www.elle.lu\/fr\/author\/jessika-maria-rauch\"}]}<\/script>\n<!-- \/ Yoast SEO plugin. -->","yoast_head_json":{"title":"D\u00e9co : rencontre avec le designer Christophe de la Fontaine - ELLE.lu Luxembourg","description":"La marque d'int\u00e9rieur &lt;< Dante Goods and Bads >> est pr\u00e9sente de la Californie \u00e0 la Cor\u00e9e du Sud, que ce soit dans des magasins, des ...","robots":{"index":"index","follow":"follow","max-snippet":"max-snippet:-1","max-image-preview":"max-image-preview:large","max-video-preview":"max-video-preview:-1"},"canonical":"https:\/\/www.elle.lu\/fr\/2112-nous-creons-des-goods-and-bads.html","og_locale":"fr_FR","og_type":"article","og_title":"D\u00e9co : rencontre avec le designer Christophe de la Fontaine - ELLE.lu Luxembourg","og_description":"La marque d'int\u00e9rieur &lt;< Dante Goods and Bads >> est pr\u00e9sente de la Californie \u00e0 la Cor\u00e9e du Sud, que ce soit dans des magasins, des ...","og_url":"https:\/\/www.elle.lu\/fr\/2112-nous-creons-des-goods-and-bads.html","og_site_name":"ELLE.lu Luxembourg","article_published_time":"2024-09-01T06:00:07+00:00","og_image":[{"width":902,"height":1024,"url":"https:\/\/www.elle.lu\/fr\/wp-content\/uploads\/2024\/08\/cg-20140903-7934-credits-dante-goods-and-bads-902x1024.png","type":"image\/png"}],"author":"Jessika Maria Rauch","twitter_card":"summary_large_image","twitter_misc":{"\u00c9crit par":"Jessika Maria Rauch","Dur\u00e9e de lecture estim\u00e9e":"11 minutes"},"schema":{"@context":"https:\/\/schema.org","@graph":[{"@type":"Article","@id":"https:\/\/www.elle.lu\/fr\/2112-nous-creons-des-goods-and-bads.html#article","isPartOf":{"@id":"https:\/\/www.elle.lu\/fr\/2112-nous-creons-des-goods-and-bads.html"},"author":{"name":"Jessika Maria Rauch","@id":"https:\/\/www.elle.lu\/fr\/#\/schema\/person\/8086c0cf9c0dde1acbe677c9ff804862"},"headline":"D\u00e9co : rencontre avec le designer Christophe de la Fontaine","datePublished":"2024-09-01T06:00:07+00:00","mainEntityOfPage":{"@id":"https:\/\/www.elle.lu\/fr\/2112-nous-creons-des-goods-and-bads.html"},"wordCount":2032,"commentCount":0,"image":{"@id":"https:\/\/www.elle.lu\/fr\/2112-nous-creons-des-goods-and-bads.html#primaryimage"},"thumbnailUrl":"https:\/\/www.elle.lu\/fr\/wp-content\/uploads\/2024\/08\/cg-20140903-7934-credits-dante-goods-and-bads.png","keywords":["Christophe de la Fontaine"],"articleSection":["Deco"],"inLanguage":"fr-FR","potentialAction":[{"@type":"CommentAction","name":"Comment","target":["https:\/\/www.elle.lu\/fr\/2112-nous-creons-des-goods-and-bads.html#respond"]}]},{"@type":"WebPage","@id":"https:\/\/www.elle.lu\/fr\/2112-nous-creons-des-goods-and-bads.html","url":"https:\/\/www.elle.lu\/fr\/2112-nous-creons-des-goods-and-bads.html","name":"D\u00e9co : rencontre avec le designer Christophe de la Fontaine - ELLE.lu Luxembourg","isPartOf":{"@id":"https:\/\/www.elle.lu\/fr\/#website"},"primaryImageOfPage":{"@id":"https:\/\/www.elle.lu\/fr\/2112-nous-creons-des-goods-and-bads.html#primaryimage"},"image":{"@id":"https:\/\/www.elle.lu\/fr\/2112-nous-creons-des-goods-and-bads.html#primaryimage"},"thumbnailUrl":"https:\/\/www.elle.lu\/fr\/wp-content\/uploads\/2024\/08\/cg-20140903-7934-credits-dante-goods-and-bads.png","datePublished":"2024-09-01T06:00:07+00:00","author":{"@id":"https:\/\/www.elle.lu\/fr\/#\/schema\/person\/8086c0cf9c0dde1acbe677c9ff804862"},"description":"La marque d'int\u00e9rieur &lt;< Dante Goods and Bads >> est pr\u00e9sente de la Californie \u00e0 la Cor\u00e9e du Sud, que ce soit dans des magasins, des ...","breadcrumb":{"@id":"https:\/\/www.elle.lu\/fr\/2112-nous-creons-des-goods-and-bads.html#breadcrumb"},"inLanguage":"fr-FR","potentialAction":[{"@type":"ReadAction","target":["https:\/\/www.elle.lu\/fr\/2112-nous-creons-des-goods-and-bads.html"]}]},{"@type":"ImageObject","inLanguage":"fr-FR","@id":"https:\/\/www.elle.lu\/fr\/2112-nous-creons-des-goods-and-bads.html#primaryimage","url":"https:\/\/www.elle.lu\/fr\/wp-content\/uploads\/2024\/08\/cg-20140903-7934-credits-dante-goods-and-bads.png","contentUrl":"https:\/\/www.elle.lu\/fr\/wp-content\/uploads\/2024\/08\/cg-20140903-7934-credits-dante-goods-and-bads.png","width":1814,"height":2060,"caption":"\u00a9 Dante Goods and Bads"},{"@type":"BreadcrumbList","@id":"https:\/\/www.elle.lu\/fr\/2112-nous-creons-des-goods-and-bads.html#breadcrumb","itemListElement":[{"@type":"ListItem","position":1,"name":"Accueil","item":"https:\/\/www.elle.lu\/fr"},{"@type":"ListItem","position":2,"name":"D\u00e9co : rencontre avec le designer Christophe de la Fontaine"}]},{"@type":"WebSite","@id":"https:\/\/www.elle.lu\/fr\/#website","url":"https:\/\/www.elle.lu\/fr\/","name":"ELLE.lu","description":"Explorez les derni\u00e8res tendances mode, beaut\u00e9 et art de vivre au Luxembourg sur ELLE.lu. Un contenu exclusivement luxembourgeois sur notre site, r\u00e9seaux sociaux et YouTube.","potentialAction":[{"@type":"SearchAction","target":{"@type":"EntryPoint","urlTemplate":"https:\/\/www.elle.lu\/fr\/?s={search_term_string}"},"query-input":{"@type":"PropertyValueSpecification","valueRequired":true,"valueName":"search_term_string"}}],"inLanguage":"fr-FR"},{"@type":"Person","@id":"https:\/\/www.elle.lu\/fr\/#\/schema\/person\/8086c0cf9c0dde1acbe677c9ff804862","name":"Jessika Maria Rauch","image":{"@type":"ImageObject","inLanguage":"fr-FR","@id":"https:\/\/secure.gravatar.com\/avatar\/bae28e2d194bb1010f3b1fc4f2b3bad5de4e4e1d9b176035cc00dc8ae8775257?s=96&d=mm&r=g","url":"https:\/\/secure.gravatar.com\/avatar\/bae28e2d194bb1010f3b1fc4f2b3bad5de4e4e1d9b176035cc00dc8ae8775257?s=96&d=mm&r=g","contentUrl":"https:\/\/secure.gravatar.com\/avatar\/bae28e2d194bb1010f3b1fc4f2b3bad5de4e4e1d9b176035cc00dc8ae8775257?s=96&d=mm&r=g","caption":"Jessika Maria Rauch"},"url":"https:\/\/www.elle.lu\/fr\/author\/jessika-maria-rauch"}]}},"jetpack_featured_media_url":"https:\/\/www.elle.lu\/fr\/wp-content\/uploads\/2024\/08\/cg-20140903-7934-credits-dante-goods-and-bads.png","jetpack_sharing_enabled":true,"_links":{"self":[{"href":"https:\/\/www.elle.lu\/fr\/wp-json\/wp\/v2\/posts\/2112","targetHints":{"allow":["GET"]}}],"collection":[{"href":"https:\/\/www.elle.lu\/fr\/wp-json\/wp\/v2\/posts"}],"about":[{"href":"https:\/\/www.elle.lu\/fr\/wp-json\/wp\/v2\/types\/post"}],"author":[{"embeddable":true,"href":"https:\/\/www.elle.lu\/fr\/wp-json\/wp\/v2\/users\/28"}],"replies":[{"embeddable":true,"href":"https:\/\/www.elle.lu\/fr\/wp-json\/wp\/v2\/comments?post=2112"}],"version-history":[{"count":2,"href":"https:\/\/www.elle.lu\/fr\/wp-json\/wp\/v2\/posts\/2112\/revisions"}],"predecessor-version":[{"id":2297,"href":"https:\/\/www.elle.lu\/fr\/wp-json\/wp\/v2\/posts\/2112\/revisions\/2297"}],"wp:featuredmedia":[{"embeddable":true,"href":"https:\/\/www.elle.lu\/fr\/wp-json\/wp\/v2\/media\/2118"}],"wp:attachment":[{"href":"https:\/\/www.elle.lu\/fr\/wp-json\/wp\/v2\/media?parent=2112"}],"wp:term":[{"taxonomy":"category","embeddable":true,"href":"https:\/\/www.elle.lu\/fr\/wp-json\/wp\/v2\/categories?post=2112"},{"taxonomy":"post_tag","embeddable":true,"href":"https:\/\/www.elle.lu\/fr\/wp-json\/wp\/v2\/tags?post=2112"}],"curies":[{"name":"wp","href":"https:\/\/api.w.org\/{rel}","templated":true}]}}