{"id":2147,"date":"2024-09-13T11:00:35","date_gmt":"2024-09-13T09:00:35","guid":{"rendered":"https:\/\/www.elle.lu\/fr\/?p=2147"},"modified":"2024-09-13T11:12:31","modified_gmt":"2024-09-13T09:12:31","slug":"cette-exposition-sur-art-numerique-est-a-voir-absolument-a-la-rentree","status":"publish","type":"post","link":"https:\/\/www.elle.lu\/fr\/2147-cette-exposition-sur-art-numerique-est-a-voir-absolument-a-la-rentree.html","title":{"rendered":"Une exposition sur l\u2019art num\u00e9rique \u00e0 voir absolument !"},"content":{"rendered":"","protected":false},"excerpt":{"rendered":"Le Mudam Luxembourg, toujours \u00e0 l\u2019avant-garde de la sc\u00e8ne artistique contemporaine, s\u2019appr\u00eate \u00e0 inaugurer &#8220;Radical Software: Women, Art &amp; Computing 1960\u20131991&#8221;, une exposition captivante qui met en lumi\u00e8re l\u2019histoire oubli\u00e9e des femmes dans l\u2019art num\u00e9rique.","protected":false},"author":20,"featured_media":2149,"comment_status":"open","ping_status":"open","sticky":false,"template":"","format":"standard","meta":{"_acf_changed":false,"_jetpack_memberships_contains_paid_content":false,"footnotes":""},"categories":[9,13],"tags":[115],"class_list":["post-2147","post","type-post","status-publish","format-standard","has-post-thumbnail","hentry","category-actu","category-culture","tag-expositions"],"acf":[],"yoast_head":"<!-- This site is optimized with the Yoast SEO plugin v27.2 - https:\/\/yoast.com\/product\/yoast-seo-wordpress\/ -->\n<title>Une exposition sur l\u2019art num\u00e9rique \u00e0 voir absolument ! - ELLE.lu Luxembourg<\/title>\n<meta name=\"description\" content=\"Cette nouvelle exposition, pr\u00e9sent\u00e9e au Mudam Luxembourg, est \u00e0 voir absolument d\u00e8s la rentr\u00e9e et elle est sur le th\u00e8me de l&#039;art num\u00e9rique.\" \/>\n<meta name=\"robots\" content=\"index, follow, max-snippet:-1, max-image-preview:large, max-video-preview:-1\" \/>\n<link rel=\"canonical\" href=\"https:\/\/www.elle.lu\/fr\/2147-cette-exposition-sur-art-numerique-est-a-voir-absolument-a-la-rentree.html\" \/>\n<meta property=\"og:locale\" content=\"fr_FR\" \/>\n<meta property=\"og:type\" content=\"article\" \/>\n<meta property=\"og:title\" content=\"Une exposition sur l\u2019art num\u00e9rique \u00e0 voir absolument ! - ELLE.lu Luxembourg\" \/>\n<meta property=\"og:description\" content=\"Cette nouvelle exposition, pr\u00e9sent\u00e9e au Mudam Luxembourg, est \u00e0 voir absolument d\u00e8s la rentr\u00e9e et elle est sur le th\u00e8me de l&#039;art num\u00e9rique.\" \/>\n<meta property=\"og:url\" content=\"https:\/\/www.elle.lu\/fr\/2147-cette-exposition-sur-art-numerique-est-a-voir-absolument-a-la-rentree.html\" \/>\n<meta property=\"og:site_name\" content=\"ELLE.lu Luxembourg\" \/>\n<meta property=\"article:published_time\" content=\"2024-09-13T09:00:35+00:00\" \/>\n<meta property=\"article:modified_time\" content=\"2024-09-13T09:12:31+00:00\" \/>\n<meta property=\"og:image\" content=\"https:\/\/www.elle.lu\/fr\/wp-content\/uploads\/2024\/08\/photo-horizontale-elle.png\" \/>\n\t<meta property=\"og:image:width\" content=\"1200\" \/>\n\t<meta property=\"og:image:height\" content=\"628\" \/>\n\t<meta property=\"og:image:type\" content=\"image\/png\" \/>\n<meta name=\"author\" content=\"ELLE Partenaire\" \/>\n<meta name=\"twitter:card\" content=\"summary_large_image\" \/>\n<meta name=\"twitter:label1\" content=\"\u00c9crit par\" \/>\n\t<meta name=\"twitter:data1\" content=\"ELLE Partenaire\" \/>\n\t<meta name=\"twitter:label2\" content=\"Dur\u00e9e de lecture estim\u00e9e\" \/>\n\t<meta name=\"twitter:data2\" content=\"4 minutes\" \/>\n<script type=\"application\/ld+json\" class=\"yoast-schema-graph\">{\"@context\":\"https:\/\/schema.org\",\"@graph\":[{\"@type\":\"Article\",\"@id\":\"https:\/\/www.elle.lu\/fr\/2147-cette-exposition-sur-art-numerique-est-a-voir-absolument-a-la-rentree.html#article\",\"isPartOf\":{\"@id\":\"https:\/\/www.elle.lu\/fr\/2147-cette-exposition-sur-art-numerique-est-a-voir-absolument-a-la-rentree.html\"},\"author\":{\"name\":\"ELLE Partenaire\",\"@id\":\"https:\/\/www.elle.lu\/fr\/#\/schema\/person\/9a5f02df96eeb8e12b1d6ca82571e874\"},\"headline\":\"Une exposition sur l\u2019art num\u00e9rique \u00e0 voir absolument !\",\"datePublished\":\"2024-09-13T09:00:35+00:00\",\"dateModified\":\"2024-09-13T09:12:31+00:00\",\"mainEntityOfPage\":{\"@id\":\"https:\/\/www.elle.lu\/fr\/2147-cette-exposition-sur-art-numerique-est-a-voir-absolument-a-la-rentree.html\"},\"wordCount\":648,\"commentCount\":0,\"image\":{\"@id\":\"https:\/\/www.elle.lu\/fr\/2147-cette-exposition-sur-art-numerique-est-a-voir-absolument-a-la-rentree.html#primaryimage\"},\"thumbnailUrl\":\"https:\/\/www.elle.lu\/fr\/wp-content\/uploads\/2024\/08\/photo-horizontale-elle.png\",\"keywords\":[\"expositions\"],\"articleSection\":[\"Actu\",\"Culture\"],\"inLanguage\":\"fr-FR\",\"potentialAction\":[{\"@type\":\"CommentAction\",\"name\":\"Comment\",\"target\":[\"https:\/\/www.elle.lu\/fr\/2147-cette-exposition-sur-art-numerique-est-a-voir-absolument-a-la-rentree.html#respond\"]}]},{\"@type\":\"WebPage\",\"@id\":\"https:\/\/www.elle.lu\/fr\/2147-cette-exposition-sur-art-numerique-est-a-voir-absolument-a-la-rentree.html\",\"url\":\"https:\/\/www.elle.lu\/fr\/2147-cette-exposition-sur-art-numerique-est-a-voir-absolument-a-la-rentree.html\",\"name\":\"Une exposition sur l\u2019art num\u00e9rique \u00e0 voir absolument ! - ELLE.lu Luxembourg\",\"isPartOf\":{\"@id\":\"https:\/\/www.elle.lu\/fr\/#website\"},\"primaryImageOfPage\":{\"@id\":\"https:\/\/www.elle.lu\/fr\/2147-cette-exposition-sur-art-numerique-est-a-voir-absolument-a-la-rentree.html#primaryimage\"},\"image\":{\"@id\":\"https:\/\/www.elle.lu\/fr\/2147-cette-exposition-sur-art-numerique-est-a-voir-absolument-a-la-rentree.html#primaryimage\"},\"thumbnailUrl\":\"https:\/\/www.elle.lu\/fr\/wp-content\/uploads\/2024\/08\/photo-horizontale-elle.png\",\"datePublished\":\"2024-09-13T09:00:35+00:00\",\"dateModified\":\"2024-09-13T09:12:31+00:00\",\"author\":{\"@id\":\"https:\/\/www.elle.lu\/fr\/#\/schema\/person\/9a5f02df96eeb8e12b1d6ca82571e874\"},\"description\":\"Cette nouvelle exposition, pr\u00e9sent\u00e9e au Mudam Luxembourg, est \u00e0 voir absolument d\u00e8s la rentr\u00e9e et elle est sur le th\u00e8me de l'art num\u00e9rique.\",\"breadcrumb\":{\"@id\":\"https:\/\/www.elle.lu\/fr\/2147-cette-exposition-sur-art-numerique-est-a-voir-absolument-a-la-rentree.html#breadcrumb\"},\"inLanguage\":\"fr-FR\",\"potentialAction\":[{\"@type\":\"ReadAction\",\"target\":[\"https:\/\/www.elle.lu\/fr\/2147-cette-exposition-sur-art-numerique-est-a-voir-absolument-a-la-rentree.html\"]}]},{\"@type\":\"ImageObject\",\"inLanguage\":\"fr-FR\",\"@id\":\"https:\/\/www.elle.lu\/fr\/2147-cette-exposition-sur-art-numerique-est-a-voir-absolument-a-la-rentree.html#primaryimage\",\"url\":\"https:\/\/www.elle.lu\/fr\/wp-content\/uploads\/2024\/08\/photo-horizontale-elle.png\",\"contentUrl\":\"https:\/\/www.elle.lu\/fr\/wp-content\/uploads\/2024\/08\/photo-horizontale-elle.png\",\"width\":1200,\"height\":628,\"caption\":\"\u00a9 Mudam\"},{\"@type\":\"BreadcrumbList\",\"@id\":\"https:\/\/www.elle.lu\/fr\/2147-cette-exposition-sur-art-numerique-est-a-voir-absolument-a-la-rentree.html#breadcrumb\",\"itemListElement\":[{\"@type\":\"ListItem\",\"position\":1,\"name\":\"Accueil\",\"item\":\"https:\/\/www.elle.lu\/fr\"},{\"@type\":\"ListItem\",\"position\":2,\"name\":\"Une exposition sur l\u2019art num\u00e9rique \u00e0 voir absolument !\"}]},{\"@type\":\"WebSite\",\"@id\":\"https:\/\/www.elle.lu\/fr\/#website\",\"url\":\"https:\/\/www.elle.lu\/fr\/\",\"name\":\"ELLE.lu\",\"description\":\"Explorez les derni\u00e8res tendances mode, beaut\u00e9 et art de vivre au Luxembourg sur ELLE.lu. Un contenu exclusivement luxembourgeois sur notre site, r\u00e9seaux sociaux et YouTube.\",\"potentialAction\":[{\"@type\":\"SearchAction\",\"target\":{\"@type\":\"EntryPoint\",\"urlTemplate\":\"https:\/\/www.elle.lu\/fr\/?s={search_term_string}\"},\"query-input\":{\"@type\":\"PropertyValueSpecification\",\"valueRequired\":true,\"valueName\":\"search_term_string\"}}],\"inLanguage\":\"fr-FR\"},{\"@type\":\"Person\",\"@id\":\"https:\/\/www.elle.lu\/fr\/#\/schema\/person\/9a5f02df96eeb8e12b1d6ca82571e874\",\"name\":\"ELLE Partenaire\",\"image\":{\"@type\":\"ImageObject\",\"inLanguage\":\"fr-FR\",\"@id\":\"https:\/\/secure.gravatar.com\/avatar\/1283bc96c392dcf16483a6b444d587f221f51a9b904e37614fbcea3e6d6ddce2?s=96&d=mm&r=g\",\"url\":\"https:\/\/secure.gravatar.com\/avatar\/1283bc96c392dcf16483a6b444d587f221f51a9b904e37614fbcea3e6d6ddce2?s=96&d=mm&r=g\",\"contentUrl\":\"https:\/\/secure.gravatar.com\/avatar\/1283bc96c392dcf16483a6b444d587f221f51a9b904e37614fbcea3e6d6ddce2?s=96&d=mm&r=g\",\"caption\":\"ELLE Partenaire\"},\"url\":\"https:\/\/www.elle.lu\/fr\/author\/stagiaire-creativelabgmail-com\"}]}<\/script>\n<!-- \/ Yoast SEO plugin. -->","yoast_head_json":{"title":"Une exposition sur l\u2019art num\u00e9rique \u00e0 voir absolument ! - ELLE.lu Luxembourg","description":"Cette nouvelle exposition, pr\u00e9sent\u00e9e au Mudam Luxembourg, est \u00e0 voir absolument d\u00e8s la rentr\u00e9e et elle est sur le th\u00e8me de l'art num\u00e9rique.","robots":{"index":"index","follow":"follow","max-snippet":"max-snippet:-1","max-image-preview":"max-image-preview:large","max-video-preview":"max-video-preview:-1"},"canonical":"https:\/\/www.elle.lu\/fr\/2147-cette-exposition-sur-art-numerique-est-a-voir-absolument-a-la-rentree.html","og_locale":"fr_FR","og_type":"article","og_title":"Une exposition sur l\u2019art num\u00e9rique \u00e0 voir absolument ! - ELLE.lu Luxembourg","og_description":"Cette nouvelle exposition, pr\u00e9sent\u00e9e au Mudam Luxembourg, est \u00e0 voir absolument d\u00e8s la rentr\u00e9e et elle est sur le th\u00e8me de l'art num\u00e9rique.","og_url":"https:\/\/www.elle.lu\/fr\/2147-cette-exposition-sur-art-numerique-est-a-voir-absolument-a-la-rentree.html","og_site_name":"ELLE.lu Luxembourg","article_published_time":"2024-09-13T09:00:35+00:00","article_modified_time":"2024-09-13T09:12:31+00:00","og_image":[{"width":1200,"height":628,"url":"https:\/\/www.elle.lu\/fr\/wp-content\/uploads\/2024\/08\/photo-horizontale-elle.png","type":"image\/png"}],"author":"ELLE Partenaire","twitter_card":"summary_large_image","twitter_misc":{"\u00c9crit par":"ELLE Partenaire","Dur\u00e9e de lecture estim\u00e9e":"4 minutes"},"schema":{"@context":"https:\/\/schema.org","@graph":[{"@type":"Article","@id":"https:\/\/www.elle.lu\/fr\/2147-cette-exposition-sur-art-numerique-est-a-voir-absolument-a-la-rentree.html#article","isPartOf":{"@id":"https:\/\/www.elle.lu\/fr\/2147-cette-exposition-sur-art-numerique-est-a-voir-absolument-a-la-rentree.html"},"author":{"name":"ELLE Partenaire","@id":"https:\/\/www.elle.lu\/fr\/#\/schema\/person\/9a5f02df96eeb8e12b1d6ca82571e874"},"headline":"Une exposition sur l\u2019art num\u00e9rique \u00e0 voir absolument !","datePublished":"2024-09-13T09:00:35+00:00","dateModified":"2024-09-13T09:12:31+00:00","mainEntityOfPage":{"@id":"https:\/\/www.elle.lu\/fr\/2147-cette-exposition-sur-art-numerique-est-a-voir-absolument-a-la-rentree.html"},"wordCount":648,"commentCount":0,"image":{"@id":"https:\/\/www.elle.lu\/fr\/2147-cette-exposition-sur-art-numerique-est-a-voir-absolument-a-la-rentree.html#primaryimage"},"thumbnailUrl":"https:\/\/www.elle.lu\/fr\/wp-content\/uploads\/2024\/08\/photo-horizontale-elle.png","keywords":["expositions"],"articleSection":["Actu","Culture"],"inLanguage":"fr-FR","potentialAction":[{"@type":"CommentAction","name":"Comment","target":["https:\/\/www.elle.lu\/fr\/2147-cette-exposition-sur-art-numerique-est-a-voir-absolument-a-la-rentree.html#respond"]}]},{"@type":"WebPage","@id":"https:\/\/www.elle.lu\/fr\/2147-cette-exposition-sur-art-numerique-est-a-voir-absolument-a-la-rentree.html","url":"https:\/\/www.elle.lu\/fr\/2147-cette-exposition-sur-art-numerique-est-a-voir-absolument-a-la-rentree.html","name":"Une exposition sur l\u2019art num\u00e9rique \u00e0 voir absolument ! - ELLE.lu Luxembourg","isPartOf":{"@id":"https:\/\/www.elle.lu\/fr\/#website"},"primaryImageOfPage":{"@id":"https:\/\/www.elle.lu\/fr\/2147-cette-exposition-sur-art-numerique-est-a-voir-absolument-a-la-rentree.html#primaryimage"},"image":{"@id":"https:\/\/www.elle.lu\/fr\/2147-cette-exposition-sur-art-numerique-est-a-voir-absolument-a-la-rentree.html#primaryimage"},"thumbnailUrl":"https:\/\/www.elle.lu\/fr\/wp-content\/uploads\/2024\/08\/photo-horizontale-elle.png","datePublished":"2024-09-13T09:00:35+00:00","dateModified":"2024-09-13T09:12:31+00:00","author":{"@id":"https:\/\/www.elle.lu\/fr\/#\/schema\/person\/9a5f02df96eeb8e12b1d6ca82571e874"},"description":"Cette nouvelle exposition, pr\u00e9sent\u00e9e au Mudam Luxembourg, est \u00e0 voir absolument d\u00e8s la rentr\u00e9e et elle est sur le th\u00e8me de l'art num\u00e9rique.","breadcrumb":{"@id":"https:\/\/www.elle.lu\/fr\/2147-cette-exposition-sur-art-numerique-est-a-voir-absolument-a-la-rentree.html#breadcrumb"},"inLanguage":"fr-FR","potentialAction":[{"@type":"ReadAction","target":["https:\/\/www.elle.lu\/fr\/2147-cette-exposition-sur-art-numerique-est-a-voir-absolument-a-la-rentree.html"]}]},{"@type":"ImageObject","inLanguage":"fr-FR","@id":"https:\/\/www.elle.lu\/fr\/2147-cette-exposition-sur-art-numerique-est-a-voir-absolument-a-la-rentree.html#primaryimage","url":"https:\/\/www.elle.lu\/fr\/wp-content\/uploads\/2024\/08\/photo-horizontale-elle.png","contentUrl":"https:\/\/www.elle.lu\/fr\/wp-content\/uploads\/2024\/08\/photo-horizontale-elle.png","width":1200,"height":628,"caption":"\u00a9 Mudam"},{"@type":"BreadcrumbList","@id":"https:\/\/www.elle.lu\/fr\/2147-cette-exposition-sur-art-numerique-est-a-voir-absolument-a-la-rentree.html#breadcrumb","itemListElement":[{"@type":"ListItem","position":1,"name":"Accueil","item":"https:\/\/www.elle.lu\/fr"},{"@type":"ListItem","position":2,"name":"Une exposition sur l\u2019art num\u00e9rique \u00e0 voir absolument !"}]},{"@type":"WebSite","@id":"https:\/\/www.elle.lu\/fr\/#website","url":"https:\/\/www.elle.lu\/fr\/","name":"ELLE.lu","description":"Explorez les derni\u00e8res tendances mode, beaut\u00e9 et art de vivre au Luxembourg sur ELLE.lu. Un contenu exclusivement luxembourgeois sur notre site, r\u00e9seaux sociaux et YouTube.","potentialAction":[{"@type":"SearchAction","target":{"@type":"EntryPoint","urlTemplate":"https:\/\/www.elle.lu\/fr\/?s={search_term_string}"},"query-input":{"@type":"PropertyValueSpecification","valueRequired":true,"valueName":"search_term_string"}}],"inLanguage":"fr-FR"},{"@type":"Person","@id":"https:\/\/www.elle.lu\/fr\/#\/schema\/person\/9a5f02df96eeb8e12b1d6ca82571e874","name":"ELLE Partenaire","image":{"@type":"ImageObject","inLanguage":"fr-FR","@id":"https:\/\/secure.gravatar.com\/avatar\/1283bc96c392dcf16483a6b444d587f221f51a9b904e37614fbcea3e6d6ddce2?s=96&d=mm&r=g","url":"https:\/\/secure.gravatar.com\/avatar\/1283bc96c392dcf16483a6b444d587f221f51a9b904e37614fbcea3e6d6ddce2?s=96&d=mm&r=g","contentUrl":"https:\/\/secure.gravatar.com\/avatar\/1283bc96c392dcf16483a6b444d587f221f51a9b904e37614fbcea3e6d6ddce2?s=96&d=mm&r=g","caption":"ELLE Partenaire"},"url":"https:\/\/www.elle.lu\/fr\/author\/stagiaire-creativelabgmail-com"}]}},"jetpack_featured_media_url":"https:\/\/www.elle.lu\/fr\/wp-content\/uploads\/2024\/08\/photo-horizontale-elle.png","jetpack_sharing_enabled":true,"_links":{"self":[{"href":"https:\/\/www.elle.lu\/fr\/wp-json\/wp\/v2\/posts\/2147","targetHints":{"allow":["GET"]}}],"collection":[{"href":"https:\/\/www.elle.lu\/fr\/wp-json\/wp\/v2\/posts"}],"about":[{"href":"https:\/\/www.elle.lu\/fr\/wp-json\/wp\/v2\/types\/post"}],"author":[{"embeddable":true,"href":"https:\/\/www.elle.lu\/fr\/wp-json\/wp\/v2\/users\/20"}],"replies":[{"embeddable":true,"href":"https:\/\/www.elle.lu\/fr\/wp-json\/wp\/v2\/comments?post=2147"}],"version-history":[{"count":10,"href":"https:\/\/www.elle.lu\/fr\/wp-json\/wp\/v2\/posts\/2147\/revisions"}],"predecessor-version":[{"id":2553,"href":"https:\/\/www.elle.lu\/fr\/wp-json\/wp\/v2\/posts\/2147\/revisions\/2553"}],"wp:featuredmedia":[{"embeddable":true,"href":"https:\/\/www.elle.lu\/fr\/wp-json\/wp\/v2\/media\/2149"}],"wp:attachment":[{"href":"https:\/\/www.elle.lu\/fr\/wp-json\/wp\/v2\/media?parent=2147"}],"wp:term":[{"taxonomy":"category","embeddable":true,"href":"https:\/\/www.elle.lu\/fr\/wp-json\/wp\/v2\/categories?post=2147"},{"taxonomy":"post_tag","embeddable":true,"href":"https:\/\/www.elle.lu\/fr\/wp-json\/wp\/v2\/tags?post=2147"}],"curies":[{"name":"wp","href":"https:\/\/api.w.org\/{rel}","templated":true}]}}