{"id":2221,"date":"2024-09-11T08:00:27","date_gmt":"2024-09-11T06:00:27","guid":{"rendered":"https:\/\/www.elle.lu\/fr\/?p=2221"},"modified":"2024-08-19T15:33:12","modified_gmt":"2024-08-19T13:33:12","slug":"le-feminisme-intersectionnel-cest-quoi","status":"publish","type":"post","link":"https:\/\/www.elle.lu\/fr\/2221-le-feminisme-intersectionnel-cest-quoi.html","title":{"rendered":"Le f\u00e9minisme intersectionnel, c&#8217;est quoi ?"},"content":{"rendered":"","protected":false},"excerpt":{"rendered":"Le f\u00e9minisme intersectionnel, \u00e7a parait compliqu\u00e9 de prime abord. ...","protected":false},"author":36,"featured_media":2223,"comment_status":"open","ping_status":"open","sticky":false,"template":"","format":"standard","meta":{"_acf_changed":false,"_jetpack_newsletter_access":"","_jetpack_dont_email_post_to_subs":false,"_jetpack_newsletter_tier_id":0,"_jetpack_memberships_contains_paywalled_content":false,"_jetpack_feature_clip_id":0,"_jetpack_memberships_contains_paid_content":false,"footnotes":"","jetpack_post_was_ever_published":false},"categories":[4,9],"tags":[146],"class_list":["post-2221","post","type-post","status-publish","format-standard","has-post-thumbnail","hentry","category-lifestyle","category-actu","tag-feminisme"],"acf":[],"yoast_head":"<!-- This site is optimized with the Yoast SEO plugin v28.4 - https:\/\/yoast.com\/product\/yoast-seo-wordpress\/ -->\n<title>Le f\u00e9minisme intersectionnel, c&#039;est quoi ? - ELLE.lu Luxembourg<\/title>\n<meta name=\"description\" content=\"Peu connu du grand public, il s&#039;impose peu \u00e0 peu comme un mod\u00e8le \u00e0 suivre. Mais que se cache derri\u00e8re ce concept ?\" \/>\n<meta name=\"robots\" content=\"index, follow, max-snippet:-1, max-image-preview:large, max-video-preview:-1\" \/>\n<link rel=\"canonical\" href=\"https:\/\/www.elle.be\/fr\/354952-le-feminisme-intersectionnel-cest-quoi.html\" \/>\n<meta property=\"og:locale\" content=\"fr_FR\" \/>\n<meta property=\"og:type\" content=\"article\" \/>\n<meta property=\"og:title\" content=\"Le f\u00e9minisme intersectionnel, c&#039;est quoi ? - ELLE.lu Luxembourg\" \/>\n<meta property=\"og:description\" content=\"Peu connu du grand public, il s&#039;impose peu \u00e0 peu comme un mod\u00e8le \u00e0 suivre. Mais que se cache derri\u00e8re ce concept ?\" \/>\n<meta property=\"og:url\" content=\"https:\/\/www.elle.be\/fr\/354952-le-feminisme-intersectionnel-cest-quoi.html\" \/>\n<meta property=\"og:site_name\" content=\"ELLE.lu Luxembourg\" \/>\n<meta property=\"article:published_time\" content=\"2024-09-11T06:00:27+00:00\" \/>\n<meta property=\"og:image\" content=\"https:\/\/www.elle.lu\/fr\/wp-content\/uploads\/2024\/08\/sinitta-leunen-ips5832v2yg-unsplash-2-902x1024.png\" \/>\n\t<meta property=\"og:image:width\" content=\"902\" \/>\n\t<meta property=\"og:image:height\" content=\"1024\" \/>\n\t<meta property=\"og:image:type\" content=\"image\/png\" \/>\n<meta name=\"author\" content=\"Alexandra Teklak\" \/>\n<meta name=\"twitter:card\" content=\"summary_large_image\" \/>\n<meta name=\"twitter:label1\" content=\"\u00c9crit par\" \/>\n\t<meta name=\"twitter:data1\" content=\"Alexandra Teklak\" \/>\n\t<meta name=\"twitter:label2\" content=\"Dur\u00e9e de lecture estim\u00e9e\" \/>\n\t<meta name=\"twitter:data2\" content=\"4 minutes\" \/>\n<script type=\"application\/ld+json\" class=\"yoast-schema-graph\">{\"@context\":\"https:\\\/\\\/schema.org\",\"@graph\":[{\"@type\":\"Article\",\"@id\":\"https:\\\/\\\/www.elle.be\\\/fr\\\/354952-le-feminisme-intersectionnel-cest-quoi.html#article\",\"isPartOf\":{\"@id\":\"https:\\\/\\\/www.elle.lu\\\/fr\\\/2221-le-feminisme-intersectionnel-cest-quoi.html\"},\"author\":{\"name\":\"Alexandra Teklak\",\"@id\":\"https:\\\/\\\/www.elle.lu\\\/fr\\\/#\\\/schema\\\/person\\\/7176cb477439a49105af9f0e373a27ab\"},\"headline\":\"Le f\u00e9minisme intersectionnel, c&#8217;est quoi ?\",\"datePublished\":\"2024-09-11T06:00:27+00:00\",\"mainEntityOfPage\":{\"@id\":\"https:\\\/\\\/www.elle.lu\\\/fr\\\/2221-le-feminisme-intersectionnel-cest-quoi.html\"},\"wordCount\":804,\"commentCount\":0,\"image\":{\"@id\":\"https:\\\/\\\/www.elle.be\\\/fr\\\/354952-le-feminisme-intersectionnel-cest-quoi.html#primaryimage\"},\"thumbnailUrl\":\"https:\\\/\\\/www.elle.lu\\\/fr\\\/wp-content\\\/uploads\\\/2024\\\/08\\\/sinitta-leunen-ips5832v2yg-unsplash-2.png\",\"keywords\":[\"f\u00e9minisme\"],\"articleSection\":[\"Lifestyle\",\"Actu\"],\"inLanguage\":\"fr-FR\",\"potentialAction\":[{\"@type\":\"CommentAction\",\"name\":\"Comment\",\"target\":[\"https:\\\/\\\/www.elle.be\\\/fr\\\/354952-le-feminisme-intersectionnel-cest-quoi.html#respond\"]}]},{\"@type\":\"WebPage\",\"@id\":\"https:\\\/\\\/www.elle.lu\\\/fr\\\/2221-le-feminisme-intersectionnel-cest-quoi.html\",\"url\":\"https:\\\/\\\/www.elle.be\\\/fr\\\/354952-le-feminisme-intersectionnel-cest-quoi.html\",\"name\":\"Le f\u00e9minisme intersectionnel, c'est quoi ? - ELLE.lu Luxembourg\",\"isPartOf\":{\"@id\":\"https:\\\/\\\/www.elle.lu\\\/fr\\\/#website\"},\"primaryImageOfPage\":{\"@id\":\"https:\\\/\\\/www.elle.be\\\/fr\\\/354952-le-feminisme-intersectionnel-cest-quoi.html#primaryimage\"},\"image\":{\"@id\":\"https:\\\/\\\/www.elle.be\\\/fr\\\/354952-le-feminisme-intersectionnel-cest-quoi.html#primaryimage\"},\"thumbnailUrl\":\"https:\\\/\\\/www.elle.lu\\\/fr\\\/wp-content\\\/uploads\\\/2024\\\/08\\\/sinitta-leunen-ips5832v2yg-unsplash-2.png\",\"datePublished\":\"2024-09-11T06:00:27+00:00\",\"author\":{\"@id\":\"https:\\\/\\\/www.elle.lu\\\/fr\\\/#\\\/schema\\\/person\\\/7176cb477439a49105af9f0e373a27ab\"},\"description\":\"Peu connu du grand public, il s'impose peu \u00e0 peu comme un mod\u00e8le \u00e0 suivre. Mais que se cache derri\u00e8re ce concept ?\",\"breadcrumb\":{\"@id\":\"https:\\\/\\\/www.elle.be\\\/fr\\\/354952-le-feminisme-intersectionnel-cest-quoi.html#breadcrumb\"},\"inLanguage\":\"fr-FR\",\"potentialAction\":[{\"@type\":\"ReadAction\",\"target\":[\"https:\\\/\\\/www.elle.be\\\/fr\\\/354952-le-feminisme-intersectionnel-cest-quoi.html\"]}]},{\"@type\":\"ImageObject\",\"inLanguage\":\"fr-FR\",\"@id\":\"https:\\\/\\\/www.elle.be\\\/fr\\\/354952-le-feminisme-intersectionnel-cest-quoi.html#primaryimage\",\"url\":\"https:\\\/\\\/www.elle.lu\\\/fr\\\/wp-content\\\/uploads\\\/2024\\\/08\\\/sinitta-leunen-ips5832v2yg-unsplash-2.png\",\"contentUrl\":\"https:\\\/\\\/www.elle.lu\\\/fr\\\/wp-content\\\/uploads\\\/2024\\\/08\\\/sinitta-leunen-ips5832v2yg-unsplash-2.png\",\"width\":1814,\"height\":2060,\"caption\":\"\u00a9 Unsplash \\\/ Sinitta Leunen\"},{\"@type\":\"BreadcrumbList\",\"@id\":\"https:\\\/\\\/www.elle.be\\\/fr\\\/354952-le-feminisme-intersectionnel-cest-quoi.html#breadcrumb\",\"itemListElement\":[{\"@type\":\"ListItem\",\"position\":1,\"name\":\"Accueil\",\"item\":\"https:\\\/\\\/www.elle.lu\\\/fr\"},{\"@type\":\"ListItem\",\"position\":2,\"name\":\"Le f\u00e9minisme intersectionnel, c&rsquo;est quoi ?\"}]},{\"@type\":\"WebSite\",\"@id\":\"https:\\\/\\\/www.elle.lu\\\/fr\\\/#website\",\"url\":\"https:\\\/\\\/www.elle.lu\\\/fr\\\/\",\"name\":\"ELLE.lu\",\"description\":\"Explorez les derni\u00e8res tendances mode, beaut\u00e9 et art de vivre au Luxembourg sur ELLE.lu. Un contenu exclusivement luxembourgeois sur notre site, r\u00e9seaux sociaux et YouTube.\",\"potentialAction\":[{\"@type\":\"SearchAction\",\"target\":{\"@type\":\"EntryPoint\",\"urlTemplate\":\"https:\\\/\\\/www.elle.lu\\\/fr\\\/?s={search_term_string}\"},\"query-input\":{\"@type\":\"PropertyValueSpecification\",\"valueRequired\":true,\"valueName\":\"search_term_string\"}}],\"inLanguage\":\"fr-FR\"},{\"@type\":\"Person\",\"@id\":\"https:\\\/\\\/www.elle.lu\\\/fr\\\/#\\\/schema\\\/person\\\/7176cb477439a49105af9f0e373a27ab\",\"name\":\"Alexandra Teklak\",\"image\":{\"@type\":\"ImageObject\",\"inLanguage\":\"fr-FR\",\"@id\":\"https:\\\/\\\/secure.gravatar.com\\\/avatar\\\/b06579ac4f88784a2c160b88f8cb5205ca32b39c59dc353d972e32e1e22e796e?s=96&d=mm&r=g\",\"url\":\"https:\\\/\\\/secure.gravatar.com\\\/avatar\\\/b06579ac4f88784a2c160b88f8cb5205ca32b39c59dc353d972e32e1e22e796e?s=96&d=mm&r=g\",\"contentUrl\":\"https:\\\/\\\/secure.gravatar.com\\\/avatar\\\/b06579ac4f88784a2c160b88f8cb5205ca32b39c59dc353d972e32e1e22e796e?s=96&d=mm&r=g\",\"caption\":\"Alexandra Teklak\"},\"url\":\"https:\\\/\\\/www.elle.lu\\\/fr\\\/author\\\/alexandra-teklak\"}]}<\/script>\n<!-- \/ Yoast SEO plugin. -->","yoast_head_json":{"title":"Le f\u00e9minisme intersectionnel, c'est quoi ? - ELLE.lu Luxembourg","description":"Peu connu du grand public, il s'impose peu \u00e0 peu comme un mod\u00e8le \u00e0 suivre. Mais que se cache derri\u00e8re ce concept ?","robots":{"index":"index","follow":"follow","max-snippet":"max-snippet:-1","max-image-preview":"max-image-preview:large","max-video-preview":"max-video-preview:-1"},"canonical":"https:\/\/www.elle.be\/fr\/354952-le-feminisme-intersectionnel-cest-quoi.html","og_locale":"fr_FR","og_type":"article","og_title":"Le f\u00e9minisme intersectionnel, c'est quoi ? - ELLE.lu Luxembourg","og_description":"Peu connu du grand public, il s'impose peu \u00e0 peu comme un mod\u00e8le \u00e0 suivre. Mais que se cache derri\u00e8re ce concept ?","og_url":"https:\/\/www.elle.be\/fr\/354952-le-feminisme-intersectionnel-cest-quoi.html","og_site_name":"ELLE.lu Luxembourg","article_published_time":"2024-09-11T06:00:27+00:00","og_image":[{"width":902,"height":1024,"url":"https:\/\/www.elle.lu\/fr\/wp-content\/uploads\/2024\/08\/sinitta-leunen-ips5832v2yg-unsplash-2-902x1024.png","type":"image\/png"}],"author":"Alexandra Teklak","twitter_card":"summary_large_image","twitter_misc":{"\u00c9crit par":"Alexandra Teklak","Dur\u00e9e de lecture estim\u00e9e":"4 minutes"},"schema":{"@context":"https:\/\/schema.org","@graph":[{"@type":"Article","@id":"https:\/\/www.elle.be\/fr\/354952-le-feminisme-intersectionnel-cest-quoi.html#article","isPartOf":{"@id":"https:\/\/www.elle.lu\/fr\/2221-le-feminisme-intersectionnel-cest-quoi.html"},"author":{"name":"Alexandra Teklak","@id":"https:\/\/www.elle.lu\/fr\/#\/schema\/person\/7176cb477439a49105af9f0e373a27ab"},"headline":"Le f\u00e9minisme intersectionnel, c&#8217;est quoi ?","datePublished":"2024-09-11T06:00:27+00:00","mainEntityOfPage":{"@id":"https:\/\/www.elle.lu\/fr\/2221-le-feminisme-intersectionnel-cest-quoi.html"},"wordCount":804,"commentCount":0,"image":{"@id":"https:\/\/www.elle.be\/fr\/354952-le-feminisme-intersectionnel-cest-quoi.html#primaryimage"},"thumbnailUrl":"https:\/\/www.elle.lu\/fr\/wp-content\/uploads\/2024\/08\/sinitta-leunen-ips5832v2yg-unsplash-2.png","keywords":["f\u00e9minisme"],"articleSection":["Lifestyle","Actu"],"inLanguage":"fr-FR","potentialAction":[{"@type":"CommentAction","name":"Comment","target":["https:\/\/www.elle.be\/fr\/354952-le-feminisme-intersectionnel-cest-quoi.html#respond"]}]},{"@type":"WebPage","@id":"https:\/\/www.elle.lu\/fr\/2221-le-feminisme-intersectionnel-cest-quoi.html","url":"https:\/\/www.elle.be\/fr\/354952-le-feminisme-intersectionnel-cest-quoi.html","name":"Le f\u00e9minisme intersectionnel, c'est quoi ? - ELLE.lu Luxembourg","isPartOf":{"@id":"https:\/\/www.elle.lu\/fr\/#website"},"primaryImageOfPage":{"@id":"https:\/\/www.elle.be\/fr\/354952-le-feminisme-intersectionnel-cest-quoi.html#primaryimage"},"image":{"@id":"https:\/\/www.elle.be\/fr\/354952-le-feminisme-intersectionnel-cest-quoi.html#primaryimage"},"thumbnailUrl":"https:\/\/www.elle.lu\/fr\/wp-content\/uploads\/2024\/08\/sinitta-leunen-ips5832v2yg-unsplash-2.png","datePublished":"2024-09-11T06:00:27+00:00","author":{"@id":"https:\/\/www.elle.lu\/fr\/#\/schema\/person\/7176cb477439a49105af9f0e373a27ab"},"description":"Peu connu du grand public, il s'impose peu \u00e0 peu comme un mod\u00e8le \u00e0 suivre. Mais que se cache derri\u00e8re ce concept ?","breadcrumb":{"@id":"https:\/\/www.elle.be\/fr\/354952-le-feminisme-intersectionnel-cest-quoi.html#breadcrumb"},"inLanguage":"fr-FR","potentialAction":[{"@type":"ReadAction","target":["https:\/\/www.elle.be\/fr\/354952-le-feminisme-intersectionnel-cest-quoi.html"]}]},{"@type":"ImageObject","inLanguage":"fr-FR","@id":"https:\/\/www.elle.be\/fr\/354952-le-feminisme-intersectionnel-cest-quoi.html#primaryimage","url":"https:\/\/www.elle.lu\/fr\/wp-content\/uploads\/2024\/08\/sinitta-leunen-ips5832v2yg-unsplash-2.png","contentUrl":"https:\/\/www.elle.lu\/fr\/wp-content\/uploads\/2024\/08\/sinitta-leunen-ips5832v2yg-unsplash-2.png","width":1814,"height":2060,"caption":"\u00a9 Unsplash \/ Sinitta Leunen"},{"@type":"BreadcrumbList","@id":"https:\/\/www.elle.be\/fr\/354952-le-feminisme-intersectionnel-cest-quoi.html#breadcrumb","itemListElement":[{"@type":"ListItem","position":1,"name":"Accueil","item":"https:\/\/www.elle.lu\/fr"},{"@type":"ListItem","position":2,"name":"Le f\u00e9minisme intersectionnel, c&rsquo;est quoi ?"}]},{"@type":"WebSite","@id":"https:\/\/www.elle.lu\/fr\/#website","url":"https:\/\/www.elle.lu\/fr\/","name":"ELLE.lu","description":"Explorez les derni\u00e8res tendances mode, beaut\u00e9 et art de vivre au Luxembourg sur ELLE.lu. Un contenu exclusivement luxembourgeois sur notre site, r\u00e9seaux sociaux et YouTube.","potentialAction":[{"@type":"SearchAction","target":{"@type":"EntryPoint","urlTemplate":"https:\/\/www.elle.lu\/fr\/?s={search_term_string}"},"query-input":{"@type":"PropertyValueSpecification","valueRequired":true,"valueName":"search_term_string"}}],"inLanguage":"fr-FR"},{"@type":"Person","@id":"https:\/\/www.elle.lu\/fr\/#\/schema\/person\/7176cb477439a49105af9f0e373a27ab","name":"Alexandra Teklak","image":{"@type":"ImageObject","inLanguage":"fr-FR","@id":"https:\/\/secure.gravatar.com\/avatar\/b06579ac4f88784a2c160b88f8cb5205ca32b39c59dc353d972e32e1e22e796e?s=96&d=mm&r=g","url":"https:\/\/secure.gravatar.com\/avatar\/b06579ac4f88784a2c160b88f8cb5205ca32b39c59dc353d972e32e1e22e796e?s=96&d=mm&r=g","contentUrl":"https:\/\/secure.gravatar.com\/avatar\/b06579ac4f88784a2c160b88f8cb5205ca32b39c59dc353d972e32e1e22e796e?s=96&d=mm&r=g","caption":"Alexandra Teklak"},"url":"https:\/\/www.elle.lu\/fr\/author\/alexandra-teklak"}]}},"jetpack_sharing_enabled":true,"jetpack_featured_media_url":"https:\/\/www.elle.lu\/fr\/wp-content\/uploads\/2024\/08\/sinitta-leunen-ips5832v2yg-unsplash-2.png","_links":{"self":[{"href":"https:\/\/www.elle.lu\/fr\/wp-json\/wp\/v2\/posts\/2221","targetHints":{"allow":["GET"]}}],"collection":[{"href":"https:\/\/www.elle.lu\/fr\/wp-json\/wp\/v2\/posts"}],"about":[{"href":"https:\/\/www.elle.lu\/fr\/wp-json\/wp\/v2\/types\/post"}],"author":[{"embeddable":true,"href":"https:\/\/www.elle.lu\/fr\/wp-json\/wp\/v2\/users\/36"}],"replies":[{"embeddable":true,"href":"https:\/\/www.elle.lu\/fr\/wp-json\/wp\/v2\/comments?post=2221"}],"version-history":[{"count":1,"href":"https:\/\/www.elle.lu\/fr\/wp-json\/wp\/v2\/posts\/2221\/revisions"}],"predecessor-version":[{"id":2224,"href":"https:\/\/www.elle.lu\/fr\/wp-json\/wp\/v2\/posts\/2221\/revisions\/2224"}],"wp:featuredmedia":[{"embeddable":true,"href":"https:\/\/www.elle.lu\/fr\/wp-json\/wp\/v2\/media\/2223"}],"wp:attachment":[{"href":"https:\/\/www.elle.lu\/fr\/wp-json\/wp\/v2\/media?parent=2221"}],"wp:term":[{"taxonomy":"category","embeddable":true,"href":"https:\/\/www.elle.lu\/fr\/wp-json\/wp\/v2\/categories?post=2221"},{"taxonomy":"post_tag","embeddable":true,"href":"https:\/\/www.elle.lu\/fr\/wp-json\/wp\/v2\/tags?post=2221"}],"curies":[{"name":"wp","href":"https:\/\/api.w.org\/{rel}","templated":true}]}}