{"id":2477,"date":"2024-09-10T08:00:42","date_gmt":"2024-09-10T06:00:42","guid":{"rendered":"https:\/\/www.elle.lu\/fr\/?p=2477"},"modified":"2024-09-09T09:25:44","modified_gmt":"2024-09-09T07:25:44","slug":"carnet-rose-sezane-lance-sa-collection-pour-enfants-petit-sezane","status":"publish","type":"post","link":"https:\/\/www.elle.lu\/fr\/2477-carnet-rose-sezane-lance-sa-collection-pour-enfants-petit-sezane.html","title":{"rendered":"Carnet rose : S\u00e9zane lance sa collection pour enfants \u00ab Petit S\u00e9zane \u00bb"},"content":{"rendered":"","protected":false},"excerpt":{"rendered":"\u00c0 l&#8217;aube de cette rentr\u00e9e, une nouvelle \u00e9toile brille dans l\u2019univers du pr\u00eat-\u00e0-porter pour enfants. ...","protected":false},"author":27,"featured_media":2484,"comment_status":"open","ping_status":"open","sticky":false,"template":"","format":"standard","meta":{"_acf_changed":false,"_jetpack_memberships_contains_paid_content":false,"footnotes":""},"categories":[2],"tags":[161],"class_list":["post-2477","post","type-post","status-publish","format-standard","has-post-thumbnail","hentry","category-mode","tag-mode-enfants"],"acf":[],"yoast_head":"<!-- This site is optimized with the Yoast SEO plugin v27.2 - https:\/\/yoast.com\/product\/yoast-seo-wordpress\/ -->\n<title>Carnet rose : S\u00e9zane lance sa collection pour enfants \u00ab Petit S\u00e9zane \u00bb - ELLE.lu Luxembourg<\/title>\n<meta name=\"description\" content=\"Petit S\u00e9zane, une collection d\u00e9di\u00e9e aux plus jeunes qui red\u00e9finit les codes de la mode enfantine\u00a0avec des mod\u00e8les intemporels, styl\u00e9s...\" \/>\n<meta name=\"robots\" content=\"index, follow, max-snippet:-1, max-image-preview:large, max-video-preview:-1\" \/>\n<link rel=\"canonical\" href=\"https:\/\/www.elle.lu\/fr\/2477-carnet-rose-sezane-lance-sa-collection-pour-enfants-petit-sezane.html\" \/>\n<meta property=\"og:locale\" content=\"fr_FR\" \/>\n<meta property=\"og:type\" content=\"article\" \/>\n<meta property=\"og:title\" content=\"Carnet rose : S\u00e9zane lance sa collection pour enfants \u00ab Petit S\u00e9zane \u00bb - ELLE.lu Luxembourg\" \/>\n<meta property=\"og:description\" content=\"Petit S\u00e9zane, une collection d\u00e9di\u00e9e aux plus jeunes qui red\u00e9finit les codes de la mode enfantine\u00a0avec des mod\u00e8les intemporels, styl\u00e9s...\" \/>\n<meta property=\"og:url\" content=\"https:\/\/www.elle.lu\/fr\/2477-carnet-rose-sezane-lance-sa-collection-pour-enfants-petit-sezane.html\" \/>\n<meta property=\"og:site_name\" content=\"ELLE.lu Luxembourg\" \/>\n<meta property=\"article:published_time\" content=\"2024-09-10T06:00:42+00:00\" \/>\n<meta property=\"og:image\" content=\"https:\/\/www.elle.lu\/fr\/wp-content\/uploads\/2024\/09\/petit-sezane-lifestyle-credits-sezane-902x1024.png\" \/>\n\t<meta property=\"og:image:width\" content=\"902\" \/>\n\t<meta property=\"og:image:height\" content=\"1024\" \/>\n\t<meta property=\"og:image:type\" content=\"image\/png\" \/>\n<meta name=\"author\" content=\"Alina Golovkova\" \/>\n<meta name=\"twitter:card\" content=\"summary_large_image\" \/>\n<meta name=\"twitter:label1\" content=\"\u00c9crit par\" \/>\n\t<meta name=\"twitter:data1\" content=\"Alina Golovkova\" \/>\n\t<meta name=\"twitter:label2\" content=\"Dur\u00e9e de lecture estim\u00e9e\" \/>\n\t<meta name=\"twitter:data2\" content=\"3 minutes\" \/>\n<script type=\"application\/ld+json\" class=\"yoast-schema-graph\">{\"@context\":\"https:\/\/schema.org\",\"@graph\":[{\"@type\":\"Article\",\"@id\":\"https:\/\/www.elle.lu\/fr\/2477-carnet-rose-sezane-lance-sa-collection-pour-enfants-petit-sezane.html#article\",\"isPartOf\":{\"@id\":\"https:\/\/www.elle.lu\/fr\/2477-carnet-rose-sezane-lance-sa-collection-pour-enfants-petit-sezane.html\"},\"author\":{\"name\":\"Alina Golovkova\",\"@id\":\"https:\/\/www.elle.lu\/fr\/#\/schema\/person\/27c93a49ef3c7ceae5759724c4df6a2d\"},\"headline\":\"Carnet rose : S\u00e9zane lance sa collection pour enfants \u00ab Petit S\u00e9zane \u00bb\",\"datePublished\":\"2024-09-10T06:00:42+00:00\",\"mainEntityOfPage\":{\"@id\":\"https:\/\/www.elle.lu\/fr\/2477-carnet-rose-sezane-lance-sa-collection-pour-enfants-petit-sezane.html\"},\"wordCount\":603,\"commentCount\":0,\"image\":{\"@id\":\"https:\/\/www.elle.lu\/fr\/2477-carnet-rose-sezane-lance-sa-collection-pour-enfants-petit-sezane.html#primaryimage\"},\"thumbnailUrl\":\"https:\/\/www.elle.lu\/fr\/wp-content\/uploads\/2024\/09\/petit-sezane-lifestyle-credits-sezane.png\",\"keywords\":[\"mode enfants\"],\"articleSection\":[\"Mode\"],\"inLanguage\":\"fr-FR\",\"potentialAction\":[{\"@type\":\"CommentAction\",\"name\":\"Comment\",\"target\":[\"https:\/\/www.elle.lu\/fr\/2477-carnet-rose-sezane-lance-sa-collection-pour-enfants-petit-sezane.html#respond\"]}]},{\"@type\":\"WebPage\",\"@id\":\"https:\/\/www.elle.lu\/fr\/2477-carnet-rose-sezane-lance-sa-collection-pour-enfants-petit-sezane.html\",\"url\":\"https:\/\/www.elle.lu\/fr\/2477-carnet-rose-sezane-lance-sa-collection-pour-enfants-petit-sezane.html\",\"name\":\"Carnet rose : S\u00e9zane lance sa collection pour enfants \u00ab Petit S\u00e9zane \u00bb - ELLE.lu Luxembourg\",\"isPartOf\":{\"@id\":\"https:\/\/www.elle.lu\/fr\/#website\"},\"primaryImageOfPage\":{\"@id\":\"https:\/\/www.elle.lu\/fr\/2477-carnet-rose-sezane-lance-sa-collection-pour-enfants-petit-sezane.html#primaryimage\"},\"image\":{\"@id\":\"https:\/\/www.elle.lu\/fr\/2477-carnet-rose-sezane-lance-sa-collection-pour-enfants-petit-sezane.html#primaryimage\"},\"thumbnailUrl\":\"https:\/\/www.elle.lu\/fr\/wp-content\/uploads\/2024\/09\/petit-sezane-lifestyle-credits-sezane.png\",\"datePublished\":\"2024-09-10T06:00:42+00:00\",\"author\":{\"@id\":\"https:\/\/www.elle.lu\/fr\/#\/schema\/person\/27c93a49ef3c7ceae5759724c4df6a2d\"},\"description\":\"Petit S\u00e9zane, une collection d\u00e9di\u00e9e aux plus jeunes qui red\u00e9finit les codes de la mode enfantine\u00a0avec des mod\u00e8les intemporels, styl\u00e9s...\",\"breadcrumb\":{\"@id\":\"https:\/\/www.elle.lu\/fr\/2477-carnet-rose-sezane-lance-sa-collection-pour-enfants-petit-sezane.html#breadcrumb\"},\"inLanguage\":\"fr-FR\",\"potentialAction\":[{\"@type\":\"ReadAction\",\"target\":[\"https:\/\/www.elle.lu\/fr\/2477-carnet-rose-sezane-lance-sa-collection-pour-enfants-petit-sezane.html\"]}]},{\"@type\":\"ImageObject\",\"inLanguage\":\"fr-FR\",\"@id\":\"https:\/\/www.elle.lu\/fr\/2477-carnet-rose-sezane-lance-sa-collection-pour-enfants-petit-sezane.html#primaryimage\",\"url\":\"https:\/\/www.elle.lu\/fr\/wp-content\/uploads\/2024\/09\/petit-sezane-lifestyle-credits-sezane.png\",\"contentUrl\":\"https:\/\/www.elle.lu\/fr\/wp-content\/uploads\/2024\/09\/petit-sezane-lifestyle-credits-sezane.png\",\"width\":1814,\"height\":2060,\"caption\":\"\u00a9 S\u00e9zane\"},{\"@type\":\"BreadcrumbList\",\"@id\":\"https:\/\/www.elle.lu\/fr\/2477-carnet-rose-sezane-lance-sa-collection-pour-enfants-petit-sezane.html#breadcrumb\",\"itemListElement\":[{\"@type\":\"ListItem\",\"position\":1,\"name\":\"Accueil\",\"item\":\"https:\/\/www.elle.lu\/fr\"},{\"@type\":\"ListItem\",\"position\":2,\"name\":\"Carnet rose : S\u00e9zane lance sa collection pour enfants \u00ab Petit S\u00e9zane \u00bb\"}]},{\"@type\":\"WebSite\",\"@id\":\"https:\/\/www.elle.lu\/fr\/#website\",\"url\":\"https:\/\/www.elle.lu\/fr\/\",\"name\":\"ELLE.lu\",\"description\":\"Explorez les derni\u00e8res tendances mode, beaut\u00e9 et art de vivre au Luxembourg sur ELLE.lu. Un contenu exclusivement luxembourgeois sur notre site, r\u00e9seaux sociaux et YouTube.\",\"potentialAction\":[{\"@type\":\"SearchAction\",\"target\":{\"@type\":\"EntryPoint\",\"urlTemplate\":\"https:\/\/www.elle.lu\/fr\/?s={search_term_string}\"},\"query-input\":{\"@type\":\"PropertyValueSpecification\",\"valueRequired\":true,\"valueName\":\"search_term_string\"}}],\"inLanguage\":\"fr-FR\"},{\"@type\":\"Person\",\"@id\":\"https:\/\/www.elle.lu\/fr\/#\/schema\/person\/27c93a49ef3c7ceae5759724c4df6a2d\",\"name\":\"Alina Golovkova\",\"image\":{\"@type\":\"ImageObject\",\"inLanguage\":\"fr-FR\",\"@id\":\"https:\/\/secure.gravatar.com\/avatar\/3f4bfd28cd9046938e847cdc8cc0a83235141f643541ed64fa5ff57c39c7f143?s=96&d=mm&r=g\",\"url\":\"https:\/\/secure.gravatar.com\/avatar\/3f4bfd28cd9046938e847cdc8cc0a83235141f643541ed64fa5ff57c39c7f143?s=96&d=mm&r=g\",\"contentUrl\":\"https:\/\/secure.gravatar.com\/avatar\/3f4bfd28cd9046938e847cdc8cc0a83235141f643541ed64fa5ff57c39c7f143?s=96&d=mm&r=g\",\"caption\":\"Alina Golovkova\"},\"url\":\"https:\/\/www.elle.lu\/fr\/author\/alina-golovkova\"}]}<\/script>\n<!-- \/ Yoast SEO plugin. -->","yoast_head_json":{"title":"Carnet rose : S\u00e9zane lance sa collection pour enfants \u00ab Petit S\u00e9zane \u00bb - ELLE.lu Luxembourg","description":"Petit S\u00e9zane, une collection d\u00e9di\u00e9e aux plus jeunes qui red\u00e9finit les codes de la mode enfantine\u00a0avec des mod\u00e8les intemporels, styl\u00e9s...","robots":{"index":"index","follow":"follow","max-snippet":"max-snippet:-1","max-image-preview":"max-image-preview:large","max-video-preview":"max-video-preview:-1"},"canonical":"https:\/\/www.elle.lu\/fr\/2477-carnet-rose-sezane-lance-sa-collection-pour-enfants-petit-sezane.html","og_locale":"fr_FR","og_type":"article","og_title":"Carnet rose : S\u00e9zane lance sa collection pour enfants \u00ab Petit S\u00e9zane \u00bb - ELLE.lu Luxembourg","og_description":"Petit S\u00e9zane, une collection d\u00e9di\u00e9e aux plus jeunes qui red\u00e9finit les codes de la mode enfantine\u00a0avec des mod\u00e8les intemporels, styl\u00e9s...","og_url":"https:\/\/www.elle.lu\/fr\/2477-carnet-rose-sezane-lance-sa-collection-pour-enfants-petit-sezane.html","og_site_name":"ELLE.lu Luxembourg","article_published_time":"2024-09-10T06:00:42+00:00","og_image":[{"width":902,"height":1024,"url":"https:\/\/www.elle.lu\/fr\/wp-content\/uploads\/2024\/09\/petit-sezane-lifestyle-credits-sezane-902x1024.png","type":"image\/png"}],"author":"Alina Golovkova","twitter_card":"summary_large_image","twitter_misc":{"\u00c9crit par":"Alina Golovkova","Dur\u00e9e de lecture estim\u00e9e":"3 minutes"},"schema":{"@context":"https:\/\/schema.org","@graph":[{"@type":"Article","@id":"https:\/\/www.elle.lu\/fr\/2477-carnet-rose-sezane-lance-sa-collection-pour-enfants-petit-sezane.html#article","isPartOf":{"@id":"https:\/\/www.elle.lu\/fr\/2477-carnet-rose-sezane-lance-sa-collection-pour-enfants-petit-sezane.html"},"author":{"name":"Alina Golovkova","@id":"https:\/\/www.elle.lu\/fr\/#\/schema\/person\/27c93a49ef3c7ceae5759724c4df6a2d"},"headline":"Carnet rose : S\u00e9zane lance sa collection pour enfants \u00ab Petit S\u00e9zane \u00bb","datePublished":"2024-09-10T06:00:42+00:00","mainEntityOfPage":{"@id":"https:\/\/www.elle.lu\/fr\/2477-carnet-rose-sezane-lance-sa-collection-pour-enfants-petit-sezane.html"},"wordCount":603,"commentCount":0,"image":{"@id":"https:\/\/www.elle.lu\/fr\/2477-carnet-rose-sezane-lance-sa-collection-pour-enfants-petit-sezane.html#primaryimage"},"thumbnailUrl":"https:\/\/www.elle.lu\/fr\/wp-content\/uploads\/2024\/09\/petit-sezane-lifestyle-credits-sezane.png","keywords":["mode enfants"],"articleSection":["Mode"],"inLanguage":"fr-FR","potentialAction":[{"@type":"CommentAction","name":"Comment","target":["https:\/\/www.elle.lu\/fr\/2477-carnet-rose-sezane-lance-sa-collection-pour-enfants-petit-sezane.html#respond"]}]},{"@type":"WebPage","@id":"https:\/\/www.elle.lu\/fr\/2477-carnet-rose-sezane-lance-sa-collection-pour-enfants-petit-sezane.html","url":"https:\/\/www.elle.lu\/fr\/2477-carnet-rose-sezane-lance-sa-collection-pour-enfants-petit-sezane.html","name":"Carnet rose : S\u00e9zane lance sa collection pour enfants \u00ab Petit S\u00e9zane \u00bb - ELLE.lu Luxembourg","isPartOf":{"@id":"https:\/\/www.elle.lu\/fr\/#website"},"primaryImageOfPage":{"@id":"https:\/\/www.elle.lu\/fr\/2477-carnet-rose-sezane-lance-sa-collection-pour-enfants-petit-sezane.html#primaryimage"},"image":{"@id":"https:\/\/www.elle.lu\/fr\/2477-carnet-rose-sezane-lance-sa-collection-pour-enfants-petit-sezane.html#primaryimage"},"thumbnailUrl":"https:\/\/www.elle.lu\/fr\/wp-content\/uploads\/2024\/09\/petit-sezane-lifestyle-credits-sezane.png","datePublished":"2024-09-10T06:00:42+00:00","author":{"@id":"https:\/\/www.elle.lu\/fr\/#\/schema\/person\/27c93a49ef3c7ceae5759724c4df6a2d"},"description":"Petit S\u00e9zane, une collection d\u00e9di\u00e9e aux plus jeunes qui red\u00e9finit les codes de la mode enfantine\u00a0avec des mod\u00e8les intemporels, styl\u00e9s...","breadcrumb":{"@id":"https:\/\/www.elle.lu\/fr\/2477-carnet-rose-sezane-lance-sa-collection-pour-enfants-petit-sezane.html#breadcrumb"},"inLanguage":"fr-FR","potentialAction":[{"@type":"ReadAction","target":["https:\/\/www.elle.lu\/fr\/2477-carnet-rose-sezane-lance-sa-collection-pour-enfants-petit-sezane.html"]}]},{"@type":"ImageObject","inLanguage":"fr-FR","@id":"https:\/\/www.elle.lu\/fr\/2477-carnet-rose-sezane-lance-sa-collection-pour-enfants-petit-sezane.html#primaryimage","url":"https:\/\/www.elle.lu\/fr\/wp-content\/uploads\/2024\/09\/petit-sezane-lifestyle-credits-sezane.png","contentUrl":"https:\/\/www.elle.lu\/fr\/wp-content\/uploads\/2024\/09\/petit-sezane-lifestyle-credits-sezane.png","width":1814,"height":2060,"caption":"\u00a9 S\u00e9zane"},{"@type":"BreadcrumbList","@id":"https:\/\/www.elle.lu\/fr\/2477-carnet-rose-sezane-lance-sa-collection-pour-enfants-petit-sezane.html#breadcrumb","itemListElement":[{"@type":"ListItem","position":1,"name":"Accueil","item":"https:\/\/www.elle.lu\/fr"},{"@type":"ListItem","position":2,"name":"Carnet rose : S\u00e9zane lance sa collection pour enfants \u00ab Petit S\u00e9zane \u00bb"}]},{"@type":"WebSite","@id":"https:\/\/www.elle.lu\/fr\/#website","url":"https:\/\/www.elle.lu\/fr\/","name":"ELLE.lu","description":"Explorez les derni\u00e8res tendances mode, beaut\u00e9 et art de vivre au Luxembourg sur ELLE.lu. Un contenu exclusivement luxembourgeois sur notre site, r\u00e9seaux sociaux et YouTube.","potentialAction":[{"@type":"SearchAction","target":{"@type":"EntryPoint","urlTemplate":"https:\/\/www.elle.lu\/fr\/?s={search_term_string}"},"query-input":{"@type":"PropertyValueSpecification","valueRequired":true,"valueName":"search_term_string"}}],"inLanguage":"fr-FR"},{"@type":"Person","@id":"https:\/\/www.elle.lu\/fr\/#\/schema\/person\/27c93a49ef3c7ceae5759724c4df6a2d","name":"Alina Golovkova","image":{"@type":"ImageObject","inLanguage":"fr-FR","@id":"https:\/\/secure.gravatar.com\/avatar\/3f4bfd28cd9046938e847cdc8cc0a83235141f643541ed64fa5ff57c39c7f143?s=96&d=mm&r=g","url":"https:\/\/secure.gravatar.com\/avatar\/3f4bfd28cd9046938e847cdc8cc0a83235141f643541ed64fa5ff57c39c7f143?s=96&d=mm&r=g","contentUrl":"https:\/\/secure.gravatar.com\/avatar\/3f4bfd28cd9046938e847cdc8cc0a83235141f643541ed64fa5ff57c39c7f143?s=96&d=mm&r=g","caption":"Alina Golovkova"},"url":"https:\/\/www.elle.lu\/fr\/author\/alina-golovkova"}]}},"jetpack_featured_media_url":"https:\/\/www.elle.lu\/fr\/wp-content\/uploads\/2024\/09\/petit-sezane-lifestyle-credits-sezane.png","jetpack_sharing_enabled":true,"_links":{"self":[{"href":"https:\/\/www.elle.lu\/fr\/wp-json\/wp\/v2\/posts\/2477","targetHints":{"allow":["GET"]}}],"collection":[{"href":"https:\/\/www.elle.lu\/fr\/wp-json\/wp\/v2\/posts"}],"about":[{"href":"https:\/\/www.elle.lu\/fr\/wp-json\/wp\/v2\/types\/post"}],"author":[{"embeddable":true,"href":"https:\/\/www.elle.lu\/fr\/wp-json\/wp\/v2\/users\/27"}],"replies":[{"embeddable":true,"href":"https:\/\/www.elle.lu\/fr\/wp-json\/wp\/v2\/comments?post=2477"}],"version-history":[{"count":1,"href":"https:\/\/www.elle.lu\/fr\/wp-json\/wp\/v2\/posts\/2477\/revisions"}],"predecessor-version":[{"id":2485,"href":"https:\/\/www.elle.lu\/fr\/wp-json\/wp\/v2\/posts\/2477\/revisions\/2485"}],"wp:featuredmedia":[{"embeddable":true,"href":"https:\/\/www.elle.lu\/fr\/wp-json\/wp\/v2\/media\/2484"}],"wp:attachment":[{"href":"https:\/\/www.elle.lu\/fr\/wp-json\/wp\/v2\/media?parent=2477"}],"wp:term":[{"taxonomy":"category","embeddable":true,"href":"https:\/\/www.elle.lu\/fr\/wp-json\/wp\/v2\/categories?post=2477"},{"taxonomy":"post_tag","embeddable":true,"href":"https:\/\/www.elle.lu\/fr\/wp-json\/wp\/v2\/tags?post=2477"}],"curies":[{"name":"wp","href":"https:\/\/api.w.org\/{rel}","templated":true}]}}