{"id":2942,"date":"2024-10-05T07:00:55","date_gmt":"2024-10-05T05:00:55","guid":{"rendered":"https:\/\/www.elle.lu\/fr\/?p=2942"},"modified":"2025-10-02T17:31:45","modified_gmt":"2025-10-02T15:31:45","slug":"octobre-rose-sexualite-et-fertilite-avec-le-cancer-du-sein","status":"publish","type":"post","link":"https:\/\/www.elle.lu\/fr\/2942-octobre-rose-sexualite-et-fertilite-avec-le-cancer-du-sein.html","title":{"rendered":"Octobre Rose : sexualit\u00e9 et fertilit\u00e9 avec le cancer du sein"},"content":{"rendered":"","protected":false},"excerpt":{"rendered":"Chaque ann\u00e9e, Octobre Rose met en lumi\u00e8re la lutte contre le cancer du sein, un mois d\u00e9di\u00e9 \u00e0 la sensibilisation et au soutien des femmes touch\u00e9es par cette maladie.","protected":false},"author":11,"featured_media":2944,"comment_status":"open","ping_status":"open","sticky":false,"template":"","format":"standard","meta":{"_acf_changed":false,"_jetpack_memberships_contains_paid_content":false,"footnotes":""},"categories":[9,11],"tags":[180],"class_list":["post-2942","post","type-post","status-publish","format-standard","has-post-thumbnail","hentry","category-actu","category-sante","tag-octobre-rose"],"acf":[],"yoast_head":"<!-- This site is optimized with the Yoast SEO plugin v27.5 - https:\/\/yoast.com\/product\/yoast-seo-wordpress\/ -->\n<title>Octobre Rose : sexualit\u00e9 et fertilit\u00e9 avec le cancer du sein - ELLE.lu Luxembourg<\/title>\n<meta name=\"description\" content=\"Chaque ann\u00e9e, Octobre Rose met en lumi\u00e8re la lutte contre le cancer du sein, un mois d\u00e9di\u00e9 \u00e0 la sensibilisation et au soutien des femmes...\" \/>\n<meta name=\"robots\" content=\"index, follow, max-snippet:-1, max-image-preview:large, max-video-preview:-1\" \/>\n<link rel=\"canonical\" href=\"https:\/\/www.elle.lu\/fr\/2942-octobre-rose-sexualite-et-fertilite-avec-le-cancer-du-sein.html\" \/>\n<meta property=\"og:locale\" content=\"fr_FR\" \/>\n<meta property=\"og:type\" content=\"article\" \/>\n<meta property=\"og:title\" content=\"Octobre Rose : sexualit\u00e9 et fertilit\u00e9 avec le cancer du sein - ELLE.lu Luxembourg\" \/>\n<meta property=\"og:description\" content=\"Chaque ann\u00e9e, Octobre Rose met en lumi\u00e8re la lutte contre le cancer du sein, un mois d\u00e9di\u00e9 \u00e0 la sensibilisation et au soutien des femmes...\" \/>\n<meta property=\"og:url\" content=\"https:\/\/www.elle.lu\/fr\/2942-octobre-rose-sexualite-et-fertilite-avec-le-cancer-du-sein.html\" \/>\n<meta property=\"og:site_name\" content=\"ELLE.lu Luxembourg\" \/>\n<meta property=\"article:published_time\" content=\"2024-10-05T05:00:55+00:00\" \/>\n<meta property=\"article:modified_time\" content=\"2025-10-02T15:31:45+00:00\" \/>\n<meta property=\"og:image\" content=\"https:\/\/www.elle.lu\/fr\/wp-content\/uploads\/2024\/10\/amegah-octobre-rose-article-2-freepik.jpg\" \/>\n\t<meta property=\"og:image:width\" content=\"480\" \/>\n\t<meta property=\"og:image:height\" content=\"545\" \/>\n\t<meta property=\"og:image:type\" content=\"image\/jpeg\" \/>\n<meta name=\"author\" content=\"Delali Amegah\" \/>\n<meta name=\"twitter:card\" content=\"summary_large_image\" \/>\n<meta name=\"twitter:label1\" content=\"\u00c9crit par\" \/>\n\t<meta name=\"twitter:data1\" content=\"Delali Amegah\" \/>\n\t<meta name=\"twitter:label2\" content=\"Dur\u00e9e de lecture estim\u00e9e\" \/>\n\t<meta name=\"twitter:data2\" content=\"4 minutes\" \/>\n<script type=\"application\/ld+json\" class=\"yoast-schema-graph\">{\"@context\":\"https:\\\/\\\/schema.org\",\"@graph\":[{\"@type\":\"Article\",\"@id\":\"https:\\\/\\\/www.elle.lu\\\/fr\\\/2942-octobre-rose-sexualite-et-fertilite-avec-le-cancer-du-sein.html#article\",\"isPartOf\":{\"@id\":\"https:\\\/\\\/www.elle.lu\\\/fr\\\/2942-octobre-rose-sexualite-et-fertilite-avec-le-cancer-du-sein.html\"},\"author\":{\"name\":\"Delali Amegah\",\"@id\":\"https:\\\/\\\/www.elle.lu\\\/fr\\\/#\\\/schema\\\/person\\\/1aafd2ac01ca330e3fc2b29784df8862\"},\"headline\":\"Octobre Rose : sexualit\u00e9 et fertilit\u00e9 avec le cancer du sein\",\"datePublished\":\"2024-10-05T05:00:55+00:00\",\"dateModified\":\"2025-10-02T15:31:45+00:00\",\"mainEntityOfPage\":{\"@id\":\"https:\\\/\\\/www.elle.lu\\\/fr\\\/2942-octobre-rose-sexualite-et-fertilite-avec-le-cancer-du-sein.html\"},\"wordCount\":753,\"commentCount\":0,\"image\":{\"@id\":\"https:\\\/\\\/www.elle.lu\\\/fr\\\/2942-octobre-rose-sexualite-et-fertilite-avec-le-cancer-du-sein.html#primaryimage\"},\"thumbnailUrl\":\"https:\\\/\\\/www.elle.lu\\\/fr\\\/wp-content\\\/uploads\\\/2024\\\/10\\\/amegah-octobre-rose-article-2-freepik.jpg\",\"keywords\":[\"Octobre Rose\"],\"articleSection\":[\"Actu\",\"Sant\u00e9\"],\"inLanguage\":\"fr-FR\",\"potentialAction\":[{\"@type\":\"CommentAction\",\"name\":\"Comment\",\"target\":[\"https:\\\/\\\/www.elle.lu\\\/fr\\\/2942-octobre-rose-sexualite-et-fertilite-avec-le-cancer-du-sein.html#respond\"]}]},{\"@type\":\"WebPage\",\"@id\":\"https:\\\/\\\/www.elle.lu\\\/fr\\\/2942-octobre-rose-sexualite-et-fertilite-avec-le-cancer-du-sein.html\",\"url\":\"https:\\\/\\\/www.elle.lu\\\/fr\\\/2942-octobre-rose-sexualite-et-fertilite-avec-le-cancer-du-sein.html\",\"name\":\"Octobre Rose : sexualit\u00e9 et fertilit\u00e9 avec le cancer du sein - ELLE.lu Luxembourg\",\"isPartOf\":{\"@id\":\"https:\\\/\\\/www.elle.lu\\\/fr\\\/#website\"},\"primaryImageOfPage\":{\"@id\":\"https:\\\/\\\/www.elle.lu\\\/fr\\\/2942-octobre-rose-sexualite-et-fertilite-avec-le-cancer-du-sein.html#primaryimage\"},\"image\":{\"@id\":\"https:\\\/\\\/www.elle.lu\\\/fr\\\/2942-octobre-rose-sexualite-et-fertilite-avec-le-cancer-du-sein.html#primaryimage\"},\"thumbnailUrl\":\"https:\\\/\\\/www.elle.lu\\\/fr\\\/wp-content\\\/uploads\\\/2024\\\/10\\\/amegah-octobre-rose-article-2-freepik.jpg\",\"datePublished\":\"2024-10-05T05:00:55+00:00\",\"dateModified\":\"2025-10-02T15:31:45+00:00\",\"author\":{\"@id\":\"https:\\\/\\\/www.elle.lu\\\/fr\\\/#\\\/schema\\\/person\\\/1aafd2ac01ca330e3fc2b29784df8862\"},\"description\":\"Chaque ann\u00e9e, Octobre Rose met en lumi\u00e8re la lutte contre le cancer du sein, un mois d\u00e9di\u00e9 \u00e0 la sensibilisation et au soutien des femmes...\",\"breadcrumb\":{\"@id\":\"https:\\\/\\\/www.elle.lu\\\/fr\\\/2942-octobre-rose-sexualite-et-fertilite-avec-le-cancer-du-sein.html#breadcrumb\"},\"inLanguage\":\"fr-FR\",\"potentialAction\":[{\"@type\":\"ReadAction\",\"target\":[\"https:\\\/\\\/www.elle.lu\\\/fr\\\/2942-octobre-rose-sexualite-et-fertilite-avec-le-cancer-du-sein.html\"]}]},{\"@type\":\"ImageObject\",\"inLanguage\":\"fr-FR\",\"@id\":\"https:\\\/\\\/www.elle.lu\\\/fr\\\/2942-octobre-rose-sexualite-et-fertilite-avec-le-cancer-du-sein.html#primaryimage\",\"url\":\"https:\\\/\\\/www.elle.lu\\\/fr\\\/wp-content\\\/uploads\\\/2024\\\/10\\\/amegah-octobre-rose-article-2-freepik.jpg\",\"contentUrl\":\"https:\\\/\\\/www.elle.lu\\\/fr\\\/wp-content\\\/uploads\\\/2024\\\/10\\\/amegah-octobre-rose-article-2-freepik.jpg\",\"width\":480,\"height\":545,\"caption\":\"\u00a9 Freepik\"},{\"@type\":\"BreadcrumbList\",\"@id\":\"https:\\\/\\\/www.elle.lu\\\/fr\\\/2942-octobre-rose-sexualite-et-fertilite-avec-le-cancer-du-sein.html#breadcrumb\",\"itemListElement\":[{\"@type\":\"ListItem\",\"position\":1,\"name\":\"Accueil\",\"item\":\"https:\\\/\\\/www.elle.lu\\\/fr\"},{\"@type\":\"ListItem\",\"position\":2,\"name\":\"Octobre Rose : sexualit\u00e9 et fertilit\u00e9 avec le cancer du sein\"}]},{\"@type\":\"WebSite\",\"@id\":\"https:\\\/\\\/www.elle.lu\\\/fr\\\/#website\",\"url\":\"https:\\\/\\\/www.elle.lu\\\/fr\\\/\",\"name\":\"ELLE.lu\",\"description\":\"Explorez les derni\u00e8res tendances mode, beaut\u00e9 et art de vivre au Luxembourg sur ELLE.lu. Un contenu exclusivement luxembourgeois sur notre site, r\u00e9seaux sociaux et YouTube.\",\"potentialAction\":[{\"@type\":\"SearchAction\",\"target\":{\"@type\":\"EntryPoint\",\"urlTemplate\":\"https:\\\/\\\/www.elle.lu\\\/fr\\\/?s={search_term_string}\"},\"query-input\":{\"@type\":\"PropertyValueSpecification\",\"valueRequired\":true,\"valueName\":\"search_term_string\"}}],\"inLanguage\":\"fr-FR\"},{\"@type\":\"Person\",\"@id\":\"https:\\\/\\\/www.elle.lu\\\/fr\\\/#\\\/schema\\\/person\\\/1aafd2ac01ca330e3fc2b29784df8862\",\"name\":\"Delali Amegah\",\"image\":{\"@type\":\"ImageObject\",\"inLanguage\":\"fr-FR\",\"@id\":\"https:\\\/\\\/secure.gravatar.com\\\/avatar\\\/4bba6a17c99e289f5d54dfc2be6268cb23719c63a3df10440a4724a7cf90f659?s=96&d=mm&r=g\",\"url\":\"https:\\\/\\\/secure.gravatar.com\\\/avatar\\\/4bba6a17c99e289f5d54dfc2be6268cb23719c63a3df10440a4724a7cf90f659?s=96&d=mm&r=g\",\"contentUrl\":\"https:\\\/\\\/secure.gravatar.com\\\/avatar\\\/4bba6a17c99e289f5d54dfc2be6268cb23719c63a3df10440a4724a7cf90f659?s=96&d=mm&r=g\",\"caption\":\"Delali Amegah\"},\"url\":\"https:\\\/\\\/www.elle.lu\\\/fr\\\/author\\\/delali-amegah\"}]}<\/script>\n<!-- \/ Yoast SEO plugin. -->","yoast_head_json":{"title":"Octobre Rose : sexualit\u00e9 et fertilit\u00e9 avec le cancer du sein - ELLE.lu Luxembourg","description":"Chaque ann\u00e9e, Octobre Rose met en lumi\u00e8re la lutte contre le cancer du sein, un mois d\u00e9di\u00e9 \u00e0 la sensibilisation et au soutien des femmes...","robots":{"index":"index","follow":"follow","max-snippet":"max-snippet:-1","max-image-preview":"max-image-preview:large","max-video-preview":"max-video-preview:-1"},"canonical":"https:\/\/www.elle.lu\/fr\/2942-octobre-rose-sexualite-et-fertilite-avec-le-cancer-du-sein.html","og_locale":"fr_FR","og_type":"article","og_title":"Octobre Rose : sexualit\u00e9 et fertilit\u00e9 avec le cancer du sein - ELLE.lu Luxembourg","og_description":"Chaque ann\u00e9e, Octobre Rose met en lumi\u00e8re la lutte contre le cancer du sein, un mois d\u00e9di\u00e9 \u00e0 la sensibilisation et au soutien des femmes...","og_url":"https:\/\/www.elle.lu\/fr\/2942-octobre-rose-sexualite-et-fertilite-avec-le-cancer-du-sein.html","og_site_name":"ELLE.lu Luxembourg","article_published_time":"2024-10-05T05:00:55+00:00","article_modified_time":"2025-10-02T15:31:45+00:00","og_image":[{"width":480,"height":545,"url":"https:\/\/www.elle.lu\/fr\/wp-content\/uploads\/2024\/10\/amegah-octobre-rose-article-2-freepik.jpg","type":"image\/jpeg"}],"author":"Delali Amegah","twitter_card":"summary_large_image","twitter_misc":{"\u00c9crit par":"Delali Amegah","Dur\u00e9e de lecture estim\u00e9e":"4 minutes"},"schema":{"@context":"https:\/\/schema.org","@graph":[{"@type":"Article","@id":"https:\/\/www.elle.lu\/fr\/2942-octobre-rose-sexualite-et-fertilite-avec-le-cancer-du-sein.html#article","isPartOf":{"@id":"https:\/\/www.elle.lu\/fr\/2942-octobre-rose-sexualite-et-fertilite-avec-le-cancer-du-sein.html"},"author":{"name":"Delali Amegah","@id":"https:\/\/www.elle.lu\/fr\/#\/schema\/person\/1aafd2ac01ca330e3fc2b29784df8862"},"headline":"Octobre Rose : sexualit\u00e9 et fertilit\u00e9 avec le cancer du sein","datePublished":"2024-10-05T05:00:55+00:00","dateModified":"2025-10-02T15:31:45+00:00","mainEntityOfPage":{"@id":"https:\/\/www.elle.lu\/fr\/2942-octobre-rose-sexualite-et-fertilite-avec-le-cancer-du-sein.html"},"wordCount":753,"commentCount":0,"image":{"@id":"https:\/\/www.elle.lu\/fr\/2942-octobre-rose-sexualite-et-fertilite-avec-le-cancer-du-sein.html#primaryimage"},"thumbnailUrl":"https:\/\/www.elle.lu\/fr\/wp-content\/uploads\/2024\/10\/amegah-octobre-rose-article-2-freepik.jpg","keywords":["Octobre Rose"],"articleSection":["Actu","Sant\u00e9"],"inLanguage":"fr-FR","potentialAction":[{"@type":"CommentAction","name":"Comment","target":["https:\/\/www.elle.lu\/fr\/2942-octobre-rose-sexualite-et-fertilite-avec-le-cancer-du-sein.html#respond"]}]},{"@type":"WebPage","@id":"https:\/\/www.elle.lu\/fr\/2942-octobre-rose-sexualite-et-fertilite-avec-le-cancer-du-sein.html","url":"https:\/\/www.elle.lu\/fr\/2942-octobre-rose-sexualite-et-fertilite-avec-le-cancer-du-sein.html","name":"Octobre Rose : sexualit\u00e9 et fertilit\u00e9 avec le cancer du sein - ELLE.lu Luxembourg","isPartOf":{"@id":"https:\/\/www.elle.lu\/fr\/#website"},"primaryImageOfPage":{"@id":"https:\/\/www.elle.lu\/fr\/2942-octobre-rose-sexualite-et-fertilite-avec-le-cancer-du-sein.html#primaryimage"},"image":{"@id":"https:\/\/www.elle.lu\/fr\/2942-octobre-rose-sexualite-et-fertilite-avec-le-cancer-du-sein.html#primaryimage"},"thumbnailUrl":"https:\/\/www.elle.lu\/fr\/wp-content\/uploads\/2024\/10\/amegah-octobre-rose-article-2-freepik.jpg","datePublished":"2024-10-05T05:00:55+00:00","dateModified":"2025-10-02T15:31:45+00:00","author":{"@id":"https:\/\/www.elle.lu\/fr\/#\/schema\/person\/1aafd2ac01ca330e3fc2b29784df8862"},"description":"Chaque ann\u00e9e, Octobre Rose met en lumi\u00e8re la lutte contre le cancer du sein, un mois d\u00e9di\u00e9 \u00e0 la sensibilisation et au soutien des femmes...","breadcrumb":{"@id":"https:\/\/www.elle.lu\/fr\/2942-octobre-rose-sexualite-et-fertilite-avec-le-cancer-du-sein.html#breadcrumb"},"inLanguage":"fr-FR","potentialAction":[{"@type":"ReadAction","target":["https:\/\/www.elle.lu\/fr\/2942-octobre-rose-sexualite-et-fertilite-avec-le-cancer-du-sein.html"]}]},{"@type":"ImageObject","inLanguage":"fr-FR","@id":"https:\/\/www.elle.lu\/fr\/2942-octobre-rose-sexualite-et-fertilite-avec-le-cancer-du-sein.html#primaryimage","url":"https:\/\/www.elle.lu\/fr\/wp-content\/uploads\/2024\/10\/amegah-octobre-rose-article-2-freepik.jpg","contentUrl":"https:\/\/www.elle.lu\/fr\/wp-content\/uploads\/2024\/10\/amegah-octobre-rose-article-2-freepik.jpg","width":480,"height":545,"caption":"\u00a9 Freepik"},{"@type":"BreadcrumbList","@id":"https:\/\/www.elle.lu\/fr\/2942-octobre-rose-sexualite-et-fertilite-avec-le-cancer-du-sein.html#breadcrumb","itemListElement":[{"@type":"ListItem","position":1,"name":"Accueil","item":"https:\/\/www.elle.lu\/fr"},{"@type":"ListItem","position":2,"name":"Octobre Rose : sexualit\u00e9 et fertilit\u00e9 avec le cancer du sein"}]},{"@type":"WebSite","@id":"https:\/\/www.elle.lu\/fr\/#website","url":"https:\/\/www.elle.lu\/fr\/","name":"ELLE.lu","description":"Explorez les derni\u00e8res tendances mode, beaut\u00e9 et art de vivre au Luxembourg sur ELLE.lu. Un contenu exclusivement luxembourgeois sur notre site, r\u00e9seaux sociaux et YouTube.","potentialAction":[{"@type":"SearchAction","target":{"@type":"EntryPoint","urlTemplate":"https:\/\/www.elle.lu\/fr\/?s={search_term_string}"},"query-input":{"@type":"PropertyValueSpecification","valueRequired":true,"valueName":"search_term_string"}}],"inLanguage":"fr-FR"},{"@type":"Person","@id":"https:\/\/www.elle.lu\/fr\/#\/schema\/person\/1aafd2ac01ca330e3fc2b29784df8862","name":"Delali Amegah","image":{"@type":"ImageObject","inLanguage":"fr-FR","@id":"https:\/\/secure.gravatar.com\/avatar\/4bba6a17c99e289f5d54dfc2be6268cb23719c63a3df10440a4724a7cf90f659?s=96&d=mm&r=g","url":"https:\/\/secure.gravatar.com\/avatar\/4bba6a17c99e289f5d54dfc2be6268cb23719c63a3df10440a4724a7cf90f659?s=96&d=mm&r=g","contentUrl":"https:\/\/secure.gravatar.com\/avatar\/4bba6a17c99e289f5d54dfc2be6268cb23719c63a3df10440a4724a7cf90f659?s=96&d=mm&r=g","caption":"Delali Amegah"},"url":"https:\/\/www.elle.lu\/fr\/author\/delali-amegah"}]}},"jetpack_featured_media_url":"https:\/\/www.elle.lu\/fr\/wp-content\/uploads\/2024\/10\/amegah-octobre-rose-article-2-freepik.jpg","jetpack_sharing_enabled":true,"_links":{"self":[{"href":"https:\/\/www.elle.lu\/fr\/wp-json\/wp\/v2\/posts\/2942","targetHints":{"allow":["GET"]}}],"collection":[{"href":"https:\/\/www.elle.lu\/fr\/wp-json\/wp\/v2\/posts"}],"about":[{"href":"https:\/\/www.elle.lu\/fr\/wp-json\/wp\/v2\/types\/post"}],"author":[{"embeddable":true,"href":"https:\/\/www.elle.lu\/fr\/wp-json\/wp\/v2\/users\/11"}],"replies":[{"embeddable":true,"href":"https:\/\/www.elle.lu\/fr\/wp-json\/wp\/v2\/comments?post=2942"}],"version-history":[{"count":4,"href":"https:\/\/www.elle.lu\/fr\/wp-json\/wp\/v2\/posts\/2942\/revisions"}],"predecessor-version":[{"id":2959,"href":"https:\/\/www.elle.lu\/fr\/wp-json\/wp\/v2\/posts\/2942\/revisions\/2959"}],"wp:featuredmedia":[{"embeddable":true,"href":"https:\/\/www.elle.lu\/fr\/wp-json\/wp\/v2\/media\/2944"}],"wp:attachment":[{"href":"https:\/\/www.elle.lu\/fr\/wp-json\/wp\/v2\/media?parent=2942"}],"wp:term":[{"taxonomy":"category","embeddable":true,"href":"https:\/\/www.elle.lu\/fr\/wp-json\/wp\/v2\/categories?post=2942"},{"taxonomy":"post_tag","embeddable":true,"href":"https:\/\/www.elle.lu\/fr\/wp-json\/wp\/v2\/tags?post=2942"}],"curies":[{"name":"wp","href":"https:\/\/api.w.org\/{rel}","templated":true}]}}