{"id":3034,"date":"2024-10-25T07:00:51","date_gmt":"2024-10-25T05:00:51","guid":{"rendered":"https:\/\/www.elle.lu\/fr\/?p=3034"},"modified":"2024-10-24T07:01:59","modified_gmt":"2024-10-24T05:01:59","slug":"quels-sont-les-effets-nefastes-du-stress-sur-la-peau","status":"publish","type":"post","link":"https:\/\/www.elle.lu\/fr\/3034-quels-sont-les-effets-nefastes-du-stress-sur-la-peau.html","title":{"rendered":"Quels sont les effets n\u00e9fastes du stress sur la peau ?"},"content":{"rendered":"","protected":false},"excerpt":{"rendered":"Entre le travail, les engagements familiaux et sociaux, les t\u00e2ches domestiques, les trajets quotidiens et les nuits \u00e9court\u00e9es \u2013 merci les kids \u2013, notre peau, miroir de nos \u00e9motions et de notre sant\u00e9, se trouve expos\u00e9e aux assauts r\u00e9p\u00e9t\u00e9s du stress et de la fatigue.","protected":false},"author":18,"featured_media":3035,"comment_status":"open","ping_status":"open","sticky":false,"template":"","format":"standard","meta":{"_acf_changed":false,"_jetpack_memberships_contains_paid_content":false,"footnotes":""},"categories":[3],"tags":[],"class_list":["post-3034","post","type-post","status-publish","format-standard","has-post-thumbnail","hentry","category-beaute"],"acf":[],"yoast_head":"<!-- This site is optimized with the Yoast SEO plugin v27.5 - https:\/\/yoast.com\/product\/yoast-seo-wordpress\/ -->\n<title>Quels sont les effets n\u00e9fastes du stress sur la peau ? - ELLE.lu Luxembourg<\/title>\n<meta name=\"description\" content=\"Entre le travail, les engagements familiaux et sociaux, les t\u00e2ches domestiques, les trajets quotidiens et les nuits \u00e9court\u00e9es...\" \/>\n<meta name=\"robots\" content=\"index, follow, max-snippet:-1, max-image-preview:large, max-video-preview:-1\" \/>\n<link rel=\"canonical\" href=\"https:\/\/www.elle.be\/fr\/420575-quels-sont-les-effets-nefastes-du-stress-sur-la-peau.html\" \/>\n<meta property=\"og:locale\" content=\"fr_FR\" \/>\n<meta property=\"og:type\" content=\"article\" \/>\n<meta property=\"og:title\" content=\"Quels sont les effets n\u00e9fastes du stress sur la peau ? - ELLE.lu Luxembourg\" \/>\n<meta property=\"og:description\" content=\"Entre le travail, les engagements familiaux et sociaux, les t\u00e2ches domestiques, les trajets quotidiens et les nuits \u00e9court\u00e9es...\" \/>\n<meta property=\"og:url\" content=\"https:\/\/www.elle.be\/fr\/420575-quels-sont-les-effets-nefastes-du-stress-sur-la-peau.html\" \/>\n<meta property=\"og:site_name\" content=\"ELLE.lu Luxembourg\" \/>\n<meta property=\"article:published_time\" content=\"2024-10-25T05:00:51+00:00\" \/>\n<meta property=\"og:image\" content=\"https:\/\/www.elle.lu\/fr\/wp-content\/uploads\/2024\/10\/shutterstock-2133125739jpg.webp\" \/>\n\t<meta property=\"og:image:width\" content=\"480\" \/>\n\t<meta property=\"og:image:height\" content=\"545\" \/>\n\t<meta property=\"og:image:type\" content=\"image\/webp\" \/>\n<meta name=\"author\" content=\"Marie-No\u00eblle Vekemans\" \/>\n<meta name=\"twitter:card\" content=\"summary_large_image\" \/>\n<meta name=\"twitter:label1\" content=\"\u00c9crit par\" \/>\n\t<meta name=\"twitter:data1\" content=\"Marie-No\u00eblle Vekemans\" \/>\n\t<meta name=\"twitter:label2\" content=\"Dur\u00e9e de lecture estim\u00e9e\" \/>\n\t<meta name=\"twitter:data2\" content=\"3 minutes\" \/>\n<script type=\"application\/ld+json\" class=\"yoast-schema-graph\">{\"@context\":\"https:\\\/\\\/schema.org\",\"@graph\":[{\"@type\":\"Article\",\"@id\":\"https:\\\/\\\/www.elle.be\\\/fr\\\/420575-quels-sont-les-effets-nefastes-du-stress-sur-la-peau.html#article\",\"isPartOf\":{\"@id\":\"https:\\\/\\\/www.elle.lu\\\/fr\\\/3034-quels-sont-les-effets-nefastes-du-stress-sur-la-peau.html\"},\"author\":{\"name\":\"Marie-No\u00eblle Vekemans\",\"@id\":\"https:\\\/\\\/www.elle.lu\\\/fr\\\/#\\\/schema\\\/person\\\/e5b48b7000abac0faea87fde118b6ced\"},\"headline\":\"Quels sont les effets n\u00e9fastes du stress sur la peau ?\",\"datePublished\":\"2024-10-25T05:00:51+00:00\",\"mainEntityOfPage\":{\"@id\":\"https:\\\/\\\/www.elle.lu\\\/fr\\\/3034-quels-sont-les-effets-nefastes-du-stress-sur-la-peau.html\"},\"wordCount\":443,\"commentCount\":0,\"image\":{\"@id\":\"https:\\\/\\\/www.elle.be\\\/fr\\\/420575-quels-sont-les-effets-nefastes-du-stress-sur-la-peau.html#primaryimage\"},\"thumbnailUrl\":\"https:\\\/\\\/www.elle.lu\\\/fr\\\/wp-content\\\/uploads\\\/2024\\\/10\\\/shutterstock-2133125739jpg.webp\",\"articleSection\":[\"Beaut\u00e9\"],\"inLanguage\":\"fr-FR\",\"potentialAction\":[{\"@type\":\"CommentAction\",\"name\":\"Comment\",\"target\":[\"https:\\\/\\\/www.elle.be\\\/fr\\\/420575-quels-sont-les-effets-nefastes-du-stress-sur-la-peau.html#respond\"]}]},{\"@type\":\"WebPage\",\"@id\":\"https:\\\/\\\/www.elle.lu\\\/fr\\\/3034-quels-sont-les-effets-nefastes-du-stress-sur-la-peau.html\",\"url\":\"https:\\\/\\\/www.elle.be\\\/fr\\\/420575-quels-sont-les-effets-nefastes-du-stress-sur-la-peau.html\",\"name\":\"Quels sont les effets n\u00e9fastes du stress sur la peau ? - ELLE.lu Luxembourg\",\"isPartOf\":{\"@id\":\"https:\\\/\\\/www.elle.lu\\\/fr\\\/#website\"},\"primaryImageOfPage\":{\"@id\":\"https:\\\/\\\/www.elle.be\\\/fr\\\/420575-quels-sont-les-effets-nefastes-du-stress-sur-la-peau.html#primaryimage\"},\"image\":{\"@id\":\"https:\\\/\\\/www.elle.be\\\/fr\\\/420575-quels-sont-les-effets-nefastes-du-stress-sur-la-peau.html#primaryimage\"},\"thumbnailUrl\":\"https:\\\/\\\/www.elle.lu\\\/fr\\\/wp-content\\\/uploads\\\/2024\\\/10\\\/shutterstock-2133125739jpg.webp\",\"datePublished\":\"2024-10-25T05:00:51+00:00\",\"author\":{\"@id\":\"https:\\\/\\\/www.elle.lu\\\/fr\\\/#\\\/schema\\\/person\\\/e5b48b7000abac0faea87fde118b6ced\"},\"description\":\"Entre le travail, les engagements familiaux et sociaux, les t\u00e2ches domestiques, les trajets quotidiens et les nuits \u00e9court\u00e9es...\",\"breadcrumb\":{\"@id\":\"https:\\\/\\\/www.elle.be\\\/fr\\\/420575-quels-sont-les-effets-nefastes-du-stress-sur-la-peau.html#breadcrumb\"},\"inLanguage\":\"fr-FR\",\"potentialAction\":[{\"@type\":\"ReadAction\",\"target\":[\"https:\\\/\\\/www.elle.be\\\/fr\\\/420575-quels-sont-les-effets-nefastes-du-stress-sur-la-peau.html\"]}]},{\"@type\":\"ImageObject\",\"inLanguage\":\"fr-FR\",\"@id\":\"https:\\\/\\\/www.elle.be\\\/fr\\\/420575-quels-sont-les-effets-nefastes-du-stress-sur-la-peau.html#primaryimage\",\"url\":\"https:\\\/\\\/www.elle.lu\\\/fr\\\/wp-content\\\/uploads\\\/2024\\\/10\\\/shutterstock-2133125739jpg.webp\",\"contentUrl\":\"https:\\\/\\\/www.elle.lu\\\/fr\\\/wp-content\\\/uploads\\\/2024\\\/10\\\/shutterstock-2133125739jpg.webp\",\"width\":480,\"height\":545,\"caption\":\"\u00a9 Shutterstock\"},{\"@type\":\"BreadcrumbList\",\"@id\":\"https:\\\/\\\/www.elle.be\\\/fr\\\/420575-quels-sont-les-effets-nefastes-du-stress-sur-la-peau.html#breadcrumb\",\"itemListElement\":[{\"@type\":\"ListItem\",\"position\":1,\"name\":\"Accueil\",\"item\":\"https:\\\/\\\/www.elle.lu\\\/fr\"},{\"@type\":\"ListItem\",\"position\":2,\"name\":\"Quels sont les effets n\u00e9fastes du stress sur la peau ?\"}]},{\"@type\":\"WebSite\",\"@id\":\"https:\\\/\\\/www.elle.lu\\\/fr\\\/#website\",\"url\":\"https:\\\/\\\/www.elle.lu\\\/fr\\\/\",\"name\":\"ELLE.lu\",\"description\":\"Explorez les derni\u00e8res tendances mode, beaut\u00e9 et art de vivre au Luxembourg sur ELLE.lu. Un contenu exclusivement luxembourgeois sur notre site, r\u00e9seaux sociaux et YouTube.\",\"potentialAction\":[{\"@type\":\"SearchAction\",\"target\":{\"@type\":\"EntryPoint\",\"urlTemplate\":\"https:\\\/\\\/www.elle.lu\\\/fr\\\/?s={search_term_string}\"},\"query-input\":{\"@type\":\"PropertyValueSpecification\",\"valueRequired\":true,\"valueName\":\"search_term_string\"}}],\"inLanguage\":\"fr-FR\"},{\"@type\":\"Person\",\"@id\":\"https:\\\/\\\/www.elle.lu\\\/fr\\\/#\\\/schema\\\/person\\\/e5b48b7000abac0faea87fde118b6ced\",\"name\":\"Marie-No\u00eblle Vekemans\",\"image\":{\"@type\":\"ImageObject\",\"inLanguage\":\"fr-FR\",\"@id\":\"https:\\\/\\\/secure.gravatar.com\\\/avatar\\\/8dd5b77017891c277880adbdbd04ba7cb4daea17796469fb996df567fefea764?s=96&d=mm&r=g\",\"url\":\"https:\\\/\\\/secure.gravatar.com\\\/avatar\\\/8dd5b77017891c277880adbdbd04ba7cb4daea17796469fb996df567fefea764?s=96&d=mm&r=g\",\"contentUrl\":\"https:\\\/\\\/secure.gravatar.com\\\/avatar\\\/8dd5b77017891c277880adbdbd04ba7cb4daea17796469fb996df567fefea764?s=96&d=mm&r=g\",\"caption\":\"Marie-No\u00eblle Vekemans\"},\"url\":\"https:\\\/\\\/www.elle.lu\\\/fr\\\/author\\\/marie-noelle-vekemans\"}]}<\/script>\n<!-- \/ Yoast SEO plugin. -->","yoast_head_json":{"title":"Quels sont les effets n\u00e9fastes du stress sur la peau ? - ELLE.lu Luxembourg","description":"Entre le travail, les engagements familiaux et sociaux, les t\u00e2ches domestiques, les trajets quotidiens et les nuits \u00e9court\u00e9es...","robots":{"index":"index","follow":"follow","max-snippet":"max-snippet:-1","max-image-preview":"max-image-preview:large","max-video-preview":"max-video-preview:-1"},"canonical":"https:\/\/www.elle.be\/fr\/420575-quels-sont-les-effets-nefastes-du-stress-sur-la-peau.html","og_locale":"fr_FR","og_type":"article","og_title":"Quels sont les effets n\u00e9fastes du stress sur la peau ? - ELLE.lu Luxembourg","og_description":"Entre le travail, les engagements familiaux et sociaux, les t\u00e2ches domestiques, les trajets quotidiens et les nuits \u00e9court\u00e9es...","og_url":"https:\/\/www.elle.be\/fr\/420575-quels-sont-les-effets-nefastes-du-stress-sur-la-peau.html","og_site_name":"ELLE.lu Luxembourg","article_published_time":"2024-10-25T05:00:51+00:00","og_image":[{"width":480,"height":545,"url":"https:\/\/www.elle.lu\/fr\/wp-content\/uploads\/2024\/10\/shutterstock-2133125739jpg.webp","type":"image\/webp"}],"author":"Marie-No\u00eblle Vekemans","twitter_card":"summary_large_image","twitter_misc":{"\u00c9crit par":"Marie-No\u00eblle Vekemans","Dur\u00e9e de lecture estim\u00e9e":"3 minutes"},"schema":{"@context":"https:\/\/schema.org","@graph":[{"@type":"Article","@id":"https:\/\/www.elle.be\/fr\/420575-quels-sont-les-effets-nefastes-du-stress-sur-la-peau.html#article","isPartOf":{"@id":"https:\/\/www.elle.lu\/fr\/3034-quels-sont-les-effets-nefastes-du-stress-sur-la-peau.html"},"author":{"name":"Marie-No\u00eblle Vekemans","@id":"https:\/\/www.elle.lu\/fr\/#\/schema\/person\/e5b48b7000abac0faea87fde118b6ced"},"headline":"Quels sont les effets n\u00e9fastes du stress sur la peau ?","datePublished":"2024-10-25T05:00:51+00:00","mainEntityOfPage":{"@id":"https:\/\/www.elle.lu\/fr\/3034-quels-sont-les-effets-nefastes-du-stress-sur-la-peau.html"},"wordCount":443,"commentCount":0,"image":{"@id":"https:\/\/www.elle.be\/fr\/420575-quels-sont-les-effets-nefastes-du-stress-sur-la-peau.html#primaryimage"},"thumbnailUrl":"https:\/\/www.elle.lu\/fr\/wp-content\/uploads\/2024\/10\/shutterstock-2133125739jpg.webp","articleSection":["Beaut\u00e9"],"inLanguage":"fr-FR","potentialAction":[{"@type":"CommentAction","name":"Comment","target":["https:\/\/www.elle.be\/fr\/420575-quels-sont-les-effets-nefastes-du-stress-sur-la-peau.html#respond"]}]},{"@type":"WebPage","@id":"https:\/\/www.elle.lu\/fr\/3034-quels-sont-les-effets-nefastes-du-stress-sur-la-peau.html","url":"https:\/\/www.elle.be\/fr\/420575-quels-sont-les-effets-nefastes-du-stress-sur-la-peau.html","name":"Quels sont les effets n\u00e9fastes du stress sur la peau ? - ELLE.lu Luxembourg","isPartOf":{"@id":"https:\/\/www.elle.lu\/fr\/#website"},"primaryImageOfPage":{"@id":"https:\/\/www.elle.be\/fr\/420575-quels-sont-les-effets-nefastes-du-stress-sur-la-peau.html#primaryimage"},"image":{"@id":"https:\/\/www.elle.be\/fr\/420575-quels-sont-les-effets-nefastes-du-stress-sur-la-peau.html#primaryimage"},"thumbnailUrl":"https:\/\/www.elle.lu\/fr\/wp-content\/uploads\/2024\/10\/shutterstock-2133125739jpg.webp","datePublished":"2024-10-25T05:00:51+00:00","author":{"@id":"https:\/\/www.elle.lu\/fr\/#\/schema\/person\/e5b48b7000abac0faea87fde118b6ced"},"description":"Entre le travail, les engagements familiaux et sociaux, les t\u00e2ches domestiques, les trajets quotidiens et les nuits \u00e9court\u00e9es...","breadcrumb":{"@id":"https:\/\/www.elle.be\/fr\/420575-quels-sont-les-effets-nefastes-du-stress-sur-la-peau.html#breadcrumb"},"inLanguage":"fr-FR","potentialAction":[{"@type":"ReadAction","target":["https:\/\/www.elle.be\/fr\/420575-quels-sont-les-effets-nefastes-du-stress-sur-la-peau.html"]}]},{"@type":"ImageObject","inLanguage":"fr-FR","@id":"https:\/\/www.elle.be\/fr\/420575-quels-sont-les-effets-nefastes-du-stress-sur-la-peau.html#primaryimage","url":"https:\/\/www.elle.lu\/fr\/wp-content\/uploads\/2024\/10\/shutterstock-2133125739jpg.webp","contentUrl":"https:\/\/www.elle.lu\/fr\/wp-content\/uploads\/2024\/10\/shutterstock-2133125739jpg.webp","width":480,"height":545,"caption":"\u00a9 Shutterstock"},{"@type":"BreadcrumbList","@id":"https:\/\/www.elle.be\/fr\/420575-quels-sont-les-effets-nefastes-du-stress-sur-la-peau.html#breadcrumb","itemListElement":[{"@type":"ListItem","position":1,"name":"Accueil","item":"https:\/\/www.elle.lu\/fr"},{"@type":"ListItem","position":2,"name":"Quels sont les effets n\u00e9fastes du stress sur la peau ?"}]},{"@type":"WebSite","@id":"https:\/\/www.elle.lu\/fr\/#website","url":"https:\/\/www.elle.lu\/fr\/","name":"ELLE.lu","description":"Explorez les derni\u00e8res tendances mode, beaut\u00e9 et art de vivre au Luxembourg sur ELLE.lu. Un contenu exclusivement luxembourgeois sur notre site, r\u00e9seaux sociaux et YouTube.","potentialAction":[{"@type":"SearchAction","target":{"@type":"EntryPoint","urlTemplate":"https:\/\/www.elle.lu\/fr\/?s={search_term_string}"},"query-input":{"@type":"PropertyValueSpecification","valueRequired":true,"valueName":"search_term_string"}}],"inLanguage":"fr-FR"},{"@type":"Person","@id":"https:\/\/www.elle.lu\/fr\/#\/schema\/person\/e5b48b7000abac0faea87fde118b6ced","name":"Marie-No\u00eblle Vekemans","image":{"@type":"ImageObject","inLanguage":"fr-FR","@id":"https:\/\/secure.gravatar.com\/avatar\/8dd5b77017891c277880adbdbd04ba7cb4daea17796469fb996df567fefea764?s=96&d=mm&r=g","url":"https:\/\/secure.gravatar.com\/avatar\/8dd5b77017891c277880adbdbd04ba7cb4daea17796469fb996df567fefea764?s=96&d=mm&r=g","contentUrl":"https:\/\/secure.gravatar.com\/avatar\/8dd5b77017891c277880adbdbd04ba7cb4daea17796469fb996df567fefea764?s=96&d=mm&r=g","caption":"Marie-No\u00eblle Vekemans"},"url":"https:\/\/www.elle.lu\/fr\/author\/marie-noelle-vekemans"}]}},"jetpack_featured_media_url":"https:\/\/www.elle.lu\/fr\/wp-content\/uploads\/2024\/10\/shutterstock-2133125739jpg.webp","jetpack_sharing_enabled":true,"_links":{"self":[{"href":"https:\/\/www.elle.lu\/fr\/wp-json\/wp\/v2\/posts\/3034","targetHints":{"allow":["GET"]}}],"collection":[{"href":"https:\/\/www.elle.lu\/fr\/wp-json\/wp\/v2\/posts"}],"about":[{"href":"https:\/\/www.elle.lu\/fr\/wp-json\/wp\/v2\/types\/post"}],"author":[{"embeddable":true,"href":"https:\/\/www.elle.lu\/fr\/wp-json\/wp\/v2\/users\/18"}],"replies":[{"embeddable":true,"href":"https:\/\/www.elle.lu\/fr\/wp-json\/wp\/v2\/comments?post=3034"}],"version-history":[{"count":2,"href":"https:\/\/www.elle.lu\/fr\/wp-json\/wp\/v2\/posts\/3034\/revisions"}],"predecessor-version":[{"id":3043,"href":"https:\/\/www.elle.lu\/fr\/wp-json\/wp\/v2\/posts\/3034\/revisions\/3043"}],"wp:featuredmedia":[{"embeddable":true,"href":"https:\/\/www.elle.lu\/fr\/wp-json\/wp\/v2\/media\/3035"}],"wp:attachment":[{"href":"https:\/\/www.elle.lu\/fr\/wp-json\/wp\/v2\/media?parent=3034"}],"wp:term":[{"taxonomy":"category","embeddable":true,"href":"https:\/\/www.elle.lu\/fr\/wp-json\/wp\/v2\/categories?post=3034"},{"taxonomy":"post_tag","embeddable":true,"href":"https:\/\/www.elle.lu\/fr\/wp-json\/wp\/v2\/tags?post=3034"}],"curies":[{"name":"wp","href":"https:\/\/api.w.org\/{rel}","templated":true}]}}