{"id":3225,"date":"2024-11-15T07:00:30","date_gmt":"2024-11-15T06:00:30","guid":{"rendered":"https:\/\/www.elle.lu\/fr\/?p=3225"},"modified":"2024-11-15T09:33:02","modified_gmt":"2024-11-15T08:33:02","slug":"le-deuxieme-numero-du-elle-luxembourg-est-en-kiosques","status":"publish","type":"post","link":"https:\/\/www.elle.lu\/fr\/3225-le-deuxieme-numero-du-elle-luxembourg-est-en-kiosques.html","title":{"rendered":"Le deuxi\u00e8me num\u00e9ro du ELLE Luxembourg est en kiosques"},"content":{"rendered":"","protected":false},"excerpt":{"rendered":"Jouissons de notre chance d\u2019avancer dans nos vies en femmes libres, ma\u00eetresses de nos choix et de nos voix. ...","protected":false},"author":7,"featured_media":3237,"comment_status":"open","ping_status":"open","sticky":false,"template":"","format":"standard","meta":{"_acf_changed":false,"_jetpack_memberships_contains_paid_content":false,"footnotes":""},"categories":[3,9,12,2],"tags":[221,222,42],"class_list":["post-3225","post","type-post","status-publish","format-standard","has-post-thumbnail","hentry","category-beaute","category-actu","category-societe","category-mode","tag-elle","tag-khatia-buniatishvili","tag-elle-luxembourg"],"acf":[],"yoast_head":"<!-- This site is optimized with the Yoast SEO plugin v27.2 - https:\/\/yoast.com\/product\/yoast-seo-wordpress\/ -->\n<title>Le deuxi\u00e8me num\u00e9ro du ELLE Luxembourg est en kiosques - ELLE.lu Luxembourg<\/title>\n<meta name=\"description\" content=\"Le magazine ELLE Luxembourg est disponible dans les kiosques du Grand Duch\u00e9. Vous pouvez \u00e9galement suivre nos publications en ligne...\" \/>\n<meta name=\"robots\" content=\"index, follow, max-snippet:-1, max-image-preview:large, max-video-preview:-1\" \/>\n<link rel=\"canonical\" href=\"https:\/\/www.elle.lu\/fr\/3225-le-deuxieme-numero-du-elle-luxembourg-est-en-kiosques.html\" \/>\n<meta property=\"og:locale\" content=\"fr_FR\" \/>\n<meta property=\"og:type\" content=\"article\" \/>\n<meta property=\"og:title\" content=\"Le deuxi\u00e8me num\u00e9ro du ELLE Luxembourg est en kiosques - ELLE.lu Luxembourg\" \/>\n<meta property=\"og:description\" content=\"Le magazine ELLE Luxembourg est disponible dans les kiosques du Grand Duch\u00e9. Vous pouvez \u00e9galement suivre nos publications en ligne...\" \/>\n<meta property=\"og:url\" content=\"https:\/\/www.elle.lu\/fr\/3225-le-deuxieme-numero-du-elle-luxembourg-est-en-kiosques.html\" \/>\n<meta property=\"og:site_name\" content=\"ELLE.lu Luxembourg\" \/>\n<meta property=\"article:published_time\" content=\"2024-11-15T06:00:30+00:00\" \/>\n<meta property=\"article:modified_time\" content=\"2024-11-15T08:33:02+00:00\" \/>\n<meta property=\"og:image\" content=\"https:\/\/www.elle.lu\/fr\/wp-content\/uploads\/2024\/11\/elle-lux-002-cover-ir-hr-scaled.jpg\" \/>\n\t<meta property=\"og:image:width\" content=\"2255\" \/>\n\t<meta property=\"og:image:height\" content=\"2560\" \/>\n\t<meta property=\"og:image:type\" content=\"image\/jpeg\" \/>\n<meta name=\"author\" content=\"Marie-Ad\u00e9la\u00efde Leclercq-Olhagaray\" \/>\n<meta name=\"twitter:card\" content=\"summary_large_image\" \/>\n<meta name=\"twitter:label1\" content=\"\u00c9crit par\" \/>\n\t<meta name=\"twitter:data1\" content=\"Marie-Ad\u00e9la\u00efde Leclercq-Olhagaray\" \/>\n\t<meta name=\"twitter:label2\" content=\"Dur\u00e9e de lecture estim\u00e9e\" \/>\n\t<meta name=\"twitter:data2\" content=\"3 minutes\" \/>\n<script type=\"application\/ld+json\" class=\"yoast-schema-graph\">{\"@context\":\"https:\/\/schema.org\",\"@graph\":[{\"@type\":\"Article\",\"@id\":\"https:\/\/www.elle.lu\/fr\/3225-le-deuxieme-numero-du-elle-luxembourg-est-en-kiosques.html#article\",\"isPartOf\":{\"@id\":\"https:\/\/www.elle.lu\/fr\/3225-le-deuxieme-numero-du-elle-luxembourg-est-en-kiosques.html\"},\"author\":{\"name\":\"Marie-Ad\u00e9la\u00efde Leclercq-Olhagaray\",\"@id\":\"https:\/\/www.elle.lu\/fr\/#\/schema\/person\/61a608296a91f828865e6f8a37eaf28b\"},\"headline\":\"Le deuxi\u00e8me num\u00e9ro du ELLE Luxembourg est en kiosques\",\"datePublished\":\"2024-11-15T06:00:30+00:00\",\"dateModified\":\"2024-11-15T08:33:02+00:00\",\"mainEntityOfPage\":{\"@id\":\"https:\/\/www.elle.lu\/fr\/3225-le-deuxieme-numero-du-elle-luxembourg-est-en-kiosques.html\"},\"wordCount\":440,\"commentCount\":0,\"image\":{\"@id\":\"https:\/\/www.elle.lu\/fr\/3225-le-deuxieme-numero-du-elle-luxembourg-est-en-kiosques.html#primaryimage\"},\"thumbnailUrl\":\"https:\/\/www.elle.lu\/fr\/wp-content\/uploads\/2024\/11\/elle-lux-002-cover-ir-hr-scaled.jpg\",\"keywords\":[\"ELLE\",\"Khatia Buniatishvili\",\"ELLE Luxembourg\"],\"articleSection\":[\"Beaut\u00e9\",\"Actu\",\"Soci\u00e9t\u00e9\",\"Mode\"],\"inLanguage\":\"fr-FR\",\"potentialAction\":[{\"@type\":\"CommentAction\",\"name\":\"Comment\",\"target\":[\"https:\/\/www.elle.lu\/fr\/3225-le-deuxieme-numero-du-elle-luxembourg-est-en-kiosques.html#respond\"]}]},{\"@type\":\"WebPage\",\"@id\":\"https:\/\/www.elle.lu\/fr\/3225-le-deuxieme-numero-du-elle-luxembourg-est-en-kiosques.html\",\"url\":\"https:\/\/www.elle.lu\/fr\/3225-le-deuxieme-numero-du-elle-luxembourg-est-en-kiosques.html\",\"name\":\"Le deuxi\u00e8me num\u00e9ro du ELLE Luxembourg est en kiosques - ELLE.lu Luxembourg\",\"isPartOf\":{\"@id\":\"https:\/\/www.elle.lu\/fr\/#website\"},\"primaryImageOfPage\":{\"@id\":\"https:\/\/www.elle.lu\/fr\/3225-le-deuxieme-numero-du-elle-luxembourg-est-en-kiosques.html#primaryimage\"},\"image\":{\"@id\":\"https:\/\/www.elle.lu\/fr\/3225-le-deuxieme-numero-du-elle-luxembourg-est-en-kiosques.html#primaryimage\"},\"thumbnailUrl\":\"https:\/\/www.elle.lu\/fr\/wp-content\/uploads\/2024\/11\/elle-lux-002-cover-ir-hr-scaled.jpg\",\"datePublished\":\"2024-11-15T06:00:30+00:00\",\"dateModified\":\"2024-11-15T08:33:02+00:00\",\"author\":{\"@id\":\"https:\/\/www.elle.lu\/fr\/#\/schema\/person\/61a608296a91f828865e6f8a37eaf28b\"},\"description\":\"Le magazine ELLE Luxembourg est disponible dans les kiosques du Grand Duch\u00e9. Vous pouvez \u00e9galement suivre nos publications en ligne...\",\"breadcrumb\":{\"@id\":\"https:\/\/www.elle.lu\/fr\/3225-le-deuxieme-numero-du-elle-luxembourg-est-en-kiosques.html#breadcrumb\"},\"inLanguage\":\"fr-FR\",\"potentialAction\":[{\"@type\":\"ReadAction\",\"target\":[\"https:\/\/www.elle.lu\/fr\/3225-le-deuxieme-numero-du-elle-luxembourg-est-en-kiosques.html\"]}]},{\"@type\":\"ImageObject\",\"inLanguage\":\"fr-FR\",\"@id\":\"https:\/\/www.elle.lu\/fr\/3225-le-deuxieme-numero-du-elle-luxembourg-est-en-kiosques.html#primaryimage\",\"url\":\"https:\/\/www.elle.lu\/fr\/wp-content\/uploads\/2024\/11\/elle-lux-002-cover-ir-hr-scaled.jpg\",\"contentUrl\":\"https:\/\/www.elle.lu\/fr\/wp-content\/uploads\/2024\/11\/elle-lux-002-cover-ir-hr-scaled.jpg\",\"width\":2255,\"height\":2560},{\"@type\":\"BreadcrumbList\",\"@id\":\"https:\/\/www.elle.lu\/fr\/3225-le-deuxieme-numero-du-elle-luxembourg-est-en-kiosques.html#breadcrumb\",\"itemListElement\":[{\"@type\":\"ListItem\",\"position\":1,\"name\":\"Accueil\",\"item\":\"https:\/\/www.elle.lu\/fr\"},{\"@type\":\"ListItem\",\"position\":2,\"name\":\"Le deuxi\u00e8me num\u00e9ro du ELLE Luxembourg est en kiosques\"}]},{\"@type\":\"WebSite\",\"@id\":\"https:\/\/www.elle.lu\/fr\/#website\",\"url\":\"https:\/\/www.elle.lu\/fr\/\",\"name\":\"ELLE.lu\",\"description\":\"Explorez les derni\u00e8res tendances mode, beaut\u00e9 et art de vivre au Luxembourg sur ELLE.lu. Un contenu exclusivement luxembourgeois sur notre site, r\u00e9seaux sociaux et YouTube.\",\"potentialAction\":[{\"@type\":\"SearchAction\",\"target\":{\"@type\":\"EntryPoint\",\"urlTemplate\":\"https:\/\/www.elle.lu\/fr\/?s={search_term_string}\"},\"query-input\":{\"@type\":\"PropertyValueSpecification\",\"valueRequired\":true,\"valueName\":\"search_term_string\"}}],\"inLanguage\":\"fr-FR\"},{\"@type\":\"Person\",\"@id\":\"https:\/\/www.elle.lu\/fr\/#\/schema\/person\/61a608296a91f828865e6f8a37eaf28b\",\"name\":\"Marie-Ad\u00e9la\u00efde Leclercq-Olhagaray\",\"image\":{\"@type\":\"ImageObject\",\"inLanguage\":\"fr-FR\",\"@id\":\"https:\/\/secure.gravatar.com\/avatar\/24ff1525dfba38ca1c69be152a410eb349a035c5d923ef40e4d32ef0f0d0ca3a?s=96&d=mm&r=g\",\"url\":\"https:\/\/secure.gravatar.com\/avatar\/24ff1525dfba38ca1c69be152a410eb349a035c5d923ef40e4d32ef0f0d0ca3a?s=96&d=mm&r=g\",\"contentUrl\":\"https:\/\/secure.gravatar.com\/avatar\/24ff1525dfba38ca1c69be152a410eb349a035c5d923ef40e4d32ef0f0d0ca3a?s=96&d=mm&r=g\",\"caption\":\"Marie-Ad\u00e9la\u00efde Leclercq-Olhagaray\"},\"url\":\"https:\/\/www.elle.lu\/fr\/author\/marie-adelaide-leclercq-olhagaray\"}]}<\/script>\n<!-- \/ Yoast SEO plugin. -->","yoast_head_json":{"title":"Le deuxi\u00e8me num\u00e9ro du ELLE Luxembourg est en kiosques - ELLE.lu Luxembourg","description":"Le magazine ELLE Luxembourg est disponible dans les kiosques du Grand Duch\u00e9. Vous pouvez \u00e9galement suivre nos publications en ligne...","robots":{"index":"index","follow":"follow","max-snippet":"max-snippet:-1","max-image-preview":"max-image-preview:large","max-video-preview":"max-video-preview:-1"},"canonical":"https:\/\/www.elle.lu\/fr\/3225-le-deuxieme-numero-du-elle-luxembourg-est-en-kiosques.html","og_locale":"fr_FR","og_type":"article","og_title":"Le deuxi\u00e8me num\u00e9ro du ELLE Luxembourg est en kiosques - ELLE.lu Luxembourg","og_description":"Le magazine ELLE Luxembourg est disponible dans les kiosques du Grand Duch\u00e9. Vous pouvez \u00e9galement suivre nos publications en ligne...","og_url":"https:\/\/www.elle.lu\/fr\/3225-le-deuxieme-numero-du-elle-luxembourg-est-en-kiosques.html","og_site_name":"ELLE.lu Luxembourg","article_published_time":"2024-11-15T06:00:30+00:00","article_modified_time":"2024-11-15T08:33:02+00:00","og_image":[{"width":2255,"height":2560,"url":"https:\/\/www.elle.lu\/fr\/wp-content\/uploads\/2024\/11\/elle-lux-002-cover-ir-hr-scaled.jpg","type":"image\/jpeg"}],"author":"Marie-Ad\u00e9la\u00efde Leclercq-Olhagaray","twitter_card":"summary_large_image","twitter_misc":{"\u00c9crit par":"Marie-Ad\u00e9la\u00efde Leclercq-Olhagaray","Dur\u00e9e de lecture estim\u00e9e":"3 minutes"},"schema":{"@context":"https:\/\/schema.org","@graph":[{"@type":"Article","@id":"https:\/\/www.elle.lu\/fr\/3225-le-deuxieme-numero-du-elle-luxembourg-est-en-kiosques.html#article","isPartOf":{"@id":"https:\/\/www.elle.lu\/fr\/3225-le-deuxieme-numero-du-elle-luxembourg-est-en-kiosques.html"},"author":{"name":"Marie-Ad\u00e9la\u00efde Leclercq-Olhagaray","@id":"https:\/\/www.elle.lu\/fr\/#\/schema\/person\/61a608296a91f828865e6f8a37eaf28b"},"headline":"Le deuxi\u00e8me num\u00e9ro du ELLE Luxembourg est en kiosques","datePublished":"2024-11-15T06:00:30+00:00","dateModified":"2024-11-15T08:33:02+00:00","mainEntityOfPage":{"@id":"https:\/\/www.elle.lu\/fr\/3225-le-deuxieme-numero-du-elle-luxembourg-est-en-kiosques.html"},"wordCount":440,"commentCount":0,"image":{"@id":"https:\/\/www.elle.lu\/fr\/3225-le-deuxieme-numero-du-elle-luxembourg-est-en-kiosques.html#primaryimage"},"thumbnailUrl":"https:\/\/www.elle.lu\/fr\/wp-content\/uploads\/2024\/11\/elle-lux-002-cover-ir-hr-scaled.jpg","keywords":["ELLE","Khatia Buniatishvili","ELLE Luxembourg"],"articleSection":["Beaut\u00e9","Actu","Soci\u00e9t\u00e9","Mode"],"inLanguage":"fr-FR","potentialAction":[{"@type":"CommentAction","name":"Comment","target":["https:\/\/www.elle.lu\/fr\/3225-le-deuxieme-numero-du-elle-luxembourg-est-en-kiosques.html#respond"]}]},{"@type":"WebPage","@id":"https:\/\/www.elle.lu\/fr\/3225-le-deuxieme-numero-du-elle-luxembourg-est-en-kiosques.html","url":"https:\/\/www.elle.lu\/fr\/3225-le-deuxieme-numero-du-elle-luxembourg-est-en-kiosques.html","name":"Le deuxi\u00e8me num\u00e9ro du ELLE Luxembourg est en kiosques - ELLE.lu Luxembourg","isPartOf":{"@id":"https:\/\/www.elle.lu\/fr\/#website"},"primaryImageOfPage":{"@id":"https:\/\/www.elle.lu\/fr\/3225-le-deuxieme-numero-du-elle-luxembourg-est-en-kiosques.html#primaryimage"},"image":{"@id":"https:\/\/www.elle.lu\/fr\/3225-le-deuxieme-numero-du-elle-luxembourg-est-en-kiosques.html#primaryimage"},"thumbnailUrl":"https:\/\/www.elle.lu\/fr\/wp-content\/uploads\/2024\/11\/elle-lux-002-cover-ir-hr-scaled.jpg","datePublished":"2024-11-15T06:00:30+00:00","dateModified":"2024-11-15T08:33:02+00:00","author":{"@id":"https:\/\/www.elle.lu\/fr\/#\/schema\/person\/61a608296a91f828865e6f8a37eaf28b"},"description":"Le magazine ELLE Luxembourg est disponible dans les kiosques du Grand Duch\u00e9. Vous pouvez \u00e9galement suivre nos publications en ligne...","breadcrumb":{"@id":"https:\/\/www.elle.lu\/fr\/3225-le-deuxieme-numero-du-elle-luxembourg-est-en-kiosques.html#breadcrumb"},"inLanguage":"fr-FR","potentialAction":[{"@type":"ReadAction","target":["https:\/\/www.elle.lu\/fr\/3225-le-deuxieme-numero-du-elle-luxembourg-est-en-kiosques.html"]}]},{"@type":"ImageObject","inLanguage":"fr-FR","@id":"https:\/\/www.elle.lu\/fr\/3225-le-deuxieme-numero-du-elle-luxembourg-est-en-kiosques.html#primaryimage","url":"https:\/\/www.elle.lu\/fr\/wp-content\/uploads\/2024\/11\/elle-lux-002-cover-ir-hr-scaled.jpg","contentUrl":"https:\/\/www.elle.lu\/fr\/wp-content\/uploads\/2024\/11\/elle-lux-002-cover-ir-hr-scaled.jpg","width":2255,"height":2560},{"@type":"BreadcrumbList","@id":"https:\/\/www.elle.lu\/fr\/3225-le-deuxieme-numero-du-elle-luxembourg-est-en-kiosques.html#breadcrumb","itemListElement":[{"@type":"ListItem","position":1,"name":"Accueil","item":"https:\/\/www.elle.lu\/fr"},{"@type":"ListItem","position":2,"name":"Le deuxi\u00e8me num\u00e9ro du ELLE Luxembourg est en kiosques"}]},{"@type":"WebSite","@id":"https:\/\/www.elle.lu\/fr\/#website","url":"https:\/\/www.elle.lu\/fr\/","name":"ELLE.lu","description":"Explorez les derni\u00e8res tendances mode, beaut\u00e9 et art de vivre au Luxembourg sur ELLE.lu. Un contenu exclusivement luxembourgeois sur notre site, r\u00e9seaux sociaux et YouTube.","potentialAction":[{"@type":"SearchAction","target":{"@type":"EntryPoint","urlTemplate":"https:\/\/www.elle.lu\/fr\/?s={search_term_string}"},"query-input":{"@type":"PropertyValueSpecification","valueRequired":true,"valueName":"search_term_string"}}],"inLanguage":"fr-FR"},{"@type":"Person","@id":"https:\/\/www.elle.lu\/fr\/#\/schema\/person\/61a608296a91f828865e6f8a37eaf28b","name":"Marie-Ad\u00e9la\u00efde Leclercq-Olhagaray","image":{"@type":"ImageObject","inLanguage":"fr-FR","@id":"https:\/\/secure.gravatar.com\/avatar\/24ff1525dfba38ca1c69be152a410eb349a035c5d923ef40e4d32ef0f0d0ca3a?s=96&d=mm&r=g","url":"https:\/\/secure.gravatar.com\/avatar\/24ff1525dfba38ca1c69be152a410eb349a035c5d923ef40e4d32ef0f0d0ca3a?s=96&d=mm&r=g","contentUrl":"https:\/\/secure.gravatar.com\/avatar\/24ff1525dfba38ca1c69be152a410eb349a035c5d923ef40e4d32ef0f0d0ca3a?s=96&d=mm&r=g","caption":"Marie-Ad\u00e9la\u00efde Leclercq-Olhagaray"},"url":"https:\/\/www.elle.lu\/fr\/author\/marie-adelaide-leclercq-olhagaray"}]}},"jetpack_featured_media_url":"https:\/\/www.elle.lu\/fr\/wp-content\/uploads\/2024\/11\/elle-lux-002-cover-ir-hr-scaled.jpg","jetpack_sharing_enabled":true,"_links":{"self":[{"href":"https:\/\/www.elle.lu\/fr\/wp-json\/wp\/v2\/posts\/3225","targetHints":{"allow":["GET"]}}],"collection":[{"href":"https:\/\/www.elle.lu\/fr\/wp-json\/wp\/v2\/posts"}],"about":[{"href":"https:\/\/www.elle.lu\/fr\/wp-json\/wp\/v2\/types\/post"}],"author":[{"embeddable":true,"href":"https:\/\/www.elle.lu\/fr\/wp-json\/wp\/v2\/users\/7"}],"replies":[{"embeddable":true,"href":"https:\/\/www.elle.lu\/fr\/wp-json\/wp\/v2\/comments?post=3225"}],"version-history":[{"count":2,"href":"https:\/\/www.elle.lu\/fr\/wp-json\/wp\/v2\/posts\/3225\/revisions"}],"predecessor-version":[{"id":3238,"href":"https:\/\/www.elle.lu\/fr\/wp-json\/wp\/v2\/posts\/3225\/revisions\/3238"}],"wp:featuredmedia":[{"embeddable":true,"href":"https:\/\/www.elle.lu\/fr\/wp-json\/wp\/v2\/media\/3237"}],"wp:attachment":[{"href":"https:\/\/www.elle.lu\/fr\/wp-json\/wp\/v2\/media?parent=3225"}],"wp:term":[{"taxonomy":"category","embeddable":true,"href":"https:\/\/www.elle.lu\/fr\/wp-json\/wp\/v2\/categories?post=3225"},{"taxonomy":"post_tag","embeddable":true,"href":"https:\/\/www.elle.lu\/fr\/wp-json\/wp\/v2\/tags?post=3225"}],"curies":[{"name":"wp","href":"https:\/\/api.w.org\/{rel}","templated":true}]}}