{"id":3338,"date":"2024-11-30T07:00:38","date_gmt":"2024-11-30T06:00:38","guid":{"rendered":"https:\/\/www.elle.lu\/fr\/?p=3338"},"modified":"2024-11-27T14:17:15","modified_gmt":"2024-11-27T13:17:15","slug":"elvira-baykan-exploratrice-un-monde-sans-frontieres-entre-mode-voyage","status":"publish","type":"post","link":"https:\/\/www.elle.lu\/fr\/3338-elvira-baykan-exploratrice-un-monde-sans-frontieres-entre-mode-voyage.html","title":{"rendered":"Elvira Baykan, exploratrice d\u2019un monde sans fronti\u00e8res entre mode et voyage"},"content":{"rendered":"","protected":false},"excerpt":{"rendered":"Elvira Baykan est une jeune styliste talentueuse fran\u00e7aise dont les cr\u00e9ations ont r\u00e9cemment \u00e9t\u00e9 pr\u00e9sent\u00e9es au Luxembourg lors de la Lux Fashion Week, pour qui la mode et sa fa\u00e7on de la cr\u00e9er sont constamment li\u00e9s \u00e0 son amour du voyage.","protected":false},"author":23,"featured_media":3350,"comment_status":"open","ping_status":"open","sticky":false,"template":"","format":"standard","meta":{"_acf_changed":false,"_jetpack_memberships_contains_paid_content":false,"footnotes":""},"categories":[2],"tags":[227],"class_list":["post-3338","post","type-post","status-publish","format-standard","has-post-thumbnail","hentry","category-mode","tag-elvira-baykan"],"acf":[],"yoast_head":"<!-- This site is optimized with the Yoast SEO plugin v27.5 - https:\/\/yoast.com\/product\/yoast-seo-wordpress\/ -->\n<title>Elvira Baykan, exploratrice d\u2019un monde sans fronti\u00e8res entre mode et voyage - ELLE.lu Luxembourg<\/title>\n<meta name=\"description\" content=\"Elvira Baykan est une jeune styliste talentueuse fran\u00e7aise dont les cr\u00e9ations ont r\u00e9cemment \u00e9t\u00e9 pr\u00e9sent\u00e9es au Luxembourg...\" \/>\n<meta name=\"robots\" content=\"index, follow, max-snippet:-1, max-image-preview:large, max-video-preview:-1\" \/>\n<link rel=\"canonical\" href=\"https:\/\/www.elle.lu\/fr\/3338-elvira-baykan-exploratrice-un-monde-sans-frontieres-entre-mode-voyage.html\" \/>\n<meta property=\"og:locale\" content=\"fr_FR\" \/>\n<meta property=\"og:type\" content=\"article\" \/>\n<meta property=\"og:title\" content=\"Elvira Baykan, exploratrice d\u2019un monde sans fronti\u00e8res entre mode et voyage - ELLE.lu Luxembourg\" \/>\n<meta property=\"og:description\" content=\"Elvira Baykan est une jeune styliste talentueuse fran\u00e7aise dont les cr\u00e9ations ont r\u00e9cemment \u00e9t\u00e9 pr\u00e9sent\u00e9es au Luxembourg...\" \/>\n<meta property=\"og:url\" content=\"https:\/\/www.elle.lu\/fr\/3338-elvira-baykan-exploratrice-un-monde-sans-frontieres-entre-mode-voyage.html\" \/>\n<meta property=\"og:site_name\" content=\"ELLE.lu Luxembourg\" \/>\n<meta property=\"article:published_time\" content=\"2024-11-30T06:00:38+00:00\" \/>\n<meta property=\"og:image\" content=\"https:\/\/www.elle.lu\/fr\/wp-content\/uploads\/2024\/11\/elvirabaykan1-scaled.jpeg\" \/>\n\t<meta property=\"og:image:width\" content=\"1920\" \/>\n\t<meta property=\"og:image:height\" content=\"2560\" \/>\n\t<meta property=\"og:image:type\" content=\"image\/jpeg\" \/>\n<meta name=\"author\" content=\"Camille Mutelet\" \/>\n<meta name=\"twitter:card\" content=\"summary_large_image\" \/>\n<meta name=\"twitter:label1\" content=\"\u00c9crit par\" \/>\n\t<meta name=\"twitter:data1\" content=\"Camille Mutelet\" \/>\n\t<meta name=\"twitter:label2\" content=\"Dur\u00e9e de lecture estim\u00e9e\" \/>\n\t<meta name=\"twitter:data2\" content=\"5 minutes\" \/>\n<script type=\"application\/ld+json\" class=\"yoast-schema-graph\">{\"@context\":\"https:\\\/\\\/schema.org\",\"@graph\":[{\"@type\":\"Article\",\"@id\":\"https:\\\/\\\/www.elle.lu\\\/fr\\\/3338-elvira-baykan-exploratrice-un-monde-sans-frontieres-entre-mode-voyage.html#article\",\"isPartOf\":{\"@id\":\"https:\\\/\\\/www.elle.lu\\\/fr\\\/3338-elvira-baykan-exploratrice-un-monde-sans-frontieres-entre-mode-voyage.html\"},\"author\":{\"name\":\"Camille Mutelet\",\"@id\":\"https:\\\/\\\/www.elle.lu\\\/fr\\\/#\\\/schema\\\/person\\\/3ed64dc1e003be4e4da9ec9e5c5157fb\"},\"headline\":\"Elvira Baykan, exploratrice d\u2019un monde sans fronti\u00e8res entre mode et voyage\",\"datePublished\":\"2024-11-30T06:00:38+00:00\",\"mainEntityOfPage\":{\"@id\":\"https:\\\/\\\/www.elle.lu\\\/fr\\\/3338-elvira-baykan-exploratrice-un-monde-sans-frontieres-entre-mode-voyage.html\"},\"wordCount\":899,\"commentCount\":0,\"image\":{\"@id\":\"https:\\\/\\\/www.elle.lu\\\/fr\\\/3338-elvira-baykan-exploratrice-un-monde-sans-frontieres-entre-mode-voyage.html#primaryimage\"},\"thumbnailUrl\":\"https:\\\/\\\/www.elle.lu\\\/fr\\\/wp-content\\\/uploads\\\/2024\\\/11\\\/elvirabaykan1-scaled.jpeg\",\"keywords\":[\"Elvira Baykan\"],\"articleSection\":[\"Mode\"],\"inLanguage\":\"fr-FR\",\"potentialAction\":[{\"@type\":\"CommentAction\",\"name\":\"Comment\",\"target\":[\"https:\\\/\\\/www.elle.lu\\\/fr\\\/3338-elvira-baykan-exploratrice-un-monde-sans-frontieres-entre-mode-voyage.html#respond\"]}]},{\"@type\":\"WebPage\",\"@id\":\"https:\\\/\\\/www.elle.lu\\\/fr\\\/3338-elvira-baykan-exploratrice-un-monde-sans-frontieres-entre-mode-voyage.html\",\"url\":\"https:\\\/\\\/www.elle.lu\\\/fr\\\/3338-elvira-baykan-exploratrice-un-monde-sans-frontieres-entre-mode-voyage.html\",\"name\":\"Elvira Baykan, exploratrice d\u2019un monde sans fronti\u00e8res entre mode et voyage - ELLE.lu Luxembourg\",\"isPartOf\":{\"@id\":\"https:\\\/\\\/www.elle.lu\\\/fr\\\/#website\"},\"primaryImageOfPage\":{\"@id\":\"https:\\\/\\\/www.elle.lu\\\/fr\\\/3338-elvira-baykan-exploratrice-un-monde-sans-frontieres-entre-mode-voyage.html#primaryimage\"},\"image\":{\"@id\":\"https:\\\/\\\/www.elle.lu\\\/fr\\\/3338-elvira-baykan-exploratrice-un-monde-sans-frontieres-entre-mode-voyage.html#primaryimage\"},\"thumbnailUrl\":\"https:\\\/\\\/www.elle.lu\\\/fr\\\/wp-content\\\/uploads\\\/2024\\\/11\\\/elvirabaykan1-scaled.jpeg\",\"datePublished\":\"2024-11-30T06:00:38+00:00\",\"author\":{\"@id\":\"https:\\\/\\\/www.elle.lu\\\/fr\\\/#\\\/schema\\\/person\\\/3ed64dc1e003be4e4da9ec9e5c5157fb\"},\"description\":\"Elvira Baykan est une jeune styliste talentueuse fran\u00e7aise dont les cr\u00e9ations ont r\u00e9cemment \u00e9t\u00e9 pr\u00e9sent\u00e9es au Luxembourg...\",\"breadcrumb\":{\"@id\":\"https:\\\/\\\/www.elle.lu\\\/fr\\\/3338-elvira-baykan-exploratrice-un-monde-sans-frontieres-entre-mode-voyage.html#breadcrumb\"},\"inLanguage\":\"fr-FR\",\"potentialAction\":[{\"@type\":\"ReadAction\",\"target\":[\"https:\\\/\\\/www.elle.lu\\\/fr\\\/3338-elvira-baykan-exploratrice-un-monde-sans-frontieres-entre-mode-voyage.html\"]}]},{\"@type\":\"ImageObject\",\"inLanguage\":\"fr-FR\",\"@id\":\"https:\\\/\\\/www.elle.lu\\\/fr\\\/3338-elvira-baykan-exploratrice-un-monde-sans-frontieres-entre-mode-voyage.html#primaryimage\",\"url\":\"https:\\\/\\\/www.elle.lu\\\/fr\\\/wp-content\\\/uploads\\\/2024\\\/11\\\/elvirabaykan1-scaled.jpeg\",\"contentUrl\":\"https:\\\/\\\/www.elle.lu\\\/fr\\\/wp-content\\\/uploads\\\/2024\\\/11\\\/elvirabaykan1-scaled.jpeg\",\"width\":1920,\"height\":2560,\"caption\":\"\u00a9 Elvira Baykan\"},{\"@type\":\"BreadcrumbList\",\"@id\":\"https:\\\/\\\/www.elle.lu\\\/fr\\\/3338-elvira-baykan-exploratrice-un-monde-sans-frontieres-entre-mode-voyage.html#breadcrumb\",\"itemListElement\":[{\"@type\":\"ListItem\",\"position\":1,\"name\":\"Accueil\",\"item\":\"https:\\\/\\\/www.elle.lu\\\/fr\"},{\"@type\":\"ListItem\",\"position\":2,\"name\":\"Elvira Baykan, exploratrice d\u2019un monde sans fronti\u00e8res entre mode et voyage\"}]},{\"@type\":\"WebSite\",\"@id\":\"https:\\\/\\\/www.elle.lu\\\/fr\\\/#website\",\"url\":\"https:\\\/\\\/www.elle.lu\\\/fr\\\/\",\"name\":\"ELLE.lu\",\"description\":\"Explorez les derni\u00e8res tendances mode, beaut\u00e9 et art de vivre au Luxembourg sur ELLE.lu. Un contenu exclusivement luxembourgeois sur notre site, r\u00e9seaux sociaux et YouTube.\",\"potentialAction\":[{\"@type\":\"SearchAction\",\"target\":{\"@type\":\"EntryPoint\",\"urlTemplate\":\"https:\\\/\\\/www.elle.lu\\\/fr\\\/?s={search_term_string}\"},\"query-input\":{\"@type\":\"PropertyValueSpecification\",\"valueRequired\":true,\"valueName\":\"search_term_string\"}}],\"inLanguage\":\"fr-FR\"},{\"@type\":\"Person\",\"@id\":\"https:\\\/\\\/www.elle.lu\\\/fr\\\/#\\\/schema\\\/person\\\/3ed64dc1e003be4e4da9ec9e5c5157fb\",\"name\":\"Camille Mutelet\",\"image\":{\"@type\":\"ImageObject\",\"inLanguage\":\"fr-FR\",\"@id\":\"https:\\\/\\\/secure.gravatar.com\\\/avatar\\\/5a2930e3f9075beed5abf1aede3c3d17344231f8483786ea51b54a7ea142d776?s=96&d=mm&r=g\",\"url\":\"https:\\\/\\\/secure.gravatar.com\\\/avatar\\\/5a2930e3f9075beed5abf1aede3c3d17344231f8483786ea51b54a7ea142d776?s=96&d=mm&r=g\",\"contentUrl\":\"https:\\\/\\\/secure.gravatar.com\\\/avatar\\\/5a2930e3f9075beed5abf1aede3c3d17344231f8483786ea51b54a7ea142d776?s=96&d=mm&r=g\",\"caption\":\"Camille Mutelet\"},\"url\":\"https:\\\/\\\/www.elle.lu\\\/fr\\\/author\\\/camille-mutelet\"}]}<\/script>\n<!-- \/ Yoast SEO plugin. -->","yoast_head_json":{"title":"Elvira Baykan, exploratrice d\u2019un monde sans fronti\u00e8res entre mode et voyage - ELLE.lu Luxembourg","description":"Elvira Baykan est une jeune styliste talentueuse fran\u00e7aise dont les cr\u00e9ations ont r\u00e9cemment \u00e9t\u00e9 pr\u00e9sent\u00e9es au Luxembourg...","robots":{"index":"index","follow":"follow","max-snippet":"max-snippet:-1","max-image-preview":"max-image-preview:large","max-video-preview":"max-video-preview:-1"},"canonical":"https:\/\/www.elle.lu\/fr\/3338-elvira-baykan-exploratrice-un-monde-sans-frontieres-entre-mode-voyage.html","og_locale":"fr_FR","og_type":"article","og_title":"Elvira Baykan, exploratrice d\u2019un monde sans fronti\u00e8res entre mode et voyage - ELLE.lu Luxembourg","og_description":"Elvira Baykan est une jeune styliste talentueuse fran\u00e7aise dont les cr\u00e9ations ont r\u00e9cemment \u00e9t\u00e9 pr\u00e9sent\u00e9es au Luxembourg...","og_url":"https:\/\/www.elle.lu\/fr\/3338-elvira-baykan-exploratrice-un-monde-sans-frontieres-entre-mode-voyage.html","og_site_name":"ELLE.lu Luxembourg","article_published_time":"2024-11-30T06:00:38+00:00","og_image":[{"width":1920,"height":2560,"url":"https:\/\/www.elle.lu\/fr\/wp-content\/uploads\/2024\/11\/elvirabaykan1-scaled.jpeg","type":"image\/jpeg"}],"author":"Camille Mutelet","twitter_card":"summary_large_image","twitter_misc":{"\u00c9crit par":"Camille Mutelet","Dur\u00e9e de lecture estim\u00e9e":"5 minutes"},"schema":{"@context":"https:\/\/schema.org","@graph":[{"@type":"Article","@id":"https:\/\/www.elle.lu\/fr\/3338-elvira-baykan-exploratrice-un-monde-sans-frontieres-entre-mode-voyage.html#article","isPartOf":{"@id":"https:\/\/www.elle.lu\/fr\/3338-elvira-baykan-exploratrice-un-monde-sans-frontieres-entre-mode-voyage.html"},"author":{"name":"Camille Mutelet","@id":"https:\/\/www.elle.lu\/fr\/#\/schema\/person\/3ed64dc1e003be4e4da9ec9e5c5157fb"},"headline":"Elvira Baykan, exploratrice d\u2019un monde sans fronti\u00e8res entre mode et voyage","datePublished":"2024-11-30T06:00:38+00:00","mainEntityOfPage":{"@id":"https:\/\/www.elle.lu\/fr\/3338-elvira-baykan-exploratrice-un-monde-sans-frontieres-entre-mode-voyage.html"},"wordCount":899,"commentCount":0,"image":{"@id":"https:\/\/www.elle.lu\/fr\/3338-elvira-baykan-exploratrice-un-monde-sans-frontieres-entre-mode-voyage.html#primaryimage"},"thumbnailUrl":"https:\/\/www.elle.lu\/fr\/wp-content\/uploads\/2024\/11\/elvirabaykan1-scaled.jpeg","keywords":["Elvira Baykan"],"articleSection":["Mode"],"inLanguage":"fr-FR","potentialAction":[{"@type":"CommentAction","name":"Comment","target":["https:\/\/www.elle.lu\/fr\/3338-elvira-baykan-exploratrice-un-monde-sans-frontieres-entre-mode-voyage.html#respond"]}]},{"@type":"WebPage","@id":"https:\/\/www.elle.lu\/fr\/3338-elvira-baykan-exploratrice-un-monde-sans-frontieres-entre-mode-voyage.html","url":"https:\/\/www.elle.lu\/fr\/3338-elvira-baykan-exploratrice-un-monde-sans-frontieres-entre-mode-voyage.html","name":"Elvira Baykan, exploratrice d\u2019un monde sans fronti\u00e8res entre mode et voyage - ELLE.lu Luxembourg","isPartOf":{"@id":"https:\/\/www.elle.lu\/fr\/#website"},"primaryImageOfPage":{"@id":"https:\/\/www.elle.lu\/fr\/3338-elvira-baykan-exploratrice-un-monde-sans-frontieres-entre-mode-voyage.html#primaryimage"},"image":{"@id":"https:\/\/www.elle.lu\/fr\/3338-elvira-baykan-exploratrice-un-monde-sans-frontieres-entre-mode-voyage.html#primaryimage"},"thumbnailUrl":"https:\/\/www.elle.lu\/fr\/wp-content\/uploads\/2024\/11\/elvirabaykan1-scaled.jpeg","datePublished":"2024-11-30T06:00:38+00:00","author":{"@id":"https:\/\/www.elle.lu\/fr\/#\/schema\/person\/3ed64dc1e003be4e4da9ec9e5c5157fb"},"description":"Elvira Baykan est une jeune styliste talentueuse fran\u00e7aise dont les cr\u00e9ations ont r\u00e9cemment \u00e9t\u00e9 pr\u00e9sent\u00e9es au Luxembourg...","breadcrumb":{"@id":"https:\/\/www.elle.lu\/fr\/3338-elvira-baykan-exploratrice-un-monde-sans-frontieres-entre-mode-voyage.html#breadcrumb"},"inLanguage":"fr-FR","potentialAction":[{"@type":"ReadAction","target":["https:\/\/www.elle.lu\/fr\/3338-elvira-baykan-exploratrice-un-monde-sans-frontieres-entre-mode-voyage.html"]}]},{"@type":"ImageObject","inLanguage":"fr-FR","@id":"https:\/\/www.elle.lu\/fr\/3338-elvira-baykan-exploratrice-un-monde-sans-frontieres-entre-mode-voyage.html#primaryimage","url":"https:\/\/www.elle.lu\/fr\/wp-content\/uploads\/2024\/11\/elvirabaykan1-scaled.jpeg","contentUrl":"https:\/\/www.elle.lu\/fr\/wp-content\/uploads\/2024\/11\/elvirabaykan1-scaled.jpeg","width":1920,"height":2560,"caption":"\u00a9 Elvira Baykan"},{"@type":"BreadcrumbList","@id":"https:\/\/www.elle.lu\/fr\/3338-elvira-baykan-exploratrice-un-monde-sans-frontieres-entre-mode-voyage.html#breadcrumb","itemListElement":[{"@type":"ListItem","position":1,"name":"Accueil","item":"https:\/\/www.elle.lu\/fr"},{"@type":"ListItem","position":2,"name":"Elvira Baykan, exploratrice d\u2019un monde sans fronti\u00e8res entre mode et voyage"}]},{"@type":"WebSite","@id":"https:\/\/www.elle.lu\/fr\/#website","url":"https:\/\/www.elle.lu\/fr\/","name":"ELLE.lu","description":"Explorez les derni\u00e8res tendances mode, beaut\u00e9 et art de vivre au Luxembourg sur ELLE.lu. Un contenu exclusivement luxembourgeois sur notre site, r\u00e9seaux sociaux et YouTube.","potentialAction":[{"@type":"SearchAction","target":{"@type":"EntryPoint","urlTemplate":"https:\/\/www.elle.lu\/fr\/?s={search_term_string}"},"query-input":{"@type":"PropertyValueSpecification","valueRequired":true,"valueName":"search_term_string"}}],"inLanguage":"fr-FR"},{"@type":"Person","@id":"https:\/\/www.elle.lu\/fr\/#\/schema\/person\/3ed64dc1e003be4e4da9ec9e5c5157fb","name":"Camille Mutelet","image":{"@type":"ImageObject","inLanguage":"fr-FR","@id":"https:\/\/secure.gravatar.com\/avatar\/5a2930e3f9075beed5abf1aede3c3d17344231f8483786ea51b54a7ea142d776?s=96&d=mm&r=g","url":"https:\/\/secure.gravatar.com\/avatar\/5a2930e3f9075beed5abf1aede3c3d17344231f8483786ea51b54a7ea142d776?s=96&d=mm&r=g","contentUrl":"https:\/\/secure.gravatar.com\/avatar\/5a2930e3f9075beed5abf1aede3c3d17344231f8483786ea51b54a7ea142d776?s=96&d=mm&r=g","caption":"Camille Mutelet"},"url":"https:\/\/www.elle.lu\/fr\/author\/camille-mutelet"}]}},"jetpack_featured_media_url":"https:\/\/www.elle.lu\/fr\/wp-content\/uploads\/2024\/11\/elvirabaykan1-scaled.jpeg","jetpack_sharing_enabled":true,"_links":{"self":[{"href":"https:\/\/www.elle.lu\/fr\/wp-json\/wp\/v2\/posts\/3338","targetHints":{"allow":["GET"]}}],"collection":[{"href":"https:\/\/www.elle.lu\/fr\/wp-json\/wp\/v2\/posts"}],"about":[{"href":"https:\/\/www.elle.lu\/fr\/wp-json\/wp\/v2\/types\/post"}],"author":[{"embeddable":true,"href":"https:\/\/www.elle.lu\/fr\/wp-json\/wp\/v2\/users\/23"}],"replies":[{"embeddable":true,"href":"https:\/\/www.elle.lu\/fr\/wp-json\/wp\/v2\/comments?post=3338"}],"version-history":[{"count":3,"href":"https:\/\/www.elle.lu\/fr\/wp-json\/wp\/v2\/posts\/3338\/revisions"}],"predecessor-version":[{"id":3355,"href":"https:\/\/www.elle.lu\/fr\/wp-json\/wp\/v2\/posts\/3338\/revisions\/3355"}],"wp:featuredmedia":[{"embeddable":true,"href":"https:\/\/www.elle.lu\/fr\/wp-json\/wp\/v2\/media\/3350"}],"wp:attachment":[{"href":"https:\/\/www.elle.lu\/fr\/wp-json\/wp\/v2\/media?parent=3338"}],"wp:term":[{"taxonomy":"category","embeddable":true,"href":"https:\/\/www.elle.lu\/fr\/wp-json\/wp\/v2\/categories?post=3338"},{"taxonomy":"post_tag","embeddable":true,"href":"https:\/\/www.elle.lu\/fr\/wp-json\/wp\/v2\/tags?post=3338"}],"curies":[{"name":"wp","href":"https:\/\/api.w.org\/{rel}","templated":true}]}}