{"id":3358,"date":"2024-12-15T07:00:35","date_gmt":"2024-12-15T06:00:35","guid":{"rendered":"https:\/\/www.elle.lu\/fr\/?p=3358"},"modified":"2024-12-09T11:37:33","modified_gmt":"2024-12-09T10:37:33","slug":"5-conseils-pour-decorer-sa-table-pour-les-fetes","status":"publish","type":"post","link":"https:\/\/www.elle.lu\/fr\/3358-5-conseils-pour-decorer-sa-table-pour-les-fetes.html","title":{"rendered":"5 conseils pour d\u00e9corer sa table pour les f\u00eates"},"content":{"rendered":"","protected":false},"excerpt":{"rendered":"Les f\u00eates de fin d\u2019ann\u00e9e approchent et il est l\u2019heure de commencer \u00e0 r\u00e9fl\u00e9chir \u00e0 la table que l\u2019on dressera.","protected":false},"author":22,"featured_media":3565,"comment_status":"open","ping_status":"open","sticky":false,"template":"","format":"standard","meta":{"_acf_changed":false,"_jetpack_memberships_contains_paid_content":false,"footnotes":""},"categories":[4,7,8],"tags":[],"class_list":["post-3358","post","type-post","status-publish","format-standard","has-post-thumbnail","hentry","category-lifestyle","category-deco","category-adresses"],"acf":[],"yoast_head":"<!-- This site is optimized with the Yoast SEO plugin v27.2 - https:\/\/yoast.com\/product\/yoast-seo-wordpress\/ -->\n<title>5 conseils pour d\u00e9corer sa table pour les f\u00eates - ELLE.lu Luxembourg<\/title>\n<meta name=\"description\" content=\"Les f\u00eates de fin d\u2019ann\u00e9e approchent et il est l\u2019heure de commencer \u00e0 r\u00e9fl\u00e9chir \u00e0 la table que l\u2019on dressera. Si elle est parfois...\" \/>\n<meta name=\"robots\" content=\"index, follow, max-snippet:-1, max-image-preview:large, max-video-preview:-1\" \/>\n<link rel=\"canonical\" href=\"https:\/\/www.elle.lu\/fr\/3358-5-conseils-pour-decorer-sa-table-pour-les-fetes.html\" \/>\n<meta property=\"og:locale\" content=\"fr_FR\" \/>\n<meta property=\"og:type\" content=\"article\" \/>\n<meta property=\"og:title\" content=\"5 conseils pour d\u00e9corer sa table pour les f\u00eates - ELLE.lu Luxembourg\" \/>\n<meta property=\"og:description\" content=\"Les f\u00eates de fin d\u2019ann\u00e9e approchent et il est l\u2019heure de commencer \u00e0 r\u00e9fl\u00e9chir \u00e0 la table que l\u2019on dressera. Si elle est parfois...\" \/>\n<meta property=\"og:url\" content=\"https:\/\/www.elle.lu\/fr\/3358-5-conseils-pour-decorer-sa-table-pour-les-fetes.html\" \/>\n<meta property=\"og:site_name\" content=\"ELLE.lu Luxembourg\" \/>\n<meta property=\"article:published_time\" content=\"2024-12-15T06:00:35+00:00\" \/>\n<meta property=\"og:image\" content=\"https:\/\/www.elle.lu\/fr\/wp-content\/uploads\/2024\/11\/romantico-romantico2-scaled.jpg\" \/>\n\t<meta property=\"og:image:width\" content=\"1707\" \/>\n\t<meta property=\"og:image:height\" content=\"2560\" \/>\n\t<meta property=\"og:image:type\" content=\"image\/jpeg\" \/>\n<meta name=\"author\" content=\"Am\u00e9lie Viel\" \/>\n<meta name=\"twitter:card\" content=\"summary_large_image\" \/>\n<meta name=\"twitter:label1\" content=\"\u00c9crit par\" \/>\n\t<meta name=\"twitter:data1\" content=\"Am\u00e9lie Viel\" \/>\n\t<meta name=\"twitter:label2\" content=\"Dur\u00e9e de lecture estim\u00e9e\" \/>\n\t<meta name=\"twitter:data2\" content=\"3 minutes\" \/>\n<script type=\"application\/ld+json\" class=\"yoast-schema-graph\">{\"@context\":\"https:\/\/schema.org\",\"@graph\":[{\"@type\":\"Article\",\"@id\":\"https:\/\/www.elle.lu\/fr\/3358-5-conseils-pour-decorer-sa-table-pour-les-fetes.html#article\",\"isPartOf\":{\"@id\":\"https:\/\/www.elle.lu\/fr\/3358-5-conseils-pour-decorer-sa-table-pour-les-fetes.html\"},\"author\":{\"name\":\"Am\u00e9lie Viel\",\"@id\":\"https:\/\/www.elle.lu\/fr\/#\/schema\/person\/d8e58272c652d7b5585c18e680540e1a\"},\"headline\":\"5 conseils pour d\u00e9corer sa table pour les f\u00eates\",\"datePublished\":\"2024-12-15T06:00:35+00:00\",\"mainEntityOfPage\":{\"@id\":\"https:\/\/www.elle.lu\/fr\/3358-5-conseils-pour-decorer-sa-table-pour-les-fetes.html\"},\"wordCount\":568,\"commentCount\":0,\"image\":{\"@id\":\"https:\/\/www.elle.lu\/fr\/3358-5-conseils-pour-decorer-sa-table-pour-les-fetes.html#primaryimage\"},\"thumbnailUrl\":\"https:\/\/www.elle.lu\/fr\/wp-content\/uploads\/2024\/11\/romantico-romantico2-scaled.jpg\",\"articleSection\":[\"Lifestyle\",\"Deco\",\"Adresses\"],\"inLanguage\":\"fr-FR\",\"potentialAction\":[{\"@type\":\"CommentAction\",\"name\":\"Comment\",\"target\":[\"https:\/\/www.elle.lu\/fr\/3358-5-conseils-pour-decorer-sa-table-pour-les-fetes.html#respond\"]}]},{\"@type\":\"WebPage\",\"@id\":\"https:\/\/www.elle.lu\/fr\/3358-5-conseils-pour-decorer-sa-table-pour-les-fetes.html\",\"url\":\"https:\/\/www.elle.lu\/fr\/3358-5-conseils-pour-decorer-sa-table-pour-les-fetes.html\",\"name\":\"5 conseils pour d\u00e9corer sa table pour les f\u00eates - ELLE.lu Luxembourg\",\"isPartOf\":{\"@id\":\"https:\/\/www.elle.lu\/fr\/#website\"},\"primaryImageOfPage\":{\"@id\":\"https:\/\/www.elle.lu\/fr\/3358-5-conseils-pour-decorer-sa-table-pour-les-fetes.html#primaryimage\"},\"image\":{\"@id\":\"https:\/\/www.elle.lu\/fr\/3358-5-conseils-pour-decorer-sa-table-pour-les-fetes.html#primaryimage\"},\"thumbnailUrl\":\"https:\/\/www.elle.lu\/fr\/wp-content\/uploads\/2024\/11\/romantico-romantico2-scaled.jpg\",\"datePublished\":\"2024-12-15T06:00:35+00:00\",\"author\":{\"@id\":\"https:\/\/www.elle.lu\/fr\/#\/schema\/person\/d8e58272c652d7b5585c18e680540e1a\"},\"description\":\"Les f\u00eates de fin d\u2019ann\u00e9e approchent et il est l\u2019heure de commencer \u00e0 r\u00e9fl\u00e9chir \u00e0 la table que l\u2019on dressera. Si elle est parfois...\",\"breadcrumb\":{\"@id\":\"https:\/\/www.elle.lu\/fr\/3358-5-conseils-pour-decorer-sa-table-pour-les-fetes.html#breadcrumb\"},\"inLanguage\":\"fr-FR\",\"potentialAction\":[{\"@type\":\"ReadAction\",\"target\":[\"https:\/\/www.elle.lu\/fr\/3358-5-conseils-pour-decorer-sa-table-pour-les-fetes.html\"]}]},{\"@type\":\"ImageObject\",\"inLanguage\":\"fr-FR\",\"@id\":\"https:\/\/www.elle.lu\/fr\/3358-5-conseils-pour-decorer-sa-table-pour-les-fetes.html#primaryimage\",\"url\":\"https:\/\/www.elle.lu\/fr\/wp-content\/uploads\/2024\/11\/romantico-romantico2-scaled.jpg\",\"contentUrl\":\"https:\/\/www.elle.lu\/fr\/wp-content\/uploads\/2024\/11\/romantico-romantico2-scaled.jpg\",\"width\":1707,\"height\":2560,\"caption\":\"\u00a9 Romantico Romantico\"},{\"@type\":\"BreadcrumbList\",\"@id\":\"https:\/\/www.elle.lu\/fr\/3358-5-conseils-pour-decorer-sa-table-pour-les-fetes.html#breadcrumb\",\"itemListElement\":[{\"@type\":\"ListItem\",\"position\":1,\"name\":\"Accueil\",\"item\":\"https:\/\/www.elle.lu\/fr\"},{\"@type\":\"ListItem\",\"position\":2,\"name\":\"5 conseils pour d\u00e9corer sa table pour les f\u00eates\"}]},{\"@type\":\"WebSite\",\"@id\":\"https:\/\/www.elle.lu\/fr\/#website\",\"url\":\"https:\/\/www.elle.lu\/fr\/\",\"name\":\"ELLE.lu\",\"description\":\"Explorez les derni\u00e8res tendances mode, beaut\u00e9 et art de vivre au Luxembourg sur ELLE.lu. Un contenu exclusivement luxembourgeois sur notre site, r\u00e9seaux sociaux et YouTube.\",\"potentialAction\":[{\"@type\":\"SearchAction\",\"target\":{\"@type\":\"EntryPoint\",\"urlTemplate\":\"https:\/\/www.elle.lu\/fr\/?s={search_term_string}\"},\"query-input\":{\"@type\":\"PropertyValueSpecification\",\"valueRequired\":true,\"valueName\":\"search_term_string\"}}],\"inLanguage\":\"fr-FR\"},{\"@type\":\"Person\",\"@id\":\"https:\/\/www.elle.lu\/fr\/#\/schema\/person\/d8e58272c652d7b5585c18e680540e1a\",\"name\":\"Am\u00e9lie Viel\",\"image\":{\"@type\":\"ImageObject\",\"inLanguage\":\"fr-FR\",\"@id\":\"https:\/\/secure.gravatar.com\/avatar\/9741e9c258430d1c256463230ffaa49331981030725fd18fbb7eb78faca6a840?s=96&d=mm&r=g\",\"url\":\"https:\/\/secure.gravatar.com\/avatar\/9741e9c258430d1c256463230ffaa49331981030725fd18fbb7eb78faca6a840?s=96&d=mm&r=g\",\"contentUrl\":\"https:\/\/secure.gravatar.com\/avatar\/9741e9c258430d1c256463230ffaa49331981030725fd18fbb7eb78faca6a840?s=96&d=mm&r=g\",\"caption\":\"Am\u00e9lie Viel\"},\"url\":\"https:\/\/www.elle.lu\/fr\/author\/amelie-viel\"}]}<\/script>\n<!-- \/ Yoast SEO plugin. -->","yoast_head_json":{"title":"5 conseils pour d\u00e9corer sa table pour les f\u00eates - ELLE.lu Luxembourg","description":"Les f\u00eates de fin d\u2019ann\u00e9e approchent et il est l\u2019heure de commencer \u00e0 r\u00e9fl\u00e9chir \u00e0 la table que l\u2019on dressera. Si elle est parfois...","robots":{"index":"index","follow":"follow","max-snippet":"max-snippet:-1","max-image-preview":"max-image-preview:large","max-video-preview":"max-video-preview:-1"},"canonical":"https:\/\/www.elle.lu\/fr\/3358-5-conseils-pour-decorer-sa-table-pour-les-fetes.html","og_locale":"fr_FR","og_type":"article","og_title":"5 conseils pour d\u00e9corer sa table pour les f\u00eates - ELLE.lu Luxembourg","og_description":"Les f\u00eates de fin d\u2019ann\u00e9e approchent et il est l\u2019heure de commencer \u00e0 r\u00e9fl\u00e9chir \u00e0 la table que l\u2019on dressera. Si elle est parfois...","og_url":"https:\/\/www.elle.lu\/fr\/3358-5-conseils-pour-decorer-sa-table-pour-les-fetes.html","og_site_name":"ELLE.lu Luxembourg","article_published_time":"2024-12-15T06:00:35+00:00","og_image":[{"width":1707,"height":2560,"url":"https:\/\/www.elle.lu\/fr\/wp-content\/uploads\/2024\/11\/romantico-romantico2-scaled.jpg","type":"image\/jpeg"}],"author":"Am\u00e9lie Viel","twitter_card":"summary_large_image","twitter_misc":{"\u00c9crit par":"Am\u00e9lie Viel","Dur\u00e9e de lecture estim\u00e9e":"3 minutes"},"schema":{"@context":"https:\/\/schema.org","@graph":[{"@type":"Article","@id":"https:\/\/www.elle.lu\/fr\/3358-5-conseils-pour-decorer-sa-table-pour-les-fetes.html#article","isPartOf":{"@id":"https:\/\/www.elle.lu\/fr\/3358-5-conseils-pour-decorer-sa-table-pour-les-fetes.html"},"author":{"name":"Am\u00e9lie Viel","@id":"https:\/\/www.elle.lu\/fr\/#\/schema\/person\/d8e58272c652d7b5585c18e680540e1a"},"headline":"5 conseils pour d\u00e9corer sa table pour les f\u00eates","datePublished":"2024-12-15T06:00:35+00:00","mainEntityOfPage":{"@id":"https:\/\/www.elle.lu\/fr\/3358-5-conseils-pour-decorer-sa-table-pour-les-fetes.html"},"wordCount":568,"commentCount":0,"image":{"@id":"https:\/\/www.elle.lu\/fr\/3358-5-conseils-pour-decorer-sa-table-pour-les-fetes.html#primaryimage"},"thumbnailUrl":"https:\/\/www.elle.lu\/fr\/wp-content\/uploads\/2024\/11\/romantico-romantico2-scaled.jpg","articleSection":["Lifestyle","Deco","Adresses"],"inLanguage":"fr-FR","potentialAction":[{"@type":"CommentAction","name":"Comment","target":["https:\/\/www.elle.lu\/fr\/3358-5-conseils-pour-decorer-sa-table-pour-les-fetes.html#respond"]}]},{"@type":"WebPage","@id":"https:\/\/www.elle.lu\/fr\/3358-5-conseils-pour-decorer-sa-table-pour-les-fetes.html","url":"https:\/\/www.elle.lu\/fr\/3358-5-conseils-pour-decorer-sa-table-pour-les-fetes.html","name":"5 conseils pour d\u00e9corer sa table pour les f\u00eates - ELLE.lu Luxembourg","isPartOf":{"@id":"https:\/\/www.elle.lu\/fr\/#website"},"primaryImageOfPage":{"@id":"https:\/\/www.elle.lu\/fr\/3358-5-conseils-pour-decorer-sa-table-pour-les-fetes.html#primaryimage"},"image":{"@id":"https:\/\/www.elle.lu\/fr\/3358-5-conseils-pour-decorer-sa-table-pour-les-fetes.html#primaryimage"},"thumbnailUrl":"https:\/\/www.elle.lu\/fr\/wp-content\/uploads\/2024\/11\/romantico-romantico2-scaled.jpg","datePublished":"2024-12-15T06:00:35+00:00","author":{"@id":"https:\/\/www.elle.lu\/fr\/#\/schema\/person\/d8e58272c652d7b5585c18e680540e1a"},"description":"Les f\u00eates de fin d\u2019ann\u00e9e approchent et il est l\u2019heure de commencer \u00e0 r\u00e9fl\u00e9chir \u00e0 la table que l\u2019on dressera. Si elle est parfois...","breadcrumb":{"@id":"https:\/\/www.elle.lu\/fr\/3358-5-conseils-pour-decorer-sa-table-pour-les-fetes.html#breadcrumb"},"inLanguage":"fr-FR","potentialAction":[{"@type":"ReadAction","target":["https:\/\/www.elle.lu\/fr\/3358-5-conseils-pour-decorer-sa-table-pour-les-fetes.html"]}]},{"@type":"ImageObject","inLanguage":"fr-FR","@id":"https:\/\/www.elle.lu\/fr\/3358-5-conseils-pour-decorer-sa-table-pour-les-fetes.html#primaryimage","url":"https:\/\/www.elle.lu\/fr\/wp-content\/uploads\/2024\/11\/romantico-romantico2-scaled.jpg","contentUrl":"https:\/\/www.elle.lu\/fr\/wp-content\/uploads\/2024\/11\/romantico-romantico2-scaled.jpg","width":1707,"height":2560,"caption":"\u00a9 Romantico Romantico"},{"@type":"BreadcrumbList","@id":"https:\/\/www.elle.lu\/fr\/3358-5-conseils-pour-decorer-sa-table-pour-les-fetes.html#breadcrumb","itemListElement":[{"@type":"ListItem","position":1,"name":"Accueil","item":"https:\/\/www.elle.lu\/fr"},{"@type":"ListItem","position":2,"name":"5 conseils pour d\u00e9corer sa table pour les f\u00eates"}]},{"@type":"WebSite","@id":"https:\/\/www.elle.lu\/fr\/#website","url":"https:\/\/www.elle.lu\/fr\/","name":"ELLE.lu","description":"Explorez les derni\u00e8res tendances mode, beaut\u00e9 et art de vivre au Luxembourg sur ELLE.lu. Un contenu exclusivement luxembourgeois sur notre site, r\u00e9seaux sociaux et YouTube.","potentialAction":[{"@type":"SearchAction","target":{"@type":"EntryPoint","urlTemplate":"https:\/\/www.elle.lu\/fr\/?s={search_term_string}"},"query-input":{"@type":"PropertyValueSpecification","valueRequired":true,"valueName":"search_term_string"}}],"inLanguage":"fr-FR"},{"@type":"Person","@id":"https:\/\/www.elle.lu\/fr\/#\/schema\/person\/d8e58272c652d7b5585c18e680540e1a","name":"Am\u00e9lie Viel","image":{"@type":"ImageObject","inLanguage":"fr-FR","@id":"https:\/\/secure.gravatar.com\/avatar\/9741e9c258430d1c256463230ffaa49331981030725fd18fbb7eb78faca6a840?s=96&d=mm&r=g","url":"https:\/\/secure.gravatar.com\/avatar\/9741e9c258430d1c256463230ffaa49331981030725fd18fbb7eb78faca6a840?s=96&d=mm&r=g","contentUrl":"https:\/\/secure.gravatar.com\/avatar\/9741e9c258430d1c256463230ffaa49331981030725fd18fbb7eb78faca6a840?s=96&d=mm&r=g","caption":"Am\u00e9lie Viel"},"url":"https:\/\/www.elle.lu\/fr\/author\/amelie-viel"}]}},"jetpack_featured_media_url":"https:\/\/www.elle.lu\/fr\/wp-content\/uploads\/2024\/11\/romantico-romantico2-scaled.jpg","jetpack_sharing_enabled":true,"_links":{"self":[{"href":"https:\/\/www.elle.lu\/fr\/wp-json\/wp\/v2\/posts\/3358","targetHints":{"allow":["GET"]}}],"collection":[{"href":"https:\/\/www.elle.lu\/fr\/wp-json\/wp\/v2\/posts"}],"about":[{"href":"https:\/\/www.elle.lu\/fr\/wp-json\/wp\/v2\/types\/post"}],"author":[{"embeddable":true,"href":"https:\/\/www.elle.lu\/fr\/wp-json\/wp\/v2\/users\/22"}],"replies":[{"embeddable":true,"href":"https:\/\/www.elle.lu\/fr\/wp-json\/wp\/v2\/comments?post=3358"}],"version-history":[{"count":3,"href":"https:\/\/www.elle.lu\/fr\/wp-json\/wp\/v2\/posts\/3358\/revisions"}],"predecessor-version":[{"id":3569,"href":"https:\/\/www.elle.lu\/fr\/wp-json\/wp\/v2\/posts\/3358\/revisions\/3569"}],"wp:featuredmedia":[{"embeddable":true,"href":"https:\/\/www.elle.lu\/fr\/wp-json\/wp\/v2\/media\/3565"}],"wp:attachment":[{"href":"https:\/\/www.elle.lu\/fr\/wp-json\/wp\/v2\/media?parent=3358"}],"wp:term":[{"taxonomy":"category","embeddable":true,"href":"https:\/\/www.elle.lu\/fr\/wp-json\/wp\/v2\/categories?post=3358"},{"taxonomy":"post_tag","embeddable":true,"href":"https:\/\/www.elle.lu\/fr\/wp-json\/wp\/v2\/tags?post=3358"}],"curies":[{"name":"wp","href":"https:\/\/api.w.org\/{rel}","templated":true}]}}