{"id":3681,"date":"2026-01-03T07:00:18","date_gmt":"2026-01-03T06:00:18","guid":{"rendered":"https:\/\/www.elle.lu\/fr\/?p=3681"},"modified":"2025-12-19T10:05:29","modified_gmt":"2025-12-19T09:05:29","slug":"courir-quand-il-fait-froid-nos-9-regles-or","status":"publish","type":"post","link":"https:\/\/www.elle.lu\/fr\/3681-courir-quand-il-fait-froid-nos-9-regles-or.html","title":{"rendered":"Courir quand il fait froid au Luxembourg : nos 9 r\u00e8gles d\u2019or"},"content":{"rendered":"","protected":false},"excerpt":{"rendered":"En hiver, il est important d&#8217;adapter ses habitudes pour courir afin d&#8217;\u00e9viter les blessures et les coups de froid. ...","protected":false},"author":16,"featured_media":3682,"comment_status":"open","ping_status":"open","sticky":false,"template":"","format":"standard","meta":{"_acf_changed":false,"_jetpack_memberships_contains_paid_content":false,"footnotes":""},"categories":[3,4],"tags":[],"class_list":["post-3681","post","type-post","status-publish","format-standard","has-post-thumbnail","hentry","category-beaute","category-lifestyle"],"acf":[],"yoast_head":"<!-- This site is optimized with the Yoast SEO plugin v27.2 - https:\/\/yoast.com\/product\/yoast-seo-wordpress\/ -->\n<title>Courir quand il fait froid au Luxembourg : nos 9 r\u00e8gles d\u2019or - ELLE.lu Luxembourg<\/title>\n<meta name=\"description\" content=\"En hiver, il est important d&#039;adapter ses habitudes pour courir afin d&#039;\u00e9viter les blessures et les coups de froid. Voici 9 conseils \u00e0 suivre...\" \/>\n<meta name=\"robots\" content=\"index, follow, max-snippet:-1, max-image-preview:large, max-video-preview:-1\" \/>\n<link rel=\"canonical\" href=\"https:\/\/www.elle.be\/fr\/200097-courir-hiver-nos-9-regles-dor.html\" \/>\n<meta property=\"og:locale\" content=\"fr_FR\" \/>\n<meta property=\"og:type\" content=\"article\" \/>\n<meta property=\"og:title\" content=\"Courir quand il fait froid au Luxembourg : nos 9 r\u00e8gles d\u2019or - ELLE.lu Luxembourg\" \/>\n<meta property=\"og:description\" content=\"En hiver, il est important d&#039;adapter ses habitudes pour courir afin d&#039;\u00e9viter les blessures et les coups de froid. Voici 9 conseils \u00e0 suivre...\" \/>\n<meta property=\"og:url\" content=\"https:\/\/www.elle.be\/fr\/200097-courir-hiver-nos-9-regles-dor.html\" \/>\n<meta property=\"og:site_name\" content=\"ELLE.lu Luxembourg\" \/>\n<meta property=\"article:published_time\" content=\"2026-01-03T06:00:18+00:00\" \/>\n<meta property=\"og:image\" content=\"https:\/\/www.elle.lu\/fr\/wp-content\/uploads\/2024\/12\/courir-froid-970x508-1-e1735843338281.png\" \/>\n\t<meta property=\"og:image:width\" content=\"660\" \/>\n\t<meta property=\"og:image:height\" content=\"508\" \/>\n\t<meta property=\"og:image:type\" content=\"image\/png\" \/>\n<meta name=\"author\" content=\"Jessica Fine\" \/>\n<meta name=\"twitter:card\" content=\"summary_large_image\" \/>\n<meta name=\"twitter:label1\" content=\"\u00c9crit par\" \/>\n\t<meta name=\"twitter:data1\" content=\"Jessica Fine\" \/>\n\t<meta name=\"twitter:label2\" content=\"Dur\u00e9e de lecture estim\u00e9e\" \/>\n\t<meta name=\"twitter:data2\" content=\"6 minutes\" \/>\n<script type=\"application\/ld+json\" class=\"yoast-schema-graph\">{\"@context\":\"https:\/\/schema.org\",\"@graph\":[{\"@type\":\"Article\",\"@id\":\"https:\/\/www.elle.be\/fr\/200097-courir-hiver-nos-9-regles-dor.html#article\",\"isPartOf\":{\"@id\":\"https:\/\/www.elle.lu\/fr\/3681-courir-quand-il-fait-froid-nos-9-regles-or.html\"},\"author\":{\"name\":\"Jessica Fine\",\"@id\":\"https:\/\/www.elle.lu\/fr\/#\/schema\/person\/b292c6a30861aa69805facd6019d09d6\"},\"headline\":\"Courir quand il fait froid au Luxembourg : nos 9 r\u00e8gles d\u2019or\",\"datePublished\":\"2026-01-03T06:00:18+00:00\",\"mainEntityOfPage\":{\"@id\":\"https:\/\/www.elle.lu\/fr\/3681-courir-quand-il-fait-froid-nos-9-regles-or.html\"},\"wordCount\":1203,\"commentCount\":0,\"image\":{\"@id\":\"https:\/\/www.elle.be\/fr\/200097-courir-hiver-nos-9-regles-dor.html#primaryimage\"},\"thumbnailUrl\":\"https:\/\/www.elle.lu\/fr\/wp-content\/uploads\/2024\/12\/courir-froid-970x508-1-e1735843338281.png\",\"articleSection\":[\"Beaut\u00e9\",\"Lifestyle\"],\"inLanguage\":\"fr-FR\",\"potentialAction\":[{\"@type\":\"CommentAction\",\"name\":\"Comment\",\"target\":[\"https:\/\/www.elle.be\/fr\/200097-courir-hiver-nos-9-regles-dor.html#respond\"]}]},{\"@type\":\"WebPage\",\"@id\":\"https:\/\/www.elle.lu\/fr\/3681-courir-quand-il-fait-froid-nos-9-regles-or.html\",\"url\":\"https:\/\/www.elle.be\/fr\/200097-courir-hiver-nos-9-regles-dor.html\",\"name\":\"Courir quand il fait froid au Luxembourg : nos 9 r\u00e8gles d\u2019or - ELLE.lu Luxembourg\",\"isPartOf\":{\"@id\":\"https:\/\/www.elle.lu\/fr\/#website\"},\"primaryImageOfPage\":{\"@id\":\"https:\/\/www.elle.be\/fr\/200097-courir-hiver-nos-9-regles-dor.html#primaryimage\"},\"image\":{\"@id\":\"https:\/\/www.elle.be\/fr\/200097-courir-hiver-nos-9-regles-dor.html#primaryimage\"},\"thumbnailUrl\":\"https:\/\/www.elle.lu\/fr\/wp-content\/uploads\/2024\/12\/courir-froid-970x508-1-e1735843338281.png\",\"datePublished\":\"2026-01-03T06:00:18+00:00\",\"author\":{\"@id\":\"https:\/\/www.elle.lu\/fr\/#\/schema\/person\/b292c6a30861aa69805facd6019d09d6\"},\"description\":\"En hiver, il est important d'adapter ses habitudes pour courir afin d'\u00e9viter les blessures et les coups de froid. Voici 9 conseils \u00e0 suivre...\",\"breadcrumb\":{\"@id\":\"https:\/\/www.elle.be\/fr\/200097-courir-hiver-nos-9-regles-dor.html#breadcrumb\"},\"inLanguage\":\"fr-FR\",\"potentialAction\":[{\"@type\":\"ReadAction\",\"target\":[\"https:\/\/www.elle.be\/fr\/200097-courir-hiver-nos-9-regles-dor.html\"]}]},{\"@type\":\"ImageObject\",\"inLanguage\":\"fr-FR\",\"@id\":\"https:\/\/www.elle.be\/fr\/200097-courir-hiver-nos-9-regles-dor.html#primaryimage\",\"url\":\"https:\/\/www.elle.lu\/fr\/wp-content\/uploads\/2024\/12\/courir-froid-970x508-1-e1735843338281.png\",\"contentUrl\":\"https:\/\/www.elle.lu\/fr\/wp-content\/uploads\/2024\/12\/courir-froid-970x508-1-e1735843338281.png\",\"width\":660,\"height\":508,\"caption\":\"\u00a9 Shutterstock\"},{\"@type\":\"BreadcrumbList\",\"@id\":\"https:\/\/www.elle.be\/fr\/200097-courir-hiver-nos-9-regles-dor.html#breadcrumb\",\"itemListElement\":[{\"@type\":\"ListItem\",\"position\":1,\"name\":\"Accueil\",\"item\":\"https:\/\/www.elle.lu\/fr\"},{\"@type\":\"ListItem\",\"position\":2,\"name\":\"Courir quand il fait froid au Luxembourg : nos 9 r\u00e8gles d\u2019or\"}]},{\"@type\":\"WebSite\",\"@id\":\"https:\/\/www.elle.lu\/fr\/#website\",\"url\":\"https:\/\/www.elle.lu\/fr\/\",\"name\":\"ELLE.lu\",\"description\":\"Explorez les derni\u00e8res tendances mode, beaut\u00e9 et art de vivre au Luxembourg sur ELLE.lu. Un contenu exclusivement luxembourgeois sur notre site, r\u00e9seaux sociaux et YouTube.\",\"potentialAction\":[{\"@type\":\"SearchAction\",\"target\":{\"@type\":\"EntryPoint\",\"urlTemplate\":\"https:\/\/www.elle.lu\/fr\/?s={search_term_string}\"},\"query-input\":{\"@type\":\"PropertyValueSpecification\",\"valueRequired\":true,\"valueName\":\"search_term_string\"}}],\"inLanguage\":\"fr-FR\"},{\"@type\":\"Person\",\"@id\":\"https:\/\/www.elle.lu\/fr\/#\/schema\/person\/b292c6a30861aa69805facd6019d09d6\",\"name\":\"Jessica Fine\",\"image\":{\"@type\":\"ImageObject\",\"inLanguage\":\"fr-FR\",\"@id\":\"https:\/\/secure.gravatar.com\/avatar\/54b9147709d82dcc1b3eeb64a8cdc171f52cc3f53507051d141a9e9565b1dec9?s=96&d=mm&r=g\",\"url\":\"https:\/\/secure.gravatar.com\/avatar\/54b9147709d82dcc1b3eeb64a8cdc171f52cc3f53507051d141a9e9565b1dec9?s=96&d=mm&r=g\",\"contentUrl\":\"https:\/\/secure.gravatar.com\/avatar\/54b9147709d82dcc1b3eeb64a8cdc171f52cc3f53507051d141a9e9565b1dec9?s=96&d=mm&r=g\",\"caption\":\"Jessica Fine\"},\"url\":\"https:\/\/www.elle.lu\/fr\/author\/jessica-fine\"}]}<\/script>\n<!-- \/ Yoast SEO plugin. -->","yoast_head_json":{"title":"Courir quand il fait froid au Luxembourg : nos 9 r\u00e8gles d\u2019or - ELLE.lu Luxembourg","description":"En hiver, il est important d'adapter ses habitudes pour courir afin d'\u00e9viter les blessures et les coups de froid. Voici 9 conseils \u00e0 suivre...","robots":{"index":"index","follow":"follow","max-snippet":"max-snippet:-1","max-image-preview":"max-image-preview:large","max-video-preview":"max-video-preview:-1"},"canonical":"https:\/\/www.elle.be\/fr\/200097-courir-hiver-nos-9-regles-dor.html","og_locale":"fr_FR","og_type":"article","og_title":"Courir quand il fait froid au Luxembourg : nos 9 r\u00e8gles d\u2019or - ELLE.lu Luxembourg","og_description":"En hiver, il est important d'adapter ses habitudes pour courir afin d'\u00e9viter les blessures et les coups de froid. Voici 9 conseils \u00e0 suivre...","og_url":"https:\/\/www.elle.be\/fr\/200097-courir-hiver-nos-9-regles-dor.html","og_site_name":"ELLE.lu Luxembourg","article_published_time":"2026-01-03T06:00:18+00:00","og_image":[{"width":660,"height":508,"url":"https:\/\/www.elle.lu\/fr\/wp-content\/uploads\/2024\/12\/courir-froid-970x508-1-e1735843338281.png","type":"image\/png"}],"author":"Jessica Fine","twitter_card":"summary_large_image","twitter_misc":{"\u00c9crit par":"Jessica Fine","Dur\u00e9e de lecture estim\u00e9e":"6 minutes"},"schema":{"@context":"https:\/\/schema.org","@graph":[{"@type":"Article","@id":"https:\/\/www.elle.be\/fr\/200097-courir-hiver-nos-9-regles-dor.html#article","isPartOf":{"@id":"https:\/\/www.elle.lu\/fr\/3681-courir-quand-il-fait-froid-nos-9-regles-or.html"},"author":{"name":"Jessica Fine","@id":"https:\/\/www.elle.lu\/fr\/#\/schema\/person\/b292c6a30861aa69805facd6019d09d6"},"headline":"Courir quand il fait froid au Luxembourg : nos 9 r\u00e8gles d\u2019or","datePublished":"2026-01-03T06:00:18+00:00","mainEntityOfPage":{"@id":"https:\/\/www.elle.lu\/fr\/3681-courir-quand-il-fait-froid-nos-9-regles-or.html"},"wordCount":1203,"commentCount":0,"image":{"@id":"https:\/\/www.elle.be\/fr\/200097-courir-hiver-nos-9-regles-dor.html#primaryimage"},"thumbnailUrl":"https:\/\/www.elle.lu\/fr\/wp-content\/uploads\/2024\/12\/courir-froid-970x508-1-e1735843338281.png","articleSection":["Beaut\u00e9","Lifestyle"],"inLanguage":"fr-FR","potentialAction":[{"@type":"CommentAction","name":"Comment","target":["https:\/\/www.elle.be\/fr\/200097-courir-hiver-nos-9-regles-dor.html#respond"]}]},{"@type":"WebPage","@id":"https:\/\/www.elle.lu\/fr\/3681-courir-quand-il-fait-froid-nos-9-regles-or.html","url":"https:\/\/www.elle.be\/fr\/200097-courir-hiver-nos-9-regles-dor.html","name":"Courir quand il fait froid au Luxembourg : nos 9 r\u00e8gles d\u2019or - ELLE.lu Luxembourg","isPartOf":{"@id":"https:\/\/www.elle.lu\/fr\/#website"},"primaryImageOfPage":{"@id":"https:\/\/www.elle.be\/fr\/200097-courir-hiver-nos-9-regles-dor.html#primaryimage"},"image":{"@id":"https:\/\/www.elle.be\/fr\/200097-courir-hiver-nos-9-regles-dor.html#primaryimage"},"thumbnailUrl":"https:\/\/www.elle.lu\/fr\/wp-content\/uploads\/2024\/12\/courir-froid-970x508-1-e1735843338281.png","datePublished":"2026-01-03T06:00:18+00:00","author":{"@id":"https:\/\/www.elle.lu\/fr\/#\/schema\/person\/b292c6a30861aa69805facd6019d09d6"},"description":"En hiver, il est important d'adapter ses habitudes pour courir afin d'\u00e9viter les blessures et les coups de froid. Voici 9 conseils \u00e0 suivre...","breadcrumb":{"@id":"https:\/\/www.elle.be\/fr\/200097-courir-hiver-nos-9-regles-dor.html#breadcrumb"},"inLanguage":"fr-FR","potentialAction":[{"@type":"ReadAction","target":["https:\/\/www.elle.be\/fr\/200097-courir-hiver-nos-9-regles-dor.html"]}]},{"@type":"ImageObject","inLanguage":"fr-FR","@id":"https:\/\/www.elle.be\/fr\/200097-courir-hiver-nos-9-regles-dor.html#primaryimage","url":"https:\/\/www.elle.lu\/fr\/wp-content\/uploads\/2024\/12\/courir-froid-970x508-1-e1735843338281.png","contentUrl":"https:\/\/www.elle.lu\/fr\/wp-content\/uploads\/2024\/12\/courir-froid-970x508-1-e1735843338281.png","width":660,"height":508,"caption":"\u00a9 Shutterstock"},{"@type":"BreadcrumbList","@id":"https:\/\/www.elle.be\/fr\/200097-courir-hiver-nos-9-regles-dor.html#breadcrumb","itemListElement":[{"@type":"ListItem","position":1,"name":"Accueil","item":"https:\/\/www.elle.lu\/fr"},{"@type":"ListItem","position":2,"name":"Courir quand il fait froid au Luxembourg : nos 9 r\u00e8gles d\u2019or"}]},{"@type":"WebSite","@id":"https:\/\/www.elle.lu\/fr\/#website","url":"https:\/\/www.elle.lu\/fr\/","name":"ELLE.lu","description":"Explorez les derni\u00e8res tendances mode, beaut\u00e9 et art de vivre au Luxembourg sur ELLE.lu. Un contenu exclusivement luxembourgeois sur notre site, r\u00e9seaux sociaux et YouTube.","potentialAction":[{"@type":"SearchAction","target":{"@type":"EntryPoint","urlTemplate":"https:\/\/www.elle.lu\/fr\/?s={search_term_string}"},"query-input":{"@type":"PropertyValueSpecification","valueRequired":true,"valueName":"search_term_string"}}],"inLanguage":"fr-FR"},{"@type":"Person","@id":"https:\/\/www.elle.lu\/fr\/#\/schema\/person\/b292c6a30861aa69805facd6019d09d6","name":"Jessica Fine","image":{"@type":"ImageObject","inLanguage":"fr-FR","@id":"https:\/\/secure.gravatar.com\/avatar\/54b9147709d82dcc1b3eeb64a8cdc171f52cc3f53507051d141a9e9565b1dec9?s=96&d=mm&r=g","url":"https:\/\/secure.gravatar.com\/avatar\/54b9147709d82dcc1b3eeb64a8cdc171f52cc3f53507051d141a9e9565b1dec9?s=96&d=mm&r=g","contentUrl":"https:\/\/secure.gravatar.com\/avatar\/54b9147709d82dcc1b3eeb64a8cdc171f52cc3f53507051d141a9e9565b1dec9?s=96&d=mm&r=g","caption":"Jessica Fine"},"url":"https:\/\/www.elle.lu\/fr\/author\/jessica-fine"}]}},"jetpack_featured_media_url":"https:\/\/www.elle.lu\/fr\/wp-content\/uploads\/2024\/12\/courir-froid-970x508-1-e1735843338281.png","jetpack_sharing_enabled":true,"_links":{"self":[{"href":"https:\/\/www.elle.lu\/fr\/wp-json\/wp\/v2\/posts\/3681","targetHints":{"allow":["GET"]}}],"collection":[{"href":"https:\/\/www.elle.lu\/fr\/wp-json\/wp\/v2\/posts"}],"about":[{"href":"https:\/\/www.elle.lu\/fr\/wp-json\/wp\/v2\/types\/post"}],"author":[{"embeddable":true,"href":"https:\/\/www.elle.lu\/fr\/wp-json\/wp\/v2\/users\/16"}],"replies":[{"embeddable":true,"href":"https:\/\/www.elle.lu\/fr\/wp-json\/wp\/v2\/comments?post=3681"}],"version-history":[{"count":4,"href":"https:\/\/www.elle.lu\/fr\/wp-json\/wp\/v2\/posts\/3681\/revisions"}],"predecessor-version":[{"id":9196,"href":"https:\/\/www.elle.lu\/fr\/wp-json\/wp\/v2\/posts\/3681\/revisions\/9196"}],"wp:featuredmedia":[{"embeddable":true,"href":"https:\/\/www.elle.lu\/fr\/wp-json\/wp\/v2\/media\/3682"}],"wp:attachment":[{"href":"https:\/\/www.elle.lu\/fr\/wp-json\/wp\/v2\/media?parent=3681"}],"wp:term":[{"taxonomy":"category","embeddable":true,"href":"https:\/\/www.elle.lu\/fr\/wp-json\/wp\/v2\/categories?post=3681"},{"taxonomy":"post_tag","embeddable":true,"href":"https:\/\/www.elle.lu\/fr\/wp-json\/wp\/v2\/tags?post=3681"}],"curies":[{"name":"wp","href":"https:\/\/api.w.org\/{rel}","templated":true}]}}