{"id":4857,"date":"2025-04-04T07:00:29","date_gmt":"2025-04-04T05:00:29","guid":{"rendered":"https:\/\/www.elle.lu\/fr\/?p=4857"},"modified":"2025-03-26T09:31:34","modified_gmt":"2025-03-26T08:31:34","slug":"un-printemps-leger-vetement-lin-uniqlo","status":"publish","type":"post","link":"https:\/\/www.elle.lu\/fr\/4857-un-printemps-leger-vetement-lin-uniqlo.html","title":{"rendered":"Un printemps l\u00e9ger, l\u00e9ger, l\u00e9ger (s\u2019il vous pla\u00eet)"},"content":{"rendered":"","protected":false},"excerpt":{"rendered":"La nouvelle gamme de v\u00eatements en lin d&#8217;UNIQLO : les indispensables l\u00e9gers \u00e0 avoir ce printemps ! ...","protected":false},"author":20,"featured_media":4858,"comment_status":"open","ping_status":"open","sticky":false,"template":"","format":"standard","meta":{"_acf_changed":false,"_jetpack_memberships_contains_paid_content":false,"footnotes":""},"categories":[2],"tags":[],"class_list":["post-4857","post","type-post","status-publish","format-standard","has-post-thumbnail","hentry","category-mode"],"acf":[],"yoast_head":"<!-- This site is optimized with the Yoast SEO plugin v27.5 - https:\/\/yoast.com\/product\/yoast-seo-wordpress\/ -->\n<title>Un printemps l\u00e9ger, l\u00e9ger, l\u00e9ger (s\u2019il vous pla\u00eet) - ELLE.lu Luxembourg<\/title>\n<meta name=\"description\" content=\"Quels sont les indispensables \u00e0 porter ce printemps ? Les v\u00eatements en lin par UNIQLO, faciles \u00e0 combiner \u00e0 l\u2019infini !\" \/>\n<meta name=\"robots\" content=\"index, follow, max-snippet:-1, max-image-preview:large, max-video-preview:-1\" \/>\n<link rel=\"canonical\" href=\"https:\/\/www.elle.lu\/fr\/4857-un-printemps-leger-vetement-lin-uniqlo.html\" \/>\n<meta property=\"og:locale\" content=\"fr_FR\" \/>\n<meta property=\"og:type\" content=\"article\" \/>\n<meta property=\"og:title\" content=\"Un printemps l\u00e9ger, l\u00e9ger, l\u00e9ger (s\u2019il vous pla\u00eet) - ELLE.lu Luxembourg\" \/>\n<meta property=\"og:description\" content=\"Quels sont les indispensables \u00e0 porter ce printemps ? Les v\u00eatements en lin par UNIQLO, faciles \u00e0 combiner \u00e0 l\u2019infini !\" \/>\n<meta property=\"og:url\" content=\"https:\/\/www.elle.lu\/fr\/4857-un-printemps-leger-vetement-lin-uniqlo.html\" \/>\n<meta property=\"og:site_name\" content=\"ELLE.lu Luxembourg\" \/>\n<meta property=\"article:published_time\" content=\"2025-04-04T05:00:29+00:00\" \/>\n<meta property=\"og:image\" content=\"https:\/\/www.elle.lu\/fr\/wp-content\/uploads\/2025\/03\/ws-group-shot-campaign-kv.jpg\" \/>\n\t<meta property=\"og:image:width\" content=\"2560\" \/>\n\t<meta property=\"og:image:height\" content=\"1659\" \/>\n\t<meta property=\"og:image:type\" content=\"image\/jpeg\" \/>\n<meta name=\"author\" content=\"ELLE Partenaire\" \/>\n<meta name=\"twitter:card\" content=\"summary_large_image\" \/>\n<meta name=\"twitter:label1\" content=\"\u00c9crit par\" \/>\n\t<meta name=\"twitter:data1\" content=\"ELLE Partenaire\" \/>\n\t<meta name=\"twitter:label2\" content=\"Dur\u00e9e de lecture estim\u00e9e\" \/>\n\t<meta name=\"twitter:data2\" content=\"3 minutes\" \/>\n<script type=\"application\/ld+json\" class=\"yoast-schema-graph\">{\"@context\":\"https:\\\/\\\/schema.org\",\"@graph\":[{\"@type\":\"Article\",\"@id\":\"https:\\\/\\\/www.elle.lu\\\/fr\\\/4857-un-printemps-leger-vetement-lin-uniqlo.html#article\",\"isPartOf\":{\"@id\":\"https:\\\/\\\/www.elle.lu\\\/fr\\\/4857-un-printemps-leger-vetement-lin-uniqlo.html\"},\"author\":{\"name\":\"ELLE Partenaire\",\"@id\":\"https:\\\/\\\/www.elle.lu\\\/fr\\\/#\\\/schema\\\/person\\\/9a5f02df96eeb8e12b1d6ca82571e874\"},\"headline\":\"Un printemps l\u00e9ger, l\u00e9ger, l\u00e9ger (s\u2019il vous pla\u00eet)\",\"datePublished\":\"2025-04-04T05:00:29+00:00\",\"mainEntityOfPage\":{\"@id\":\"https:\\\/\\\/www.elle.lu\\\/fr\\\/4857-un-printemps-leger-vetement-lin-uniqlo.html\"},\"wordCount\":461,\"commentCount\":0,\"image\":{\"@id\":\"https:\\\/\\\/www.elle.lu\\\/fr\\\/4857-un-printemps-leger-vetement-lin-uniqlo.html#primaryimage\"},\"thumbnailUrl\":\"https:\\\/\\\/www.elle.lu\\\/fr\\\/wp-content\\\/uploads\\\/2025\\\/03\\\/ws-group-shot-campaign-kv.jpg\",\"articleSection\":[\"Mode\"],\"inLanguage\":\"fr-FR\",\"potentialAction\":[{\"@type\":\"CommentAction\",\"name\":\"Comment\",\"target\":[\"https:\\\/\\\/www.elle.lu\\\/fr\\\/4857-un-printemps-leger-vetement-lin-uniqlo.html#respond\"]}]},{\"@type\":\"WebPage\",\"@id\":\"https:\\\/\\\/www.elle.lu\\\/fr\\\/4857-un-printemps-leger-vetement-lin-uniqlo.html\",\"url\":\"https:\\\/\\\/www.elle.lu\\\/fr\\\/4857-un-printemps-leger-vetement-lin-uniqlo.html\",\"name\":\"Un printemps l\u00e9ger, l\u00e9ger, l\u00e9ger (s\u2019il vous pla\u00eet) - ELLE.lu Luxembourg\",\"isPartOf\":{\"@id\":\"https:\\\/\\\/www.elle.lu\\\/fr\\\/#website\"},\"primaryImageOfPage\":{\"@id\":\"https:\\\/\\\/www.elle.lu\\\/fr\\\/4857-un-printemps-leger-vetement-lin-uniqlo.html#primaryimage\"},\"image\":{\"@id\":\"https:\\\/\\\/www.elle.lu\\\/fr\\\/4857-un-printemps-leger-vetement-lin-uniqlo.html#primaryimage\"},\"thumbnailUrl\":\"https:\\\/\\\/www.elle.lu\\\/fr\\\/wp-content\\\/uploads\\\/2025\\\/03\\\/ws-group-shot-campaign-kv.jpg\",\"datePublished\":\"2025-04-04T05:00:29+00:00\",\"author\":{\"@id\":\"https:\\\/\\\/www.elle.lu\\\/fr\\\/#\\\/schema\\\/person\\\/9a5f02df96eeb8e12b1d6ca82571e874\"},\"description\":\"Quels sont les indispensables \u00e0 porter ce printemps ? Les v\u00eatements en lin par UNIQLO, faciles \u00e0 combiner \u00e0 l\u2019infini !\",\"breadcrumb\":{\"@id\":\"https:\\\/\\\/www.elle.lu\\\/fr\\\/4857-un-printemps-leger-vetement-lin-uniqlo.html#breadcrumb\"},\"inLanguage\":\"fr-FR\",\"potentialAction\":[{\"@type\":\"ReadAction\",\"target\":[\"https:\\\/\\\/www.elle.lu\\\/fr\\\/4857-un-printemps-leger-vetement-lin-uniqlo.html\"]}]},{\"@type\":\"ImageObject\",\"inLanguage\":\"fr-FR\",\"@id\":\"https:\\\/\\\/www.elle.lu\\\/fr\\\/4857-un-printemps-leger-vetement-lin-uniqlo.html#primaryimage\",\"url\":\"https:\\\/\\\/www.elle.lu\\\/fr\\\/wp-content\\\/uploads\\\/2025\\\/03\\\/ws-group-shot-campaign-kv.jpg\",\"contentUrl\":\"https:\\\/\\\/www.elle.lu\\\/fr\\\/wp-content\\\/uploads\\\/2025\\\/03\\\/ws-group-shot-campaign-kv.jpg\",\"width\":2560,\"height\":1659,\"caption\":\"tenue v\u00eatements en lin Uniqlo\"},{\"@type\":\"BreadcrumbList\",\"@id\":\"https:\\\/\\\/www.elle.lu\\\/fr\\\/4857-un-printemps-leger-vetement-lin-uniqlo.html#breadcrumb\",\"itemListElement\":[{\"@type\":\"ListItem\",\"position\":1,\"name\":\"Accueil\",\"item\":\"https:\\\/\\\/www.elle.lu\\\/fr\"},{\"@type\":\"ListItem\",\"position\":2,\"name\":\"Un printemps l\u00e9ger, l\u00e9ger, l\u00e9ger (s\u2019il vous pla\u00eet)\"}]},{\"@type\":\"WebSite\",\"@id\":\"https:\\\/\\\/www.elle.lu\\\/fr\\\/#website\",\"url\":\"https:\\\/\\\/www.elle.lu\\\/fr\\\/\",\"name\":\"ELLE.lu\",\"description\":\"Explorez les derni\u00e8res tendances mode, beaut\u00e9 et art de vivre au Luxembourg sur ELLE.lu. Un contenu exclusivement luxembourgeois sur notre site, r\u00e9seaux sociaux et YouTube.\",\"potentialAction\":[{\"@type\":\"SearchAction\",\"target\":{\"@type\":\"EntryPoint\",\"urlTemplate\":\"https:\\\/\\\/www.elle.lu\\\/fr\\\/?s={search_term_string}\"},\"query-input\":{\"@type\":\"PropertyValueSpecification\",\"valueRequired\":true,\"valueName\":\"search_term_string\"}}],\"inLanguage\":\"fr-FR\"},{\"@type\":\"Person\",\"@id\":\"https:\\\/\\\/www.elle.lu\\\/fr\\\/#\\\/schema\\\/person\\\/9a5f02df96eeb8e12b1d6ca82571e874\",\"name\":\"ELLE Partenaire\",\"image\":{\"@type\":\"ImageObject\",\"inLanguage\":\"fr-FR\",\"@id\":\"https:\\\/\\\/secure.gravatar.com\\\/avatar\\\/1283bc96c392dcf16483a6b444d587f221f51a9b904e37614fbcea3e6d6ddce2?s=96&d=mm&r=g\",\"url\":\"https:\\\/\\\/secure.gravatar.com\\\/avatar\\\/1283bc96c392dcf16483a6b444d587f221f51a9b904e37614fbcea3e6d6ddce2?s=96&d=mm&r=g\",\"contentUrl\":\"https:\\\/\\\/secure.gravatar.com\\\/avatar\\\/1283bc96c392dcf16483a6b444d587f221f51a9b904e37614fbcea3e6d6ddce2?s=96&d=mm&r=g\",\"caption\":\"ELLE Partenaire\"},\"url\":\"https:\\\/\\\/www.elle.lu\\\/fr\\\/author\\\/stagiaire-creativelabgmail-com\"}]}<\/script>\n<!-- \/ Yoast SEO plugin. -->","yoast_head_json":{"title":"Un printemps l\u00e9ger, l\u00e9ger, l\u00e9ger (s\u2019il vous pla\u00eet) - ELLE.lu Luxembourg","description":"Quels sont les indispensables \u00e0 porter ce printemps ? Les v\u00eatements en lin par UNIQLO, faciles \u00e0 combiner \u00e0 l\u2019infini !","robots":{"index":"index","follow":"follow","max-snippet":"max-snippet:-1","max-image-preview":"max-image-preview:large","max-video-preview":"max-video-preview:-1"},"canonical":"https:\/\/www.elle.lu\/fr\/4857-un-printemps-leger-vetement-lin-uniqlo.html","og_locale":"fr_FR","og_type":"article","og_title":"Un printemps l\u00e9ger, l\u00e9ger, l\u00e9ger (s\u2019il vous pla\u00eet) - ELLE.lu Luxembourg","og_description":"Quels sont les indispensables \u00e0 porter ce printemps ? Les v\u00eatements en lin par UNIQLO, faciles \u00e0 combiner \u00e0 l\u2019infini !","og_url":"https:\/\/www.elle.lu\/fr\/4857-un-printemps-leger-vetement-lin-uniqlo.html","og_site_name":"ELLE.lu Luxembourg","article_published_time":"2025-04-04T05:00:29+00:00","og_image":[{"width":2560,"height":1659,"url":"https:\/\/www.elle.lu\/fr\/wp-content\/uploads\/2025\/03\/ws-group-shot-campaign-kv.jpg","type":"image\/jpeg"}],"author":"ELLE Partenaire","twitter_card":"summary_large_image","twitter_misc":{"\u00c9crit par":"ELLE Partenaire","Dur\u00e9e de lecture estim\u00e9e":"3 minutes"},"schema":{"@context":"https:\/\/schema.org","@graph":[{"@type":"Article","@id":"https:\/\/www.elle.lu\/fr\/4857-un-printemps-leger-vetement-lin-uniqlo.html#article","isPartOf":{"@id":"https:\/\/www.elle.lu\/fr\/4857-un-printemps-leger-vetement-lin-uniqlo.html"},"author":{"name":"ELLE Partenaire","@id":"https:\/\/www.elle.lu\/fr\/#\/schema\/person\/9a5f02df96eeb8e12b1d6ca82571e874"},"headline":"Un printemps l\u00e9ger, l\u00e9ger, l\u00e9ger (s\u2019il vous pla\u00eet)","datePublished":"2025-04-04T05:00:29+00:00","mainEntityOfPage":{"@id":"https:\/\/www.elle.lu\/fr\/4857-un-printemps-leger-vetement-lin-uniqlo.html"},"wordCount":461,"commentCount":0,"image":{"@id":"https:\/\/www.elle.lu\/fr\/4857-un-printemps-leger-vetement-lin-uniqlo.html#primaryimage"},"thumbnailUrl":"https:\/\/www.elle.lu\/fr\/wp-content\/uploads\/2025\/03\/ws-group-shot-campaign-kv.jpg","articleSection":["Mode"],"inLanguage":"fr-FR","potentialAction":[{"@type":"CommentAction","name":"Comment","target":["https:\/\/www.elle.lu\/fr\/4857-un-printemps-leger-vetement-lin-uniqlo.html#respond"]}]},{"@type":"WebPage","@id":"https:\/\/www.elle.lu\/fr\/4857-un-printemps-leger-vetement-lin-uniqlo.html","url":"https:\/\/www.elle.lu\/fr\/4857-un-printemps-leger-vetement-lin-uniqlo.html","name":"Un printemps l\u00e9ger, l\u00e9ger, l\u00e9ger (s\u2019il vous pla\u00eet) - ELLE.lu Luxembourg","isPartOf":{"@id":"https:\/\/www.elle.lu\/fr\/#website"},"primaryImageOfPage":{"@id":"https:\/\/www.elle.lu\/fr\/4857-un-printemps-leger-vetement-lin-uniqlo.html#primaryimage"},"image":{"@id":"https:\/\/www.elle.lu\/fr\/4857-un-printemps-leger-vetement-lin-uniqlo.html#primaryimage"},"thumbnailUrl":"https:\/\/www.elle.lu\/fr\/wp-content\/uploads\/2025\/03\/ws-group-shot-campaign-kv.jpg","datePublished":"2025-04-04T05:00:29+00:00","author":{"@id":"https:\/\/www.elle.lu\/fr\/#\/schema\/person\/9a5f02df96eeb8e12b1d6ca82571e874"},"description":"Quels sont les indispensables \u00e0 porter ce printemps ? Les v\u00eatements en lin par UNIQLO, faciles \u00e0 combiner \u00e0 l\u2019infini !","breadcrumb":{"@id":"https:\/\/www.elle.lu\/fr\/4857-un-printemps-leger-vetement-lin-uniqlo.html#breadcrumb"},"inLanguage":"fr-FR","potentialAction":[{"@type":"ReadAction","target":["https:\/\/www.elle.lu\/fr\/4857-un-printemps-leger-vetement-lin-uniqlo.html"]}]},{"@type":"ImageObject","inLanguage":"fr-FR","@id":"https:\/\/www.elle.lu\/fr\/4857-un-printemps-leger-vetement-lin-uniqlo.html#primaryimage","url":"https:\/\/www.elle.lu\/fr\/wp-content\/uploads\/2025\/03\/ws-group-shot-campaign-kv.jpg","contentUrl":"https:\/\/www.elle.lu\/fr\/wp-content\/uploads\/2025\/03\/ws-group-shot-campaign-kv.jpg","width":2560,"height":1659,"caption":"tenue v\u00eatements en lin Uniqlo"},{"@type":"BreadcrumbList","@id":"https:\/\/www.elle.lu\/fr\/4857-un-printemps-leger-vetement-lin-uniqlo.html#breadcrumb","itemListElement":[{"@type":"ListItem","position":1,"name":"Accueil","item":"https:\/\/www.elle.lu\/fr"},{"@type":"ListItem","position":2,"name":"Un printemps l\u00e9ger, l\u00e9ger, l\u00e9ger (s\u2019il vous pla\u00eet)"}]},{"@type":"WebSite","@id":"https:\/\/www.elle.lu\/fr\/#website","url":"https:\/\/www.elle.lu\/fr\/","name":"ELLE.lu","description":"Explorez les derni\u00e8res tendances mode, beaut\u00e9 et art de vivre au Luxembourg sur ELLE.lu. Un contenu exclusivement luxembourgeois sur notre site, r\u00e9seaux sociaux et YouTube.","potentialAction":[{"@type":"SearchAction","target":{"@type":"EntryPoint","urlTemplate":"https:\/\/www.elle.lu\/fr\/?s={search_term_string}"},"query-input":{"@type":"PropertyValueSpecification","valueRequired":true,"valueName":"search_term_string"}}],"inLanguage":"fr-FR"},{"@type":"Person","@id":"https:\/\/www.elle.lu\/fr\/#\/schema\/person\/9a5f02df96eeb8e12b1d6ca82571e874","name":"ELLE Partenaire","image":{"@type":"ImageObject","inLanguage":"fr-FR","@id":"https:\/\/secure.gravatar.com\/avatar\/1283bc96c392dcf16483a6b444d587f221f51a9b904e37614fbcea3e6d6ddce2?s=96&d=mm&r=g","url":"https:\/\/secure.gravatar.com\/avatar\/1283bc96c392dcf16483a6b444d587f221f51a9b904e37614fbcea3e6d6ddce2?s=96&d=mm&r=g","contentUrl":"https:\/\/secure.gravatar.com\/avatar\/1283bc96c392dcf16483a6b444d587f221f51a9b904e37614fbcea3e6d6ddce2?s=96&d=mm&r=g","caption":"ELLE Partenaire"},"url":"https:\/\/www.elle.lu\/fr\/author\/stagiaire-creativelabgmail-com"}]}},"jetpack_featured_media_url":"https:\/\/www.elle.lu\/fr\/wp-content\/uploads\/2025\/03\/ws-group-shot-campaign-kv.jpg","jetpack_sharing_enabled":true,"_links":{"self":[{"href":"https:\/\/www.elle.lu\/fr\/wp-json\/wp\/v2\/posts\/4857","targetHints":{"allow":["GET"]}}],"collection":[{"href":"https:\/\/www.elle.lu\/fr\/wp-json\/wp\/v2\/posts"}],"about":[{"href":"https:\/\/www.elle.lu\/fr\/wp-json\/wp\/v2\/types\/post"}],"author":[{"embeddable":true,"href":"https:\/\/www.elle.lu\/fr\/wp-json\/wp\/v2\/users\/20"}],"replies":[{"embeddable":true,"href":"https:\/\/www.elle.lu\/fr\/wp-json\/wp\/v2\/comments?post=4857"}],"version-history":[{"count":27,"href":"https:\/\/www.elle.lu\/fr\/wp-json\/wp\/v2\/posts\/4857\/revisions"}],"predecessor-version":[{"id":5365,"href":"https:\/\/www.elle.lu\/fr\/wp-json\/wp\/v2\/posts\/4857\/revisions\/5365"}],"wp:featuredmedia":[{"embeddable":true,"href":"https:\/\/www.elle.lu\/fr\/wp-json\/wp\/v2\/media\/4858"}],"wp:attachment":[{"href":"https:\/\/www.elle.lu\/fr\/wp-json\/wp\/v2\/media?parent=4857"}],"wp:term":[{"taxonomy":"category","embeddable":true,"href":"https:\/\/www.elle.lu\/fr\/wp-json\/wp\/v2\/categories?post=4857"},{"taxonomy":"post_tag","embeddable":true,"href":"https:\/\/www.elle.lu\/fr\/wp-json\/wp\/v2\/tags?post=4857"}],"curies":[{"name":"wp","href":"https:\/\/api.w.org\/{rel}","templated":true}]}}