{"id":5006,"date":"2025-03-20T07:00:35","date_gmt":"2025-03-20T06:00:35","guid":{"rendered":"https:\/\/www.elle.lu\/fr\/?p=5006"},"modified":"2025-03-17T08:58:16","modified_gmt":"2025-03-17T07:58:16","slug":"et-si-on-reapprenait-le-parfum","status":"publish","type":"post","link":"https:\/\/www.elle.lu\/fr\/5006-et-si-on-reapprenait-le-parfum.html","title":{"rendered":"Et si on r\u00e9apprenait \u00e0 se parfumer ?"},"content":{"rendered":"","protected":false},"excerpt":{"rendered":"En 2025, la parfumerie bouscule les codes\u00a0: on joue, on explore, on s\u2019amuse. ...","protected":false},"author":49,"featured_media":5007,"comment_status":"open","ping_status":"open","sticky":false,"template":"","format":"standard","meta":{"_acf_changed":false,"_jetpack_memberships_contains_paid_content":false,"footnotes":""},"categories":[3],"tags":[],"class_list":["post-5006","post","type-post","status-publish","format-standard","has-post-thumbnail","hentry","category-beaute"],"acf":[],"yoast_head":"<!-- This site is optimized with the Yoast SEO plugin v27.2 - https:\/\/yoast.com\/product\/yoast-seo-wordpress\/ -->\n<title>Et si on r\u00e9apprenait \u00e0 se parfumer ? - ELLE.lu Luxembourg<\/title>\n<meta name=\"description\" content=\"En 2025, la parfumerie bouscule les codes\u00a0: on joue, on explore. Le parfum devient un terrain d\u2019expression intime d&#039;une autre fa\u00e7on.\" \/>\n<meta name=\"robots\" content=\"index, follow, max-snippet:-1, max-image-preview:large, max-video-preview:-1\" \/>\n<link rel=\"canonical\" href=\"https:\/\/www.elle.lu\/fr\/5006-et-si-on-reapprenait-le-parfum.html\" \/>\n<meta property=\"og:locale\" content=\"fr_FR\" \/>\n<meta property=\"og:type\" content=\"article\" \/>\n<meta property=\"og:title\" content=\"Et si on r\u00e9apprenait \u00e0 se parfumer ? - ELLE.lu Luxembourg\" \/>\n<meta property=\"og:description\" content=\"En 2025, la parfumerie bouscule les codes\u00a0: on joue, on explore. Le parfum devient un terrain d\u2019expression intime d&#039;une autre fa\u00e7on.\" \/>\n<meta property=\"og:url\" content=\"https:\/\/www.elle.lu\/fr\/5006-et-si-on-reapprenait-le-parfum.html\" \/>\n<meta property=\"og:site_name\" content=\"ELLE.lu Luxembourg\" \/>\n<meta property=\"article:published_time\" content=\"2025-03-20T06:00:35+00:00\" \/>\n<meta property=\"og:image\" content=\"https:\/\/www.elle.lu\/fr\/wp-content\/uploads\/2025\/03\/pexels-cottonbro-4659794.jpg\" \/>\n\t<meta property=\"og:image:width\" content=\"1707\" \/>\n\t<meta property=\"og:image:height\" content=\"2560\" \/>\n\t<meta property=\"og:image:type\" content=\"image\/jpeg\" \/>\n<meta name=\"author\" content=\"Sarah Braun\" \/>\n<meta name=\"twitter:card\" content=\"summary_large_image\" \/>\n<meta name=\"twitter:label1\" content=\"\u00c9crit par\" \/>\n\t<meta name=\"twitter:data1\" content=\"Sarah Braun\" \/>\n\t<meta name=\"twitter:label2\" content=\"Dur\u00e9e de lecture estim\u00e9e\" \/>\n\t<meta name=\"twitter:data2\" content=\"5 minutes\" \/>\n<script type=\"application\/ld+json\" class=\"yoast-schema-graph\">{\"@context\":\"https:\/\/schema.org\",\"@graph\":[{\"@type\":\"Article\",\"@id\":\"https:\/\/www.elle.lu\/fr\/5006-et-si-on-reapprenait-le-parfum.html#article\",\"isPartOf\":{\"@id\":\"https:\/\/www.elle.lu\/fr\/5006-et-si-on-reapprenait-le-parfum.html\"},\"author\":{\"name\":\"Sarah Braun\",\"@id\":\"https:\/\/www.elle.lu\/fr\/#\/schema\/person\/ac820204224d1a52c950088e1996b007\"},\"headline\":\"Et si on r\u00e9apprenait \u00e0 se parfumer ?\",\"datePublished\":\"2025-03-20T06:00:35+00:00\",\"mainEntityOfPage\":{\"@id\":\"https:\/\/www.elle.lu\/fr\/5006-et-si-on-reapprenait-le-parfum.html\"},\"wordCount\":1028,\"commentCount\":0,\"image\":{\"@id\":\"https:\/\/www.elle.lu\/fr\/5006-et-si-on-reapprenait-le-parfum.html#primaryimage\"},\"thumbnailUrl\":\"https:\/\/www.elle.lu\/fr\/wp-content\/uploads\/2025\/03\/pexels-cottonbro-4659794.jpg\",\"articleSection\":[\"Beaut\u00e9\"],\"inLanguage\":\"fr-FR\",\"potentialAction\":[{\"@type\":\"CommentAction\",\"name\":\"Comment\",\"target\":[\"https:\/\/www.elle.lu\/fr\/5006-et-si-on-reapprenait-le-parfum.html#respond\"]}]},{\"@type\":\"WebPage\",\"@id\":\"https:\/\/www.elle.lu\/fr\/5006-et-si-on-reapprenait-le-parfum.html\",\"url\":\"https:\/\/www.elle.lu\/fr\/5006-et-si-on-reapprenait-le-parfum.html\",\"name\":\"Et si on r\u00e9apprenait \u00e0 se parfumer ? - ELLE.lu Luxembourg\",\"isPartOf\":{\"@id\":\"https:\/\/www.elle.lu\/fr\/#website\"},\"primaryImageOfPage\":{\"@id\":\"https:\/\/www.elle.lu\/fr\/5006-et-si-on-reapprenait-le-parfum.html#primaryimage\"},\"image\":{\"@id\":\"https:\/\/www.elle.lu\/fr\/5006-et-si-on-reapprenait-le-parfum.html#primaryimage\"},\"thumbnailUrl\":\"https:\/\/www.elle.lu\/fr\/wp-content\/uploads\/2025\/03\/pexels-cottonbro-4659794.jpg\",\"datePublished\":\"2025-03-20T06:00:35+00:00\",\"author\":{\"@id\":\"https:\/\/www.elle.lu\/fr\/#\/schema\/person\/ac820204224d1a52c950088e1996b007\"},\"description\":\"En 2025, la parfumerie bouscule les codes\u00a0: on joue, on explore. Le parfum devient un terrain d\u2019expression intime d'une autre fa\u00e7on.\",\"breadcrumb\":{\"@id\":\"https:\/\/www.elle.lu\/fr\/5006-et-si-on-reapprenait-le-parfum.html#breadcrumb\"},\"inLanguage\":\"fr-FR\",\"potentialAction\":[{\"@type\":\"ReadAction\",\"target\":[\"https:\/\/www.elle.lu\/fr\/5006-et-si-on-reapprenait-le-parfum.html\"]}]},{\"@type\":\"ImageObject\",\"inLanguage\":\"fr-FR\",\"@id\":\"https:\/\/www.elle.lu\/fr\/5006-et-si-on-reapprenait-le-parfum.html#primaryimage\",\"url\":\"https:\/\/www.elle.lu\/fr\/wp-content\/uploads\/2025\/03\/pexels-cottonbro-4659794.jpg\",\"contentUrl\":\"https:\/\/www.elle.lu\/fr\/wp-content\/uploads\/2025\/03\/pexels-cottonbro-4659794.jpg\",\"width\":1707,\"height\":2560,\"caption\":\"\u00a9 Cottonbro - Pexels\"},{\"@type\":\"BreadcrumbList\",\"@id\":\"https:\/\/www.elle.lu\/fr\/5006-et-si-on-reapprenait-le-parfum.html#breadcrumb\",\"itemListElement\":[{\"@type\":\"ListItem\",\"position\":1,\"name\":\"Accueil\",\"item\":\"https:\/\/www.elle.lu\/fr\"},{\"@type\":\"ListItem\",\"position\":2,\"name\":\"Et si on r\u00e9apprenait \u00e0 se parfumer ?\"}]},{\"@type\":\"WebSite\",\"@id\":\"https:\/\/www.elle.lu\/fr\/#website\",\"url\":\"https:\/\/www.elle.lu\/fr\/\",\"name\":\"ELLE.lu\",\"description\":\"Explorez les derni\u00e8res tendances mode, beaut\u00e9 et art de vivre au Luxembourg sur ELLE.lu. Un contenu exclusivement luxembourgeois sur notre site, r\u00e9seaux sociaux et YouTube.\",\"potentialAction\":[{\"@type\":\"SearchAction\",\"target\":{\"@type\":\"EntryPoint\",\"urlTemplate\":\"https:\/\/www.elle.lu\/fr\/?s={search_term_string}\"},\"query-input\":{\"@type\":\"PropertyValueSpecification\",\"valueRequired\":true,\"valueName\":\"search_term_string\"}}],\"inLanguage\":\"fr-FR\"},{\"@type\":\"Person\",\"@id\":\"https:\/\/www.elle.lu\/fr\/#\/schema\/person\/ac820204224d1a52c950088e1996b007\",\"name\":\"Sarah Braun\",\"image\":{\"@type\":\"ImageObject\",\"inLanguage\":\"fr-FR\",\"@id\":\"https:\/\/secure.gravatar.com\/avatar\/795f10c954947838090d4f384b3a26b2352bf71fd41dd058f378fee046f7ce21?s=96&d=mm&r=g\",\"url\":\"https:\/\/secure.gravatar.com\/avatar\/795f10c954947838090d4f384b3a26b2352bf71fd41dd058f378fee046f7ce21?s=96&d=mm&r=g\",\"contentUrl\":\"https:\/\/secure.gravatar.com\/avatar\/795f10c954947838090d4f384b3a26b2352bf71fd41dd058f378fee046f7ce21?s=96&d=mm&r=g\",\"caption\":\"Sarah Braun\"},\"url\":\"https:\/\/www.elle.lu\/fr\/author\/sarahelle-lu\"}]}<\/script>\n<!-- \/ Yoast SEO plugin. -->","yoast_head_json":{"title":"Et si on r\u00e9apprenait \u00e0 se parfumer ? - ELLE.lu Luxembourg","description":"En 2025, la parfumerie bouscule les codes\u00a0: on joue, on explore. Le parfum devient un terrain d\u2019expression intime d'une autre fa\u00e7on.","robots":{"index":"index","follow":"follow","max-snippet":"max-snippet:-1","max-image-preview":"max-image-preview:large","max-video-preview":"max-video-preview:-1"},"canonical":"https:\/\/www.elle.lu\/fr\/5006-et-si-on-reapprenait-le-parfum.html","og_locale":"fr_FR","og_type":"article","og_title":"Et si on r\u00e9apprenait \u00e0 se parfumer ? - ELLE.lu Luxembourg","og_description":"En 2025, la parfumerie bouscule les codes\u00a0: on joue, on explore. Le parfum devient un terrain d\u2019expression intime d'une autre fa\u00e7on.","og_url":"https:\/\/www.elle.lu\/fr\/5006-et-si-on-reapprenait-le-parfum.html","og_site_name":"ELLE.lu Luxembourg","article_published_time":"2025-03-20T06:00:35+00:00","og_image":[{"width":1707,"height":2560,"url":"https:\/\/www.elle.lu\/fr\/wp-content\/uploads\/2025\/03\/pexels-cottonbro-4659794.jpg","type":"image\/jpeg"}],"author":"Sarah Braun","twitter_card":"summary_large_image","twitter_misc":{"\u00c9crit par":"Sarah Braun","Dur\u00e9e de lecture estim\u00e9e":"5 minutes"},"schema":{"@context":"https:\/\/schema.org","@graph":[{"@type":"Article","@id":"https:\/\/www.elle.lu\/fr\/5006-et-si-on-reapprenait-le-parfum.html#article","isPartOf":{"@id":"https:\/\/www.elle.lu\/fr\/5006-et-si-on-reapprenait-le-parfum.html"},"author":{"name":"Sarah Braun","@id":"https:\/\/www.elle.lu\/fr\/#\/schema\/person\/ac820204224d1a52c950088e1996b007"},"headline":"Et si on r\u00e9apprenait \u00e0 se parfumer ?","datePublished":"2025-03-20T06:00:35+00:00","mainEntityOfPage":{"@id":"https:\/\/www.elle.lu\/fr\/5006-et-si-on-reapprenait-le-parfum.html"},"wordCount":1028,"commentCount":0,"image":{"@id":"https:\/\/www.elle.lu\/fr\/5006-et-si-on-reapprenait-le-parfum.html#primaryimage"},"thumbnailUrl":"https:\/\/www.elle.lu\/fr\/wp-content\/uploads\/2025\/03\/pexels-cottonbro-4659794.jpg","articleSection":["Beaut\u00e9"],"inLanguage":"fr-FR","potentialAction":[{"@type":"CommentAction","name":"Comment","target":["https:\/\/www.elle.lu\/fr\/5006-et-si-on-reapprenait-le-parfum.html#respond"]}]},{"@type":"WebPage","@id":"https:\/\/www.elle.lu\/fr\/5006-et-si-on-reapprenait-le-parfum.html","url":"https:\/\/www.elle.lu\/fr\/5006-et-si-on-reapprenait-le-parfum.html","name":"Et si on r\u00e9apprenait \u00e0 se parfumer ? - ELLE.lu Luxembourg","isPartOf":{"@id":"https:\/\/www.elle.lu\/fr\/#website"},"primaryImageOfPage":{"@id":"https:\/\/www.elle.lu\/fr\/5006-et-si-on-reapprenait-le-parfum.html#primaryimage"},"image":{"@id":"https:\/\/www.elle.lu\/fr\/5006-et-si-on-reapprenait-le-parfum.html#primaryimage"},"thumbnailUrl":"https:\/\/www.elle.lu\/fr\/wp-content\/uploads\/2025\/03\/pexels-cottonbro-4659794.jpg","datePublished":"2025-03-20T06:00:35+00:00","author":{"@id":"https:\/\/www.elle.lu\/fr\/#\/schema\/person\/ac820204224d1a52c950088e1996b007"},"description":"En 2025, la parfumerie bouscule les codes\u00a0: on joue, on explore. Le parfum devient un terrain d\u2019expression intime d'une autre fa\u00e7on.","breadcrumb":{"@id":"https:\/\/www.elle.lu\/fr\/5006-et-si-on-reapprenait-le-parfum.html#breadcrumb"},"inLanguage":"fr-FR","potentialAction":[{"@type":"ReadAction","target":["https:\/\/www.elle.lu\/fr\/5006-et-si-on-reapprenait-le-parfum.html"]}]},{"@type":"ImageObject","inLanguage":"fr-FR","@id":"https:\/\/www.elle.lu\/fr\/5006-et-si-on-reapprenait-le-parfum.html#primaryimage","url":"https:\/\/www.elle.lu\/fr\/wp-content\/uploads\/2025\/03\/pexels-cottonbro-4659794.jpg","contentUrl":"https:\/\/www.elle.lu\/fr\/wp-content\/uploads\/2025\/03\/pexels-cottonbro-4659794.jpg","width":1707,"height":2560,"caption":"\u00a9 Cottonbro - Pexels"},{"@type":"BreadcrumbList","@id":"https:\/\/www.elle.lu\/fr\/5006-et-si-on-reapprenait-le-parfum.html#breadcrumb","itemListElement":[{"@type":"ListItem","position":1,"name":"Accueil","item":"https:\/\/www.elle.lu\/fr"},{"@type":"ListItem","position":2,"name":"Et si on r\u00e9apprenait \u00e0 se parfumer ?"}]},{"@type":"WebSite","@id":"https:\/\/www.elle.lu\/fr\/#website","url":"https:\/\/www.elle.lu\/fr\/","name":"ELLE.lu","description":"Explorez les derni\u00e8res tendances mode, beaut\u00e9 et art de vivre au Luxembourg sur ELLE.lu. Un contenu exclusivement luxembourgeois sur notre site, r\u00e9seaux sociaux et YouTube.","potentialAction":[{"@type":"SearchAction","target":{"@type":"EntryPoint","urlTemplate":"https:\/\/www.elle.lu\/fr\/?s={search_term_string}"},"query-input":{"@type":"PropertyValueSpecification","valueRequired":true,"valueName":"search_term_string"}}],"inLanguage":"fr-FR"},{"@type":"Person","@id":"https:\/\/www.elle.lu\/fr\/#\/schema\/person\/ac820204224d1a52c950088e1996b007","name":"Sarah Braun","image":{"@type":"ImageObject","inLanguage":"fr-FR","@id":"https:\/\/secure.gravatar.com\/avatar\/795f10c954947838090d4f384b3a26b2352bf71fd41dd058f378fee046f7ce21?s=96&d=mm&r=g","url":"https:\/\/secure.gravatar.com\/avatar\/795f10c954947838090d4f384b3a26b2352bf71fd41dd058f378fee046f7ce21?s=96&d=mm&r=g","contentUrl":"https:\/\/secure.gravatar.com\/avatar\/795f10c954947838090d4f384b3a26b2352bf71fd41dd058f378fee046f7ce21?s=96&d=mm&r=g","caption":"Sarah Braun"},"url":"https:\/\/www.elle.lu\/fr\/author\/sarahelle-lu"}]}},"jetpack_featured_media_url":"https:\/\/www.elle.lu\/fr\/wp-content\/uploads\/2025\/03\/pexels-cottonbro-4659794.jpg","jetpack_sharing_enabled":true,"_links":{"self":[{"href":"https:\/\/www.elle.lu\/fr\/wp-json\/wp\/v2\/posts\/5006","targetHints":{"allow":["GET"]}}],"collection":[{"href":"https:\/\/www.elle.lu\/fr\/wp-json\/wp\/v2\/posts"}],"about":[{"href":"https:\/\/www.elle.lu\/fr\/wp-json\/wp\/v2\/types\/post"}],"author":[{"embeddable":true,"href":"https:\/\/www.elle.lu\/fr\/wp-json\/wp\/v2\/users\/49"}],"replies":[{"embeddable":true,"href":"https:\/\/www.elle.lu\/fr\/wp-json\/wp\/v2\/comments?post=5006"}],"version-history":[{"count":5,"href":"https:\/\/www.elle.lu\/fr\/wp-json\/wp\/v2\/posts\/5006\/revisions"}],"predecessor-version":[{"id":5016,"href":"https:\/\/www.elle.lu\/fr\/wp-json\/wp\/v2\/posts\/5006\/revisions\/5016"}],"wp:featuredmedia":[{"embeddable":true,"href":"https:\/\/www.elle.lu\/fr\/wp-json\/wp\/v2\/media\/5007"}],"wp:attachment":[{"href":"https:\/\/www.elle.lu\/fr\/wp-json\/wp\/v2\/media?parent=5006"}],"wp:term":[{"taxonomy":"category","embeddable":true,"href":"https:\/\/www.elle.lu\/fr\/wp-json\/wp\/v2\/categories?post=5006"},{"taxonomy":"post_tag","embeddable":true,"href":"https:\/\/www.elle.lu\/fr\/wp-json\/wp\/v2\/tags?post=5006"}],"curies":[{"name":"wp","href":"https:\/\/api.w.org\/{rel}","templated":true}]}}