{"id":5062,"date":"2025-03-18T07:00:30","date_gmt":"2025-03-18T06:00:30","guid":{"rendered":"https:\/\/www.elle.lu\/fr\/?p=5062"},"modified":"2025-03-17T08:55:16","modified_gmt":"2025-03-17T07:55:16","slug":"fashion-week-de-paris-7-moments-incontournables","status":"publish","type":"post","link":"https:\/\/www.elle.lu\/fr\/5062-fashion-week-de-paris-7-moments-incontournables.html","title":{"rendered":"Fashion Week de Paris : 7 moments incontournables"},"content":{"rendered":"","protected":false},"excerpt":{"rendered":"La Fashion Week de Paris a encore une fois prouv\u00e9 pourquoi elle est l\u2019\u00e9picentre du style et de l\u2019audace. ...","protected":false},"author":25,"featured_media":5124,"comment_status":"open","ping_status":"open","sticky":false,"template":"","format":"standard","meta":{"_acf_changed":false,"_jetpack_memberships_contains_paid_content":false,"footnotes":""},"categories":[2,9],"tags":[],"class_list":["post-5062","post","type-post","status-publish","format-standard","has-post-thumbnail","hentry","category-mode","category-actu"],"acf":[],"yoast_head":"<!-- This site is optimized with the Yoast SEO plugin v27.5 - https:\/\/yoast.com\/product\/yoast-seo-wordpress\/ -->\n<title>Fashion Week de Paris : 7 moments incontournables - ELLE.lu Luxembourg<\/title>\n<meta name=\"description\" content=\"La Fashion Week de Paris a encore une fois prouv\u00e9 pourquoi elle est l\u2019\u00e9picentre du style. D\u00e9cryptage de 7 moments qui ont marqu\u00e9 les esprits.\" \/>\n<meta name=\"robots\" content=\"index, follow, max-snippet:-1, max-image-preview:large, max-video-preview:-1\" \/>\n<link rel=\"canonical\" href=\"https:\/\/www.elle.lu\/fr\/5062-fashion-week-de-paris-7-moments-incontournables.html\" \/>\n<meta property=\"og:locale\" content=\"fr_FR\" \/>\n<meta property=\"og:type\" content=\"article\" \/>\n<meta property=\"og:title\" content=\"Fashion Week de Paris : 7 moments incontournables - ELLE.lu Luxembourg\" \/>\n<meta property=\"og:description\" content=\"La Fashion Week de Paris a encore une fois prouv\u00e9 pourquoi elle est l\u2019\u00e9picentre du style. D\u00e9cryptage de 7 moments qui ont marqu\u00e9 les esprits.\" \/>\n<meta property=\"og:url\" content=\"https:\/\/www.elle.lu\/fr\/5062-fashion-week-de-paris-7-moments-incontournables.html\" \/>\n<meta property=\"og:site_name\" content=\"ELLE.lu Luxembourg\" \/>\n<meta property=\"article:published_time\" content=\"2025-03-18T06:00:30+00:00\" \/>\n<meta property=\"og:image\" content=\"https:\/\/www.elle.lu\/fr\/wp-content\/uploads\/2025\/03\/chanel-atm-f25-063.jpg\" \/>\n\t<meta property=\"og:image:width\" content=\"1980\" \/>\n\t<meta property=\"og:image:height\" content=\"1320\" \/>\n\t<meta property=\"og:image:type\" content=\"image\/jpeg\" \/>\n<meta name=\"author\" content=\"Cynthia Jreige\" \/>\n<meta name=\"twitter:card\" content=\"summary_large_image\" \/>\n<meta name=\"twitter:label1\" content=\"\u00c9crit par\" \/>\n\t<meta name=\"twitter:data1\" content=\"Cynthia Jreige\" \/>\n\t<meta name=\"twitter:label2\" content=\"Dur\u00e9e de lecture estim\u00e9e\" \/>\n\t<meta name=\"twitter:data2\" content=\"4 minutes\" \/>\n<script type=\"application\/ld+json\" class=\"yoast-schema-graph\">{\"@context\":\"https:\\\/\\\/schema.org\",\"@graph\":[{\"@type\":\"Article\",\"@id\":\"https:\\\/\\\/www.elle.lu\\\/fr\\\/5062-fashion-week-de-paris-7-moments-incontournables.html#article\",\"isPartOf\":{\"@id\":\"https:\\\/\\\/www.elle.lu\\\/fr\\\/5062-fashion-week-de-paris-7-moments-incontournables.html\"},\"author\":{\"name\":\"Cynthia Jreige\",\"@id\":\"https:\\\/\\\/www.elle.lu\\\/fr\\\/#\\\/schema\\\/person\\\/3f15ac4b468565742a84fdbf9044aa9f\"},\"headline\":\"Fashion Week de Paris : 7 moments incontournables\",\"datePublished\":\"2025-03-18T06:00:30+00:00\",\"mainEntityOfPage\":{\"@id\":\"https:\\\/\\\/www.elle.lu\\\/fr\\\/5062-fashion-week-de-paris-7-moments-incontournables.html\"},\"wordCount\":764,\"commentCount\":0,\"image\":{\"@id\":\"https:\\\/\\\/www.elle.lu\\\/fr\\\/5062-fashion-week-de-paris-7-moments-incontournables.html#primaryimage\"},\"thumbnailUrl\":\"https:\\\/\\\/www.elle.lu\\\/fr\\\/wp-content\\\/uploads\\\/2025\\\/03\\\/chanel-atm-f25-063.jpg\",\"articleSection\":[\"Mode\",\"Actu\"],\"inLanguage\":\"fr-FR\",\"potentialAction\":[{\"@type\":\"CommentAction\",\"name\":\"Comment\",\"target\":[\"https:\\\/\\\/www.elle.lu\\\/fr\\\/5062-fashion-week-de-paris-7-moments-incontournables.html#respond\"]}]},{\"@type\":\"WebPage\",\"@id\":\"https:\\\/\\\/www.elle.lu\\\/fr\\\/5062-fashion-week-de-paris-7-moments-incontournables.html\",\"url\":\"https:\\\/\\\/www.elle.lu\\\/fr\\\/5062-fashion-week-de-paris-7-moments-incontournables.html\",\"name\":\"Fashion Week de Paris : 7 moments incontournables - ELLE.lu Luxembourg\",\"isPartOf\":{\"@id\":\"https:\\\/\\\/www.elle.lu\\\/fr\\\/#website\"},\"primaryImageOfPage\":{\"@id\":\"https:\\\/\\\/www.elle.lu\\\/fr\\\/5062-fashion-week-de-paris-7-moments-incontournables.html#primaryimage\"},\"image\":{\"@id\":\"https:\\\/\\\/www.elle.lu\\\/fr\\\/5062-fashion-week-de-paris-7-moments-incontournables.html#primaryimage\"},\"thumbnailUrl\":\"https:\\\/\\\/www.elle.lu\\\/fr\\\/wp-content\\\/uploads\\\/2025\\\/03\\\/chanel-atm-f25-063.jpg\",\"datePublished\":\"2025-03-18T06:00:30+00:00\",\"author\":{\"@id\":\"https:\\\/\\\/www.elle.lu\\\/fr\\\/#\\\/schema\\\/person\\\/3f15ac4b468565742a84fdbf9044aa9f\"},\"description\":\"La Fashion Week de Paris a encore une fois prouv\u00e9 pourquoi elle est l\u2019\u00e9picentre du style. D\u00e9cryptage de 7 moments qui ont marqu\u00e9 les esprits.\",\"breadcrumb\":{\"@id\":\"https:\\\/\\\/www.elle.lu\\\/fr\\\/5062-fashion-week-de-paris-7-moments-incontournables.html#breadcrumb\"},\"inLanguage\":\"fr-FR\",\"potentialAction\":[{\"@type\":\"ReadAction\",\"target\":[\"https:\\\/\\\/www.elle.lu\\\/fr\\\/5062-fashion-week-de-paris-7-moments-incontournables.html\"]}]},{\"@type\":\"ImageObject\",\"inLanguage\":\"fr-FR\",\"@id\":\"https:\\\/\\\/www.elle.lu\\\/fr\\\/5062-fashion-week-de-paris-7-moments-incontournables.html#primaryimage\",\"url\":\"https:\\\/\\\/www.elle.lu\\\/fr\\\/wp-content\\\/uploads\\\/2025\\\/03\\\/chanel-atm-f25-063.jpg\",\"contentUrl\":\"https:\\\/\\\/www.elle.lu\\\/fr\\\/wp-content\\\/uploads\\\/2025\\\/03\\\/chanel-atm-f25-063.jpg\",\"width\":1980,\"height\":1320,\"caption\":\"Chanel Automne-Hiver 2025\\\/2026 \u00a9 Launchmetrics Spotlight\"},{\"@type\":\"BreadcrumbList\",\"@id\":\"https:\\\/\\\/www.elle.lu\\\/fr\\\/5062-fashion-week-de-paris-7-moments-incontournables.html#breadcrumb\",\"itemListElement\":[{\"@type\":\"ListItem\",\"position\":1,\"name\":\"Accueil\",\"item\":\"https:\\\/\\\/www.elle.lu\\\/fr\"},{\"@type\":\"ListItem\",\"position\":2,\"name\":\"Fashion Week de Paris : 7 moments incontournables\"}]},{\"@type\":\"WebSite\",\"@id\":\"https:\\\/\\\/www.elle.lu\\\/fr\\\/#website\",\"url\":\"https:\\\/\\\/www.elle.lu\\\/fr\\\/\",\"name\":\"ELLE.lu\",\"description\":\"Explorez les derni\u00e8res tendances mode, beaut\u00e9 et art de vivre au Luxembourg sur ELLE.lu. Un contenu exclusivement luxembourgeois sur notre site, r\u00e9seaux sociaux et YouTube.\",\"potentialAction\":[{\"@type\":\"SearchAction\",\"target\":{\"@type\":\"EntryPoint\",\"urlTemplate\":\"https:\\\/\\\/www.elle.lu\\\/fr\\\/?s={search_term_string}\"},\"query-input\":{\"@type\":\"PropertyValueSpecification\",\"valueRequired\":true,\"valueName\":\"search_term_string\"}}],\"inLanguage\":\"fr-FR\"},{\"@type\":\"Person\",\"@id\":\"https:\\\/\\\/www.elle.lu\\\/fr\\\/#\\\/schema\\\/person\\\/3f15ac4b468565742a84fdbf9044aa9f\",\"name\":\"Cynthia Jreige\",\"image\":{\"@type\":\"ImageObject\",\"inLanguage\":\"fr-FR\",\"@id\":\"https:\\\/\\\/secure.gravatar.com\\\/avatar\\\/e4f65f77c08f4e2a1ff8be6f541524976cba3849a18a30501396706864120c94?s=96&d=mm&r=g\",\"url\":\"https:\\\/\\\/secure.gravatar.com\\\/avatar\\\/e4f65f77c08f4e2a1ff8be6f541524976cba3849a18a30501396706864120c94?s=96&d=mm&r=g\",\"contentUrl\":\"https:\\\/\\\/secure.gravatar.com\\\/avatar\\\/e4f65f77c08f4e2a1ff8be6f541524976cba3849a18a30501396706864120c94?s=96&d=mm&r=g\",\"caption\":\"Cynthia Jreige\"},\"url\":\"https:\\\/\\\/www.elle.lu\\\/fr\\\/author\\\/cynthia-jreige\"}]}<\/script>\n<!-- \/ Yoast SEO plugin. -->","yoast_head_json":{"title":"Fashion Week de Paris : 7 moments incontournables - ELLE.lu Luxembourg","description":"La Fashion Week de Paris a encore une fois prouv\u00e9 pourquoi elle est l\u2019\u00e9picentre du style. D\u00e9cryptage de 7 moments qui ont marqu\u00e9 les esprits.","robots":{"index":"index","follow":"follow","max-snippet":"max-snippet:-1","max-image-preview":"max-image-preview:large","max-video-preview":"max-video-preview:-1"},"canonical":"https:\/\/www.elle.lu\/fr\/5062-fashion-week-de-paris-7-moments-incontournables.html","og_locale":"fr_FR","og_type":"article","og_title":"Fashion Week de Paris : 7 moments incontournables - ELLE.lu Luxembourg","og_description":"La Fashion Week de Paris a encore une fois prouv\u00e9 pourquoi elle est l\u2019\u00e9picentre du style. D\u00e9cryptage de 7 moments qui ont marqu\u00e9 les esprits.","og_url":"https:\/\/www.elle.lu\/fr\/5062-fashion-week-de-paris-7-moments-incontournables.html","og_site_name":"ELLE.lu Luxembourg","article_published_time":"2025-03-18T06:00:30+00:00","og_image":[{"width":1980,"height":1320,"url":"https:\/\/www.elle.lu\/fr\/wp-content\/uploads\/2025\/03\/chanel-atm-f25-063.jpg","type":"image\/jpeg"}],"author":"Cynthia Jreige","twitter_card":"summary_large_image","twitter_misc":{"\u00c9crit par":"Cynthia Jreige","Dur\u00e9e de lecture estim\u00e9e":"4 minutes"},"schema":{"@context":"https:\/\/schema.org","@graph":[{"@type":"Article","@id":"https:\/\/www.elle.lu\/fr\/5062-fashion-week-de-paris-7-moments-incontournables.html#article","isPartOf":{"@id":"https:\/\/www.elle.lu\/fr\/5062-fashion-week-de-paris-7-moments-incontournables.html"},"author":{"name":"Cynthia Jreige","@id":"https:\/\/www.elle.lu\/fr\/#\/schema\/person\/3f15ac4b468565742a84fdbf9044aa9f"},"headline":"Fashion Week de Paris : 7 moments incontournables","datePublished":"2025-03-18T06:00:30+00:00","mainEntityOfPage":{"@id":"https:\/\/www.elle.lu\/fr\/5062-fashion-week-de-paris-7-moments-incontournables.html"},"wordCount":764,"commentCount":0,"image":{"@id":"https:\/\/www.elle.lu\/fr\/5062-fashion-week-de-paris-7-moments-incontournables.html#primaryimage"},"thumbnailUrl":"https:\/\/www.elle.lu\/fr\/wp-content\/uploads\/2025\/03\/chanel-atm-f25-063.jpg","articleSection":["Mode","Actu"],"inLanguage":"fr-FR","potentialAction":[{"@type":"CommentAction","name":"Comment","target":["https:\/\/www.elle.lu\/fr\/5062-fashion-week-de-paris-7-moments-incontournables.html#respond"]}]},{"@type":"WebPage","@id":"https:\/\/www.elle.lu\/fr\/5062-fashion-week-de-paris-7-moments-incontournables.html","url":"https:\/\/www.elle.lu\/fr\/5062-fashion-week-de-paris-7-moments-incontournables.html","name":"Fashion Week de Paris : 7 moments incontournables - ELLE.lu Luxembourg","isPartOf":{"@id":"https:\/\/www.elle.lu\/fr\/#website"},"primaryImageOfPage":{"@id":"https:\/\/www.elle.lu\/fr\/5062-fashion-week-de-paris-7-moments-incontournables.html#primaryimage"},"image":{"@id":"https:\/\/www.elle.lu\/fr\/5062-fashion-week-de-paris-7-moments-incontournables.html#primaryimage"},"thumbnailUrl":"https:\/\/www.elle.lu\/fr\/wp-content\/uploads\/2025\/03\/chanel-atm-f25-063.jpg","datePublished":"2025-03-18T06:00:30+00:00","author":{"@id":"https:\/\/www.elle.lu\/fr\/#\/schema\/person\/3f15ac4b468565742a84fdbf9044aa9f"},"description":"La Fashion Week de Paris a encore une fois prouv\u00e9 pourquoi elle est l\u2019\u00e9picentre du style. D\u00e9cryptage de 7 moments qui ont marqu\u00e9 les esprits.","breadcrumb":{"@id":"https:\/\/www.elle.lu\/fr\/5062-fashion-week-de-paris-7-moments-incontournables.html#breadcrumb"},"inLanguage":"fr-FR","potentialAction":[{"@type":"ReadAction","target":["https:\/\/www.elle.lu\/fr\/5062-fashion-week-de-paris-7-moments-incontournables.html"]}]},{"@type":"ImageObject","inLanguage":"fr-FR","@id":"https:\/\/www.elle.lu\/fr\/5062-fashion-week-de-paris-7-moments-incontournables.html#primaryimage","url":"https:\/\/www.elle.lu\/fr\/wp-content\/uploads\/2025\/03\/chanel-atm-f25-063.jpg","contentUrl":"https:\/\/www.elle.lu\/fr\/wp-content\/uploads\/2025\/03\/chanel-atm-f25-063.jpg","width":1980,"height":1320,"caption":"Chanel Automne-Hiver 2025\/2026 \u00a9 Launchmetrics Spotlight"},{"@type":"BreadcrumbList","@id":"https:\/\/www.elle.lu\/fr\/5062-fashion-week-de-paris-7-moments-incontournables.html#breadcrumb","itemListElement":[{"@type":"ListItem","position":1,"name":"Accueil","item":"https:\/\/www.elle.lu\/fr"},{"@type":"ListItem","position":2,"name":"Fashion Week de Paris : 7 moments incontournables"}]},{"@type":"WebSite","@id":"https:\/\/www.elle.lu\/fr\/#website","url":"https:\/\/www.elle.lu\/fr\/","name":"ELLE.lu","description":"Explorez les derni\u00e8res tendances mode, beaut\u00e9 et art de vivre au Luxembourg sur ELLE.lu. Un contenu exclusivement luxembourgeois sur notre site, r\u00e9seaux sociaux et YouTube.","potentialAction":[{"@type":"SearchAction","target":{"@type":"EntryPoint","urlTemplate":"https:\/\/www.elle.lu\/fr\/?s={search_term_string}"},"query-input":{"@type":"PropertyValueSpecification","valueRequired":true,"valueName":"search_term_string"}}],"inLanguage":"fr-FR"},{"@type":"Person","@id":"https:\/\/www.elle.lu\/fr\/#\/schema\/person\/3f15ac4b468565742a84fdbf9044aa9f","name":"Cynthia Jreige","image":{"@type":"ImageObject","inLanguage":"fr-FR","@id":"https:\/\/secure.gravatar.com\/avatar\/e4f65f77c08f4e2a1ff8be6f541524976cba3849a18a30501396706864120c94?s=96&d=mm&r=g","url":"https:\/\/secure.gravatar.com\/avatar\/e4f65f77c08f4e2a1ff8be6f541524976cba3849a18a30501396706864120c94?s=96&d=mm&r=g","contentUrl":"https:\/\/secure.gravatar.com\/avatar\/e4f65f77c08f4e2a1ff8be6f541524976cba3849a18a30501396706864120c94?s=96&d=mm&r=g","caption":"Cynthia Jreige"},"url":"https:\/\/www.elle.lu\/fr\/author\/cynthia-jreige"}]}},"jetpack_featured_media_url":"https:\/\/www.elle.lu\/fr\/wp-content\/uploads\/2025\/03\/chanel-atm-f25-063.jpg","jetpack_sharing_enabled":true,"_links":{"self":[{"href":"https:\/\/www.elle.lu\/fr\/wp-json\/wp\/v2\/posts\/5062","targetHints":{"allow":["GET"]}}],"collection":[{"href":"https:\/\/www.elle.lu\/fr\/wp-json\/wp\/v2\/posts"}],"about":[{"href":"https:\/\/www.elle.lu\/fr\/wp-json\/wp\/v2\/types\/post"}],"author":[{"embeddable":true,"href":"https:\/\/www.elle.lu\/fr\/wp-json\/wp\/v2\/users\/25"}],"replies":[{"embeddable":true,"href":"https:\/\/www.elle.lu\/fr\/wp-json\/wp\/v2\/comments?post=5062"}],"version-history":[{"count":6,"href":"https:\/\/www.elle.lu\/fr\/wp-json\/wp\/v2\/posts\/5062\/revisions"}],"predecessor-version":[{"id":5146,"href":"https:\/\/www.elle.lu\/fr\/wp-json\/wp\/v2\/posts\/5062\/revisions\/5146"}],"wp:featuredmedia":[{"embeddable":true,"href":"https:\/\/www.elle.lu\/fr\/wp-json\/wp\/v2\/media\/5124"}],"wp:attachment":[{"href":"https:\/\/www.elle.lu\/fr\/wp-json\/wp\/v2\/media?parent=5062"}],"wp:term":[{"taxonomy":"category","embeddable":true,"href":"https:\/\/www.elle.lu\/fr\/wp-json\/wp\/v2\/categories?post=5062"},{"taxonomy":"post_tag","embeddable":true,"href":"https:\/\/www.elle.lu\/fr\/wp-json\/wp\/v2\/tags?post=5062"}],"curies":[{"name":"wp","href":"https:\/\/api.w.org\/{rel}","templated":true}]}}