{"id":5438,"date":"2025-04-15T07:00:48","date_gmt":"2025-04-15T05:00:48","guid":{"rendered":"https:\/\/www.elle.lu\/fr\/?p=5438"},"modified":"2025-04-07T18:49:20","modified_gmt":"2025-04-07T16:49:20","slug":"tatoueuses-elles-redessinent-le-luxembourg-a-lencre-indelebile","status":"publish","type":"post","link":"https:\/\/www.elle.lu\/fr\/5438-tatoueuses-elles-redessinent-le-luxembourg-a-lencre-indelebile.html","title":{"rendered":"Tatoueuses : elles redessinent le Luxembourg \u00e0 l\u2019encre ind\u00e9l\u00e9bile"},"content":{"rendered":"","protected":false},"excerpt":{"rendered":"Longtemps per\u00e7u comme un domaine masculin, le monde du tatouage voit \u00e9merger une nouvelle g\u00e9n\u00e9ration de femmes tatoueuses qui transforment cette pratique en un v\u00e9ritable espace d\u2019expression et de communaut\u00e9 \u00e0 Luxembourg.","protected":false},"author":11,"featured_media":5444,"comment_status":"open","ping_status":"open","sticky":false,"template":"","format":"standard","meta":{"_acf_changed":false,"_jetpack_memberships_contains_paid_content":false,"footnotes":""},"categories":[3,4],"tags":[],"class_list":["post-5438","post","type-post","status-publish","format-standard","has-post-thumbnail","hentry","category-beaute","category-lifestyle"],"acf":[],"yoast_head":"<!-- This site is optimized with the Yoast SEO plugin v27.5 - https:\/\/yoast.com\/product\/yoast-seo-wordpress\/ -->\n<title>Tatoueuses : elles redessinent le Luxembourg \u00e0 l\u2019encre ind\u00e9l\u00e9bile - ELLE.lu Luxembourg<\/title>\n<meta name=\"description\" content=\"Longtemps per\u00e7u comme un domaine masculin, le monde du tatouage voit \u00e9merger une nouvelle g\u00e9n\u00e9ration de femmes tatoueuses au Luxembourg.\" \/>\n<meta name=\"robots\" content=\"index, follow, max-snippet:-1, max-image-preview:large, max-video-preview:-1\" \/>\n<link rel=\"canonical\" href=\"https:\/\/www.elle.lu\/fr\/5438-tatoueuses-elles-redessinent-le-luxembourg-a-lencre-indelebile.html\" \/>\n<meta property=\"og:locale\" content=\"fr_FR\" \/>\n<meta property=\"og:type\" content=\"article\" \/>\n<meta property=\"og:title\" content=\"Tatoueuses : elles redessinent le Luxembourg \u00e0 l\u2019encre ind\u00e9l\u00e9bile - ELLE.lu Luxembourg\" \/>\n<meta property=\"og:description\" content=\"Longtemps per\u00e7u comme un domaine masculin, le monde du tatouage voit \u00e9merger une nouvelle g\u00e9n\u00e9ration de femmes tatoueuses au Luxembourg.\" \/>\n<meta property=\"og:url\" content=\"https:\/\/www.elle.lu\/fr\/5438-tatoueuses-elles-redessinent-le-luxembourg-a-lencre-indelebile.html\" \/>\n<meta property=\"og:site_name\" content=\"ELLE.lu Luxembourg\" \/>\n<meta property=\"article:published_time\" content=\"2025-04-15T05:00:48+00:00\" \/>\n<meta property=\"og:image\" content=\"https:\/\/www.elle.lu\/fr\/wp-content\/uploads\/2025\/04\/thomas-despeyroux-879s-fy4254-unsplash.jpg\" \/>\n\t<meta property=\"og:image:width\" content=\"1707\" \/>\n\t<meta property=\"og:image:height\" content=\"2560\" \/>\n\t<meta property=\"og:image:type\" content=\"image\/jpeg\" \/>\n<meta name=\"author\" content=\"Delali Amegah\" \/>\n<meta name=\"twitter:card\" content=\"summary_large_image\" \/>\n<meta name=\"twitter:label1\" content=\"\u00c9crit par\" \/>\n\t<meta name=\"twitter:data1\" content=\"Delali Amegah\" \/>\n\t<meta name=\"twitter:label2\" content=\"Dur\u00e9e de lecture estim\u00e9e\" \/>\n\t<meta name=\"twitter:data2\" content=\"7 minutes\" \/>\n<script type=\"application\/ld+json\" class=\"yoast-schema-graph\">{\"@context\":\"https:\\\/\\\/schema.org\",\"@graph\":[{\"@type\":\"Article\",\"@id\":\"https:\\\/\\\/www.elle.lu\\\/fr\\\/5438-tatoueuses-elles-redessinent-le-luxembourg-a-lencre-indelebile.html#article\",\"isPartOf\":{\"@id\":\"https:\\\/\\\/www.elle.lu\\\/fr\\\/5438-tatoueuses-elles-redessinent-le-luxembourg-a-lencre-indelebile.html\"},\"author\":{\"name\":\"Delali Amegah\",\"@id\":\"https:\\\/\\\/www.elle.lu\\\/fr\\\/#\\\/schema\\\/person\\\/1aafd2ac01ca330e3fc2b29784df8862\"},\"headline\":\"Tatoueuses : elles redessinent le Luxembourg \u00e0 l\u2019encre ind\u00e9l\u00e9bile\",\"datePublished\":\"2025-04-15T05:00:48+00:00\",\"mainEntityOfPage\":{\"@id\":\"https:\\\/\\\/www.elle.lu\\\/fr\\\/5438-tatoueuses-elles-redessinent-le-luxembourg-a-lencre-indelebile.html\"},\"wordCount\":1269,\"commentCount\":0,\"image\":{\"@id\":\"https:\\\/\\\/www.elle.lu\\\/fr\\\/5438-tatoueuses-elles-redessinent-le-luxembourg-a-lencre-indelebile.html#primaryimage\"},\"thumbnailUrl\":\"https:\\\/\\\/www.elle.lu\\\/fr\\\/wp-content\\\/uploads\\\/2025\\\/04\\\/thomas-despeyroux-879s-fy4254-unsplash.jpg\",\"articleSection\":[\"Beaut\u00e9\",\"Lifestyle\"],\"inLanguage\":\"fr-FR\",\"potentialAction\":[{\"@type\":\"CommentAction\",\"name\":\"Comment\",\"target\":[\"https:\\\/\\\/www.elle.lu\\\/fr\\\/5438-tatoueuses-elles-redessinent-le-luxembourg-a-lencre-indelebile.html#respond\"]}]},{\"@type\":\"WebPage\",\"@id\":\"https:\\\/\\\/www.elle.lu\\\/fr\\\/5438-tatoueuses-elles-redessinent-le-luxembourg-a-lencre-indelebile.html\",\"url\":\"https:\\\/\\\/www.elle.lu\\\/fr\\\/5438-tatoueuses-elles-redessinent-le-luxembourg-a-lencre-indelebile.html\",\"name\":\"Tatoueuses : elles redessinent le Luxembourg \u00e0 l\u2019encre ind\u00e9l\u00e9bile - ELLE.lu Luxembourg\",\"isPartOf\":{\"@id\":\"https:\\\/\\\/www.elle.lu\\\/fr\\\/#website\"},\"primaryImageOfPage\":{\"@id\":\"https:\\\/\\\/www.elle.lu\\\/fr\\\/5438-tatoueuses-elles-redessinent-le-luxembourg-a-lencre-indelebile.html#primaryimage\"},\"image\":{\"@id\":\"https:\\\/\\\/www.elle.lu\\\/fr\\\/5438-tatoueuses-elles-redessinent-le-luxembourg-a-lencre-indelebile.html#primaryimage\"},\"thumbnailUrl\":\"https:\\\/\\\/www.elle.lu\\\/fr\\\/wp-content\\\/uploads\\\/2025\\\/04\\\/thomas-despeyroux-879s-fy4254-unsplash.jpg\",\"datePublished\":\"2025-04-15T05:00:48+00:00\",\"author\":{\"@id\":\"https:\\\/\\\/www.elle.lu\\\/fr\\\/#\\\/schema\\\/person\\\/1aafd2ac01ca330e3fc2b29784df8862\"},\"description\":\"Longtemps per\u00e7u comme un domaine masculin, le monde du tatouage voit \u00e9merger une nouvelle g\u00e9n\u00e9ration de femmes tatoueuses au Luxembourg.\",\"breadcrumb\":{\"@id\":\"https:\\\/\\\/www.elle.lu\\\/fr\\\/5438-tatoueuses-elles-redessinent-le-luxembourg-a-lencre-indelebile.html#breadcrumb\"},\"inLanguage\":\"fr-FR\",\"potentialAction\":[{\"@type\":\"ReadAction\",\"target\":[\"https:\\\/\\\/www.elle.lu\\\/fr\\\/5438-tatoueuses-elles-redessinent-le-luxembourg-a-lencre-indelebile.html\"]}]},{\"@type\":\"ImageObject\",\"inLanguage\":\"fr-FR\",\"@id\":\"https:\\\/\\\/www.elle.lu\\\/fr\\\/5438-tatoueuses-elles-redessinent-le-luxembourg-a-lencre-indelebile.html#primaryimage\",\"url\":\"https:\\\/\\\/www.elle.lu\\\/fr\\\/wp-content\\\/uploads\\\/2025\\\/04\\\/thomas-despeyroux-879s-fy4254-unsplash.jpg\",\"contentUrl\":\"https:\\\/\\\/www.elle.lu\\\/fr\\\/wp-content\\\/uploads\\\/2025\\\/04\\\/thomas-despeyroux-879s-fy4254-unsplash.jpg\",\"width\":1707,\"height\":2560,\"caption\":\"\u00a9 Thomas Despeyroux \\\/ Unsplash\"},{\"@type\":\"BreadcrumbList\",\"@id\":\"https:\\\/\\\/www.elle.lu\\\/fr\\\/5438-tatoueuses-elles-redessinent-le-luxembourg-a-lencre-indelebile.html#breadcrumb\",\"itemListElement\":[{\"@type\":\"ListItem\",\"position\":1,\"name\":\"Accueil\",\"item\":\"https:\\\/\\\/www.elle.lu\\\/fr\"},{\"@type\":\"ListItem\",\"position\":2,\"name\":\"Tatoueuses : elles redessinent le Luxembourg \u00e0 l\u2019encre ind\u00e9l\u00e9bile\"}]},{\"@type\":\"WebSite\",\"@id\":\"https:\\\/\\\/www.elle.lu\\\/fr\\\/#website\",\"url\":\"https:\\\/\\\/www.elle.lu\\\/fr\\\/\",\"name\":\"ELLE.lu\",\"description\":\"Explorez les derni\u00e8res tendances mode, beaut\u00e9 et art de vivre au Luxembourg sur ELLE.lu. Un contenu exclusivement luxembourgeois sur notre site, r\u00e9seaux sociaux et YouTube.\",\"potentialAction\":[{\"@type\":\"SearchAction\",\"target\":{\"@type\":\"EntryPoint\",\"urlTemplate\":\"https:\\\/\\\/www.elle.lu\\\/fr\\\/?s={search_term_string}\"},\"query-input\":{\"@type\":\"PropertyValueSpecification\",\"valueRequired\":true,\"valueName\":\"search_term_string\"}}],\"inLanguage\":\"fr-FR\"},{\"@type\":\"Person\",\"@id\":\"https:\\\/\\\/www.elle.lu\\\/fr\\\/#\\\/schema\\\/person\\\/1aafd2ac01ca330e3fc2b29784df8862\",\"name\":\"Delali Amegah\",\"image\":{\"@type\":\"ImageObject\",\"inLanguage\":\"fr-FR\",\"@id\":\"https:\\\/\\\/secure.gravatar.com\\\/avatar\\\/4bba6a17c99e289f5d54dfc2be6268cb23719c63a3df10440a4724a7cf90f659?s=96&d=mm&r=g\",\"url\":\"https:\\\/\\\/secure.gravatar.com\\\/avatar\\\/4bba6a17c99e289f5d54dfc2be6268cb23719c63a3df10440a4724a7cf90f659?s=96&d=mm&r=g\",\"contentUrl\":\"https:\\\/\\\/secure.gravatar.com\\\/avatar\\\/4bba6a17c99e289f5d54dfc2be6268cb23719c63a3df10440a4724a7cf90f659?s=96&d=mm&r=g\",\"caption\":\"Delali Amegah\"},\"url\":\"https:\\\/\\\/www.elle.lu\\\/fr\\\/author\\\/delali-amegah\"}]}<\/script>\n<!-- \/ Yoast SEO plugin. -->","yoast_head_json":{"title":"Tatoueuses : elles redessinent le Luxembourg \u00e0 l\u2019encre ind\u00e9l\u00e9bile - ELLE.lu Luxembourg","description":"Longtemps per\u00e7u comme un domaine masculin, le monde du tatouage voit \u00e9merger une nouvelle g\u00e9n\u00e9ration de femmes tatoueuses au Luxembourg.","robots":{"index":"index","follow":"follow","max-snippet":"max-snippet:-1","max-image-preview":"max-image-preview:large","max-video-preview":"max-video-preview:-1"},"canonical":"https:\/\/www.elle.lu\/fr\/5438-tatoueuses-elles-redessinent-le-luxembourg-a-lencre-indelebile.html","og_locale":"fr_FR","og_type":"article","og_title":"Tatoueuses : elles redessinent le Luxembourg \u00e0 l\u2019encre ind\u00e9l\u00e9bile - ELLE.lu Luxembourg","og_description":"Longtemps per\u00e7u comme un domaine masculin, le monde du tatouage voit \u00e9merger une nouvelle g\u00e9n\u00e9ration de femmes tatoueuses au Luxembourg.","og_url":"https:\/\/www.elle.lu\/fr\/5438-tatoueuses-elles-redessinent-le-luxembourg-a-lencre-indelebile.html","og_site_name":"ELLE.lu Luxembourg","article_published_time":"2025-04-15T05:00:48+00:00","og_image":[{"width":1707,"height":2560,"url":"https:\/\/www.elle.lu\/fr\/wp-content\/uploads\/2025\/04\/thomas-despeyroux-879s-fy4254-unsplash.jpg","type":"image\/jpeg"}],"author":"Delali Amegah","twitter_card":"summary_large_image","twitter_misc":{"\u00c9crit par":"Delali Amegah","Dur\u00e9e de lecture estim\u00e9e":"7 minutes"},"schema":{"@context":"https:\/\/schema.org","@graph":[{"@type":"Article","@id":"https:\/\/www.elle.lu\/fr\/5438-tatoueuses-elles-redessinent-le-luxembourg-a-lencre-indelebile.html#article","isPartOf":{"@id":"https:\/\/www.elle.lu\/fr\/5438-tatoueuses-elles-redessinent-le-luxembourg-a-lencre-indelebile.html"},"author":{"name":"Delali Amegah","@id":"https:\/\/www.elle.lu\/fr\/#\/schema\/person\/1aafd2ac01ca330e3fc2b29784df8862"},"headline":"Tatoueuses : elles redessinent le Luxembourg \u00e0 l\u2019encre ind\u00e9l\u00e9bile","datePublished":"2025-04-15T05:00:48+00:00","mainEntityOfPage":{"@id":"https:\/\/www.elle.lu\/fr\/5438-tatoueuses-elles-redessinent-le-luxembourg-a-lencre-indelebile.html"},"wordCount":1269,"commentCount":0,"image":{"@id":"https:\/\/www.elle.lu\/fr\/5438-tatoueuses-elles-redessinent-le-luxembourg-a-lencre-indelebile.html#primaryimage"},"thumbnailUrl":"https:\/\/www.elle.lu\/fr\/wp-content\/uploads\/2025\/04\/thomas-despeyroux-879s-fy4254-unsplash.jpg","articleSection":["Beaut\u00e9","Lifestyle"],"inLanguage":"fr-FR","potentialAction":[{"@type":"CommentAction","name":"Comment","target":["https:\/\/www.elle.lu\/fr\/5438-tatoueuses-elles-redessinent-le-luxembourg-a-lencre-indelebile.html#respond"]}]},{"@type":"WebPage","@id":"https:\/\/www.elle.lu\/fr\/5438-tatoueuses-elles-redessinent-le-luxembourg-a-lencre-indelebile.html","url":"https:\/\/www.elle.lu\/fr\/5438-tatoueuses-elles-redessinent-le-luxembourg-a-lencre-indelebile.html","name":"Tatoueuses : elles redessinent le Luxembourg \u00e0 l\u2019encre ind\u00e9l\u00e9bile - ELLE.lu Luxembourg","isPartOf":{"@id":"https:\/\/www.elle.lu\/fr\/#website"},"primaryImageOfPage":{"@id":"https:\/\/www.elle.lu\/fr\/5438-tatoueuses-elles-redessinent-le-luxembourg-a-lencre-indelebile.html#primaryimage"},"image":{"@id":"https:\/\/www.elle.lu\/fr\/5438-tatoueuses-elles-redessinent-le-luxembourg-a-lencre-indelebile.html#primaryimage"},"thumbnailUrl":"https:\/\/www.elle.lu\/fr\/wp-content\/uploads\/2025\/04\/thomas-despeyroux-879s-fy4254-unsplash.jpg","datePublished":"2025-04-15T05:00:48+00:00","author":{"@id":"https:\/\/www.elle.lu\/fr\/#\/schema\/person\/1aafd2ac01ca330e3fc2b29784df8862"},"description":"Longtemps per\u00e7u comme un domaine masculin, le monde du tatouage voit \u00e9merger une nouvelle g\u00e9n\u00e9ration de femmes tatoueuses au Luxembourg.","breadcrumb":{"@id":"https:\/\/www.elle.lu\/fr\/5438-tatoueuses-elles-redessinent-le-luxembourg-a-lencre-indelebile.html#breadcrumb"},"inLanguage":"fr-FR","potentialAction":[{"@type":"ReadAction","target":["https:\/\/www.elle.lu\/fr\/5438-tatoueuses-elles-redessinent-le-luxembourg-a-lencre-indelebile.html"]}]},{"@type":"ImageObject","inLanguage":"fr-FR","@id":"https:\/\/www.elle.lu\/fr\/5438-tatoueuses-elles-redessinent-le-luxembourg-a-lencre-indelebile.html#primaryimage","url":"https:\/\/www.elle.lu\/fr\/wp-content\/uploads\/2025\/04\/thomas-despeyroux-879s-fy4254-unsplash.jpg","contentUrl":"https:\/\/www.elle.lu\/fr\/wp-content\/uploads\/2025\/04\/thomas-despeyroux-879s-fy4254-unsplash.jpg","width":1707,"height":2560,"caption":"\u00a9 Thomas Despeyroux \/ Unsplash"},{"@type":"BreadcrumbList","@id":"https:\/\/www.elle.lu\/fr\/5438-tatoueuses-elles-redessinent-le-luxembourg-a-lencre-indelebile.html#breadcrumb","itemListElement":[{"@type":"ListItem","position":1,"name":"Accueil","item":"https:\/\/www.elle.lu\/fr"},{"@type":"ListItem","position":2,"name":"Tatoueuses : elles redessinent le Luxembourg \u00e0 l\u2019encre ind\u00e9l\u00e9bile"}]},{"@type":"WebSite","@id":"https:\/\/www.elle.lu\/fr\/#website","url":"https:\/\/www.elle.lu\/fr\/","name":"ELLE.lu","description":"Explorez les derni\u00e8res tendances mode, beaut\u00e9 et art de vivre au Luxembourg sur ELLE.lu. Un contenu exclusivement luxembourgeois sur notre site, r\u00e9seaux sociaux et YouTube.","potentialAction":[{"@type":"SearchAction","target":{"@type":"EntryPoint","urlTemplate":"https:\/\/www.elle.lu\/fr\/?s={search_term_string}"},"query-input":{"@type":"PropertyValueSpecification","valueRequired":true,"valueName":"search_term_string"}}],"inLanguage":"fr-FR"},{"@type":"Person","@id":"https:\/\/www.elle.lu\/fr\/#\/schema\/person\/1aafd2ac01ca330e3fc2b29784df8862","name":"Delali Amegah","image":{"@type":"ImageObject","inLanguage":"fr-FR","@id":"https:\/\/secure.gravatar.com\/avatar\/4bba6a17c99e289f5d54dfc2be6268cb23719c63a3df10440a4724a7cf90f659?s=96&d=mm&r=g","url":"https:\/\/secure.gravatar.com\/avatar\/4bba6a17c99e289f5d54dfc2be6268cb23719c63a3df10440a4724a7cf90f659?s=96&d=mm&r=g","contentUrl":"https:\/\/secure.gravatar.com\/avatar\/4bba6a17c99e289f5d54dfc2be6268cb23719c63a3df10440a4724a7cf90f659?s=96&d=mm&r=g","caption":"Delali Amegah"},"url":"https:\/\/www.elle.lu\/fr\/author\/delali-amegah"}]}},"jetpack_featured_media_url":"https:\/\/www.elle.lu\/fr\/wp-content\/uploads\/2025\/04\/thomas-despeyroux-879s-fy4254-unsplash.jpg","jetpack_sharing_enabled":true,"_links":{"self":[{"href":"https:\/\/www.elle.lu\/fr\/wp-json\/wp\/v2\/posts\/5438","targetHints":{"allow":["GET"]}}],"collection":[{"href":"https:\/\/www.elle.lu\/fr\/wp-json\/wp\/v2\/posts"}],"about":[{"href":"https:\/\/www.elle.lu\/fr\/wp-json\/wp\/v2\/types\/post"}],"author":[{"embeddable":true,"href":"https:\/\/www.elle.lu\/fr\/wp-json\/wp\/v2\/users\/11"}],"replies":[{"embeddable":true,"href":"https:\/\/www.elle.lu\/fr\/wp-json\/wp\/v2\/comments?post=5438"}],"version-history":[{"count":5,"href":"https:\/\/www.elle.lu\/fr\/wp-json\/wp\/v2\/posts\/5438\/revisions"}],"predecessor-version":[{"id":5452,"href":"https:\/\/www.elle.lu\/fr\/wp-json\/wp\/v2\/posts\/5438\/revisions\/5452"}],"wp:featuredmedia":[{"embeddable":true,"href":"https:\/\/www.elle.lu\/fr\/wp-json\/wp\/v2\/media\/5444"}],"wp:attachment":[{"href":"https:\/\/www.elle.lu\/fr\/wp-json\/wp\/v2\/media?parent=5438"}],"wp:term":[{"taxonomy":"category","embeddable":true,"href":"https:\/\/www.elle.lu\/fr\/wp-json\/wp\/v2\/categories?post=5438"},{"taxonomy":"post_tag","embeddable":true,"href":"https:\/\/www.elle.lu\/fr\/wp-json\/wp\/v2\/tags?post=5438"}],"curies":[{"name":"wp","href":"https:\/\/api.w.org\/{rel}","templated":true}]}}