{"id":573,"date":"2024-05-17T07:00:14","date_gmt":"2024-05-17T05:00:14","guid":{"rendered":"https:\/\/www.elle.lu\/fr\/?p=573"},"modified":"2024-09-24T15:47:19","modified_gmt":"2024-09-24T13:47:19","slug":"veste-en-jean-dans-quelles-pieces-faut-il-investir","status":"publish","type":"post","link":"https:\/\/www.elle.lu\/fr\/573-veste-en-jean-dans-quelles-pieces-faut-il-investir.html","title":{"rendered":"Veste en jean : dans quelles pi\u00e8ces faut-il investir ?"},"content":{"rendered":"","protected":false},"excerpt":{"rendered":"Alors que la veste en jean se renouvelle sans cesse d&#8217;une saison \u00e0 l&#8217;autre, elle reste \u00e9ternellement ancr\u00e9e dans nos garde-robes estivales. ...","protected":false},"author":34,"featured_media":574,"comment_status":"open","ping_status":"open","sticky":false,"template":"","format":"standard","meta":{"_acf_changed":false,"_jetpack_memberships_contains_paid_content":false,"footnotes":""},"categories":[2,19],"tags":[141],"class_list":["post-573","post","type-post","status-publish","format-standard","has-post-thumbnail","hentry","category-mode","category-shopping","tag-conseils-mode"],"acf":[],"yoast_head":"<!-- This site is optimized with the Yoast SEO plugin v27.5 - https:\/\/yoast.com\/product\/yoast-seo-wordpress\/ -->\n<title>Veste en jean : dans quelles pi\u00e8ces faut-il investir ? - ELLE.lu Luxembourg<\/title>\n<meta name=\"description\" content=\"Alors que la veste en jean se renouvelle sans cesse d&#039;une saison \u00e0 l&#039;autre, elle reste \u00e9ternellement ancr\u00e9e dans nos garde-robes estivales...\" \/>\n<meta name=\"robots\" content=\"index, follow, max-snippet:-1, max-image-preview:large, max-video-preview:-1\" \/>\n<link rel=\"canonical\" href=\"https:\/\/www.elle.be\/fr\/422757-veste-en-jean-dans-quelles-pieces-faut-il-investir.html\" \/>\n<meta property=\"og:locale\" content=\"fr_FR\" \/>\n<meta property=\"og:type\" content=\"article\" \/>\n<meta property=\"og:title\" content=\"Veste en jean : dans quelles pi\u00e8ces faut-il investir ? - ELLE.lu Luxembourg\" \/>\n<meta property=\"og:description\" content=\"Alors que la veste en jean se renouvelle sans cesse d&#039;une saison \u00e0 l&#039;autre, elle reste \u00e9ternellement ancr\u00e9e dans nos garde-robes estivales...\" \/>\n<meta property=\"og:url\" content=\"https:\/\/www.elle.be\/fr\/422757-veste-en-jean-dans-quelles-pieces-faut-il-investir.html\" \/>\n<meta property=\"og:site_name\" content=\"ELLE.lu Luxembourg\" \/>\n<meta property=\"article:published_time\" content=\"2024-05-17T05:00:14+00:00\" \/>\n<meta property=\"article:modified_time\" content=\"2024-09-24T13:47:19+00:00\" \/>\n<meta property=\"og:image\" content=\"https:\/\/www.elle.lu\/fr\/wp-content\/uploads\/2024\/05\/copenhagen-str-s23-0244.jpg.webp\" \/>\n\t<meta property=\"og:image:width\" content=\"480\" \/>\n\t<meta property=\"og:image:height\" content=\"545\" \/>\n\t<meta property=\"og:image:type\" content=\"image\/webp\" \/>\n<meta name=\"author\" content=\"Noemi Dell&#039;aira\" \/>\n<meta name=\"twitter:card\" content=\"summary_large_image\" \/>\n<meta name=\"twitter:label1\" content=\"\u00c9crit par\" \/>\n\t<meta name=\"twitter:data1\" content=\"Noemi Dell&#039;aira\" \/>\n\t<meta name=\"twitter:label2\" content=\"Dur\u00e9e de lecture estim\u00e9e\" \/>\n\t<meta name=\"twitter:data2\" content=\"7 minutes\" \/>\n<script type=\"application\/ld+json\" class=\"yoast-schema-graph\">{\"@context\":\"https:\\\/\\\/schema.org\",\"@graph\":[{\"@type\":\"Article\",\"@id\":\"https:\\\/\\\/www.elle.be\\\/fr\\\/422757-veste-en-jean-dans-quelles-pieces-faut-il-investir.html#article\",\"isPartOf\":{\"@id\":\"https:\\\/\\\/www.elle.lu\\\/fr\\\/573-veste-en-jean-dans-quelles-pieces-faut-il-investir.html\"},\"author\":{\"name\":\"Noemi Dell'aira\",\"@id\":\"https:\\\/\\\/www.elle.lu\\\/fr\\\/#\\\/schema\\\/person\\\/99c6f46d7be44967ad1b910f62d77200\"},\"headline\":\"Veste en jean : dans quelles pi\u00e8ces faut-il investir ?\",\"datePublished\":\"2024-05-17T05:00:14+00:00\",\"dateModified\":\"2024-09-24T13:47:19+00:00\",\"mainEntityOfPage\":{\"@id\":\"https:\\\/\\\/www.elle.lu\\\/fr\\\/573-veste-en-jean-dans-quelles-pieces-faut-il-investir.html\"},\"wordCount\":593,\"commentCount\":0,\"image\":{\"@id\":\"https:\\\/\\\/www.elle.be\\\/fr\\\/422757-veste-en-jean-dans-quelles-pieces-faut-il-investir.html#primaryimage\"},\"thumbnailUrl\":\"https:\\\/\\\/www.elle.lu\\\/fr\\\/wp-content\\\/uploads\\\/2024\\\/05\\\/copenhagen-str-s23-0244.jpg.webp\",\"keywords\":[\"conseils mode\"],\"articleSection\":[\"Mode\",\"Shopping\"],\"inLanguage\":\"fr-FR\",\"potentialAction\":[{\"@type\":\"CommentAction\",\"name\":\"Comment\",\"target\":[\"https:\\\/\\\/www.elle.be\\\/fr\\\/422757-veste-en-jean-dans-quelles-pieces-faut-il-investir.html#respond\"]}]},{\"@type\":\"WebPage\",\"@id\":\"https:\\\/\\\/www.elle.lu\\\/fr\\\/573-veste-en-jean-dans-quelles-pieces-faut-il-investir.html\",\"url\":\"https:\\\/\\\/www.elle.be\\\/fr\\\/422757-veste-en-jean-dans-quelles-pieces-faut-il-investir.html\",\"name\":\"Veste en jean : dans quelles pi\u00e8ces faut-il investir ? - ELLE.lu Luxembourg\",\"isPartOf\":{\"@id\":\"https:\\\/\\\/www.elle.lu\\\/fr\\\/#website\"},\"primaryImageOfPage\":{\"@id\":\"https:\\\/\\\/www.elle.be\\\/fr\\\/422757-veste-en-jean-dans-quelles-pieces-faut-il-investir.html#primaryimage\"},\"image\":{\"@id\":\"https:\\\/\\\/www.elle.be\\\/fr\\\/422757-veste-en-jean-dans-quelles-pieces-faut-il-investir.html#primaryimage\"},\"thumbnailUrl\":\"https:\\\/\\\/www.elle.lu\\\/fr\\\/wp-content\\\/uploads\\\/2024\\\/05\\\/copenhagen-str-s23-0244.jpg.webp\",\"datePublished\":\"2024-05-17T05:00:14+00:00\",\"dateModified\":\"2024-09-24T13:47:19+00:00\",\"author\":{\"@id\":\"https:\\\/\\\/www.elle.lu\\\/fr\\\/#\\\/schema\\\/person\\\/99c6f46d7be44967ad1b910f62d77200\"},\"description\":\"Alors que la veste en jean se renouvelle sans cesse d'une saison \u00e0 l'autre, elle reste \u00e9ternellement ancr\u00e9e dans nos garde-robes estivales...\",\"breadcrumb\":{\"@id\":\"https:\\\/\\\/www.elle.be\\\/fr\\\/422757-veste-en-jean-dans-quelles-pieces-faut-il-investir.html#breadcrumb\"},\"inLanguage\":\"fr-FR\",\"potentialAction\":[{\"@type\":\"ReadAction\",\"target\":[\"https:\\\/\\\/www.elle.be\\\/fr\\\/422757-veste-en-jean-dans-quelles-pieces-faut-il-investir.html\"]}]},{\"@type\":\"ImageObject\",\"inLanguage\":\"fr-FR\",\"@id\":\"https:\\\/\\\/www.elle.be\\\/fr\\\/422757-veste-en-jean-dans-quelles-pieces-faut-il-investir.html#primaryimage\",\"url\":\"https:\\\/\\\/www.elle.lu\\\/fr\\\/wp-content\\\/uploads\\\/2024\\\/05\\\/copenhagen-str-s23-0244.jpg.webp\",\"contentUrl\":\"https:\\\/\\\/www.elle.lu\\\/fr\\\/wp-content\\\/uploads\\\/2024\\\/05\\\/copenhagen-str-s23-0244.jpg.webp\",\"width\":480,\"height\":545,\"caption\":\"\u00a9 Launchmetrics Spotlight\"},{\"@type\":\"BreadcrumbList\",\"@id\":\"https:\\\/\\\/www.elle.be\\\/fr\\\/422757-veste-en-jean-dans-quelles-pieces-faut-il-investir.html#breadcrumb\",\"itemListElement\":[{\"@type\":\"ListItem\",\"position\":1,\"name\":\"Accueil\",\"item\":\"https:\\\/\\\/www.elle.lu\\\/fr\"},{\"@type\":\"ListItem\",\"position\":2,\"name\":\"Veste en jean : dans quelles pi\u00e8ces faut-il investir ?\"}]},{\"@type\":\"WebSite\",\"@id\":\"https:\\\/\\\/www.elle.lu\\\/fr\\\/#website\",\"url\":\"https:\\\/\\\/www.elle.lu\\\/fr\\\/\",\"name\":\"ELLE.lu\",\"description\":\"Explorez les derni\u00e8res tendances mode, beaut\u00e9 et art de vivre au Luxembourg sur ELLE.lu. Un contenu exclusivement luxembourgeois sur notre site, r\u00e9seaux sociaux et YouTube.\",\"potentialAction\":[{\"@type\":\"SearchAction\",\"target\":{\"@type\":\"EntryPoint\",\"urlTemplate\":\"https:\\\/\\\/www.elle.lu\\\/fr\\\/?s={search_term_string}\"},\"query-input\":{\"@type\":\"PropertyValueSpecification\",\"valueRequired\":true,\"valueName\":\"search_term_string\"}}],\"inLanguage\":\"fr-FR\"},{\"@type\":\"Person\",\"@id\":\"https:\\\/\\\/www.elle.lu\\\/fr\\\/#\\\/schema\\\/person\\\/99c6f46d7be44967ad1b910f62d77200\",\"name\":\"Noemi Dell'aira\",\"image\":{\"@type\":\"ImageObject\",\"inLanguage\":\"fr-FR\",\"@id\":\"https:\\\/\\\/secure.gravatar.com\\\/avatar\\\/3324f8a44c21157bb6c7cc0f68d8947a4791f9d61ca9ef152370a9e9730620a4?s=96&d=mm&r=g\",\"url\":\"https:\\\/\\\/secure.gravatar.com\\\/avatar\\\/3324f8a44c21157bb6c7cc0f68d8947a4791f9d61ca9ef152370a9e9730620a4?s=96&d=mm&r=g\",\"contentUrl\":\"https:\\\/\\\/secure.gravatar.com\\\/avatar\\\/3324f8a44c21157bb6c7cc0f68d8947a4791f9d61ca9ef152370a9e9730620a4?s=96&d=mm&r=g\",\"caption\":\"Noemi Dell'aira\"},\"url\":\"https:\\\/\\\/www.elle.lu\\\/fr\\\/author\\\/noemi-dellaira\"}]}<\/script>\n<!-- \/ Yoast SEO plugin. -->","yoast_head_json":{"title":"Veste en jean : dans quelles pi\u00e8ces faut-il investir ? - ELLE.lu Luxembourg","description":"Alors que la veste en jean se renouvelle sans cesse d'une saison \u00e0 l'autre, elle reste \u00e9ternellement ancr\u00e9e dans nos garde-robes estivales...","robots":{"index":"index","follow":"follow","max-snippet":"max-snippet:-1","max-image-preview":"max-image-preview:large","max-video-preview":"max-video-preview:-1"},"canonical":"https:\/\/www.elle.be\/fr\/422757-veste-en-jean-dans-quelles-pieces-faut-il-investir.html","og_locale":"fr_FR","og_type":"article","og_title":"Veste en jean : dans quelles pi\u00e8ces faut-il investir ? - ELLE.lu Luxembourg","og_description":"Alors que la veste en jean se renouvelle sans cesse d'une saison \u00e0 l'autre, elle reste \u00e9ternellement ancr\u00e9e dans nos garde-robes estivales...","og_url":"https:\/\/www.elle.be\/fr\/422757-veste-en-jean-dans-quelles-pieces-faut-il-investir.html","og_site_name":"ELLE.lu Luxembourg","article_published_time":"2024-05-17T05:00:14+00:00","article_modified_time":"2024-09-24T13:47:19+00:00","og_image":[{"width":480,"height":545,"url":"https:\/\/www.elle.lu\/fr\/wp-content\/uploads\/2024\/05\/copenhagen-str-s23-0244.jpg.webp","type":"image\/webp"}],"author":"Noemi Dell'aira","twitter_card":"summary_large_image","twitter_misc":{"\u00c9crit par":"Noemi Dell'aira","Dur\u00e9e de lecture estim\u00e9e":"7 minutes"},"schema":{"@context":"https:\/\/schema.org","@graph":[{"@type":"Article","@id":"https:\/\/www.elle.be\/fr\/422757-veste-en-jean-dans-quelles-pieces-faut-il-investir.html#article","isPartOf":{"@id":"https:\/\/www.elle.lu\/fr\/573-veste-en-jean-dans-quelles-pieces-faut-il-investir.html"},"author":{"name":"Noemi Dell'aira","@id":"https:\/\/www.elle.lu\/fr\/#\/schema\/person\/99c6f46d7be44967ad1b910f62d77200"},"headline":"Veste en jean : dans quelles pi\u00e8ces faut-il investir ?","datePublished":"2024-05-17T05:00:14+00:00","dateModified":"2024-09-24T13:47:19+00:00","mainEntityOfPage":{"@id":"https:\/\/www.elle.lu\/fr\/573-veste-en-jean-dans-quelles-pieces-faut-il-investir.html"},"wordCount":593,"commentCount":0,"image":{"@id":"https:\/\/www.elle.be\/fr\/422757-veste-en-jean-dans-quelles-pieces-faut-il-investir.html#primaryimage"},"thumbnailUrl":"https:\/\/www.elle.lu\/fr\/wp-content\/uploads\/2024\/05\/copenhagen-str-s23-0244.jpg.webp","keywords":["conseils mode"],"articleSection":["Mode","Shopping"],"inLanguage":"fr-FR","potentialAction":[{"@type":"CommentAction","name":"Comment","target":["https:\/\/www.elle.be\/fr\/422757-veste-en-jean-dans-quelles-pieces-faut-il-investir.html#respond"]}]},{"@type":"WebPage","@id":"https:\/\/www.elle.lu\/fr\/573-veste-en-jean-dans-quelles-pieces-faut-il-investir.html","url":"https:\/\/www.elle.be\/fr\/422757-veste-en-jean-dans-quelles-pieces-faut-il-investir.html","name":"Veste en jean : dans quelles pi\u00e8ces faut-il investir ? - ELLE.lu Luxembourg","isPartOf":{"@id":"https:\/\/www.elle.lu\/fr\/#website"},"primaryImageOfPage":{"@id":"https:\/\/www.elle.be\/fr\/422757-veste-en-jean-dans-quelles-pieces-faut-il-investir.html#primaryimage"},"image":{"@id":"https:\/\/www.elle.be\/fr\/422757-veste-en-jean-dans-quelles-pieces-faut-il-investir.html#primaryimage"},"thumbnailUrl":"https:\/\/www.elle.lu\/fr\/wp-content\/uploads\/2024\/05\/copenhagen-str-s23-0244.jpg.webp","datePublished":"2024-05-17T05:00:14+00:00","dateModified":"2024-09-24T13:47:19+00:00","author":{"@id":"https:\/\/www.elle.lu\/fr\/#\/schema\/person\/99c6f46d7be44967ad1b910f62d77200"},"description":"Alors que la veste en jean se renouvelle sans cesse d'une saison \u00e0 l'autre, elle reste \u00e9ternellement ancr\u00e9e dans nos garde-robes estivales...","breadcrumb":{"@id":"https:\/\/www.elle.be\/fr\/422757-veste-en-jean-dans-quelles-pieces-faut-il-investir.html#breadcrumb"},"inLanguage":"fr-FR","potentialAction":[{"@type":"ReadAction","target":["https:\/\/www.elle.be\/fr\/422757-veste-en-jean-dans-quelles-pieces-faut-il-investir.html"]}]},{"@type":"ImageObject","inLanguage":"fr-FR","@id":"https:\/\/www.elle.be\/fr\/422757-veste-en-jean-dans-quelles-pieces-faut-il-investir.html#primaryimage","url":"https:\/\/www.elle.lu\/fr\/wp-content\/uploads\/2024\/05\/copenhagen-str-s23-0244.jpg.webp","contentUrl":"https:\/\/www.elle.lu\/fr\/wp-content\/uploads\/2024\/05\/copenhagen-str-s23-0244.jpg.webp","width":480,"height":545,"caption":"\u00a9 Launchmetrics Spotlight"},{"@type":"BreadcrumbList","@id":"https:\/\/www.elle.be\/fr\/422757-veste-en-jean-dans-quelles-pieces-faut-il-investir.html#breadcrumb","itemListElement":[{"@type":"ListItem","position":1,"name":"Accueil","item":"https:\/\/www.elle.lu\/fr"},{"@type":"ListItem","position":2,"name":"Veste en jean : dans quelles pi\u00e8ces faut-il investir ?"}]},{"@type":"WebSite","@id":"https:\/\/www.elle.lu\/fr\/#website","url":"https:\/\/www.elle.lu\/fr\/","name":"ELLE.lu","description":"Explorez les derni\u00e8res tendances mode, beaut\u00e9 et art de vivre au Luxembourg sur ELLE.lu. Un contenu exclusivement luxembourgeois sur notre site, r\u00e9seaux sociaux et YouTube.","potentialAction":[{"@type":"SearchAction","target":{"@type":"EntryPoint","urlTemplate":"https:\/\/www.elle.lu\/fr\/?s={search_term_string}"},"query-input":{"@type":"PropertyValueSpecification","valueRequired":true,"valueName":"search_term_string"}}],"inLanguage":"fr-FR"},{"@type":"Person","@id":"https:\/\/www.elle.lu\/fr\/#\/schema\/person\/99c6f46d7be44967ad1b910f62d77200","name":"Noemi Dell'aira","image":{"@type":"ImageObject","inLanguage":"fr-FR","@id":"https:\/\/secure.gravatar.com\/avatar\/3324f8a44c21157bb6c7cc0f68d8947a4791f9d61ca9ef152370a9e9730620a4?s=96&d=mm&r=g","url":"https:\/\/secure.gravatar.com\/avatar\/3324f8a44c21157bb6c7cc0f68d8947a4791f9d61ca9ef152370a9e9730620a4?s=96&d=mm&r=g","contentUrl":"https:\/\/secure.gravatar.com\/avatar\/3324f8a44c21157bb6c7cc0f68d8947a4791f9d61ca9ef152370a9e9730620a4?s=96&d=mm&r=g","caption":"Noemi Dell'aira"},"url":"https:\/\/www.elle.lu\/fr\/author\/noemi-dellaira"}]}},"jetpack_featured_media_url":"https:\/\/www.elle.lu\/fr\/wp-content\/uploads\/2024\/05\/copenhagen-str-s23-0244.jpg.webp","jetpack_sharing_enabled":true,"_links":{"self":[{"href":"https:\/\/www.elle.lu\/fr\/wp-json\/wp\/v2\/posts\/573","targetHints":{"allow":["GET"]}}],"collection":[{"href":"https:\/\/www.elle.lu\/fr\/wp-json\/wp\/v2\/posts"}],"about":[{"href":"https:\/\/www.elle.lu\/fr\/wp-json\/wp\/v2\/types\/post"}],"author":[{"embeddable":true,"href":"https:\/\/www.elle.lu\/fr\/wp-json\/wp\/v2\/users\/34"}],"replies":[{"embeddable":true,"href":"https:\/\/www.elle.lu\/fr\/wp-json\/wp\/v2\/comments?post=573"}],"version-history":[{"count":5,"href":"https:\/\/www.elle.lu\/fr\/wp-json\/wp\/v2\/posts\/573\/revisions"}],"predecessor-version":[{"id":2379,"href":"https:\/\/www.elle.lu\/fr\/wp-json\/wp\/v2\/posts\/573\/revisions\/2379"}],"wp:featuredmedia":[{"embeddable":true,"href":"https:\/\/www.elle.lu\/fr\/wp-json\/wp\/v2\/media\/574"}],"wp:attachment":[{"href":"https:\/\/www.elle.lu\/fr\/wp-json\/wp\/v2\/media?parent=573"}],"wp:term":[{"taxonomy":"category","embeddable":true,"href":"https:\/\/www.elle.lu\/fr\/wp-json\/wp\/v2\/categories?post=573"},{"taxonomy":"post_tag","embeddable":true,"href":"https:\/\/www.elle.lu\/fr\/wp-json\/wp\/v2\/tags?post=573"}],"curies":[{"name":"wp","href":"https:\/\/api.w.org\/{rel}","templated":true}]}}