{"id":5917,"date":"2025-05-06T07:00:35","date_gmt":"2025-05-06T05:00:35","guid":{"rendered":"https:\/\/www.elle.lu\/fr\/?p=5917"},"modified":"2025-05-06T08:20:42","modified_gmt":"2025-05-06T06:20:42","slug":"julie-conrad-ou-le-design-luxembourgeois-a-milan","status":"publish","type":"post","link":"https:\/\/www.elle.lu\/fr\/5917-julie-conrad-ou-le-design-luxembourgeois-a-milan.html","title":{"rendered":"Julie Conrad ou le design luxembourgeois \u00e0 Milan"},"content":{"rendered":"","protected":false},"excerpt":{"rendered":"Julie Conrad, figure incontournable du design luxembourgeois, \u00e9tait pr\u00e9sente au Salone del Mobile de Milan avec ses Loom Chairs, une gamme de chaises con\u00e7ues en collaboration avec le menuisier Norbert Brakonier.","protected":false},"author":29,"featured_media":5919,"comment_status":"open","ping_status":"open","sticky":false,"template":"","format":"standard","meta":{"_acf_changed":false,"_jetpack_memberships_contains_paid_content":false,"footnotes":""},"categories":[4,7],"tags":[],"class_list":["post-5917","post","type-post","status-publish","format-standard","has-post-thumbnail","hentry","category-lifestyle","category-deco"],"acf":[],"yoast_head":"<!-- This site is optimized with the Yoast SEO plugin v27.5 - https:\/\/yoast.com\/product\/yoast-seo-wordpress\/ -->\n<title>Julie Conrad ou le design luxembourgeois \u00e0 Milan - ELLE.lu Luxembourg<\/title>\n<meta name=\"description\" content=\"Julie Conrad, figure incontournable du design luxembourgeois, \u00e9tait pr\u00e9sente au Salone del Mobile de Milan avec ses Loom Chairs.\" \/>\n<meta name=\"robots\" content=\"index, follow, max-snippet:-1, max-image-preview:large, max-video-preview:-1\" \/>\n<link rel=\"canonical\" href=\"https:\/\/www.elle.lu\/fr\/5917-julie-conrad-ou-le-design-luxembourgeois-a-milan.html\" \/>\n<meta property=\"og:locale\" content=\"fr_FR\" \/>\n<meta property=\"og:type\" content=\"article\" \/>\n<meta property=\"og:title\" content=\"Julie Conrad ou le design luxembourgeois \u00e0 Milan - ELLE.lu Luxembourg\" \/>\n<meta property=\"og:description\" content=\"Julie Conrad, figure incontournable du design luxembourgeois, \u00e9tait pr\u00e9sente au Salone del Mobile de Milan avec ses Loom Chairs.\" \/>\n<meta property=\"og:url\" content=\"https:\/\/www.elle.lu\/fr\/5917-julie-conrad-ou-le-design-luxembourgeois-a-milan.html\" \/>\n<meta property=\"og:site_name\" content=\"ELLE.lu Luxembourg\" \/>\n<meta property=\"article:author\" content=\"https:\/\/www.facebook.com\/NotaBeneLuxembourg\" \/>\n<meta property=\"article:published_time\" content=\"2025-05-06T05:00:35+00:00\" \/>\n<meta property=\"article:modified_time\" content=\"2025-05-06T06:20:42+00:00\" \/>\n<meta property=\"og:image\" content=\"https:\/\/www.elle.lu\/fr\/wp-content\/uploads\/2025\/05\/loom-chairs-julie-conrad-design-studio-portrait-of-julie-conrad-marie-romanova-shot-at-rob-vintage-2-1024x683.jpg\" \/>\n\t<meta property=\"og:image:width\" content=\"1024\" \/>\n\t<meta property=\"og:image:height\" content=\"683\" \/>\n\t<meta property=\"og:image:type\" content=\"image\/jpeg\" \/>\n<meta name=\"author\" content=\"Salom\u00e9 Jeko\" \/>\n<meta name=\"twitter:card\" content=\"summary_large_image\" \/>\n<meta name=\"twitter:label1\" content=\"\u00c9crit par\" \/>\n\t<meta name=\"twitter:data1\" content=\"Salom\u00e9 Jeko\" \/>\n\t<meta name=\"twitter:label2\" content=\"Dur\u00e9e de lecture estim\u00e9e\" \/>\n\t<meta name=\"twitter:data2\" content=\"4 minutes\" \/>\n<script type=\"application\/ld+json\" class=\"yoast-schema-graph\">{\"@context\":\"https:\\\/\\\/schema.org\",\"@graph\":[{\"@type\":\"Article\",\"@id\":\"https:\\\/\\\/www.elle.lu\\\/fr\\\/5917-julie-conrad-ou-le-design-luxembourgeois-a-milan.html#article\",\"isPartOf\":{\"@id\":\"https:\\\/\\\/www.elle.lu\\\/fr\\\/5917-julie-conrad-ou-le-design-luxembourgeois-a-milan.html\"},\"author\":{\"name\":\"Salom\u00e9 Jeko\",\"@id\":\"https:\\\/\\\/www.elle.lu\\\/fr\\\/#\\\/schema\\\/person\\\/587046b0e41a29595560d2deca7cb052\"},\"headline\":\"Julie Conrad ou le design luxembourgeois \u00e0 Milan\",\"datePublished\":\"2025-05-06T05:00:35+00:00\",\"dateModified\":\"2025-05-06T06:20:42+00:00\",\"mainEntityOfPage\":{\"@id\":\"https:\\\/\\\/www.elle.lu\\\/fr\\\/5917-julie-conrad-ou-le-design-luxembourgeois-a-milan.html\"},\"wordCount\":592,\"commentCount\":0,\"image\":{\"@id\":\"https:\\\/\\\/www.elle.lu\\\/fr\\\/5917-julie-conrad-ou-le-design-luxembourgeois-a-milan.html#primaryimage\"},\"thumbnailUrl\":\"https:\\\/\\\/www.elle.lu\\\/fr\\\/wp-content\\\/uploads\\\/2025\\\/05\\\/loom-chairs-julie-conrad-design-studio-portrait-of-julie-conrad-marie-romanova-shot-at-rob-vintage-2.jpg\",\"articleSection\":[\"Lifestyle\",\"Deco\"],\"inLanguage\":\"fr-FR\",\"potentialAction\":[{\"@type\":\"CommentAction\",\"name\":\"Comment\",\"target\":[\"https:\\\/\\\/www.elle.lu\\\/fr\\\/5917-julie-conrad-ou-le-design-luxembourgeois-a-milan.html#respond\"]}]},{\"@type\":\"WebPage\",\"@id\":\"https:\\\/\\\/www.elle.lu\\\/fr\\\/5917-julie-conrad-ou-le-design-luxembourgeois-a-milan.html\",\"url\":\"https:\\\/\\\/www.elle.lu\\\/fr\\\/5917-julie-conrad-ou-le-design-luxembourgeois-a-milan.html\",\"name\":\"Julie Conrad ou le design luxembourgeois \u00e0 Milan - ELLE.lu Luxembourg\",\"isPartOf\":{\"@id\":\"https:\\\/\\\/www.elle.lu\\\/fr\\\/#website\"},\"primaryImageOfPage\":{\"@id\":\"https:\\\/\\\/www.elle.lu\\\/fr\\\/5917-julie-conrad-ou-le-design-luxembourgeois-a-milan.html#primaryimage\"},\"image\":{\"@id\":\"https:\\\/\\\/www.elle.lu\\\/fr\\\/5917-julie-conrad-ou-le-design-luxembourgeois-a-milan.html#primaryimage\"},\"thumbnailUrl\":\"https:\\\/\\\/www.elle.lu\\\/fr\\\/wp-content\\\/uploads\\\/2025\\\/05\\\/loom-chairs-julie-conrad-design-studio-portrait-of-julie-conrad-marie-romanova-shot-at-rob-vintage-2.jpg\",\"datePublished\":\"2025-05-06T05:00:35+00:00\",\"dateModified\":\"2025-05-06T06:20:42+00:00\",\"author\":{\"@id\":\"https:\\\/\\\/www.elle.lu\\\/fr\\\/#\\\/schema\\\/person\\\/587046b0e41a29595560d2deca7cb052\"},\"description\":\"Julie Conrad, figure incontournable du design luxembourgeois, \u00e9tait pr\u00e9sente au Salone del Mobile de Milan avec ses Loom Chairs.\",\"breadcrumb\":{\"@id\":\"https:\\\/\\\/www.elle.lu\\\/fr\\\/5917-julie-conrad-ou-le-design-luxembourgeois-a-milan.html#breadcrumb\"},\"inLanguage\":\"fr-FR\",\"potentialAction\":[{\"@type\":\"ReadAction\",\"target\":[\"https:\\\/\\\/www.elle.lu\\\/fr\\\/5917-julie-conrad-ou-le-design-luxembourgeois-a-milan.html\"]}]},{\"@type\":\"ImageObject\",\"inLanguage\":\"fr-FR\",\"@id\":\"https:\\\/\\\/www.elle.lu\\\/fr\\\/5917-julie-conrad-ou-le-design-luxembourgeois-a-milan.html#primaryimage\",\"url\":\"https:\\\/\\\/www.elle.lu\\\/fr\\\/wp-content\\\/uploads\\\/2025\\\/05\\\/loom-chairs-julie-conrad-design-studio-portrait-of-julie-conrad-marie-romanova-shot-at-rob-vintage-2.jpg\",\"contentUrl\":\"https:\\\/\\\/www.elle.lu\\\/fr\\\/wp-content\\\/uploads\\\/2025\\\/05\\\/loom-chairs-julie-conrad-design-studio-portrait-of-julie-conrad-marie-romanova-shot-at-rob-vintage-2.jpg\",\"width\":5936,\"height\":3957,\"caption\":\"\u00a9Marie Romanova\"},{\"@type\":\"BreadcrumbList\",\"@id\":\"https:\\\/\\\/www.elle.lu\\\/fr\\\/5917-julie-conrad-ou-le-design-luxembourgeois-a-milan.html#breadcrumb\",\"itemListElement\":[{\"@type\":\"ListItem\",\"position\":1,\"name\":\"Accueil\",\"item\":\"https:\\\/\\\/www.elle.lu\\\/fr\"},{\"@type\":\"ListItem\",\"position\":2,\"name\":\"Julie Conrad ou le design luxembourgeois \u00e0 Milan\"}]},{\"@type\":\"WebSite\",\"@id\":\"https:\\\/\\\/www.elle.lu\\\/fr\\\/#website\",\"url\":\"https:\\\/\\\/www.elle.lu\\\/fr\\\/\",\"name\":\"ELLE.lu\",\"description\":\"Explorez les derni\u00e8res tendances mode, beaut\u00e9 et art de vivre au Luxembourg sur ELLE.lu. Un contenu exclusivement luxembourgeois sur notre site, r\u00e9seaux sociaux et YouTube.\",\"potentialAction\":[{\"@type\":\"SearchAction\",\"target\":{\"@type\":\"EntryPoint\",\"urlTemplate\":\"https:\\\/\\\/www.elle.lu\\\/fr\\\/?s={search_term_string}\"},\"query-input\":{\"@type\":\"PropertyValueSpecification\",\"valueRequired\":true,\"valueName\":\"search_term_string\"}}],\"inLanguage\":\"fr-FR\"},{\"@type\":\"Person\",\"@id\":\"https:\\\/\\\/www.elle.lu\\\/fr\\\/#\\\/schema\\\/person\\\/587046b0e41a29595560d2deca7cb052\",\"name\":\"Salom\u00e9 Jeko\",\"image\":{\"@type\":\"ImageObject\",\"inLanguage\":\"fr-FR\",\"@id\":\"https:\\\/\\\/www.elle.lu\\\/fr\\\/wp-content\\\/uploads\\\/2024\\\/07\\\/salome-jeko-96x96.jpg\",\"url\":\"https:\\\/\\\/www.elle.lu\\\/fr\\\/wp-content\\\/uploads\\\/2024\\\/07\\\/salome-jeko-96x96.jpg\",\"contentUrl\":\"https:\\\/\\\/www.elle.lu\\\/fr\\\/wp-content\\\/uploads\\\/2024\\\/07\\\/salome-jeko-96x96.jpg\",\"caption\":\"Salom\u00e9 Jeko\"},\"sameAs\":[\"https:\\\/\\\/notabene.lu\\\/\",\"https:\\\/\\\/www.facebook.com\\\/NotaBeneLuxembourg\",\"https:\\\/\\\/www.instagram.com\\\/notabene.lu\\\/\",\"https:\\\/\\\/www.linkedin.com\\\/in\\\/salomejeko\\\/\"],\"url\":\"https:\\\/\\\/www.elle.lu\\\/fr\\\/author\\\/salome-jeko\"}]}<\/script>\n<!-- \/ Yoast SEO plugin. -->","yoast_head_json":{"title":"Julie Conrad ou le design luxembourgeois \u00e0 Milan - ELLE.lu Luxembourg","description":"Julie Conrad, figure incontournable du design luxembourgeois, \u00e9tait pr\u00e9sente au Salone del Mobile de Milan avec ses Loom Chairs.","robots":{"index":"index","follow":"follow","max-snippet":"max-snippet:-1","max-image-preview":"max-image-preview:large","max-video-preview":"max-video-preview:-1"},"canonical":"https:\/\/www.elle.lu\/fr\/5917-julie-conrad-ou-le-design-luxembourgeois-a-milan.html","og_locale":"fr_FR","og_type":"article","og_title":"Julie Conrad ou le design luxembourgeois \u00e0 Milan - ELLE.lu Luxembourg","og_description":"Julie Conrad, figure incontournable du design luxembourgeois, \u00e9tait pr\u00e9sente au Salone del Mobile de Milan avec ses Loom Chairs.","og_url":"https:\/\/www.elle.lu\/fr\/5917-julie-conrad-ou-le-design-luxembourgeois-a-milan.html","og_site_name":"ELLE.lu Luxembourg","article_author":"https:\/\/www.facebook.com\/NotaBeneLuxembourg","article_published_time":"2025-05-06T05:00:35+00:00","article_modified_time":"2025-05-06T06:20:42+00:00","og_image":[{"width":1024,"height":683,"url":"https:\/\/www.elle.lu\/fr\/wp-content\/uploads\/2025\/05\/loom-chairs-julie-conrad-design-studio-portrait-of-julie-conrad-marie-romanova-shot-at-rob-vintage-2-1024x683.jpg","type":"image\/jpeg"}],"author":"Salom\u00e9 Jeko","twitter_card":"summary_large_image","twitter_misc":{"\u00c9crit par":"Salom\u00e9 Jeko","Dur\u00e9e de lecture estim\u00e9e":"4 minutes"},"schema":{"@context":"https:\/\/schema.org","@graph":[{"@type":"Article","@id":"https:\/\/www.elle.lu\/fr\/5917-julie-conrad-ou-le-design-luxembourgeois-a-milan.html#article","isPartOf":{"@id":"https:\/\/www.elle.lu\/fr\/5917-julie-conrad-ou-le-design-luxembourgeois-a-milan.html"},"author":{"name":"Salom\u00e9 Jeko","@id":"https:\/\/www.elle.lu\/fr\/#\/schema\/person\/587046b0e41a29595560d2deca7cb052"},"headline":"Julie Conrad ou le design luxembourgeois \u00e0 Milan","datePublished":"2025-05-06T05:00:35+00:00","dateModified":"2025-05-06T06:20:42+00:00","mainEntityOfPage":{"@id":"https:\/\/www.elle.lu\/fr\/5917-julie-conrad-ou-le-design-luxembourgeois-a-milan.html"},"wordCount":592,"commentCount":0,"image":{"@id":"https:\/\/www.elle.lu\/fr\/5917-julie-conrad-ou-le-design-luxembourgeois-a-milan.html#primaryimage"},"thumbnailUrl":"https:\/\/www.elle.lu\/fr\/wp-content\/uploads\/2025\/05\/loom-chairs-julie-conrad-design-studio-portrait-of-julie-conrad-marie-romanova-shot-at-rob-vintage-2.jpg","articleSection":["Lifestyle","Deco"],"inLanguage":"fr-FR","potentialAction":[{"@type":"CommentAction","name":"Comment","target":["https:\/\/www.elle.lu\/fr\/5917-julie-conrad-ou-le-design-luxembourgeois-a-milan.html#respond"]}]},{"@type":"WebPage","@id":"https:\/\/www.elle.lu\/fr\/5917-julie-conrad-ou-le-design-luxembourgeois-a-milan.html","url":"https:\/\/www.elle.lu\/fr\/5917-julie-conrad-ou-le-design-luxembourgeois-a-milan.html","name":"Julie Conrad ou le design luxembourgeois \u00e0 Milan - ELLE.lu Luxembourg","isPartOf":{"@id":"https:\/\/www.elle.lu\/fr\/#website"},"primaryImageOfPage":{"@id":"https:\/\/www.elle.lu\/fr\/5917-julie-conrad-ou-le-design-luxembourgeois-a-milan.html#primaryimage"},"image":{"@id":"https:\/\/www.elle.lu\/fr\/5917-julie-conrad-ou-le-design-luxembourgeois-a-milan.html#primaryimage"},"thumbnailUrl":"https:\/\/www.elle.lu\/fr\/wp-content\/uploads\/2025\/05\/loom-chairs-julie-conrad-design-studio-portrait-of-julie-conrad-marie-romanova-shot-at-rob-vintage-2.jpg","datePublished":"2025-05-06T05:00:35+00:00","dateModified":"2025-05-06T06:20:42+00:00","author":{"@id":"https:\/\/www.elle.lu\/fr\/#\/schema\/person\/587046b0e41a29595560d2deca7cb052"},"description":"Julie Conrad, figure incontournable du design luxembourgeois, \u00e9tait pr\u00e9sente au Salone del Mobile de Milan avec ses Loom Chairs.","breadcrumb":{"@id":"https:\/\/www.elle.lu\/fr\/5917-julie-conrad-ou-le-design-luxembourgeois-a-milan.html#breadcrumb"},"inLanguage":"fr-FR","potentialAction":[{"@type":"ReadAction","target":["https:\/\/www.elle.lu\/fr\/5917-julie-conrad-ou-le-design-luxembourgeois-a-milan.html"]}]},{"@type":"ImageObject","inLanguage":"fr-FR","@id":"https:\/\/www.elle.lu\/fr\/5917-julie-conrad-ou-le-design-luxembourgeois-a-milan.html#primaryimage","url":"https:\/\/www.elle.lu\/fr\/wp-content\/uploads\/2025\/05\/loom-chairs-julie-conrad-design-studio-portrait-of-julie-conrad-marie-romanova-shot-at-rob-vintage-2.jpg","contentUrl":"https:\/\/www.elle.lu\/fr\/wp-content\/uploads\/2025\/05\/loom-chairs-julie-conrad-design-studio-portrait-of-julie-conrad-marie-romanova-shot-at-rob-vintage-2.jpg","width":5936,"height":3957,"caption":"\u00a9Marie Romanova"},{"@type":"BreadcrumbList","@id":"https:\/\/www.elle.lu\/fr\/5917-julie-conrad-ou-le-design-luxembourgeois-a-milan.html#breadcrumb","itemListElement":[{"@type":"ListItem","position":1,"name":"Accueil","item":"https:\/\/www.elle.lu\/fr"},{"@type":"ListItem","position":2,"name":"Julie Conrad ou le design luxembourgeois \u00e0 Milan"}]},{"@type":"WebSite","@id":"https:\/\/www.elle.lu\/fr\/#website","url":"https:\/\/www.elle.lu\/fr\/","name":"ELLE.lu","description":"Explorez les derni\u00e8res tendances mode, beaut\u00e9 et art de vivre au Luxembourg sur ELLE.lu. Un contenu exclusivement luxembourgeois sur notre site, r\u00e9seaux sociaux et YouTube.","potentialAction":[{"@type":"SearchAction","target":{"@type":"EntryPoint","urlTemplate":"https:\/\/www.elle.lu\/fr\/?s={search_term_string}"},"query-input":{"@type":"PropertyValueSpecification","valueRequired":true,"valueName":"search_term_string"}}],"inLanguage":"fr-FR"},{"@type":"Person","@id":"https:\/\/www.elle.lu\/fr\/#\/schema\/person\/587046b0e41a29595560d2deca7cb052","name":"Salom\u00e9 Jeko","image":{"@type":"ImageObject","inLanguage":"fr-FR","@id":"https:\/\/www.elle.lu\/fr\/wp-content\/uploads\/2024\/07\/salome-jeko-96x96.jpg","url":"https:\/\/www.elle.lu\/fr\/wp-content\/uploads\/2024\/07\/salome-jeko-96x96.jpg","contentUrl":"https:\/\/www.elle.lu\/fr\/wp-content\/uploads\/2024\/07\/salome-jeko-96x96.jpg","caption":"Salom\u00e9 Jeko"},"sameAs":["https:\/\/notabene.lu\/","https:\/\/www.facebook.com\/NotaBeneLuxembourg","https:\/\/www.instagram.com\/notabene.lu\/","https:\/\/www.linkedin.com\/in\/salomejeko\/"],"url":"https:\/\/www.elle.lu\/fr\/author\/salome-jeko"}]}},"jetpack_featured_media_url":"https:\/\/www.elle.lu\/fr\/wp-content\/uploads\/2025\/05\/loom-chairs-julie-conrad-design-studio-portrait-of-julie-conrad-marie-romanova-shot-at-rob-vintage-2.jpg","jetpack_sharing_enabled":true,"_links":{"self":[{"href":"https:\/\/www.elle.lu\/fr\/wp-json\/wp\/v2\/posts\/5917","targetHints":{"allow":["GET"]}}],"collection":[{"href":"https:\/\/www.elle.lu\/fr\/wp-json\/wp\/v2\/posts"}],"about":[{"href":"https:\/\/www.elle.lu\/fr\/wp-json\/wp\/v2\/types\/post"}],"author":[{"embeddable":true,"href":"https:\/\/www.elle.lu\/fr\/wp-json\/wp\/v2\/users\/29"}],"replies":[{"embeddable":true,"href":"https:\/\/www.elle.lu\/fr\/wp-json\/wp\/v2\/comments?post=5917"}],"version-history":[{"count":5,"href":"https:\/\/www.elle.lu\/fr\/wp-json\/wp\/v2\/posts\/5917\/revisions"}],"predecessor-version":[{"id":6003,"href":"https:\/\/www.elle.lu\/fr\/wp-json\/wp\/v2\/posts\/5917\/revisions\/6003"}],"wp:featuredmedia":[{"embeddable":true,"href":"https:\/\/www.elle.lu\/fr\/wp-json\/wp\/v2\/media\/5919"}],"wp:attachment":[{"href":"https:\/\/www.elle.lu\/fr\/wp-json\/wp\/v2\/media?parent=5917"}],"wp:term":[{"taxonomy":"category","embeddable":true,"href":"https:\/\/www.elle.lu\/fr\/wp-json\/wp\/v2\/categories?post=5917"},{"taxonomy":"post_tag","embeddable":true,"href":"https:\/\/www.elle.lu\/fr\/wp-json\/wp\/v2\/tags?post=5917"}],"curies":[{"name":"wp","href":"https:\/\/api.w.org\/{rel}","templated":true}]}}