{"id":608,"date":"2024-06-07T07:00:02","date_gmt":"2024-06-07T05:00:02","guid":{"rendered":"https:\/\/www.elle.lu\/fr\/?p=608"},"modified":"2024-08-19T11:37:13","modified_gmt":"2024-08-19T09:37:13","slug":"cocottes-fete-ses-10-printemps","status":"publish","type":"post","link":"https:\/\/www.elle.lu\/fr\/608-cocottes-fete-ses-10-printemps.html","title":{"rendered":"Cocottes f\u00eate ses 10 printemps\u00a0!"},"content":{"rendered":"","protected":false},"excerpt":{"rendered":"Figure de l\u2019entreprenariat dans la restauration au Luxembourg, St\u00e9phanie Jauquet est \u00e0 la t\u00eate de Cocottes, des restaurants Um Plateau et Specto, de La Baraque et du foodhall G.","protected":false},"author":9,"featured_media":610,"comment_status":"open","ping_status":"open","sticky":false,"template":"","format":"standard","meta":{"_acf_changed":false,"_jetpack_memberships_contains_paid_content":false,"footnotes":""},"categories":[9,13],"tags":[21,22],"class_list":["post-608","post","type-post","status-publish","format-standard","has-post-thumbnail","hentry","category-actu","category-culture","tag-stephanie-jauquet","tag-cocottes"],"acf":[],"yoast_head":"<!-- This site is optimized with the Yoast SEO plugin v27.5 - https:\/\/yoast.com\/product\/yoast-seo-wordpress\/ -->\n<title>Cocottes f\u00eate ses 10 printemps\u00a0! - ELLE.lu Luxembourg<\/title>\n<meta name=\"description\" content=\"Figure de l\u2019entreprenariat dans la restauration au Luxembourg, St\u00e9phanie Jauquet est \u00e0 la t\u00eate de Cocottes, des restaurants Um Plateau...\" \/>\n<meta name=\"robots\" content=\"index, follow, max-snippet:-1, max-image-preview:large, max-video-preview:-1\" \/>\n<link rel=\"canonical\" href=\"https:\/\/www.elle.lu\/fr\/608-cocottes-fete-ses-10-printemps.html\" \/>\n<meta property=\"og:locale\" content=\"fr_FR\" \/>\n<meta property=\"og:type\" content=\"article\" \/>\n<meta property=\"og:title\" content=\"Cocottes f\u00eate ses 10 printemps\u00a0! - ELLE.lu Luxembourg\" \/>\n<meta property=\"og:description\" content=\"Figure de l\u2019entreprenariat dans la restauration au Luxembourg, St\u00e9phanie Jauquet est \u00e0 la t\u00eate de Cocottes, des restaurants Um Plateau...\" \/>\n<meta property=\"og:url\" content=\"https:\/\/www.elle.lu\/fr\/608-cocottes-fete-ses-10-printemps.html\" \/>\n<meta property=\"og:site_name\" content=\"ELLE.lu Luxembourg\" \/>\n<meta property=\"article:published_time\" content=\"2024-06-07T05:00:02+00:00\" \/>\n<meta property=\"article:modified_time\" content=\"2024-08-19T09:37:13+00:00\" \/>\n<meta property=\"og:image\" content=\"https:\/\/www.elle.lu\/fr\/wp-content\/uploads\/2024\/05\/stephanie-jauquet-cocottes-scaled.jpg\" \/>\n\t<meta property=\"og:image:width\" content=\"2255\" \/>\n\t<meta property=\"og:image:height\" content=\"2560\" \/>\n\t<meta property=\"og:image:type\" content=\"image\/jpeg\" \/>\n<meta name=\"author\" content=\"Isabelle Debuchy\" \/>\n<meta name=\"twitter:card\" content=\"summary_large_image\" \/>\n<meta name=\"twitter:label1\" content=\"\u00c9crit par\" \/>\n\t<meta name=\"twitter:data1\" content=\"Isabelle Debuchy\" \/>\n\t<meta name=\"twitter:label2\" content=\"Dur\u00e9e de lecture estim\u00e9e\" \/>\n\t<meta name=\"twitter:data2\" content=\"5 minutes\" \/>\n<script type=\"application\/ld+json\" class=\"yoast-schema-graph\">{\"@context\":\"https:\\\/\\\/schema.org\",\"@graph\":[{\"@type\":\"Article\",\"@id\":\"https:\\\/\\\/www.elle.lu\\\/fr\\\/608-cocottes-fete-ses-10-printemps.html#article\",\"isPartOf\":{\"@id\":\"https:\\\/\\\/www.elle.lu\\\/fr\\\/608-cocottes-fete-ses-10-printemps.html\"},\"author\":{\"name\":\"Isabelle Debuchy\",\"@id\":\"https:\\\/\\\/www.elle.lu\\\/fr\\\/#\\\/schema\\\/person\\\/3fa5d507dcc12f34be8eef14429dab5f\"},\"headline\":\"Cocottes f\u00eate ses 10 printemps\u00a0!\",\"datePublished\":\"2024-06-07T05:00:02+00:00\",\"dateModified\":\"2024-08-19T09:37:13+00:00\",\"mainEntityOfPage\":{\"@id\":\"https:\\\/\\\/www.elle.lu\\\/fr\\\/608-cocottes-fete-ses-10-printemps.html\"},\"wordCount\":892,\"commentCount\":0,\"image\":{\"@id\":\"https:\\\/\\\/www.elle.lu\\\/fr\\\/608-cocottes-fete-ses-10-printemps.html#primaryimage\"},\"thumbnailUrl\":\"https:\\\/\\\/www.elle.lu\\\/fr\\\/wp-content\\\/uploads\\\/2024\\\/05\\\/stephanie-jauquet-cocottes-scaled.jpg\",\"keywords\":[\"St\u00e9phanie Jauquet\",\"Cocottes\"],\"articleSection\":[\"Actu\",\"Culture\"],\"inLanguage\":\"fr-FR\",\"potentialAction\":[{\"@type\":\"CommentAction\",\"name\":\"Comment\",\"target\":[\"https:\\\/\\\/www.elle.lu\\\/fr\\\/608-cocottes-fete-ses-10-printemps.html#respond\"]}]},{\"@type\":\"WebPage\",\"@id\":\"https:\\\/\\\/www.elle.lu\\\/fr\\\/608-cocottes-fete-ses-10-printemps.html\",\"url\":\"https:\\\/\\\/www.elle.lu\\\/fr\\\/608-cocottes-fete-ses-10-printemps.html\",\"name\":\"Cocottes f\u00eate ses 10 printemps\u00a0! - ELLE.lu Luxembourg\",\"isPartOf\":{\"@id\":\"https:\\\/\\\/www.elle.lu\\\/fr\\\/#website\"},\"primaryImageOfPage\":{\"@id\":\"https:\\\/\\\/www.elle.lu\\\/fr\\\/608-cocottes-fete-ses-10-printemps.html#primaryimage\"},\"image\":{\"@id\":\"https:\\\/\\\/www.elle.lu\\\/fr\\\/608-cocottes-fete-ses-10-printemps.html#primaryimage\"},\"thumbnailUrl\":\"https:\\\/\\\/www.elle.lu\\\/fr\\\/wp-content\\\/uploads\\\/2024\\\/05\\\/stephanie-jauquet-cocottes-scaled.jpg\",\"datePublished\":\"2024-06-07T05:00:02+00:00\",\"dateModified\":\"2024-08-19T09:37:13+00:00\",\"author\":{\"@id\":\"https:\\\/\\\/www.elle.lu\\\/fr\\\/#\\\/schema\\\/person\\\/3fa5d507dcc12f34be8eef14429dab5f\"},\"description\":\"Figure de l\u2019entreprenariat dans la restauration au Luxembourg, St\u00e9phanie Jauquet est \u00e0 la t\u00eate de Cocottes, des restaurants Um Plateau...\",\"breadcrumb\":{\"@id\":\"https:\\\/\\\/www.elle.lu\\\/fr\\\/608-cocottes-fete-ses-10-printemps.html#breadcrumb\"},\"inLanguage\":\"fr-FR\",\"potentialAction\":[{\"@type\":\"ReadAction\",\"target\":[\"https:\\\/\\\/www.elle.lu\\\/fr\\\/608-cocottes-fete-ses-10-printemps.html\"]}]},{\"@type\":\"ImageObject\",\"inLanguage\":\"fr-FR\",\"@id\":\"https:\\\/\\\/www.elle.lu\\\/fr\\\/608-cocottes-fete-ses-10-printemps.html#primaryimage\",\"url\":\"https:\\\/\\\/www.elle.lu\\\/fr\\\/wp-content\\\/uploads\\\/2024\\\/05\\\/stephanie-jauquet-cocottes-scaled.jpg\",\"contentUrl\":\"https:\\\/\\\/www.elle.lu\\\/fr\\\/wp-content\\\/uploads\\\/2024\\\/05\\\/stephanie-jauquet-cocottes-scaled.jpg\",\"width\":2255,\"height\":2560,\"caption\":\"\u00a9 Cocottes\"},{\"@type\":\"BreadcrumbList\",\"@id\":\"https:\\\/\\\/www.elle.lu\\\/fr\\\/608-cocottes-fete-ses-10-printemps.html#breadcrumb\",\"itemListElement\":[{\"@type\":\"ListItem\",\"position\":1,\"name\":\"Accueil\",\"item\":\"https:\\\/\\\/www.elle.lu\\\/fr\"},{\"@type\":\"ListItem\",\"position\":2,\"name\":\"Cocottes f\u00eate ses 10 printemps\u00a0!\"}]},{\"@type\":\"WebSite\",\"@id\":\"https:\\\/\\\/www.elle.lu\\\/fr\\\/#website\",\"url\":\"https:\\\/\\\/www.elle.lu\\\/fr\\\/\",\"name\":\"ELLE.lu\",\"description\":\"Explorez les derni\u00e8res tendances mode, beaut\u00e9 et art de vivre au Luxembourg sur ELLE.lu. Un contenu exclusivement luxembourgeois sur notre site, r\u00e9seaux sociaux et YouTube.\",\"potentialAction\":[{\"@type\":\"SearchAction\",\"target\":{\"@type\":\"EntryPoint\",\"urlTemplate\":\"https:\\\/\\\/www.elle.lu\\\/fr\\\/?s={search_term_string}\"},\"query-input\":{\"@type\":\"PropertyValueSpecification\",\"valueRequired\":true,\"valueName\":\"search_term_string\"}}],\"inLanguage\":\"fr-FR\"},{\"@type\":\"Person\",\"@id\":\"https:\\\/\\\/www.elle.lu\\\/fr\\\/#\\\/schema\\\/person\\\/3fa5d507dcc12f34be8eef14429dab5f\",\"name\":\"Isabelle Debuchy\",\"image\":{\"@type\":\"ImageObject\",\"inLanguage\":\"fr-FR\",\"@id\":\"https:\\\/\\\/secure.gravatar.com\\\/avatar\\\/43827824530f9ff21f1c5c795a1ea89f94b1bff09609a51da9316a8ff7e5f7f2?s=96&d=mm&r=g\",\"url\":\"https:\\\/\\\/secure.gravatar.com\\\/avatar\\\/43827824530f9ff21f1c5c795a1ea89f94b1bff09609a51da9316a8ff7e5f7f2?s=96&d=mm&r=g\",\"contentUrl\":\"https:\\\/\\\/secure.gravatar.com\\\/avatar\\\/43827824530f9ff21f1c5c795a1ea89f94b1bff09609a51da9316a8ff7e5f7f2?s=96&d=mm&r=g\",\"caption\":\"Isabelle Debuchy\"},\"url\":\"https:\\\/\\\/www.elle.lu\\\/fr\\\/author\\\/isabelle-debuchy\"}]}<\/script>\n<!-- \/ Yoast SEO plugin. -->","yoast_head_json":{"title":"Cocottes f\u00eate ses 10 printemps\u00a0! - ELLE.lu Luxembourg","description":"Figure de l\u2019entreprenariat dans la restauration au Luxembourg, St\u00e9phanie Jauquet est \u00e0 la t\u00eate de Cocottes, des restaurants Um Plateau...","robots":{"index":"index","follow":"follow","max-snippet":"max-snippet:-1","max-image-preview":"max-image-preview:large","max-video-preview":"max-video-preview:-1"},"canonical":"https:\/\/www.elle.lu\/fr\/608-cocottes-fete-ses-10-printemps.html","og_locale":"fr_FR","og_type":"article","og_title":"Cocottes f\u00eate ses 10 printemps\u00a0! - ELLE.lu Luxembourg","og_description":"Figure de l\u2019entreprenariat dans la restauration au Luxembourg, St\u00e9phanie Jauquet est \u00e0 la t\u00eate de Cocottes, des restaurants Um Plateau...","og_url":"https:\/\/www.elle.lu\/fr\/608-cocottes-fete-ses-10-printemps.html","og_site_name":"ELLE.lu Luxembourg","article_published_time":"2024-06-07T05:00:02+00:00","article_modified_time":"2024-08-19T09:37:13+00:00","og_image":[{"width":2255,"height":2560,"url":"https:\/\/www.elle.lu\/fr\/wp-content\/uploads\/2024\/05\/stephanie-jauquet-cocottes-scaled.jpg","type":"image\/jpeg"}],"author":"Isabelle Debuchy","twitter_card":"summary_large_image","twitter_misc":{"\u00c9crit par":"Isabelle Debuchy","Dur\u00e9e de lecture estim\u00e9e":"5 minutes"},"schema":{"@context":"https:\/\/schema.org","@graph":[{"@type":"Article","@id":"https:\/\/www.elle.lu\/fr\/608-cocottes-fete-ses-10-printemps.html#article","isPartOf":{"@id":"https:\/\/www.elle.lu\/fr\/608-cocottes-fete-ses-10-printemps.html"},"author":{"name":"Isabelle Debuchy","@id":"https:\/\/www.elle.lu\/fr\/#\/schema\/person\/3fa5d507dcc12f34be8eef14429dab5f"},"headline":"Cocottes f\u00eate ses 10 printemps\u00a0!","datePublished":"2024-06-07T05:00:02+00:00","dateModified":"2024-08-19T09:37:13+00:00","mainEntityOfPage":{"@id":"https:\/\/www.elle.lu\/fr\/608-cocottes-fete-ses-10-printemps.html"},"wordCount":892,"commentCount":0,"image":{"@id":"https:\/\/www.elle.lu\/fr\/608-cocottes-fete-ses-10-printemps.html#primaryimage"},"thumbnailUrl":"https:\/\/www.elle.lu\/fr\/wp-content\/uploads\/2024\/05\/stephanie-jauquet-cocottes-scaled.jpg","keywords":["St\u00e9phanie Jauquet","Cocottes"],"articleSection":["Actu","Culture"],"inLanguage":"fr-FR","potentialAction":[{"@type":"CommentAction","name":"Comment","target":["https:\/\/www.elle.lu\/fr\/608-cocottes-fete-ses-10-printemps.html#respond"]}]},{"@type":"WebPage","@id":"https:\/\/www.elle.lu\/fr\/608-cocottes-fete-ses-10-printemps.html","url":"https:\/\/www.elle.lu\/fr\/608-cocottes-fete-ses-10-printemps.html","name":"Cocottes f\u00eate ses 10 printemps\u00a0! - ELLE.lu Luxembourg","isPartOf":{"@id":"https:\/\/www.elle.lu\/fr\/#website"},"primaryImageOfPage":{"@id":"https:\/\/www.elle.lu\/fr\/608-cocottes-fete-ses-10-printemps.html#primaryimage"},"image":{"@id":"https:\/\/www.elle.lu\/fr\/608-cocottes-fete-ses-10-printemps.html#primaryimage"},"thumbnailUrl":"https:\/\/www.elle.lu\/fr\/wp-content\/uploads\/2024\/05\/stephanie-jauquet-cocottes-scaled.jpg","datePublished":"2024-06-07T05:00:02+00:00","dateModified":"2024-08-19T09:37:13+00:00","author":{"@id":"https:\/\/www.elle.lu\/fr\/#\/schema\/person\/3fa5d507dcc12f34be8eef14429dab5f"},"description":"Figure de l\u2019entreprenariat dans la restauration au Luxembourg, St\u00e9phanie Jauquet est \u00e0 la t\u00eate de Cocottes, des restaurants Um Plateau...","breadcrumb":{"@id":"https:\/\/www.elle.lu\/fr\/608-cocottes-fete-ses-10-printemps.html#breadcrumb"},"inLanguage":"fr-FR","potentialAction":[{"@type":"ReadAction","target":["https:\/\/www.elle.lu\/fr\/608-cocottes-fete-ses-10-printemps.html"]}]},{"@type":"ImageObject","inLanguage":"fr-FR","@id":"https:\/\/www.elle.lu\/fr\/608-cocottes-fete-ses-10-printemps.html#primaryimage","url":"https:\/\/www.elle.lu\/fr\/wp-content\/uploads\/2024\/05\/stephanie-jauquet-cocottes-scaled.jpg","contentUrl":"https:\/\/www.elle.lu\/fr\/wp-content\/uploads\/2024\/05\/stephanie-jauquet-cocottes-scaled.jpg","width":2255,"height":2560,"caption":"\u00a9 Cocottes"},{"@type":"BreadcrumbList","@id":"https:\/\/www.elle.lu\/fr\/608-cocottes-fete-ses-10-printemps.html#breadcrumb","itemListElement":[{"@type":"ListItem","position":1,"name":"Accueil","item":"https:\/\/www.elle.lu\/fr"},{"@type":"ListItem","position":2,"name":"Cocottes f\u00eate ses 10 printemps\u00a0!"}]},{"@type":"WebSite","@id":"https:\/\/www.elle.lu\/fr\/#website","url":"https:\/\/www.elle.lu\/fr\/","name":"ELLE.lu","description":"Explorez les derni\u00e8res tendances mode, beaut\u00e9 et art de vivre au Luxembourg sur ELLE.lu. Un contenu exclusivement luxembourgeois sur notre site, r\u00e9seaux sociaux et YouTube.","potentialAction":[{"@type":"SearchAction","target":{"@type":"EntryPoint","urlTemplate":"https:\/\/www.elle.lu\/fr\/?s={search_term_string}"},"query-input":{"@type":"PropertyValueSpecification","valueRequired":true,"valueName":"search_term_string"}}],"inLanguage":"fr-FR"},{"@type":"Person","@id":"https:\/\/www.elle.lu\/fr\/#\/schema\/person\/3fa5d507dcc12f34be8eef14429dab5f","name":"Isabelle Debuchy","image":{"@type":"ImageObject","inLanguage":"fr-FR","@id":"https:\/\/secure.gravatar.com\/avatar\/43827824530f9ff21f1c5c795a1ea89f94b1bff09609a51da9316a8ff7e5f7f2?s=96&d=mm&r=g","url":"https:\/\/secure.gravatar.com\/avatar\/43827824530f9ff21f1c5c795a1ea89f94b1bff09609a51da9316a8ff7e5f7f2?s=96&d=mm&r=g","contentUrl":"https:\/\/secure.gravatar.com\/avatar\/43827824530f9ff21f1c5c795a1ea89f94b1bff09609a51da9316a8ff7e5f7f2?s=96&d=mm&r=g","caption":"Isabelle Debuchy"},"url":"https:\/\/www.elle.lu\/fr\/author\/isabelle-debuchy"}]}},"jetpack_featured_media_url":"https:\/\/www.elle.lu\/fr\/wp-content\/uploads\/2024\/05\/stephanie-jauquet-cocottes-scaled.jpg","jetpack_sharing_enabled":true,"_links":{"self":[{"href":"https:\/\/www.elle.lu\/fr\/wp-json\/wp\/v2\/posts\/608","targetHints":{"allow":["GET"]}}],"collection":[{"href":"https:\/\/www.elle.lu\/fr\/wp-json\/wp\/v2\/posts"}],"about":[{"href":"https:\/\/www.elle.lu\/fr\/wp-json\/wp\/v2\/types\/post"}],"author":[{"embeddable":true,"href":"https:\/\/www.elle.lu\/fr\/wp-json\/wp\/v2\/users\/9"}],"replies":[{"embeddable":true,"href":"https:\/\/www.elle.lu\/fr\/wp-json\/wp\/v2\/comments?post=608"}],"version-history":[{"count":5,"href":"https:\/\/www.elle.lu\/fr\/wp-json\/wp\/v2\/posts\/608\/revisions"}],"predecessor-version":[{"id":2210,"href":"https:\/\/www.elle.lu\/fr\/wp-json\/wp\/v2\/posts\/608\/revisions\/2210"}],"wp:featuredmedia":[{"embeddable":true,"href":"https:\/\/www.elle.lu\/fr\/wp-json\/wp\/v2\/media\/610"}],"wp:attachment":[{"href":"https:\/\/www.elle.lu\/fr\/wp-json\/wp\/v2\/media?parent=608"}],"wp:term":[{"taxonomy":"category","embeddable":true,"href":"https:\/\/www.elle.lu\/fr\/wp-json\/wp\/v2\/categories?post=608"},{"taxonomy":"post_tag","embeddable":true,"href":"https:\/\/www.elle.lu\/fr\/wp-json\/wp\/v2\/tags?post=608"}],"curies":[{"name":"wp","href":"https:\/\/api.w.org\/{rel}","templated":true}]}}