{"id":6107,"date":"2025-05-11T07:00:17","date_gmt":"2025-05-11T05:00:17","guid":{"rendered":"https:\/\/www.elle.lu\/fr\/?p=6107"},"modified":"2025-05-16T16:39:10","modified_gmt":"2025-05-16T14:39:10","slug":"et-si-la-cle-du-glow-parfait-se-trouvait-dans-les-milk-toners","status":"publish","type":"post","link":"https:\/\/www.elle.lu\/fr\/6107-et-si-la-cle-du-glow-parfait-se-trouvait-dans-les-milk-toners.html","title":{"rendered":"Et si la cl\u00e9 du glow parfait se trouvait dans les milk toners ?"},"content":{"rendered":"","protected":false},"excerpt":{"rendered":"Textures velout\u00e9es, mais fra\u00eeches, formules cocooning et promesses d&#8217;un glow parfait : les milk toners imposent une nouvelle douceur dans nos routines skincare.","protected":false},"author":49,"featured_media":6118,"comment_status":"open","ping_status":"open","sticky":false,"template":"","format":"standard","meta":{"_acf_changed":false,"_jetpack_memberships_contains_paid_content":false,"footnotes":""},"categories":[3],"tags":[],"class_list":["post-6107","post","type-post","status-publish","format-standard","has-post-thumbnail","hentry","category-beaute"],"acf":[],"yoast_head":"<!-- This site is optimized with the Yoast SEO plugin v27.2 - https:\/\/yoast.com\/product\/yoast-seo-wordpress\/ -->\n<title>Et si la cl\u00e9 du glow parfait se trouvait dans les milk toners ? - ELLE.lu Luxembourg<\/title>\n<meta name=\"description\" content=\"Promesses d&#039;un glow parfait : les milk toners imposent une nouvelle douceur dans nos routines skincare.\" \/>\n<meta name=\"robots\" content=\"index, follow, max-snippet:-1, max-image-preview:large, max-video-preview:-1\" \/>\n<link rel=\"canonical\" href=\"https:\/\/www.elle.lu\/fr\/6107-et-si-la-cle-du-glow-parfait-se-trouvait-dans-les-milk-toners.html\" \/>\n<meta property=\"og:locale\" content=\"fr_FR\" \/>\n<meta property=\"og:type\" content=\"article\" \/>\n<meta property=\"og:title\" content=\"Et si la cl\u00e9 du glow parfait se trouvait dans les milk toners ? - ELLE.lu Luxembourg\" \/>\n<meta property=\"og:description\" content=\"Promesses d&#039;un glow parfait : les milk toners imposent une nouvelle douceur dans nos routines skincare.\" \/>\n<meta property=\"og:url\" content=\"https:\/\/www.elle.lu\/fr\/6107-et-si-la-cle-du-glow-parfait-se-trouvait-dans-les-milk-toners.html\" \/>\n<meta property=\"og:site_name\" content=\"ELLE.lu Luxembourg\" \/>\n<meta property=\"article:published_time\" content=\"2025-05-11T05:00:17+00:00\" \/>\n<meta property=\"article:modified_time\" content=\"2025-05-16T14:39:10+00:00\" \/>\n<meta property=\"og:image\" content=\"https:\/\/www.elle.lu\/fr\/wp-content\/uploads\/2025\/05\/fleur-kaan-gg8i22dqthw-unsplash.jpg\" \/>\n\t<meta property=\"og:image:width\" content=\"6000\" \/>\n\t<meta property=\"og:image:height\" content=\"4000\" \/>\n\t<meta property=\"og:image:type\" content=\"image\/jpeg\" \/>\n<meta name=\"author\" content=\"Sarah Braun\" \/>\n<meta name=\"twitter:card\" content=\"summary_large_image\" \/>\n<meta name=\"twitter:label1\" content=\"\u00c9crit par\" \/>\n\t<meta name=\"twitter:data1\" content=\"Sarah Braun\" \/>\n\t<meta name=\"twitter:label2\" content=\"Dur\u00e9e de lecture estim\u00e9e\" \/>\n\t<meta name=\"twitter:data2\" content=\"4 minutes\" \/>\n<script type=\"application\/ld+json\" class=\"yoast-schema-graph\">{\"@context\":\"https:\/\/schema.org\",\"@graph\":[{\"@type\":\"Article\",\"@id\":\"https:\/\/www.elle.lu\/fr\/6107-et-si-la-cle-du-glow-parfait-se-trouvait-dans-les-milk-toners.html#article\",\"isPartOf\":{\"@id\":\"https:\/\/www.elle.lu\/fr\/6107-et-si-la-cle-du-glow-parfait-se-trouvait-dans-les-milk-toners.html\"},\"author\":{\"name\":\"Sarah Braun\",\"@id\":\"https:\/\/www.elle.lu\/fr\/#\/schema\/person\/ac820204224d1a52c950088e1996b007\"},\"headline\":\"Et si la cl\u00e9 du glow parfait se trouvait dans les milk toners ?\",\"datePublished\":\"2025-05-11T05:00:17+00:00\",\"dateModified\":\"2025-05-16T14:39:10+00:00\",\"mainEntityOfPage\":{\"@id\":\"https:\/\/www.elle.lu\/fr\/6107-et-si-la-cle-du-glow-parfait-se-trouvait-dans-les-milk-toners.html\"},\"wordCount\":713,\"commentCount\":0,\"image\":{\"@id\":\"https:\/\/www.elle.lu\/fr\/6107-et-si-la-cle-du-glow-parfait-se-trouvait-dans-les-milk-toners.html#primaryimage\"},\"thumbnailUrl\":\"https:\/\/www.elle.lu\/fr\/wp-content\/uploads\/2025\/05\/fleur-kaan-gg8i22dqthw-unsplash.jpg\",\"articleSection\":[\"Beaut\u00e9\"],\"inLanguage\":\"fr-FR\",\"potentialAction\":[{\"@type\":\"CommentAction\",\"name\":\"Comment\",\"target\":[\"https:\/\/www.elle.lu\/fr\/6107-et-si-la-cle-du-glow-parfait-se-trouvait-dans-les-milk-toners.html#respond\"]}]},{\"@type\":\"WebPage\",\"@id\":\"https:\/\/www.elle.lu\/fr\/6107-et-si-la-cle-du-glow-parfait-se-trouvait-dans-les-milk-toners.html\",\"url\":\"https:\/\/www.elle.lu\/fr\/6107-et-si-la-cle-du-glow-parfait-se-trouvait-dans-les-milk-toners.html\",\"name\":\"Et si la cl\u00e9 du glow parfait se trouvait dans les milk toners ? - ELLE.lu Luxembourg\",\"isPartOf\":{\"@id\":\"https:\/\/www.elle.lu\/fr\/#website\"},\"primaryImageOfPage\":{\"@id\":\"https:\/\/www.elle.lu\/fr\/6107-et-si-la-cle-du-glow-parfait-se-trouvait-dans-les-milk-toners.html#primaryimage\"},\"image\":{\"@id\":\"https:\/\/www.elle.lu\/fr\/6107-et-si-la-cle-du-glow-parfait-se-trouvait-dans-les-milk-toners.html#primaryimage\"},\"thumbnailUrl\":\"https:\/\/www.elle.lu\/fr\/wp-content\/uploads\/2025\/05\/fleur-kaan-gg8i22dqthw-unsplash.jpg\",\"datePublished\":\"2025-05-11T05:00:17+00:00\",\"dateModified\":\"2025-05-16T14:39:10+00:00\",\"author\":{\"@id\":\"https:\/\/www.elle.lu\/fr\/#\/schema\/person\/ac820204224d1a52c950088e1996b007\"},\"description\":\"Promesses d'un glow parfait : les milk toners imposent une nouvelle douceur dans nos routines skincare.\",\"breadcrumb\":{\"@id\":\"https:\/\/www.elle.lu\/fr\/6107-et-si-la-cle-du-glow-parfait-se-trouvait-dans-les-milk-toners.html#breadcrumb\"},\"inLanguage\":\"fr-FR\",\"potentialAction\":[{\"@type\":\"ReadAction\",\"target\":[\"https:\/\/www.elle.lu\/fr\/6107-et-si-la-cle-du-glow-parfait-se-trouvait-dans-les-milk-toners.html\"]}]},{\"@type\":\"ImageObject\",\"inLanguage\":\"fr-FR\",\"@id\":\"https:\/\/www.elle.lu\/fr\/6107-et-si-la-cle-du-glow-parfait-se-trouvait-dans-les-milk-toners.html#primaryimage\",\"url\":\"https:\/\/www.elle.lu\/fr\/wp-content\/uploads\/2025\/05\/fleur-kaan-gg8i22dqthw-unsplash.jpg\",\"contentUrl\":\"https:\/\/www.elle.lu\/fr\/wp-content\/uploads\/2025\/05\/fleur-kaan-gg8i22dqthw-unsplash.jpg\",\"width\":6000,\"height\":4000,\"caption\":\"\u00a9Fleur Kaan \/ Unsplash\"},{\"@type\":\"BreadcrumbList\",\"@id\":\"https:\/\/www.elle.lu\/fr\/6107-et-si-la-cle-du-glow-parfait-se-trouvait-dans-les-milk-toners.html#breadcrumb\",\"itemListElement\":[{\"@type\":\"ListItem\",\"position\":1,\"name\":\"Accueil\",\"item\":\"https:\/\/www.elle.lu\/fr\"},{\"@type\":\"ListItem\",\"position\":2,\"name\":\"Et si la cl\u00e9 du glow parfait se trouvait dans les milk toners ?\"}]},{\"@type\":\"WebSite\",\"@id\":\"https:\/\/www.elle.lu\/fr\/#website\",\"url\":\"https:\/\/www.elle.lu\/fr\/\",\"name\":\"ELLE.lu\",\"description\":\"Explorez les derni\u00e8res tendances mode, beaut\u00e9 et art de vivre au Luxembourg sur ELLE.lu. Un contenu exclusivement luxembourgeois sur notre site, r\u00e9seaux sociaux et YouTube.\",\"potentialAction\":[{\"@type\":\"SearchAction\",\"target\":{\"@type\":\"EntryPoint\",\"urlTemplate\":\"https:\/\/www.elle.lu\/fr\/?s={search_term_string}\"},\"query-input\":{\"@type\":\"PropertyValueSpecification\",\"valueRequired\":true,\"valueName\":\"search_term_string\"}}],\"inLanguage\":\"fr-FR\"},{\"@type\":\"Person\",\"@id\":\"https:\/\/www.elle.lu\/fr\/#\/schema\/person\/ac820204224d1a52c950088e1996b007\",\"name\":\"Sarah Braun\",\"image\":{\"@type\":\"ImageObject\",\"inLanguage\":\"fr-FR\",\"@id\":\"https:\/\/secure.gravatar.com\/avatar\/795f10c954947838090d4f384b3a26b2352bf71fd41dd058f378fee046f7ce21?s=96&d=mm&r=g\",\"url\":\"https:\/\/secure.gravatar.com\/avatar\/795f10c954947838090d4f384b3a26b2352bf71fd41dd058f378fee046f7ce21?s=96&d=mm&r=g\",\"contentUrl\":\"https:\/\/secure.gravatar.com\/avatar\/795f10c954947838090d4f384b3a26b2352bf71fd41dd058f378fee046f7ce21?s=96&d=mm&r=g\",\"caption\":\"Sarah Braun\"},\"url\":\"https:\/\/www.elle.lu\/fr\/author\/sarahelle-lu\"}]}<\/script>\n<!-- \/ Yoast SEO plugin. -->","yoast_head_json":{"title":"Et si la cl\u00e9 du glow parfait se trouvait dans les milk toners ? - ELLE.lu Luxembourg","description":"Promesses d'un glow parfait : les milk toners imposent une nouvelle douceur dans nos routines skincare.","robots":{"index":"index","follow":"follow","max-snippet":"max-snippet:-1","max-image-preview":"max-image-preview:large","max-video-preview":"max-video-preview:-1"},"canonical":"https:\/\/www.elle.lu\/fr\/6107-et-si-la-cle-du-glow-parfait-se-trouvait-dans-les-milk-toners.html","og_locale":"fr_FR","og_type":"article","og_title":"Et si la cl\u00e9 du glow parfait se trouvait dans les milk toners ? - ELLE.lu Luxembourg","og_description":"Promesses d'un glow parfait : les milk toners imposent une nouvelle douceur dans nos routines skincare.","og_url":"https:\/\/www.elle.lu\/fr\/6107-et-si-la-cle-du-glow-parfait-se-trouvait-dans-les-milk-toners.html","og_site_name":"ELLE.lu Luxembourg","article_published_time":"2025-05-11T05:00:17+00:00","article_modified_time":"2025-05-16T14:39:10+00:00","og_image":[{"width":6000,"height":4000,"url":"https:\/\/www.elle.lu\/fr\/wp-content\/uploads\/2025\/05\/fleur-kaan-gg8i22dqthw-unsplash.jpg","type":"image\/jpeg"}],"author":"Sarah Braun","twitter_card":"summary_large_image","twitter_misc":{"\u00c9crit par":"Sarah Braun","Dur\u00e9e de lecture estim\u00e9e":"4 minutes"},"schema":{"@context":"https:\/\/schema.org","@graph":[{"@type":"Article","@id":"https:\/\/www.elle.lu\/fr\/6107-et-si-la-cle-du-glow-parfait-se-trouvait-dans-les-milk-toners.html#article","isPartOf":{"@id":"https:\/\/www.elle.lu\/fr\/6107-et-si-la-cle-du-glow-parfait-se-trouvait-dans-les-milk-toners.html"},"author":{"name":"Sarah Braun","@id":"https:\/\/www.elle.lu\/fr\/#\/schema\/person\/ac820204224d1a52c950088e1996b007"},"headline":"Et si la cl\u00e9 du glow parfait se trouvait dans les milk toners ?","datePublished":"2025-05-11T05:00:17+00:00","dateModified":"2025-05-16T14:39:10+00:00","mainEntityOfPage":{"@id":"https:\/\/www.elle.lu\/fr\/6107-et-si-la-cle-du-glow-parfait-se-trouvait-dans-les-milk-toners.html"},"wordCount":713,"commentCount":0,"image":{"@id":"https:\/\/www.elle.lu\/fr\/6107-et-si-la-cle-du-glow-parfait-se-trouvait-dans-les-milk-toners.html#primaryimage"},"thumbnailUrl":"https:\/\/www.elle.lu\/fr\/wp-content\/uploads\/2025\/05\/fleur-kaan-gg8i22dqthw-unsplash.jpg","articleSection":["Beaut\u00e9"],"inLanguage":"fr-FR","potentialAction":[{"@type":"CommentAction","name":"Comment","target":["https:\/\/www.elle.lu\/fr\/6107-et-si-la-cle-du-glow-parfait-se-trouvait-dans-les-milk-toners.html#respond"]}]},{"@type":"WebPage","@id":"https:\/\/www.elle.lu\/fr\/6107-et-si-la-cle-du-glow-parfait-se-trouvait-dans-les-milk-toners.html","url":"https:\/\/www.elle.lu\/fr\/6107-et-si-la-cle-du-glow-parfait-se-trouvait-dans-les-milk-toners.html","name":"Et si la cl\u00e9 du glow parfait se trouvait dans les milk toners ? - ELLE.lu Luxembourg","isPartOf":{"@id":"https:\/\/www.elle.lu\/fr\/#website"},"primaryImageOfPage":{"@id":"https:\/\/www.elle.lu\/fr\/6107-et-si-la-cle-du-glow-parfait-se-trouvait-dans-les-milk-toners.html#primaryimage"},"image":{"@id":"https:\/\/www.elle.lu\/fr\/6107-et-si-la-cle-du-glow-parfait-se-trouvait-dans-les-milk-toners.html#primaryimage"},"thumbnailUrl":"https:\/\/www.elle.lu\/fr\/wp-content\/uploads\/2025\/05\/fleur-kaan-gg8i22dqthw-unsplash.jpg","datePublished":"2025-05-11T05:00:17+00:00","dateModified":"2025-05-16T14:39:10+00:00","author":{"@id":"https:\/\/www.elle.lu\/fr\/#\/schema\/person\/ac820204224d1a52c950088e1996b007"},"description":"Promesses d'un glow parfait : les milk toners imposent une nouvelle douceur dans nos routines skincare.","breadcrumb":{"@id":"https:\/\/www.elle.lu\/fr\/6107-et-si-la-cle-du-glow-parfait-se-trouvait-dans-les-milk-toners.html#breadcrumb"},"inLanguage":"fr-FR","potentialAction":[{"@type":"ReadAction","target":["https:\/\/www.elle.lu\/fr\/6107-et-si-la-cle-du-glow-parfait-se-trouvait-dans-les-milk-toners.html"]}]},{"@type":"ImageObject","inLanguage":"fr-FR","@id":"https:\/\/www.elle.lu\/fr\/6107-et-si-la-cle-du-glow-parfait-se-trouvait-dans-les-milk-toners.html#primaryimage","url":"https:\/\/www.elle.lu\/fr\/wp-content\/uploads\/2025\/05\/fleur-kaan-gg8i22dqthw-unsplash.jpg","contentUrl":"https:\/\/www.elle.lu\/fr\/wp-content\/uploads\/2025\/05\/fleur-kaan-gg8i22dqthw-unsplash.jpg","width":6000,"height":4000,"caption":"\u00a9Fleur Kaan \/ Unsplash"},{"@type":"BreadcrumbList","@id":"https:\/\/www.elle.lu\/fr\/6107-et-si-la-cle-du-glow-parfait-se-trouvait-dans-les-milk-toners.html#breadcrumb","itemListElement":[{"@type":"ListItem","position":1,"name":"Accueil","item":"https:\/\/www.elle.lu\/fr"},{"@type":"ListItem","position":2,"name":"Et si la cl\u00e9 du glow parfait se trouvait dans les milk toners ?"}]},{"@type":"WebSite","@id":"https:\/\/www.elle.lu\/fr\/#website","url":"https:\/\/www.elle.lu\/fr\/","name":"ELLE.lu","description":"Explorez les derni\u00e8res tendances mode, beaut\u00e9 et art de vivre au Luxembourg sur ELLE.lu. Un contenu exclusivement luxembourgeois sur notre site, r\u00e9seaux sociaux et YouTube.","potentialAction":[{"@type":"SearchAction","target":{"@type":"EntryPoint","urlTemplate":"https:\/\/www.elle.lu\/fr\/?s={search_term_string}"},"query-input":{"@type":"PropertyValueSpecification","valueRequired":true,"valueName":"search_term_string"}}],"inLanguage":"fr-FR"},{"@type":"Person","@id":"https:\/\/www.elle.lu\/fr\/#\/schema\/person\/ac820204224d1a52c950088e1996b007","name":"Sarah Braun","image":{"@type":"ImageObject","inLanguage":"fr-FR","@id":"https:\/\/secure.gravatar.com\/avatar\/795f10c954947838090d4f384b3a26b2352bf71fd41dd058f378fee046f7ce21?s=96&d=mm&r=g","url":"https:\/\/secure.gravatar.com\/avatar\/795f10c954947838090d4f384b3a26b2352bf71fd41dd058f378fee046f7ce21?s=96&d=mm&r=g","contentUrl":"https:\/\/secure.gravatar.com\/avatar\/795f10c954947838090d4f384b3a26b2352bf71fd41dd058f378fee046f7ce21?s=96&d=mm&r=g","caption":"Sarah Braun"},"url":"https:\/\/www.elle.lu\/fr\/author\/sarahelle-lu"}]}},"jetpack_featured_media_url":"https:\/\/www.elle.lu\/fr\/wp-content\/uploads\/2025\/05\/fleur-kaan-gg8i22dqthw-unsplash.jpg","jetpack_sharing_enabled":true,"_links":{"self":[{"href":"https:\/\/www.elle.lu\/fr\/wp-json\/wp\/v2\/posts\/6107","targetHints":{"allow":["GET"]}}],"collection":[{"href":"https:\/\/www.elle.lu\/fr\/wp-json\/wp\/v2\/posts"}],"about":[{"href":"https:\/\/www.elle.lu\/fr\/wp-json\/wp\/v2\/types\/post"}],"author":[{"embeddable":true,"href":"https:\/\/www.elle.lu\/fr\/wp-json\/wp\/v2\/users\/49"}],"replies":[{"embeddable":true,"href":"https:\/\/www.elle.lu\/fr\/wp-json\/wp\/v2\/comments?post=6107"}],"version-history":[{"count":9,"href":"https:\/\/www.elle.lu\/fr\/wp-json\/wp\/v2\/posts\/6107\/revisions"}],"predecessor-version":[{"id":6241,"href":"https:\/\/www.elle.lu\/fr\/wp-json\/wp\/v2\/posts\/6107\/revisions\/6241"}],"wp:featuredmedia":[{"embeddable":true,"href":"https:\/\/www.elle.lu\/fr\/wp-json\/wp\/v2\/media\/6118"}],"wp:attachment":[{"href":"https:\/\/www.elle.lu\/fr\/wp-json\/wp\/v2\/media?parent=6107"}],"wp:term":[{"taxonomy":"category","embeddable":true,"href":"https:\/\/www.elle.lu\/fr\/wp-json\/wp\/v2\/categories?post=6107"},{"taxonomy":"post_tag","embeddable":true,"href":"https:\/\/www.elle.lu\/fr\/wp-json\/wp\/v2\/tags?post=6107"}],"curies":[{"name":"wp","href":"https:\/\/api.w.org\/{rel}","templated":true}]}}