{"id":6177,"date":"2025-05-17T07:00:01","date_gmt":"2025-05-17T05:00:01","guid":{"rendered":"https:\/\/www.elle.lu\/fr\/?p=6177"},"modified":"2025-05-15T17:55:05","modified_gmt":"2025-05-15T15:55:05","slug":"ateliers-bien-etre-et-creation-au-luxembourg-quand-lart-apaise-le-corps-et-lesprit","status":"publish","type":"post","link":"https:\/\/www.elle.lu\/fr\/6177-ateliers-bien-etre-et-creation-au-luxembourg-quand-lart-apaise-le-corps-et-lesprit.html","title":{"rendered":"Ateliers bien-\u00eatre et cr\u00e9ation au Luxembourg : quand l\u2019art apaise le corps et l\u2019esprit"},"content":{"rendered":"","protected":false},"excerpt":{"rendered":"Entre rythme effr\u00e9n\u00e9, vie de famille et omnipr\u00e9sence des \u00e9crans, il devient essentiel de prendre du temps pour soi. ...","protected":false},"author":12,"featured_media":6178,"comment_status":"open","ping_status":"open","sticky":false,"template":"","format":"standard","meta":{"_acf_changed":false,"_jetpack_memberships_contains_paid_content":false,"footnotes":""},"categories":[4,7],"tags":[],"class_list":["post-6177","post","type-post","status-publish","format-standard","has-post-thumbnail","hentry","category-lifestyle","category-deco"],"acf":[],"yoast_head":"<!-- This site is optimized with the Yoast SEO plugin v27.2 - https:\/\/yoast.com\/product\/yoast-seo-wordpress\/ -->\n<title>Ateliers bien-\u00eatre et cr\u00e9ation au Luxembourg : quand l\u2019art apaise le corps et l\u2019esprit - ELLE.lu Luxembourg<\/title>\n<meta name=\"description\" content=\"D\u00e9couvrez des ateliers d\u00e9di\u00e9s \u00e0 la cr\u00e9ation au Luxembourg pour d\u00e9connecter, stimuler votre bien-\u00eatre et vous reconnecter \u00e0 vous-m\u00eame.\" \/>\n<meta name=\"robots\" content=\"index, follow, max-snippet:-1, max-image-preview:large, max-video-preview:-1\" \/>\n<link rel=\"canonical\" href=\"https:\/\/www.elle.lu\/fr\/6177-ateliers-bien-etre-et-creation-au-luxembourg-quand-lart-apaise-le-corps-et-lesprit.html\" \/>\n<meta property=\"og:locale\" content=\"fr_FR\" \/>\n<meta property=\"og:type\" content=\"article\" \/>\n<meta property=\"og:title\" content=\"Ateliers bien-\u00eatre et cr\u00e9ation au Luxembourg : quand l\u2019art apaise le corps et l\u2019esprit - ELLE.lu Luxembourg\" \/>\n<meta property=\"og:description\" content=\"D\u00e9couvrez des ateliers d\u00e9di\u00e9s \u00e0 la cr\u00e9ation au Luxembourg pour d\u00e9connecter, stimuler votre bien-\u00eatre et vous reconnecter \u00e0 vous-m\u00eame.\" \/>\n<meta property=\"og:url\" content=\"https:\/\/www.elle.lu\/fr\/6177-ateliers-bien-etre-et-creation-au-luxembourg-quand-lart-apaise-le-corps-et-lesprit.html\" \/>\n<meta property=\"og:site_name\" content=\"ELLE.lu Luxembourg\" \/>\n<meta property=\"article:published_time\" content=\"2025-05-17T05:00:01+00:00\" \/>\n<meta property=\"og:image\" content=\"https:\/\/www.elle.lu\/fr\/wp-content\/uploads\/2025\/05\/dab4e09d-1f5a-4b10-99bb-c80b1c671af7.jpg\" \/>\n\t<meta property=\"og:image:width\" content=\"3024\" \/>\n\t<meta property=\"og:image:height\" content=\"3023\" \/>\n\t<meta property=\"og:image:type\" content=\"image\/jpeg\" \/>\n<meta name=\"author\" content=\"Jessica Barbosa\" \/>\n<meta name=\"twitter:card\" content=\"summary_large_image\" \/>\n<meta name=\"twitter:label1\" content=\"\u00c9crit par\" \/>\n\t<meta name=\"twitter:data1\" content=\"Jessica Barbosa\" \/>\n\t<meta name=\"twitter:label2\" content=\"Dur\u00e9e de lecture estim\u00e9e\" \/>\n\t<meta name=\"twitter:data2\" content=\"5 minutes\" \/>\n<script type=\"application\/ld+json\" class=\"yoast-schema-graph\">{\"@context\":\"https:\/\/schema.org\",\"@graph\":[{\"@type\":\"Article\",\"@id\":\"https:\/\/www.elle.lu\/fr\/6177-ateliers-bien-etre-et-creation-au-luxembourg-quand-lart-apaise-le-corps-et-lesprit.html#article\",\"isPartOf\":{\"@id\":\"https:\/\/www.elle.lu\/fr\/6177-ateliers-bien-etre-et-creation-au-luxembourg-quand-lart-apaise-le-corps-et-lesprit.html\"},\"author\":{\"name\":\"Jessica Barbosa\",\"@id\":\"https:\/\/www.elle.lu\/fr\/#\/schema\/person\/9cfc156e998e4d77618bdd7b52187753\"},\"headline\":\"Ateliers bien-\u00eatre et cr\u00e9ation au Luxembourg : quand l\u2019art apaise le corps et l\u2019esprit\",\"datePublished\":\"2025-05-17T05:00:01+00:00\",\"mainEntityOfPage\":{\"@id\":\"https:\/\/www.elle.lu\/fr\/6177-ateliers-bien-etre-et-creation-au-luxembourg-quand-lart-apaise-le-corps-et-lesprit.html\"},\"wordCount\":811,\"commentCount\":0,\"image\":{\"@id\":\"https:\/\/www.elle.lu\/fr\/6177-ateliers-bien-etre-et-creation-au-luxembourg-quand-lart-apaise-le-corps-et-lesprit.html#primaryimage\"},\"thumbnailUrl\":\"https:\/\/www.elle.lu\/fr\/wp-content\/uploads\/2025\/05\/dab4e09d-1f5a-4b10-99bb-c80b1c671af7.jpg\",\"articleSection\":[\"Lifestyle\",\"Deco\"],\"inLanguage\":\"fr-FR\",\"potentialAction\":[{\"@type\":\"CommentAction\",\"name\":\"Comment\",\"target\":[\"https:\/\/www.elle.lu\/fr\/6177-ateliers-bien-etre-et-creation-au-luxembourg-quand-lart-apaise-le-corps-et-lesprit.html#respond\"]}]},{\"@type\":\"WebPage\",\"@id\":\"https:\/\/www.elle.lu\/fr\/6177-ateliers-bien-etre-et-creation-au-luxembourg-quand-lart-apaise-le-corps-et-lesprit.html\",\"url\":\"https:\/\/www.elle.lu\/fr\/6177-ateliers-bien-etre-et-creation-au-luxembourg-quand-lart-apaise-le-corps-et-lesprit.html\",\"name\":\"Ateliers bien-\u00eatre et cr\u00e9ation au Luxembourg : quand l\u2019art apaise le corps et l\u2019esprit - ELLE.lu Luxembourg\",\"isPartOf\":{\"@id\":\"https:\/\/www.elle.lu\/fr\/#website\"},\"primaryImageOfPage\":{\"@id\":\"https:\/\/www.elle.lu\/fr\/6177-ateliers-bien-etre-et-creation-au-luxembourg-quand-lart-apaise-le-corps-et-lesprit.html#primaryimage\"},\"image\":{\"@id\":\"https:\/\/www.elle.lu\/fr\/6177-ateliers-bien-etre-et-creation-au-luxembourg-quand-lart-apaise-le-corps-et-lesprit.html#primaryimage\"},\"thumbnailUrl\":\"https:\/\/www.elle.lu\/fr\/wp-content\/uploads\/2025\/05\/dab4e09d-1f5a-4b10-99bb-c80b1c671af7.jpg\",\"datePublished\":\"2025-05-17T05:00:01+00:00\",\"author\":{\"@id\":\"https:\/\/www.elle.lu\/fr\/#\/schema\/person\/9cfc156e998e4d77618bdd7b52187753\"},\"description\":\"D\u00e9couvrez des ateliers d\u00e9di\u00e9s \u00e0 la cr\u00e9ation au Luxembourg pour d\u00e9connecter, stimuler votre bien-\u00eatre et vous reconnecter \u00e0 vous-m\u00eame.\",\"breadcrumb\":{\"@id\":\"https:\/\/www.elle.lu\/fr\/6177-ateliers-bien-etre-et-creation-au-luxembourg-quand-lart-apaise-le-corps-et-lesprit.html#breadcrumb\"},\"inLanguage\":\"fr-FR\",\"potentialAction\":[{\"@type\":\"ReadAction\",\"target\":[\"https:\/\/www.elle.lu\/fr\/6177-ateliers-bien-etre-et-creation-au-luxembourg-quand-lart-apaise-le-corps-et-lesprit.html\"]}]},{\"@type\":\"ImageObject\",\"inLanguage\":\"fr-FR\",\"@id\":\"https:\/\/www.elle.lu\/fr\/6177-ateliers-bien-etre-et-creation-au-luxembourg-quand-lart-apaise-le-corps-et-lesprit.html#primaryimage\",\"url\":\"https:\/\/www.elle.lu\/fr\/wp-content\/uploads\/2025\/05\/dab4e09d-1f5a-4b10-99bb-c80b1c671af7.jpg\",\"contentUrl\":\"https:\/\/www.elle.lu\/fr\/wp-content\/uploads\/2025\/05\/dab4e09d-1f5a-4b10-99bb-c80b1c671af7.jpg\",\"width\":3024,\"height\":3023,\"caption\":\"\u00a9Ome Store\"},{\"@type\":\"BreadcrumbList\",\"@id\":\"https:\/\/www.elle.lu\/fr\/6177-ateliers-bien-etre-et-creation-au-luxembourg-quand-lart-apaise-le-corps-et-lesprit.html#breadcrumb\",\"itemListElement\":[{\"@type\":\"ListItem\",\"position\":1,\"name\":\"Accueil\",\"item\":\"https:\/\/www.elle.lu\/fr\"},{\"@type\":\"ListItem\",\"position\":2,\"name\":\"Ateliers bien-\u00eatre et cr\u00e9ation au Luxembourg : quand l\u2019art apaise le corps et l\u2019esprit\"}]},{\"@type\":\"WebSite\",\"@id\":\"https:\/\/www.elle.lu\/fr\/#website\",\"url\":\"https:\/\/www.elle.lu\/fr\/\",\"name\":\"ELLE.lu\",\"description\":\"Explorez les derni\u00e8res tendances mode, beaut\u00e9 et art de vivre au Luxembourg sur ELLE.lu. Un contenu exclusivement luxembourgeois sur notre site, r\u00e9seaux sociaux et YouTube.\",\"potentialAction\":[{\"@type\":\"SearchAction\",\"target\":{\"@type\":\"EntryPoint\",\"urlTemplate\":\"https:\/\/www.elle.lu\/fr\/?s={search_term_string}\"},\"query-input\":{\"@type\":\"PropertyValueSpecification\",\"valueRequired\":true,\"valueName\":\"search_term_string\"}}],\"inLanguage\":\"fr-FR\"},{\"@type\":\"Person\",\"@id\":\"https:\/\/www.elle.lu\/fr\/#\/schema\/person\/9cfc156e998e4d77618bdd7b52187753\",\"name\":\"Jessica Barbosa\",\"image\":{\"@type\":\"ImageObject\",\"inLanguage\":\"fr-FR\",\"@id\":\"https:\/\/secure.gravatar.com\/avatar\/b311fe03d49e096c76a299073fafdbffefb471bae798b80b9d59dda621f4824b?s=96&d=mm&r=g\",\"url\":\"https:\/\/secure.gravatar.com\/avatar\/b311fe03d49e096c76a299073fafdbffefb471bae798b80b9d59dda621f4824b?s=96&d=mm&r=g\",\"contentUrl\":\"https:\/\/secure.gravatar.com\/avatar\/b311fe03d49e096c76a299073fafdbffefb471bae798b80b9d59dda621f4824b?s=96&d=mm&r=g\",\"caption\":\"Jessica Barbosa\"},\"url\":\"https:\/\/www.elle.lu\/fr\/author\/jessica-barbosa\"}]}<\/script>\n<!-- \/ Yoast SEO plugin. -->","yoast_head_json":{"title":"Ateliers bien-\u00eatre et cr\u00e9ation au Luxembourg : quand l\u2019art apaise le corps et l\u2019esprit - ELLE.lu Luxembourg","description":"D\u00e9couvrez des ateliers d\u00e9di\u00e9s \u00e0 la cr\u00e9ation au Luxembourg pour d\u00e9connecter, stimuler votre bien-\u00eatre et vous reconnecter \u00e0 vous-m\u00eame.","robots":{"index":"index","follow":"follow","max-snippet":"max-snippet:-1","max-image-preview":"max-image-preview:large","max-video-preview":"max-video-preview:-1"},"canonical":"https:\/\/www.elle.lu\/fr\/6177-ateliers-bien-etre-et-creation-au-luxembourg-quand-lart-apaise-le-corps-et-lesprit.html","og_locale":"fr_FR","og_type":"article","og_title":"Ateliers bien-\u00eatre et cr\u00e9ation au Luxembourg : quand l\u2019art apaise le corps et l\u2019esprit - ELLE.lu Luxembourg","og_description":"D\u00e9couvrez des ateliers d\u00e9di\u00e9s \u00e0 la cr\u00e9ation au Luxembourg pour d\u00e9connecter, stimuler votre bien-\u00eatre et vous reconnecter \u00e0 vous-m\u00eame.","og_url":"https:\/\/www.elle.lu\/fr\/6177-ateliers-bien-etre-et-creation-au-luxembourg-quand-lart-apaise-le-corps-et-lesprit.html","og_site_name":"ELLE.lu Luxembourg","article_published_time":"2025-05-17T05:00:01+00:00","og_image":[{"width":3024,"height":3023,"url":"https:\/\/www.elle.lu\/fr\/wp-content\/uploads\/2025\/05\/dab4e09d-1f5a-4b10-99bb-c80b1c671af7.jpg","type":"image\/jpeg"}],"author":"Jessica Barbosa","twitter_card":"summary_large_image","twitter_misc":{"\u00c9crit par":"Jessica Barbosa","Dur\u00e9e de lecture estim\u00e9e":"5 minutes"},"schema":{"@context":"https:\/\/schema.org","@graph":[{"@type":"Article","@id":"https:\/\/www.elle.lu\/fr\/6177-ateliers-bien-etre-et-creation-au-luxembourg-quand-lart-apaise-le-corps-et-lesprit.html#article","isPartOf":{"@id":"https:\/\/www.elle.lu\/fr\/6177-ateliers-bien-etre-et-creation-au-luxembourg-quand-lart-apaise-le-corps-et-lesprit.html"},"author":{"name":"Jessica Barbosa","@id":"https:\/\/www.elle.lu\/fr\/#\/schema\/person\/9cfc156e998e4d77618bdd7b52187753"},"headline":"Ateliers bien-\u00eatre et cr\u00e9ation au Luxembourg : quand l\u2019art apaise le corps et l\u2019esprit","datePublished":"2025-05-17T05:00:01+00:00","mainEntityOfPage":{"@id":"https:\/\/www.elle.lu\/fr\/6177-ateliers-bien-etre-et-creation-au-luxembourg-quand-lart-apaise-le-corps-et-lesprit.html"},"wordCount":811,"commentCount":0,"image":{"@id":"https:\/\/www.elle.lu\/fr\/6177-ateliers-bien-etre-et-creation-au-luxembourg-quand-lart-apaise-le-corps-et-lesprit.html#primaryimage"},"thumbnailUrl":"https:\/\/www.elle.lu\/fr\/wp-content\/uploads\/2025\/05\/dab4e09d-1f5a-4b10-99bb-c80b1c671af7.jpg","articleSection":["Lifestyle","Deco"],"inLanguage":"fr-FR","potentialAction":[{"@type":"CommentAction","name":"Comment","target":["https:\/\/www.elle.lu\/fr\/6177-ateliers-bien-etre-et-creation-au-luxembourg-quand-lart-apaise-le-corps-et-lesprit.html#respond"]}]},{"@type":"WebPage","@id":"https:\/\/www.elle.lu\/fr\/6177-ateliers-bien-etre-et-creation-au-luxembourg-quand-lart-apaise-le-corps-et-lesprit.html","url":"https:\/\/www.elle.lu\/fr\/6177-ateliers-bien-etre-et-creation-au-luxembourg-quand-lart-apaise-le-corps-et-lesprit.html","name":"Ateliers bien-\u00eatre et cr\u00e9ation au Luxembourg : quand l\u2019art apaise le corps et l\u2019esprit - ELLE.lu Luxembourg","isPartOf":{"@id":"https:\/\/www.elle.lu\/fr\/#website"},"primaryImageOfPage":{"@id":"https:\/\/www.elle.lu\/fr\/6177-ateliers-bien-etre-et-creation-au-luxembourg-quand-lart-apaise-le-corps-et-lesprit.html#primaryimage"},"image":{"@id":"https:\/\/www.elle.lu\/fr\/6177-ateliers-bien-etre-et-creation-au-luxembourg-quand-lart-apaise-le-corps-et-lesprit.html#primaryimage"},"thumbnailUrl":"https:\/\/www.elle.lu\/fr\/wp-content\/uploads\/2025\/05\/dab4e09d-1f5a-4b10-99bb-c80b1c671af7.jpg","datePublished":"2025-05-17T05:00:01+00:00","author":{"@id":"https:\/\/www.elle.lu\/fr\/#\/schema\/person\/9cfc156e998e4d77618bdd7b52187753"},"description":"D\u00e9couvrez des ateliers d\u00e9di\u00e9s \u00e0 la cr\u00e9ation au Luxembourg pour d\u00e9connecter, stimuler votre bien-\u00eatre et vous reconnecter \u00e0 vous-m\u00eame.","breadcrumb":{"@id":"https:\/\/www.elle.lu\/fr\/6177-ateliers-bien-etre-et-creation-au-luxembourg-quand-lart-apaise-le-corps-et-lesprit.html#breadcrumb"},"inLanguage":"fr-FR","potentialAction":[{"@type":"ReadAction","target":["https:\/\/www.elle.lu\/fr\/6177-ateliers-bien-etre-et-creation-au-luxembourg-quand-lart-apaise-le-corps-et-lesprit.html"]}]},{"@type":"ImageObject","inLanguage":"fr-FR","@id":"https:\/\/www.elle.lu\/fr\/6177-ateliers-bien-etre-et-creation-au-luxembourg-quand-lart-apaise-le-corps-et-lesprit.html#primaryimage","url":"https:\/\/www.elle.lu\/fr\/wp-content\/uploads\/2025\/05\/dab4e09d-1f5a-4b10-99bb-c80b1c671af7.jpg","contentUrl":"https:\/\/www.elle.lu\/fr\/wp-content\/uploads\/2025\/05\/dab4e09d-1f5a-4b10-99bb-c80b1c671af7.jpg","width":3024,"height":3023,"caption":"\u00a9Ome Store"},{"@type":"BreadcrumbList","@id":"https:\/\/www.elle.lu\/fr\/6177-ateliers-bien-etre-et-creation-au-luxembourg-quand-lart-apaise-le-corps-et-lesprit.html#breadcrumb","itemListElement":[{"@type":"ListItem","position":1,"name":"Accueil","item":"https:\/\/www.elle.lu\/fr"},{"@type":"ListItem","position":2,"name":"Ateliers bien-\u00eatre et cr\u00e9ation au Luxembourg : quand l\u2019art apaise le corps et l\u2019esprit"}]},{"@type":"WebSite","@id":"https:\/\/www.elle.lu\/fr\/#website","url":"https:\/\/www.elle.lu\/fr\/","name":"ELLE.lu","description":"Explorez les derni\u00e8res tendances mode, beaut\u00e9 et art de vivre au Luxembourg sur ELLE.lu. Un contenu exclusivement luxembourgeois sur notre site, r\u00e9seaux sociaux et YouTube.","potentialAction":[{"@type":"SearchAction","target":{"@type":"EntryPoint","urlTemplate":"https:\/\/www.elle.lu\/fr\/?s={search_term_string}"},"query-input":{"@type":"PropertyValueSpecification","valueRequired":true,"valueName":"search_term_string"}}],"inLanguage":"fr-FR"},{"@type":"Person","@id":"https:\/\/www.elle.lu\/fr\/#\/schema\/person\/9cfc156e998e4d77618bdd7b52187753","name":"Jessica Barbosa","image":{"@type":"ImageObject","inLanguage":"fr-FR","@id":"https:\/\/secure.gravatar.com\/avatar\/b311fe03d49e096c76a299073fafdbffefb471bae798b80b9d59dda621f4824b?s=96&d=mm&r=g","url":"https:\/\/secure.gravatar.com\/avatar\/b311fe03d49e096c76a299073fafdbffefb471bae798b80b9d59dda621f4824b?s=96&d=mm&r=g","contentUrl":"https:\/\/secure.gravatar.com\/avatar\/b311fe03d49e096c76a299073fafdbffefb471bae798b80b9d59dda621f4824b?s=96&d=mm&r=g","caption":"Jessica Barbosa"},"url":"https:\/\/www.elle.lu\/fr\/author\/jessica-barbosa"}]}},"jetpack_featured_media_url":"https:\/\/www.elle.lu\/fr\/wp-content\/uploads\/2025\/05\/dab4e09d-1f5a-4b10-99bb-c80b1c671af7.jpg","jetpack_sharing_enabled":true,"_links":{"self":[{"href":"https:\/\/www.elle.lu\/fr\/wp-json\/wp\/v2\/posts\/6177","targetHints":{"allow":["GET"]}}],"collection":[{"href":"https:\/\/www.elle.lu\/fr\/wp-json\/wp\/v2\/posts"}],"about":[{"href":"https:\/\/www.elle.lu\/fr\/wp-json\/wp\/v2\/types\/post"}],"author":[{"embeddable":true,"href":"https:\/\/www.elle.lu\/fr\/wp-json\/wp\/v2\/users\/12"}],"replies":[{"embeddable":true,"href":"https:\/\/www.elle.lu\/fr\/wp-json\/wp\/v2\/comments?post=6177"}],"version-history":[{"count":4,"href":"https:\/\/www.elle.lu\/fr\/wp-json\/wp\/v2\/posts\/6177\/revisions"}],"predecessor-version":[{"id":6192,"href":"https:\/\/www.elle.lu\/fr\/wp-json\/wp\/v2\/posts\/6177\/revisions\/6192"}],"wp:featuredmedia":[{"embeddable":true,"href":"https:\/\/www.elle.lu\/fr\/wp-json\/wp\/v2\/media\/6178"}],"wp:attachment":[{"href":"https:\/\/www.elle.lu\/fr\/wp-json\/wp\/v2\/media?parent=6177"}],"wp:term":[{"taxonomy":"category","embeddable":true,"href":"https:\/\/www.elle.lu\/fr\/wp-json\/wp\/v2\/categories?post=6177"},{"taxonomy":"post_tag","embeddable":true,"href":"https:\/\/www.elle.lu\/fr\/wp-json\/wp\/v2\/tags?post=6177"}],"curies":[{"name":"wp","href":"https:\/\/api.w.org\/{rel}","templated":true}]}}