{"id":6210,"date":"2025-05-18T07:00:42","date_gmt":"2025-05-18T05:00:42","guid":{"rendered":"https:\/\/www.elle.lu\/fr\/?p=6210"},"modified":"2025-05-16T13:56:43","modified_gmt":"2025-05-16T11:56:43","slug":"exposition-femmes-et-roses-dexception-a-luxembourg-une-roseraie-en-hommage-aux-femmes-inspirantes","status":"publish","type":"post","link":"https:\/\/www.elle.lu\/fr\/6210-exposition-femmes-et-roses-dexception-a-luxembourg-une-roseraie-en-hommage-aux-femmes-inspirantes.html","title":{"rendered":"Exposition Femmes et roses d\u2019exception \u00e0 Luxembourg : une roseraie en hommage aux femmes inspirantes"},"content":{"rendered":"","protected":false},"excerpt":{"rendered":"Architecte-paysagiste, conceptrice de projets pour la LUGA (Luxembourg Art Garden), Delphine Hardy a con\u00e7u l\u2019expositionFemmes et roses d\u2019exception dans la roseraie Am\u00e9lie, au sein du Parc Municipal de Luxembourg.","protected":false},"author":9,"featured_media":6213,"comment_status":"open","ping_status":"open","sticky":false,"template":"","format":"standard","meta":{"_acf_changed":false,"_jetpack_memberships_contains_paid_content":false,"footnotes":""},"categories":[9],"tags":[],"class_list":["post-6210","post","type-post","status-publish","format-standard","has-post-thumbnail","hentry","category-actu"],"acf":[],"yoast_head":"<!-- This site is optimized with the Yoast SEO plugin v27.5 - https:\/\/yoast.com\/product\/yoast-seo-wordpress\/ -->\n<title>Exposition Femmes et roses d\u2019exception \u00e0 Luxembourg : une roseraie en hommage aux femmes inspirantes - ELLE.lu Luxembourg<\/title>\n<meta name=\"description\" content=\"Une exposition dans la Roseraie Am\u00e9lie \u00e0 Luxembourg met \u00e0 l&#039;honneur les femmes d\u2019exception. Un parcours sensoriel et engag\u00e9 sign\u00e9 LUGA.\" \/>\n<meta name=\"robots\" content=\"index, follow, max-snippet:-1, max-image-preview:large, max-video-preview:-1\" \/>\n<link rel=\"canonical\" href=\"https:\/\/www.elle.lu\/fr\/6210-exposition-femmes-et-roses-dexception-a-luxembourg-une-roseraie-en-hommage-aux-femmes-inspirantes.html\" \/>\n<meta property=\"og:locale\" content=\"fr_FR\" \/>\n<meta property=\"og:type\" content=\"article\" \/>\n<meta property=\"og:title\" content=\"Exposition Femmes et roses d\u2019exception \u00e0 Luxembourg : une roseraie en hommage aux femmes inspirantes - ELLE.lu Luxembourg\" \/>\n<meta property=\"og:description\" content=\"Une exposition dans la Roseraie Am\u00e9lie \u00e0 Luxembourg met \u00e0 l&#039;honneur les femmes d\u2019exception. Un parcours sensoriel et engag\u00e9 sign\u00e9 LUGA.\" \/>\n<meta property=\"og:url\" content=\"https:\/\/www.elle.lu\/fr\/6210-exposition-femmes-et-roses-dexception-a-luxembourg-une-roseraie-en-hommage-aux-femmes-inspirantes.html\" \/>\n<meta property=\"og:site_name\" content=\"ELLE.lu Luxembourg\" \/>\n<meta property=\"article:published_time\" content=\"2025-05-18T05:00:42+00:00\" \/>\n<meta property=\"og:image\" content=\"https:\/\/www.elle.lu\/fr\/wp-content\/uploads\/2025\/05\/rose-amalia-patrimoine-roses-luxembourg.jpg\" \/>\n\t<meta property=\"og:image:width\" content=\"3724\" \/>\n\t<meta property=\"og:image:height\" content=\"2476\" \/>\n\t<meta property=\"og:image:type\" content=\"image\/jpeg\" \/>\n<meta name=\"author\" content=\"Isabelle Debuchy\" \/>\n<meta name=\"twitter:card\" content=\"summary_large_image\" \/>\n<meta name=\"twitter:label1\" content=\"\u00c9crit par\" \/>\n\t<meta name=\"twitter:data1\" content=\"Isabelle Debuchy\" \/>\n\t<meta name=\"twitter:label2\" content=\"Dur\u00e9e de lecture estim\u00e9e\" \/>\n\t<meta name=\"twitter:data2\" content=\"4 minutes\" \/>\n<script type=\"application\/ld+json\" class=\"yoast-schema-graph\">{\"@context\":\"https:\\\/\\\/schema.org\",\"@graph\":[{\"@type\":\"Article\",\"@id\":\"https:\\\/\\\/www.elle.lu\\\/fr\\\/6210-exposition-femmes-et-roses-dexception-a-luxembourg-une-roseraie-en-hommage-aux-femmes-inspirantes.html#article\",\"isPartOf\":{\"@id\":\"https:\\\/\\\/www.elle.lu\\\/fr\\\/6210-exposition-femmes-et-roses-dexception-a-luxembourg-une-roseraie-en-hommage-aux-femmes-inspirantes.html\"},\"author\":{\"name\":\"Isabelle Debuchy\",\"@id\":\"https:\\\/\\\/www.elle.lu\\\/fr\\\/#\\\/schema\\\/person\\\/3fa5d507dcc12f34be8eef14429dab5f\"},\"headline\":\"Exposition Femmes et roses d\u2019exception \u00e0 Luxembourg : une roseraie en hommage aux femmes inspirantes\",\"datePublished\":\"2025-05-18T05:00:42+00:00\",\"mainEntityOfPage\":{\"@id\":\"https:\\\/\\\/www.elle.lu\\\/fr\\\/6210-exposition-femmes-et-roses-dexception-a-luxembourg-une-roseraie-en-hommage-aux-femmes-inspirantes.html\"},\"wordCount\":644,\"commentCount\":0,\"image\":{\"@id\":\"https:\\\/\\\/www.elle.lu\\\/fr\\\/6210-exposition-femmes-et-roses-dexception-a-luxembourg-une-roseraie-en-hommage-aux-femmes-inspirantes.html#primaryimage\"},\"thumbnailUrl\":\"https:\\\/\\\/www.elle.lu\\\/fr\\\/wp-content\\\/uploads\\\/2025\\\/05\\\/rose-amalia-patrimoine-roses-luxembourg.jpg\",\"articleSection\":[\"Actu\"],\"inLanguage\":\"fr-FR\",\"potentialAction\":[{\"@type\":\"CommentAction\",\"name\":\"Comment\",\"target\":[\"https:\\\/\\\/www.elle.lu\\\/fr\\\/6210-exposition-femmes-et-roses-dexception-a-luxembourg-une-roseraie-en-hommage-aux-femmes-inspirantes.html#respond\"]}]},{\"@type\":\"WebPage\",\"@id\":\"https:\\\/\\\/www.elle.lu\\\/fr\\\/6210-exposition-femmes-et-roses-dexception-a-luxembourg-une-roseraie-en-hommage-aux-femmes-inspirantes.html\",\"url\":\"https:\\\/\\\/www.elle.lu\\\/fr\\\/6210-exposition-femmes-et-roses-dexception-a-luxembourg-une-roseraie-en-hommage-aux-femmes-inspirantes.html\",\"name\":\"Exposition Femmes et roses d\u2019exception \u00e0 Luxembourg : une roseraie en hommage aux femmes inspirantes - ELLE.lu Luxembourg\",\"isPartOf\":{\"@id\":\"https:\\\/\\\/www.elle.lu\\\/fr\\\/#website\"},\"primaryImageOfPage\":{\"@id\":\"https:\\\/\\\/www.elle.lu\\\/fr\\\/6210-exposition-femmes-et-roses-dexception-a-luxembourg-une-roseraie-en-hommage-aux-femmes-inspirantes.html#primaryimage\"},\"image\":{\"@id\":\"https:\\\/\\\/www.elle.lu\\\/fr\\\/6210-exposition-femmes-et-roses-dexception-a-luxembourg-une-roseraie-en-hommage-aux-femmes-inspirantes.html#primaryimage\"},\"thumbnailUrl\":\"https:\\\/\\\/www.elle.lu\\\/fr\\\/wp-content\\\/uploads\\\/2025\\\/05\\\/rose-amalia-patrimoine-roses-luxembourg.jpg\",\"datePublished\":\"2025-05-18T05:00:42+00:00\",\"author\":{\"@id\":\"https:\\\/\\\/www.elle.lu\\\/fr\\\/#\\\/schema\\\/person\\\/3fa5d507dcc12f34be8eef14429dab5f\"},\"description\":\"Une exposition dans la Roseraie Am\u00e9lie \u00e0 Luxembourg met \u00e0 l'honneur les femmes d\u2019exception. Un parcours sensoriel et engag\u00e9 sign\u00e9 LUGA.\",\"breadcrumb\":{\"@id\":\"https:\\\/\\\/www.elle.lu\\\/fr\\\/6210-exposition-femmes-et-roses-dexception-a-luxembourg-une-roseraie-en-hommage-aux-femmes-inspirantes.html#breadcrumb\"},\"inLanguage\":\"fr-FR\",\"potentialAction\":[{\"@type\":\"ReadAction\",\"target\":[\"https:\\\/\\\/www.elle.lu\\\/fr\\\/6210-exposition-femmes-et-roses-dexception-a-luxembourg-une-roseraie-en-hommage-aux-femmes-inspirantes.html\"]}]},{\"@type\":\"ImageObject\",\"inLanguage\":\"fr-FR\",\"@id\":\"https:\\\/\\\/www.elle.lu\\\/fr\\\/6210-exposition-femmes-et-roses-dexception-a-luxembourg-une-roseraie-en-hommage-aux-femmes-inspirantes.html#primaryimage\",\"url\":\"https:\\\/\\\/www.elle.lu\\\/fr\\\/wp-content\\\/uploads\\\/2025\\\/05\\\/rose-amalia-patrimoine-roses-luxembourg.jpg\",\"contentUrl\":\"https:\\\/\\\/www.elle.lu\\\/fr\\\/wp-content\\\/uploads\\\/2025\\\/05\\\/rose-amalia-patrimoine-roses-luxembourg.jpg\",\"width\":3724,\"height\":2476,\"caption\":\"\u00a9Patrimoine Roses Luxembourg\"},{\"@type\":\"BreadcrumbList\",\"@id\":\"https:\\\/\\\/www.elle.lu\\\/fr\\\/6210-exposition-femmes-et-roses-dexception-a-luxembourg-une-roseraie-en-hommage-aux-femmes-inspirantes.html#breadcrumb\",\"itemListElement\":[{\"@type\":\"ListItem\",\"position\":1,\"name\":\"Accueil\",\"item\":\"https:\\\/\\\/www.elle.lu\\\/fr\"},{\"@type\":\"ListItem\",\"position\":2,\"name\":\"Exposition Femmes et roses d\u2019exception \u00e0 Luxembourg : une roseraie en hommage aux femmes inspirantes\"}]},{\"@type\":\"WebSite\",\"@id\":\"https:\\\/\\\/www.elle.lu\\\/fr\\\/#website\",\"url\":\"https:\\\/\\\/www.elle.lu\\\/fr\\\/\",\"name\":\"ELLE.lu\",\"description\":\"Explorez les derni\u00e8res tendances mode, beaut\u00e9 et art de vivre au Luxembourg sur ELLE.lu. Un contenu exclusivement luxembourgeois sur notre site, r\u00e9seaux sociaux et YouTube.\",\"potentialAction\":[{\"@type\":\"SearchAction\",\"target\":{\"@type\":\"EntryPoint\",\"urlTemplate\":\"https:\\\/\\\/www.elle.lu\\\/fr\\\/?s={search_term_string}\"},\"query-input\":{\"@type\":\"PropertyValueSpecification\",\"valueRequired\":true,\"valueName\":\"search_term_string\"}}],\"inLanguage\":\"fr-FR\"},{\"@type\":\"Person\",\"@id\":\"https:\\\/\\\/www.elle.lu\\\/fr\\\/#\\\/schema\\\/person\\\/3fa5d507dcc12f34be8eef14429dab5f\",\"name\":\"Isabelle Debuchy\",\"image\":{\"@type\":\"ImageObject\",\"inLanguage\":\"fr-FR\",\"@id\":\"https:\\\/\\\/secure.gravatar.com\\\/avatar\\\/43827824530f9ff21f1c5c795a1ea89f94b1bff09609a51da9316a8ff7e5f7f2?s=96&d=mm&r=g\",\"url\":\"https:\\\/\\\/secure.gravatar.com\\\/avatar\\\/43827824530f9ff21f1c5c795a1ea89f94b1bff09609a51da9316a8ff7e5f7f2?s=96&d=mm&r=g\",\"contentUrl\":\"https:\\\/\\\/secure.gravatar.com\\\/avatar\\\/43827824530f9ff21f1c5c795a1ea89f94b1bff09609a51da9316a8ff7e5f7f2?s=96&d=mm&r=g\",\"caption\":\"Isabelle Debuchy\"},\"url\":\"https:\\\/\\\/www.elle.lu\\\/fr\\\/author\\\/isabelle-debuchy\"}]}<\/script>\n<!-- \/ Yoast SEO plugin. -->","yoast_head_json":{"title":"Exposition Femmes et roses d\u2019exception \u00e0 Luxembourg : une roseraie en hommage aux femmes inspirantes - ELLE.lu Luxembourg","description":"Une exposition dans la Roseraie Am\u00e9lie \u00e0 Luxembourg met \u00e0 l'honneur les femmes d\u2019exception. Un parcours sensoriel et engag\u00e9 sign\u00e9 LUGA.","robots":{"index":"index","follow":"follow","max-snippet":"max-snippet:-1","max-image-preview":"max-image-preview:large","max-video-preview":"max-video-preview:-1"},"canonical":"https:\/\/www.elle.lu\/fr\/6210-exposition-femmes-et-roses-dexception-a-luxembourg-une-roseraie-en-hommage-aux-femmes-inspirantes.html","og_locale":"fr_FR","og_type":"article","og_title":"Exposition Femmes et roses d\u2019exception \u00e0 Luxembourg : une roseraie en hommage aux femmes inspirantes - ELLE.lu Luxembourg","og_description":"Une exposition dans la Roseraie Am\u00e9lie \u00e0 Luxembourg met \u00e0 l'honneur les femmes d\u2019exception. Un parcours sensoriel et engag\u00e9 sign\u00e9 LUGA.","og_url":"https:\/\/www.elle.lu\/fr\/6210-exposition-femmes-et-roses-dexception-a-luxembourg-une-roseraie-en-hommage-aux-femmes-inspirantes.html","og_site_name":"ELLE.lu Luxembourg","article_published_time":"2025-05-18T05:00:42+00:00","og_image":[{"width":3724,"height":2476,"url":"https:\/\/www.elle.lu\/fr\/wp-content\/uploads\/2025\/05\/rose-amalia-patrimoine-roses-luxembourg.jpg","type":"image\/jpeg"}],"author":"Isabelle Debuchy","twitter_card":"summary_large_image","twitter_misc":{"\u00c9crit par":"Isabelle Debuchy","Dur\u00e9e de lecture estim\u00e9e":"4 minutes"},"schema":{"@context":"https:\/\/schema.org","@graph":[{"@type":"Article","@id":"https:\/\/www.elle.lu\/fr\/6210-exposition-femmes-et-roses-dexception-a-luxembourg-une-roseraie-en-hommage-aux-femmes-inspirantes.html#article","isPartOf":{"@id":"https:\/\/www.elle.lu\/fr\/6210-exposition-femmes-et-roses-dexception-a-luxembourg-une-roseraie-en-hommage-aux-femmes-inspirantes.html"},"author":{"name":"Isabelle Debuchy","@id":"https:\/\/www.elle.lu\/fr\/#\/schema\/person\/3fa5d507dcc12f34be8eef14429dab5f"},"headline":"Exposition Femmes et roses d\u2019exception \u00e0 Luxembourg : une roseraie en hommage aux femmes inspirantes","datePublished":"2025-05-18T05:00:42+00:00","mainEntityOfPage":{"@id":"https:\/\/www.elle.lu\/fr\/6210-exposition-femmes-et-roses-dexception-a-luxembourg-une-roseraie-en-hommage-aux-femmes-inspirantes.html"},"wordCount":644,"commentCount":0,"image":{"@id":"https:\/\/www.elle.lu\/fr\/6210-exposition-femmes-et-roses-dexception-a-luxembourg-une-roseraie-en-hommage-aux-femmes-inspirantes.html#primaryimage"},"thumbnailUrl":"https:\/\/www.elle.lu\/fr\/wp-content\/uploads\/2025\/05\/rose-amalia-patrimoine-roses-luxembourg.jpg","articleSection":["Actu"],"inLanguage":"fr-FR","potentialAction":[{"@type":"CommentAction","name":"Comment","target":["https:\/\/www.elle.lu\/fr\/6210-exposition-femmes-et-roses-dexception-a-luxembourg-une-roseraie-en-hommage-aux-femmes-inspirantes.html#respond"]}]},{"@type":"WebPage","@id":"https:\/\/www.elle.lu\/fr\/6210-exposition-femmes-et-roses-dexception-a-luxembourg-une-roseraie-en-hommage-aux-femmes-inspirantes.html","url":"https:\/\/www.elle.lu\/fr\/6210-exposition-femmes-et-roses-dexception-a-luxembourg-une-roseraie-en-hommage-aux-femmes-inspirantes.html","name":"Exposition Femmes et roses d\u2019exception \u00e0 Luxembourg : une roseraie en hommage aux femmes inspirantes - ELLE.lu Luxembourg","isPartOf":{"@id":"https:\/\/www.elle.lu\/fr\/#website"},"primaryImageOfPage":{"@id":"https:\/\/www.elle.lu\/fr\/6210-exposition-femmes-et-roses-dexception-a-luxembourg-une-roseraie-en-hommage-aux-femmes-inspirantes.html#primaryimage"},"image":{"@id":"https:\/\/www.elle.lu\/fr\/6210-exposition-femmes-et-roses-dexception-a-luxembourg-une-roseraie-en-hommage-aux-femmes-inspirantes.html#primaryimage"},"thumbnailUrl":"https:\/\/www.elle.lu\/fr\/wp-content\/uploads\/2025\/05\/rose-amalia-patrimoine-roses-luxembourg.jpg","datePublished":"2025-05-18T05:00:42+00:00","author":{"@id":"https:\/\/www.elle.lu\/fr\/#\/schema\/person\/3fa5d507dcc12f34be8eef14429dab5f"},"description":"Une exposition dans la Roseraie Am\u00e9lie \u00e0 Luxembourg met \u00e0 l'honneur les femmes d\u2019exception. Un parcours sensoriel et engag\u00e9 sign\u00e9 LUGA.","breadcrumb":{"@id":"https:\/\/www.elle.lu\/fr\/6210-exposition-femmes-et-roses-dexception-a-luxembourg-une-roseraie-en-hommage-aux-femmes-inspirantes.html#breadcrumb"},"inLanguage":"fr-FR","potentialAction":[{"@type":"ReadAction","target":["https:\/\/www.elle.lu\/fr\/6210-exposition-femmes-et-roses-dexception-a-luxembourg-une-roseraie-en-hommage-aux-femmes-inspirantes.html"]}]},{"@type":"ImageObject","inLanguage":"fr-FR","@id":"https:\/\/www.elle.lu\/fr\/6210-exposition-femmes-et-roses-dexception-a-luxembourg-une-roseraie-en-hommage-aux-femmes-inspirantes.html#primaryimage","url":"https:\/\/www.elle.lu\/fr\/wp-content\/uploads\/2025\/05\/rose-amalia-patrimoine-roses-luxembourg.jpg","contentUrl":"https:\/\/www.elle.lu\/fr\/wp-content\/uploads\/2025\/05\/rose-amalia-patrimoine-roses-luxembourg.jpg","width":3724,"height":2476,"caption":"\u00a9Patrimoine Roses Luxembourg"},{"@type":"BreadcrumbList","@id":"https:\/\/www.elle.lu\/fr\/6210-exposition-femmes-et-roses-dexception-a-luxembourg-une-roseraie-en-hommage-aux-femmes-inspirantes.html#breadcrumb","itemListElement":[{"@type":"ListItem","position":1,"name":"Accueil","item":"https:\/\/www.elle.lu\/fr"},{"@type":"ListItem","position":2,"name":"Exposition Femmes et roses d\u2019exception \u00e0 Luxembourg : une roseraie en hommage aux femmes inspirantes"}]},{"@type":"WebSite","@id":"https:\/\/www.elle.lu\/fr\/#website","url":"https:\/\/www.elle.lu\/fr\/","name":"ELLE.lu","description":"Explorez les derni\u00e8res tendances mode, beaut\u00e9 et art de vivre au Luxembourg sur ELLE.lu. Un contenu exclusivement luxembourgeois sur notre site, r\u00e9seaux sociaux et YouTube.","potentialAction":[{"@type":"SearchAction","target":{"@type":"EntryPoint","urlTemplate":"https:\/\/www.elle.lu\/fr\/?s={search_term_string}"},"query-input":{"@type":"PropertyValueSpecification","valueRequired":true,"valueName":"search_term_string"}}],"inLanguage":"fr-FR"},{"@type":"Person","@id":"https:\/\/www.elle.lu\/fr\/#\/schema\/person\/3fa5d507dcc12f34be8eef14429dab5f","name":"Isabelle Debuchy","image":{"@type":"ImageObject","inLanguage":"fr-FR","@id":"https:\/\/secure.gravatar.com\/avatar\/43827824530f9ff21f1c5c795a1ea89f94b1bff09609a51da9316a8ff7e5f7f2?s=96&d=mm&r=g","url":"https:\/\/secure.gravatar.com\/avatar\/43827824530f9ff21f1c5c795a1ea89f94b1bff09609a51da9316a8ff7e5f7f2?s=96&d=mm&r=g","contentUrl":"https:\/\/secure.gravatar.com\/avatar\/43827824530f9ff21f1c5c795a1ea89f94b1bff09609a51da9316a8ff7e5f7f2?s=96&d=mm&r=g","caption":"Isabelle Debuchy"},"url":"https:\/\/www.elle.lu\/fr\/author\/isabelle-debuchy"}]}},"jetpack_featured_media_url":"https:\/\/www.elle.lu\/fr\/wp-content\/uploads\/2025\/05\/rose-amalia-patrimoine-roses-luxembourg.jpg","jetpack_sharing_enabled":true,"_links":{"self":[{"href":"https:\/\/www.elle.lu\/fr\/wp-json\/wp\/v2\/posts\/6210","targetHints":{"allow":["GET"]}}],"collection":[{"href":"https:\/\/www.elle.lu\/fr\/wp-json\/wp\/v2\/posts"}],"about":[{"href":"https:\/\/www.elle.lu\/fr\/wp-json\/wp\/v2\/types\/post"}],"author":[{"embeddable":true,"href":"https:\/\/www.elle.lu\/fr\/wp-json\/wp\/v2\/users\/9"}],"replies":[{"embeddable":true,"href":"https:\/\/www.elle.lu\/fr\/wp-json\/wp\/v2\/comments?post=6210"}],"version-history":[{"count":6,"href":"https:\/\/www.elle.lu\/fr\/wp-json\/wp\/v2\/posts\/6210\/revisions"}],"predecessor-version":[{"id":6232,"href":"https:\/\/www.elle.lu\/fr\/wp-json\/wp\/v2\/posts\/6210\/revisions\/6232"}],"wp:featuredmedia":[{"embeddable":true,"href":"https:\/\/www.elle.lu\/fr\/wp-json\/wp\/v2\/media\/6213"}],"wp:attachment":[{"href":"https:\/\/www.elle.lu\/fr\/wp-json\/wp\/v2\/media?parent=6210"}],"wp:term":[{"taxonomy":"category","embeddable":true,"href":"https:\/\/www.elle.lu\/fr\/wp-json\/wp\/v2\/categories?post=6210"},{"taxonomy":"post_tag","embeddable":true,"href":"https:\/\/www.elle.lu\/fr\/wp-json\/wp\/v2\/tags?post=6210"}],"curies":[{"name":"wp","href":"https:\/\/api.w.org\/{rel}","templated":true}]}}