{"id":6494,"date":"2025-06-03T07:00:10","date_gmt":"2025-06-03T05:00:10","guid":{"rendered":"https:\/\/www.elle.lu\/fr\/?p=6494"},"modified":"2025-06-05T15:55:34","modified_gmt":"2025-06-05T13:55:34","slug":"sarah-jessica-parker-egerie-de-la-campagne-zalando-au-luxembourg","status":"publish","type":"post","link":"https:\/\/www.elle.lu\/fr\/6494-sarah-jessica-parker-egerie-de-la-campagne-zalando-au-luxembourg.html","title":{"rendered":"Interview exclusive de Sarah Jessica Parker, \u00e9g\u00e9rie de la campagne Zalando"},"content":{"rendered":"","protected":false},"excerpt":{"rendered":"Alors qu\u2019elle est l&#8217;\u00e9g\u00e9rie de la campagne de lancement de Zalando au Luxembourg, Sarah Jessika Parker a accord\u00e9 une interview exclusive \u00e0 ELLE Luxembourg, dans laquelle elle \u00e9voque son rapport \u00e0 la mode, la narration, la confiance en soi, et, surtout, ce qui la pousse \u00e0 s\u2019engager \u00e0 100 % dans chacun de ses projets.","protected":false},"author":49,"featured_media":6495,"comment_status":"open","ping_status":"open","sticky":false,"template":"","format":"standard","meta":{"_acf_changed":false,"_jetpack_memberships_contains_paid_content":false,"footnotes":""},"categories":[2],"tags":[],"class_list":["post-6494","post","type-post","status-publish","format-standard","has-post-thumbnail","hentry","category-mode"],"acf":[],"yoast_head":"<!-- This site is optimized with the Yoast SEO plugin v27.2 - https:\/\/yoast.com\/product\/yoast-seo-wordpress\/ -->\n<title>Interview exclusive de Sarah Jessica Parker, \u00e9g\u00e9rie de la campagne Zalando - ELLE.lu Luxembourg<\/title>\n<meta name=\"description\" content=\"Alors qu\u2019elle est l&#039;\u00e9g\u00e9rie de la campagne du site Zalando au Luxembourg, Sarah Jessika Parker nous a accord\u00e9 une interview exclusive.\" \/>\n<meta name=\"robots\" content=\"index, follow, max-snippet:-1, max-image-preview:large, max-video-preview:-1\" \/>\n<link rel=\"canonical\" href=\"https:\/\/www.elle.lu\/fr\/6494-sarah-jessica-parker-egerie-de-la-campagne-zalando-au-luxembourg.html\" \/>\n<meta property=\"og:locale\" content=\"fr_FR\" \/>\n<meta property=\"og:type\" content=\"article\" \/>\n<meta property=\"og:title\" content=\"Interview exclusive de Sarah Jessica Parker, \u00e9g\u00e9rie de la campagne Zalando - ELLE.lu Luxembourg\" \/>\n<meta property=\"og:description\" content=\"Alors qu\u2019elle est l&#039;\u00e9g\u00e9rie de la campagne du site Zalando au Luxembourg, Sarah Jessika Parker nous a accord\u00e9 une interview exclusive.\" \/>\n<meta property=\"og:url\" content=\"https:\/\/www.elle.lu\/fr\/6494-sarah-jessica-parker-egerie-de-la-campagne-zalando-au-luxembourg.html\" \/>\n<meta property=\"og:site_name\" content=\"ELLE.lu Luxembourg\" \/>\n<meta property=\"article:published_time\" content=\"2025-06-03T05:00:10+00:00\" \/>\n<meta property=\"article:modified_time\" content=\"2025-06-05T13:55:34+00:00\" \/>\n<meta property=\"og:image\" content=\"https:\/\/www.elle.lu\/fr\/wp-content\/uploads\/2025\/05\/zalando-ss25-pr-pr1-rgb1.jpg\" \/>\n\t<meta property=\"og:image:width\" content=\"2500\" \/>\n\t<meta property=\"og:image:height\" content=\"1875\" \/>\n\t<meta property=\"og:image:type\" content=\"image\/jpeg\" \/>\n<meta name=\"author\" content=\"Sarah Braun\" \/>\n<meta name=\"twitter:card\" content=\"summary_large_image\" \/>\n<meta name=\"twitter:label1\" content=\"\u00c9crit par\" \/>\n\t<meta name=\"twitter:data1\" content=\"Sarah Braun\" \/>\n\t<meta name=\"twitter:label2\" content=\"Dur\u00e9e de lecture estim\u00e9e\" \/>\n\t<meta name=\"twitter:data2\" content=\"7 minutes\" \/>\n<script type=\"application\/ld+json\" class=\"yoast-schema-graph\">{\"@context\":\"https:\/\/schema.org\",\"@graph\":[{\"@type\":\"Article\",\"@id\":\"https:\/\/www.elle.lu\/fr\/6494-sarah-jessica-parker-egerie-de-la-campagne-zalando-au-luxembourg.html#article\",\"isPartOf\":{\"@id\":\"https:\/\/www.elle.lu\/fr\/6494-sarah-jessica-parker-egerie-de-la-campagne-zalando-au-luxembourg.html\"},\"author\":{\"name\":\"Sarah Braun\",\"@id\":\"https:\/\/www.elle.lu\/fr\/#\/schema\/person\/ac820204224d1a52c950088e1996b007\"},\"headline\":\"Interview exclusive de Sarah Jessica Parker, \u00e9g\u00e9rie de la campagne Zalando\",\"datePublished\":\"2025-06-03T05:00:10+00:00\",\"dateModified\":\"2025-06-05T13:55:34+00:00\",\"mainEntityOfPage\":{\"@id\":\"https:\/\/www.elle.lu\/fr\/6494-sarah-jessica-parker-egerie-de-la-campagne-zalando-au-luxembourg.html\"},\"wordCount\":1268,\"commentCount\":0,\"image\":{\"@id\":\"https:\/\/www.elle.lu\/fr\/6494-sarah-jessica-parker-egerie-de-la-campagne-zalando-au-luxembourg.html#primaryimage\"},\"thumbnailUrl\":\"https:\/\/www.elle.lu\/fr\/wp-content\/uploads\/2025\/05\/zalando-ss25-pr-pr1-rgb1.jpg\",\"articleSection\":[\"Mode\"],\"inLanguage\":\"fr-FR\",\"potentialAction\":[{\"@type\":\"CommentAction\",\"name\":\"Comment\",\"target\":[\"https:\/\/www.elle.lu\/fr\/6494-sarah-jessica-parker-egerie-de-la-campagne-zalando-au-luxembourg.html#respond\"]}]},{\"@type\":\"WebPage\",\"@id\":\"https:\/\/www.elle.lu\/fr\/6494-sarah-jessica-parker-egerie-de-la-campagne-zalando-au-luxembourg.html\",\"url\":\"https:\/\/www.elle.lu\/fr\/6494-sarah-jessica-parker-egerie-de-la-campagne-zalando-au-luxembourg.html\",\"name\":\"Interview exclusive de Sarah Jessica Parker, \u00e9g\u00e9rie de la campagne Zalando - ELLE.lu Luxembourg\",\"isPartOf\":{\"@id\":\"https:\/\/www.elle.lu\/fr\/#website\"},\"primaryImageOfPage\":{\"@id\":\"https:\/\/www.elle.lu\/fr\/6494-sarah-jessica-parker-egerie-de-la-campagne-zalando-au-luxembourg.html#primaryimage\"},\"image\":{\"@id\":\"https:\/\/www.elle.lu\/fr\/6494-sarah-jessica-parker-egerie-de-la-campagne-zalando-au-luxembourg.html#primaryimage\"},\"thumbnailUrl\":\"https:\/\/www.elle.lu\/fr\/wp-content\/uploads\/2025\/05\/zalando-ss25-pr-pr1-rgb1.jpg\",\"datePublished\":\"2025-06-03T05:00:10+00:00\",\"dateModified\":\"2025-06-05T13:55:34+00:00\",\"author\":{\"@id\":\"https:\/\/www.elle.lu\/fr\/#\/schema\/person\/ac820204224d1a52c950088e1996b007\"},\"description\":\"Alors qu\u2019elle est l'\u00e9g\u00e9rie de la campagne du site Zalando au Luxembourg, Sarah Jessika Parker nous a accord\u00e9 une interview exclusive.\",\"breadcrumb\":{\"@id\":\"https:\/\/www.elle.lu\/fr\/6494-sarah-jessica-parker-egerie-de-la-campagne-zalando-au-luxembourg.html#breadcrumb\"},\"inLanguage\":\"fr-FR\",\"potentialAction\":[{\"@type\":\"ReadAction\",\"target\":[\"https:\/\/www.elle.lu\/fr\/6494-sarah-jessica-parker-egerie-de-la-campagne-zalando-au-luxembourg.html\"]}]},{\"@type\":\"ImageObject\",\"inLanguage\":\"fr-FR\",\"@id\":\"https:\/\/www.elle.lu\/fr\/6494-sarah-jessica-parker-egerie-de-la-campagne-zalando-au-luxembourg.html#primaryimage\",\"url\":\"https:\/\/www.elle.lu\/fr\/wp-content\/uploads\/2025\/05\/zalando-ss25-pr-pr1-rgb1.jpg\",\"contentUrl\":\"https:\/\/www.elle.lu\/fr\/wp-content\/uploads\/2025\/05\/zalando-ss25-pr-pr1-rgb1.jpg\",\"width\":2500,\"height\":1875,\"caption\":\"\u00a9Zalando\"},{\"@type\":\"BreadcrumbList\",\"@id\":\"https:\/\/www.elle.lu\/fr\/6494-sarah-jessica-parker-egerie-de-la-campagne-zalando-au-luxembourg.html#breadcrumb\",\"itemListElement\":[{\"@type\":\"ListItem\",\"position\":1,\"name\":\"Accueil\",\"item\":\"https:\/\/www.elle.lu\/fr\"},{\"@type\":\"ListItem\",\"position\":2,\"name\":\"Interview exclusive de Sarah Jessica Parker, \u00e9g\u00e9rie de la campagne Zalando\"}]},{\"@type\":\"WebSite\",\"@id\":\"https:\/\/www.elle.lu\/fr\/#website\",\"url\":\"https:\/\/www.elle.lu\/fr\/\",\"name\":\"ELLE.lu\",\"description\":\"Explorez les derni\u00e8res tendances mode, beaut\u00e9 et art de vivre au Luxembourg sur ELLE.lu. Un contenu exclusivement luxembourgeois sur notre site, r\u00e9seaux sociaux et YouTube.\",\"potentialAction\":[{\"@type\":\"SearchAction\",\"target\":{\"@type\":\"EntryPoint\",\"urlTemplate\":\"https:\/\/www.elle.lu\/fr\/?s={search_term_string}\"},\"query-input\":{\"@type\":\"PropertyValueSpecification\",\"valueRequired\":true,\"valueName\":\"search_term_string\"}}],\"inLanguage\":\"fr-FR\"},{\"@type\":\"Person\",\"@id\":\"https:\/\/www.elle.lu\/fr\/#\/schema\/person\/ac820204224d1a52c950088e1996b007\",\"name\":\"Sarah Braun\",\"image\":{\"@type\":\"ImageObject\",\"inLanguage\":\"fr-FR\",\"@id\":\"https:\/\/secure.gravatar.com\/avatar\/795f10c954947838090d4f384b3a26b2352bf71fd41dd058f378fee046f7ce21?s=96&d=mm&r=g\",\"url\":\"https:\/\/secure.gravatar.com\/avatar\/795f10c954947838090d4f384b3a26b2352bf71fd41dd058f378fee046f7ce21?s=96&d=mm&r=g\",\"contentUrl\":\"https:\/\/secure.gravatar.com\/avatar\/795f10c954947838090d4f384b3a26b2352bf71fd41dd058f378fee046f7ce21?s=96&d=mm&r=g\",\"caption\":\"Sarah Braun\"},\"url\":\"https:\/\/www.elle.lu\/fr\/author\/sarahelle-lu\"}]}<\/script>\n<!-- \/ Yoast SEO plugin. -->","yoast_head_json":{"title":"Interview exclusive de Sarah Jessica Parker, \u00e9g\u00e9rie de la campagne Zalando - ELLE.lu Luxembourg","description":"Alors qu\u2019elle est l'\u00e9g\u00e9rie de la campagne du site Zalando au Luxembourg, Sarah Jessika Parker nous a accord\u00e9 une interview exclusive.","robots":{"index":"index","follow":"follow","max-snippet":"max-snippet:-1","max-image-preview":"max-image-preview:large","max-video-preview":"max-video-preview:-1"},"canonical":"https:\/\/www.elle.lu\/fr\/6494-sarah-jessica-parker-egerie-de-la-campagne-zalando-au-luxembourg.html","og_locale":"fr_FR","og_type":"article","og_title":"Interview exclusive de Sarah Jessica Parker, \u00e9g\u00e9rie de la campagne Zalando - ELLE.lu Luxembourg","og_description":"Alors qu\u2019elle est l'\u00e9g\u00e9rie de la campagne du site Zalando au Luxembourg, Sarah Jessika Parker nous a accord\u00e9 une interview exclusive.","og_url":"https:\/\/www.elle.lu\/fr\/6494-sarah-jessica-parker-egerie-de-la-campagne-zalando-au-luxembourg.html","og_site_name":"ELLE.lu Luxembourg","article_published_time":"2025-06-03T05:00:10+00:00","article_modified_time":"2025-06-05T13:55:34+00:00","og_image":[{"width":2500,"height":1875,"url":"https:\/\/www.elle.lu\/fr\/wp-content\/uploads\/2025\/05\/zalando-ss25-pr-pr1-rgb1.jpg","type":"image\/jpeg"}],"author":"Sarah Braun","twitter_card":"summary_large_image","twitter_misc":{"\u00c9crit par":"Sarah Braun","Dur\u00e9e de lecture estim\u00e9e":"7 minutes"},"schema":{"@context":"https:\/\/schema.org","@graph":[{"@type":"Article","@id":"https:\/\/www.elle.lu\/fr\/6494-sarah-jessica-parker-egerie-de-la-campagne-zalando-au-luxembourg.html#article","isPartOf":{"@id":"https:\/\/www.elle.lu\/fr\/6494-sarah-jessica-parker-egerie-de-la-campagne-zalando-au-luxembourg.html"},"author":{"name":"Sarah Braun","@id":"https:\/\/www.elle.lu\/fr\/#\/schema\/person\/ac820204224d1a52c950088e1996b007"},"headline":"Interview exclusive de Sarah Jessica Parker, \u00e9g\u00e9rie de la campagne Zalando","datePublished":"2025-06-03T05:00:10+00:00","dateModified":"2025-06-05T13:55:34+00:00","mainEntityOfPage":{"@id":"https:\/\/www.elle.lu\/fr\/6494-sarah-jessica-parker-egerie-de-la-campagne-zalando-au-luxembourg.html"},"wordCount":1268,"commentCount":0,"image":{"@id":"https:\/\/www.elle.lu\/fr\/6494-sarah-jessica-parker-egerie-de-la-campagne-zalando-au-luxembourg.html#primaryimage"},"thumbnailUrl":"https:\/\/www.elle.lu\/fr\/wp-content\/uploads\/2025\/05\/zalando-ss25-pr-pr1-rgb1.jpg","articleSection":["Mode"],"inLanguage":"fr-FR","potentialAction":[{"@type":"CommentAction","name":"Comment","target":["https:\/\/www.elle.lu\/fr\/6494-sarah-jessica-parker-egerie-de-la-campagne-zalando-au-luxembourg.html#respond"]}]},{"@type":"WebPage","@id":"https:\/\/www.elle.lu\/fr\/6494-sarah-jessica-parker-egerie-de-la-campagne-zalando-au-luxembourg.html","url":"https:\/\/www.elle.lu\/fr\/6494-sarah-jessica-parker-egerie-de-la-campagne-zalando-au-luxembourg.html","name":"Interview exclusive de Sarah Jessica Parker, \u00e9g\u00e9rie de la campagne Zalando - ELLE.lu Luxembourg","isPartOf":{"@id":"https:\/\/www.elle.lu\/fr\/#website"},"primaryImageOfPage":{"@id":"https:\/\/www.elle.lu\/fr\/6494-sarah-jessica-parker-egerie-de-la-campagne-zalando-au-luxembourg.html#primaryimage"},"image":{"@id":"https:\/\/www.elle.lu\/fr\/6494-sarah-jessica-parker-egerie-de-la-campagne-zalando-au-luxembourg.html#primaryimage"},"thumbnailUrl":"https:\/\/www.elle.lu\/fr\/wp-content\/uploads\/2025\/05\/zalando-ss25-pr-pr1-rgb1.jpg","datePublished":"2025-06-03T05:00:10+00:00","dateModified":"2025-06-05T13:55:34+00:00","author":{"@id":"https:\/\/www.elle.lu\/fr\/#\/schema\/person\/ac820204224d1a52c950088e1996b007"},"description":"Alors qu\u2019elle est l'\u00e9g\u00e9rie de la campagne du site Zalando au Luxembourg, Sarah Jessika Parker nous a accord\u00e9 une interview exclusive.","breadcrumb":{"@id":"https:\/\/www.elle.lu\/fr\/6494-sarah-jessica-parker-egerie-de-la-campagne-zalando-au-luxembourg.html#breadcrumb"},"inLanguage":"fr-FR","potentialAction":[{"@type":"ReadAction","target":["https:\/\/www.elle.lu\/fr\/6494-sarah-jessica-parker-egerie-de-la-campagne-zalando-au-luxembourg.html"]}]},{"@type":"ImageObject","inLanguage":"fr-FR","@id":"https:\/\/www.elle.lu\/fr\/6494-sarah-jessica-parker-egerie-de-la-campagne-zalando-au-luxembourg.html#primaryimage","url":"https:\/\/www.elle.lu\/fr\/wp-content\/uploads\/2025\/05\/zalando-ss25-pr-pr1-rgb1.jpg","contentUrl":"https:\/\/www.elle.lu\/fr\/wp-content\/uploads\/2025\/05\/zalando-ss25-pr-pr1-rgb1.jpg","width":2500,"height":1875,"caption":"\u00a9Zalando"},{"@type":"BreadcrumbList","@id":"https:\/\/www.elle.lu\/fr\/6494-sarah-jessica-parker-egerie-de-la-campagne-zalando-au-luxembourg.html#breadcrumb","itemListElement":[{"@type":"ListItem","position":1,"name":"Accueil","item":"https:\/\/www.elle.lu\/fr"},{"@type":"ListItem","position":2,"name":"Interview exclusive de Sarah Jessica Parker, \u00e9g\u00e9rie de la campagne Zalando"}]},{"@type":"WebSite","@id":"https:\/\/www.elle.lu\/fr\/#website","url":"https:\/\/www.elle.lu\/fr\/","name":"ELLE.lu","description":"Explorez les derni\u00e8res tendances mode, beaut\u00e9 et art de vivre au Luxembourg sur ELLE.lu. Un contenu exclusivement luxembourgeois sur notre site, r\u00e9seaux sociaux et YouTube.","potentialAction":[{"@type":"SearchAction","target":{"@type":"EntryPoint","urlTemplate":"https:\/\/www.elle.lu\/fr\/?s={search_term_string}"},"query-input":{"@type":"PropertyValueSpecification","valueRequired":true,"valueName":"search_term_string"}}],"inLanguage":"fr-FR"},{"@type":"Person","@id":"https:\/\/www.elle.lu\/fr\/#\/schema\/person\/ac820204224d1a52c950088e1996b007","name":"Sarah Braun","image":{"@type":"ImageObject","inLanguage":"fr-FR","@id":"https:\/\/secure.gravatar.com\/avatar\/795f10c954947838090d4f384b3a26b2352bf71fd41dd058f378fee046f7ce21?s=96&d=mm&r=g","url":"https:\/\/secure.gravatar.com\/avatar\/795f10c954947838090d4f384b3a26b2352bf71fd41dd058f378fee046f7ce21?s=96&d=mm&r=g","contentUrl":"https:\/\/secure.gravatar.com\/avatar\/795f10c954947838090d4f384b3a26b2352bf71fd41dd058f378fee046f7ce21?s=96&d=mm&r=g","caption":"Sarah Braun"},"url":"https:\/\/www.elle.lu\/fr\/author\/sarahelle-lu"}]}},"jetpack_featured_media_url":"https:\/\/www.elle.lu\/fr\/wp-content\/uploads\/2025\/05\/zalando-ss25-pr-pr1-rgb1.jpg","jetpack_sharing_enabled":true,"_links":{"self":[{"href":"https:\/\/www.elle.lu\/fr\/wp-json\/wp\/v2\/posts\/6494","targetHints":{"allow":["GET"]}}],"collection":[{"href":"https:\/\/www.elle.lu\/fr\/wp-json\/wp\/v2\/posts"}],"about":[{"href":"https:\/\/www.elle.lu\/fr\/wp-json\/wp\/v2\/types\/post"}],"author":[{"embeddable":true,"href":"https:\/\/www.elle.lu\/fr\/wp-json\/wp\/v2\/users\/49"}],"replies":[{"embeddable":true,"href":"https:\/\/www.elle.lu\/fr\/wp-json\/wp\/v2\/comments?post=6494"}],"version-history":[{"count":6,"href":"https:\/\/www.elle.lu\/fr\/wp-json\/wp\/v2\/posts\/6494\/revisions"}],"predecessor-version":[{"id":6622,"href":"https:\/\/www.elle.lu\/fr\/wp-json\/wp\/v2\/posts\/6494\/revisions\/6622"}],"wp:featuredmedia":[{"embeddable":true,"href":"https:\/\/www.elle.lu\/fr\/wp-json\/wp\/v2\/media\/6495"}],"wp:attachment":[{"href":"https:\/\/www.elle.lu\/fr\/wp-json\/wp\/v2\/media?parent=6494"}],"wp:term":[{"taxonomy":"category","embeddable":true,"href":"https:\/\/www.elle.lu\/fr\/wp-json\/wp\/v2\/categories?post=6494"},{"taxonomy":"post_tag","embeddable":true,"href":"https:\/\/www.elle.lu\/fr\/wp-json\/wp\/v2\/tags?post=6494"}],"curies":[{"name":"wp","href":"https:\/\/api.w.org\/{rel}","templated":true}]}}