{"id":6519,"date":"2025-07-03T07:00:11","date_gmt":"2025-07-03T05:00:11","guid":{"rendered":"https:\/\/www.elle.lu\/fr\/?p=6519"},"modified":"2025-06-16T10:36:06","modified_gmt":"2025-06-16T08:36:06","slug":"kiko-milano-reinvente-le-solaire-avec-la-gamme-suncare","status":"publish","type":"post","link":"https:\/\/www.elle.lu\/fr\/6519-kiko-milano-reinvente-le-solaire-avec-la-gamme-suncare.html","title":{"rendered":"KIKO Milano r\u00e9invente le solaire avec la gamme Suncare"},"content":{"rendered":"","protected":false},"excerpt":{"rendered":"Et si la protection solaire devenait un rituel de beaut\u00e9 chic et sensoriel ? ?...","protected":false},"author":20,"featured_media":6525,"comment_status":"open","ping_status":"open","sticky":false,"template":"","format":"standard","meta":{"_acf_changed":false,"_jetpack_memberships_contains_paid_content":false,"footnotes":""},"categories":[3],"tags":[],"class_list":["post-6519","post","type-post","status-publish","format-standard","has-post-thumbnail","hentry","category-beaute"],"acf":[],"yoast_head":"<!-- This site is optimized with the Yoast SEO plugin v27.2 - https:\/\/yoast.com\/product\/yoast-seo-wordpress\/ -->\n<title>KIKO Milano r\u00e9invente le solaire avec la gamme Suncare<\/title>\n<meta name=\"description\" content=\"Cette ann\u00e9e, se prot\u00e9ger du soleil devient un rituel beaut\u00e9 chic et sensoriel, gr\u00e2ce \u00e0 la gamme Suncare de KIKO Milano !\" \/>\n<meta name=\"robots\" content=\"index, follow, max-snippet:-1, max-image-preview:large, max-video-preview:-1\" \/>\n<link rel=\"canonical\" href=\"https:\/\/www.elle.lu\/fr\/6519-kiko-milano-reinvente-le-solaire-avec-la-gamme-suncare.html\" \/>\n<meta property=\"og:locale\" content=\"fr_FR\" \/>\n<meta property=\"og:type\" content=\"article\" \/>\n<meta property=\"og:title\" content=\"KIKO Milano r\u00e9invente le solaire avec la gamme Suncare\" \/>\n<meta property=\"og:description\" content=\"Cette ann\u00e9e, se prot\u00e9ger du soleil devient un rituel beaut\u00e9 chic et sensoriel, gr\u00e2ce \u00e0 la gamme Suncare de KIKO Milano !\" \/>\n<meta property=\"og:url\" content=\"https:\/\/www.elle.lu\/fr\/6519-kiko-milano-reinvente-le-solaire-avec-la-gamme-suncare.html\" \/>\n<meta property=\"og:site_name\" content=\"ELLE.lu Luxembourg\" \/>\n<meta property=\"article:published_time\" content=\"2025-07-03T05:00:11+00:00\" \/>\n<meta property=\"og:image\" content=\"https:\/\/www.elle.lu\/fr\/wp-content\/uploads\/2015\/06\/kiko-cover-h.png\" \/>\n\t<meta property=\"og:image:width\" content=\"1200\" \/>\n\t<meta property=\"og:image:height\" content=\"628\" \/>\n\t<meta property=\"og:image:type\" content=\"image\/png\" \/>\n<meta name=\"author\" content=\"ELLE Partenaire\" \/>\n<meta name=\"twitter:card\" content=\"summary_large_image\" \/>\n<meta name=\"twitter:label1\" content=\"\u00c9crit par\" \/>\n\t<meta name=\"twitter:data1\" content=\"ELLE Partenaire\" \/>\n\t<meta name=\"twitter:label2\" content=\"Dur\u00e9e de lecture estim\u00e9e\" \/>\n\t<meta name=\"twitter:data2\" content=\"3 minutes\" \/>\n<script type=\"application\/ld+json\" class=\"yoast-schema-graph\">{\"@context\":\"https:\/\/schema.org\",\"@graph\":[{\"@type\":\"Article\",\"@id\":\"https:\/\/www.elle.lu\/fr\/6519-kiko-milano-reinvente-le-solaire-avec-la-gamme-suncare.html#article\",\"isPartOf\":{\"@id\":\"https:\/\/www.elle.lu\/fr\/6519-kiko-milano-reinvente-le-solaire-avec-la-gamme-suncare.html\"},\"author\":{\"name\":\"ELLE Partenaire\",\"@id\":\"https:\/\/www.elle.lu\/fr\/#\/schema\/person\/9a5f02df96eeb8e12b1d6ca82571e874\"},\"headline\":\"KIKO Milano r\u00e9invente le solaire avec la gamme Suncare\",\"datePublished\":\"2025-07-03T05:00:11+00:00\",\"mainEntityOfPage\":{\"@id\":\"https:\/\/www.elle.lu\/fr\/6519-kiko-milano-reinvente-le-solaire-avec-la-gamme-suncare.html\"},\"wordCount\":588,\"commentCount\":0,\"image\":{\"@id\":\"https:\/\/www.elle.lu\/fr\/6519-kiko-milano-reinvente-le-solaire-avec-la-gamme-suncare.html#primaryimage\"},\"thumbnailUrl\":\"https:\/\/www.elle.lu\/fr\/wp-content\/uploads\/2015\/06\/kiko-cover-h.png\",\"articleSection\":[\"Beaut\u00e9\"],\"inLanguage\":\"fr-FR\",\"potentialAction\":[{\"@type\":\"CommentAction\",\"name\":\"Comment\",\"target\":[\"https:\/\/www.elle.lu\/fr\/6519-kiko-milano-reinvente-le-solaire-avec-la-gamme-suncare.html#respond\"]}]},{\"@type\":\"WebPage\",\"@id\":\"https:\/\/www.elle.lu\/fr\/6519-kiko-milano-reinvente-le-solaire-avec-la-gamme-suncare.html\",\"url\":\"https:\/\/www.elle.lu\/fr\/6519-kiko-milano-reinvente-le-solaire-avec-la-gamme-suncare.html\",\"name\":\"KIKO Milano r\u00e9invente le solaire avec la gamme Suncare\",\"isPartOf\":{\"@id\":\"https:\/\/www.elle.lu\/fr\/#website\"},\"primaryImageOfPage\":{\"@id\":\"https:\/\/www.elle.lu\/fr\/6519-kiko-milano-reinvente-le-solaire-avec-la-gamme-suncare.html#primaryimage\"},\"image\":{\"@id\":\"https:\/\/www.elle.lu\/fr\/6519-kiko-milano-reinvente-le-solaire-avec-la-gamme-suncare.html#primaryimage\"},\"thumbnailUrl\":\"https:\/\/www.elle.lu\/fr\/wp-content\/uploads\/2015\/06\/kiko-cover-h.png\",\"datePublished\":\"2025-07-03T05:00:11+00:00\",\"author\":{\"@id\":\"https:\/\/www.elle.lu\/fr\/#\/schema\/person\/9a5f02df96eeb8e12b1d6ca82571e874\"},\"description\":\"Cette ann\u00e9e, se prot\u00e9ger du soleil devient un rituel beaut\u00e9 chic et sensoriel, gr\u00e2ce \u00e0 la gamme Suncare de KIKO Milano !\",\"breadcrumb\":{\"@id\":\"https:\/\/www.elle.lu\/fr\/6519-kiko-milano-reinvente-le-solaire-avec-la-gamme-suncare.html#breadcrumb\"},\"inLanguage\":\"fr-FR\",\"potentialAction\":[{\"@type\":\"ReadAction\",\"target\":[\"https:\/\/www.elle.lu\/fr\/6519-kiko-milano-reinvente-le-solaire-avec-la-gamme-suncare.html\"]}]},{\"@type\":\"ImageObject\",\"inLanguage\":\"fr-FR\",\"@id\":\"https:\/\/www.elle.lu\/fr\/6519-kiko-milano-reinvente-le-solaire-avec-la-gamme-suncare.html#primaryimage\",\"url\":\"https:\/\/www.elle.lu\/fr\/wp-content\/uploads\/2015\/06\/kiko-cover-h.png\",\"contentUrl\":\"https:\/\/www.elle.lu\/fr\/wp-content\/uploads\/2015\/06\/kiko-cover-h.png\",\"width\":1200,\"height\":628,\"caption\":\"\u00a9 KIKO Milano\"},{\"@type\":\"BreadcrumbList\",\"@id\":\"https:\/\/www.elle.lu\/fr\/6519-kiko-milano-reinvente-le-solaire-avec-la-gamme-suncare.html#breadcrumb\",\"itemListElement\":[{\"@type\":\"ListItem\",\"position\":1,\"name\":\"Accueil\",\"item\":\"https:\/\/www.elle.lu\/fr\"},{\"@type\":\"ListItem\",\"position\":2,\"name\":\"KIKO Milano r\u00e9invente le solaire avec la gamme Suncare\"}]},{\"@type\":\"WebSite\",\"@id\":\"https:\/\/www.elle.lu\/fr\/#website\",\"url\":\"https:\/\/www.elle.lu\/fr\/\",\"name\":\"ELLE.lu\",\"description\":\"Explorez les derni\u00e8res tendances mode, beaut\u00e9 et art de vivre au Luxembourg sur ELLE.lu. Un contenu exclusivement luxembourgeois sur notre site, r\u00e9seaux sociaux et YouTube.\",\"potentialAction\":[{\"@type\":\"SearchAction\",\"target\":{\"@type\":\"EntryPoint\",\"urlTemplate\":\"https:\/\/www.elle.lu\/fr\/?s={search_term_string}\"},\"query-input\":{\"@type\":\"PropertyValueSpecification\",\"valueRequired\":true,\"valueName\":\"search_term_string\"}}],\"inLanguage\":\"fr-FR\"},{\"@type\":\"Person\",\"@id\":\"https:\/\/www.elle.lu\/fr\/#\/schema\/person\/9a5f02df96eeb8e12b1d6ca82571e874\",\"name\":\"ELLE Partenaire\",\"image\":{\"@type\":\"ImageObject\",\"inLanguage\":\"fr-FR\",\"@id\":\"https:\/\/secure.gravatar.com\/avatar\/1283bc96c392dcf16483a6b444d587f221f51a9b904e37614fbcea3e6d6ddce2?s=96&d=mm&r=g\",\"url\":\"https:\/\/secure.gravatar.com\/avatar\/1283bc96c392dcf16483a6b444d587f221f51a9b904e37614fbcea3e6d6ddce2?s=96&d=mm&r=g\",\"contentUrl\":\"https:\/\/secure.gravatar.com\/avatar\/1283bc96c392dcf16483a6b444d587f221f51a9b904e37614fbcea3e6d6ddce2?s=96&d=mm&r=g\",\"caption\":\"ELLE Partenaire\"},\"url\":\"https:\/\/www.elle.lu\/fr\/author\/stagiaire-creativelabgmail-com\"}]}<\/script>\n<!-- \/ Yoast SEO plugin. -->","yoast_head_json":{"title":"KIKO Milano r\u00e9invente le solaire avec la gamme Suncare","description":"Cette ann\u00e9e, se prot\u00e9ger du soleil devient un rituel beaut\u00e9 chic et sensoriel, gr\u00e2ce \u00e0 la gamme Suncare de KIKO Milano !","robots":{"index":"index","follow":"follow","max-snippet":"max-snippet:-1","max-image-preview":"max-image-preview:large","max-video-preview":"max-video-preview:-1"},"canonical":"https:\/\/www.elle.lu\/fr\/6519-kiko-milano-reinvente-le-solaire-avec-la-gamme-suncare.html","og_locale":"fr_FR","og_type":"article","og_title":"KIKO Milano r\u00e9invente le solaire avec la gamme Suncare","og_description":"Cette ann\u00e9e, se prot\u00e9ger du soleil devient un rituel beaut\u00e9 chic et sensoriel, gr\u00e2ce \u00e0 la gamme Suncare de KIKO Milano !","og_url":"https:\/\/www.elle.lu\/fr\/6519-kiko-milano-reinvente-le-solaire-avec-la-gamme-suncare.html","og_site_name":"ELLE.lu Luxembourg","article_published_time":"2025-07-03T05:00:11+00:00","og_image":[{"width":1200,"height":628,"url":"https:\/\/www.elle.lu\/fr\/wp-content\/uploads\/2015\/06\/kiko-cover-h.png","type":"image\/png"}],"author":"ELLE Partenaire","twitter_card":"summary_large_image","twitter_misc":{"\u00c9crit par":"ELLE Partenaire","Dur\u00e9e de lecture estim\u00e9e":"3 minutes"},"schema":{"@context":"https:\/\/schema.org","@graph":[{"@type":"Article","@id":"https:\/\/www.elle.lu\/fr\/6519-kiko-milano-reinvente-le-solaire-avec-la-gamme-suncare.html#article","isPartOf":{"@id":"https:\/\/www.elle.lu\/fr\/6519-kiko-milano-reinvente-le-solaire-avec-la-gamme-suncare.html"},"author":{"name":"ELLE Partenaire","@id":"https:\/\/www.elle.lu\/fr\/#\/schema\/person\/9a5f02df96eeb8e12b1d6ca82571e874"},"headline":"KIKO Milano r\u00e9invente le solaire avec la gamme Suncare","datePublished":"2025-07-03T05:00:11+00:00","mainEntityOfPage":{"@id":"https:\/\/www.elle.lu\/fr\/6519-kiko-milano-reinvente-le-solaire-avec-la-gamme-suncare.html"},"wordCount":588,"commentCount":0,"image":{"@id":"https:\/\/www.elle.lu\/fr\/6519-kiko-milano-reinvente-le-solaire-avec-la-gamme-suncare.html#primaryimage"},"thumbnailUrl":"https:\/\/www.elle.lu\/fr\/wp-content\/uploads\/2015\/06\/kiko-cover-h.png","articleSection":["Beaut\u00e9"],"inLanguage":"fr-FR","potentialAction":[{"@type":"CommentAction","name":"Comment","target":["https:\/\/www.elle.lu\/fr\/6519-kiko-milano-reinvente-le-solaire-avec-la-gamme-suncare.html#respond"]}]},{"@type":"WebPage","@id":"https:\/\/www.elle.lu\/fr\/6519-kiko-milano-reinvente-le-solaire-avec-la-gamme-suncare.html","url":"https:\/\/www.elle.lu\/fr\/6519-kiko-milano-reinvente-le-solaire-avec-la-gamme-suncare.html","name":"KIKO Milano r\u00e9invente le solaire avec la gamme Suncare","isPartOf":{"@id":"https:\/\/www.elle.lu\/fr\/#website"},"primaryImageOfPage":{"@id":"https:\/\/www.elle.lu\/fr\/6519-kiko-milano-reinvente-le-solaire-avec-la-gamme-suncare.html#primaryimage"},"image":{"@id":"https:\/\/www.elle.lu\/fr\/6519-kiko-milano-reinvente-le-solaire-avec-la-gamme-suncare.html#primaryimage"},"thumbnailUrl":"https:\/\/www.elle.lu\/fr\/wp-content\/uploads\/2015\/06\/kiko-cover-h.png","datePublished":"2025-07-03T05:00:11+00:00","author":{"@id":"https:\/\/www.elle.lu\/fr\/#\/schema\/person\/9a5f02df96eeb8e12b1d6ca82571e874"},"description":"Cette ann\u00e9e, se prot\u00e9ger du soleil devient un rituel beaut\u00e9 chic et sensoriel, gr\u00e2ce \u00e0 la gamme Suncare de KIKO Milano !","breadcrumb":{"@id":"https:\/\/www.elle.lu\/fr\/6519-kiko-milano-reinvente-le-solaire-avec-la-gamme-suncare.html#breadcrumb"},"inLanguage":"fr-FR","potentialAction":[{"@type":"ReadAction","target":["https:\/\/www.elle.lu\/fr\/6519-kiko-milano-reinvente-le-solaire-avec-la-gamme-suncare.html"]}]},{"@type":"ImageObject","inLanguage":"fr-FR","@id":"https:\/\/www.elle.lu\/fr\/6519-kiko-milano-reinvente-le-solaire-avec-la-gamme-suncare.html#primaryimage","url":"https:\/\/www.elle.lu\/fr\/wp-content\/uploads\/2015\/06\/kiko-cover-h.png","contentUrl":"https:\/\/www.elle.lu\/fr\/wp-content\/uploads\/2015\/06\/kiko-cover-h.png","width":1200,"height":628,"caption":"\u00a9 KIKO Milano"},{"@type":"BreadcrumbList","@id":"https:\/\/www.elle.lu\/fr\/6519-kiko-milano-reinvente-le-solaire-avec-la-gamme-suncare.html#breadcrumb","itemListElement":[{"@type":"ListItem","position":1,"name":"Accueil","item":"https:\/\/www.elle.lu\/fr"},{"@type":"ListItem","position":2,"name":"KIKO Milano r\u00e9invente le solaire avec la gamme Suncare"}]},{"@type":"WebSite","@id":"https:\/\/www.elle.lu\/fr\/#website","url":"https:\/\/www.elle.lu\/fr\/","name":"ELLE.lu","description":"Explorez les derni\u00e8res tendances mode, beaut\u00e9 et art de vivre au Luxembourg sur ELLE.lu. Un contenu exclusivement luxembourgeois sur notre site, r\u00e9seaux sociaux et YouTube.","potentialAction":[{"@type":"SearchAction","target":{"@type":"EntryPoint","urlTemplate":"https:\/\/www.elle.lu\/fr\/?s={search_term_string}"},"query-input":{"@type":"PropertyValueSpecification","valueRequired":true,"valueName":"search_term_string"}}],"inLanguage":"fr-FR"},{"@type":"Person","@id":"https:\/\/www.elle.lu\/fr\/#\/schema\/person\/9a5f02df96eeb8e12b1d6ca82571e874","name":"ELLE Partenaire","image":{"@type":"ImageObject","inLanguage":"fr-FR","@id":"https:\/\/secure.gravatar.com\/avatar\/1283bc96c392dcf16483a6b444d587f221f51a9b904e37614fbcea3e6d6ddce2?s=96&d=mm&r=g","url":"https:\/\/secure.gravatar.com\/avatar\/1283bc96c392dcf16483a6b444d587f221f51a9b904e37614fbcea3e6d6ddce2?s=96&d=mm&r=g","contentUrl":"https:\/\/secure.gravatar.com\/avatar\/1283bc96c392dcf16483a6b444d587f221f51a9b904e37614fbcea3e6d6ddce2?s=96&d=mm&r=g","caption":"ELLE Partenaire"},"url":"https:\/\/www.elle.lu\/fr\/author\/stagiaire-creativelabgmail-com"}]}},"jetpack_featured_media_url":"https:\/\/www.elle.lu\/fr\/wp-content\/uploads\/2015\/06\/kiko-cover-h.png","jetpack_sharing_enabled":true,"_links":{"self":[{"href":"https:\/\/www.elle.lu\/fr\/wp-json\/wp\/v2\/posts\/6519","targetHints":{"allow":["GET"]}}],"collection":[{"href":"https:\/\/www.elle.lu\/fr\/wp-json\/wp\/v2\/posts"}],"about":[{"href":"https:\/\/www.elle.lu\/fr\/wp-json\/wp\/v2\/types\/post"}],"author":[{"embeddable":true,"href":"https:\/\/www.elle.lu\/fr\/wp-json\/wp\/v2\/users\/20"}],"replies":[{"embeddable":true,"href":"https:\/\/www.elle.lu\/fr\/wp-json\/wp\/v2\/comments?post=6519"}],"version-history":[{"count":10,"href":"https:\/\/www.elle.lu\/fr\/wp-json\/wp\/v2\/posts\/6519\/revisions"}],"predecessor-version":[{"id":6728,"href":"https:\/\/www.elle.lu\/fr\/wp-json\/wp\/v2\/posts\/6519\/revisions\/6728"}],"wp:featuredmedia":[{"embeddable":true,"href":"https:\/\/www.elle.lu\/fr\/wp-json\/wp\/v2\/media\/6525"}],"wp:attachment":[{"href":"https:\/\/www.elle.lu\/fr\/wp-json\/wp\/v2\/media?parent=6519"}],"wp:term":[{"taxonomy":"category","embeddable":true,"href":"https:\/\/www.elle.lu\/fr\/wp-json\/wp\/v2\/categories?post=6519"},{"taxonomy":"post_tag","embeddable":true,"href":"https:\/\/www.elle.lu\/fr\/wp-json\/wp\/v2\/tags?post=6519"}],"curies":[{"name":"wp","href":"https:\/\/api.w.org\/{rel}","templated":true}]}}