{"id":6557,"date":"2025-06-30T07:00:52","date_gmt":"2025-06-30T05:00:52","guid":{"rendered":"https:\/\/www.elle.lu\/fr\/?p=6557"},"modified":"2025-07-01T09:36:26","modified_gmt":"2025-07-01T07:36:26","slug":"et-si-la-retraite-se-preparait-comme-un-projet-de-vie","status":"publish","type":"post","link":"https:\/\/www.elle.lu\/fr\/6557-et-si-la-retraite-se-preparait-comme-un-projet-de-vie.html","title":{"rendered":"Et si la retraite se pr\u00e9parait comme un projet de vie ?"},"content":{"rendered":"","protected":false},"excerpt":{"rendered":"Et si la retraite ne devait plus \u00eatre source d\u2019angoisse, mais un projet de vie \u00e0 construire pas \u00e0 pas, avec lucidit\u00e9 et confiance ? Telle est la vision pr\u00f4n\u00e9e par Baloise, assurance de r\u00e9f\u00e9rence au Luxembourg, \u00e0 la faveur d\u2019un accompagnement sur-mesure pour toutes celles et ceux qui souhaitent aborder cette \u00e9tape avec s\u00e9r\u00e9nit\u00e9.","protected":false},"author":20,"featured_media":6563,"comment_status":"open","ping_status":"open","sticky":false,"template":"","format":"standard","meta":{"_acf_changed":false,"_jetpack_memberships_contains_paid_content":false,"footnotes":""},"categories":[12],"tags":[],"class_list":["post-6557","post","type-post","status-publish","format-standard","has-post-thumbnail","hentry","category-societe"],"acf":[],"yoast_head":"<!-- This site is optimized with the Yoast SEO plugin v27.2 - https:\/\/yoast.com\/product\/yoast-seo-wordpress\/ -->\n<title>Et si la retraite se pr\u00e9parait comme un projet de vie ? - ELLE.lu Luxembourg<\/title>\n<meta name=\"description\" content=\"Et si la retraite ne devait plus \u00eatre source d\u2019angoisse, mais un projet de vie \u00e0 construire pas \u00e0 pas, avec lucidit\u00e9 et confiance ?\" \/>\n<meta name=\"robots\" content=\"index, follow, max-snippet:-1, max-image-preview:large, max-video-preview:-1\" \/>\n<link rel=\"canonical\" href=\"https:\/\/www.elle.lu\/fr\/6557-et-si-la-retraite-se-preparait-comme-un-projet-de-vie.html\" \/>\n<meta property=\"og:locale\" content=\"fr_FR\" \/>\n<meta property=\"og:type\" content=\"article\" \/>\n<meta property=\"og:title\" content=\"Et si la retraite se pr\u00e9parait comme un projet de vie ? - ELLE.lu Luxembourg\" \/>\n<meta property=\"og:description\" content=\"Et si la retraite ne devait plus \u00eatre source d\u2019angoisse, mais un projet de vie \u00e0 construire pas \u00e0 pas, avec lucidit\u00e9 et confiance ?\" \/>\n<meta property=\"og:url\" content=\"https:\/\/www.elle.lu\/fr\/6557-et-si-la-retraite-se-preparait-comme-un-projet-de-vie.html\" \/>\n<meta property=\"og:site_name\" content=\"ELLE.lu Luxembourg\" \/>\n<meta property=\"article:published_time\" content=\"2025-06-30T05:00:52+00:00\" \/>\n<meta property=\"article:modified_time\" content=\"2025-07-01T07:36:26+00:00\" \/>\n<meta property=\"og:image\" content=\"https:\/\/www.elle.lu\/fr\/wp-content\/uploads\/2015\/06\/elle-1200x628-baloise.png\" \/>\n\t<meta property=\"og:image:width\" content=\"1200\" \/>\n\t<meta property=\"og:image:height\" content=\"628\" \/>\n\t<meta property=\"og:image:type\" content=\"image\/png\" \/>\n<meta name=\"author\" content=\"ELLE Partenaire\" \/>\n<meta name=\"twitter:card\" content=\"summary_large_image\" \/>\n<meta name=\"twitter:label1\" content=\"\u00c9crit par\" \/>\n\t<meta name=\"twitter:data1\" content=\"ELLE Partenaire\" \/>\n\t<meta name=\"twitter:label2\" content=\"Dur\u00e9e de lecture estim\u00e9e\" \/>\n\t<meta name=\"twitter:data2\" content=\"4 minutes\" \/>\n<script type=\"application\/ld+json\" class=\"yoast-schema-graph\">{\"@context\":\"https:\/\/schema.org\",\"@graph\":[{\"@type\":\"Article\",\"@id\":\"https:\/\/www.elle.lu\/fr\/6557-et-si-la-retraite-se-preparait-comme-un-projet-de-vie.html#article\",\"isPartOf\":{\"@id\":\"https:\/\/www.elle.lu\/fr\/6557-et-si-la-retraite-se-preparait-comme-un-projet-de-vie.html\"},\"author\":{\"name\":\"ELLE Partenaire\",\"@id\":\"https:\/\/www.elle.lu\/fr\/#\/schema\/person\/9a5f02df96eeb8e12b1d6ca82571e874\"},\"headline\":\"Et si la retraite se pr\u00e9parait comme un projet de vie ?\",\"datePublished\":\"2025-06-30T05:00:52+00:00\",\"dateModified\":\"2025-07-01T07:36:26+00:00\",\"mainEntityOfPage\":{\"@id\":\"https:\/\/www.elle.lu\/fr\/6557-et-si-la-retraite-se-preparait-comme-un-projet-de-vie.html\"},\"wordCount\":641,\"commentCount\":0,\"image\":{\"@id\":\"https:\/\/www.elle.lu\/fr\/6557-et-si-la-retraite-se-preparait-comme-un-projet-de-vie.html#primaryimage\"},\"thumbnailUrl\":\"https:\/\/www.elle.lu\/fr\/wp-content\/uploads\/2015\/06\/elle-1200x628-baloise.png\",\"articleSection\":[\"Soci\u00e9t\u00e9\"],\"inLanguage\":\"fr-FR\",\"potentialAction\":[{\"@type\":\"CommentAction\",\"name\":\"Comment\",\"target\":[\"https:\/\/www.elle.lu\/fr\/6557-et-si-la-retraite-se-preparait-comme-un-projet-de-vie.html#respond\"]}]},{\"@type\":\"WebPage\",\"@id\":\"https:\/\/www.elle.lu\/fr\/6557-et-si-la-retraite-se-preparait-comme-un-projet-de-vie.html\",\"url\":\"https:\/\/www.elle.lu\/fr\/6557-et-si-la-retraite-se-preparait-comme-un-projet-de-vie.html\",\"name\":\"Et si la retraite se pr\u00e9parait comme un projet de vie ? - ELLE.lu Luxembourg\",\"isPartOf\":{\"@id\":\"https:\/\/www.elle.lu\/fr\/#website\"},\"primaryImageOfPage\":{\"@id\":\"https:\/\/www.elle.lu\/fr\/6557-et-si-la-retraite-se-preparait-comme-un-projet-de-vie.html#primaryimage\"},\"image\":{\"@id\":\"https:\/\/www.elle.lu\/fr\/6557-et-si-la-retraite-se-preparait-comme-un-projet-de-vie.html#primaryimage\"},\"thumbnailUrl\":\"https:\/\/www.elle.lu\/fr\/wp-content\/uploads\/2015\/06\/elle-1200x628-baloise.png\",\"datePublished\":\"2025-06-30T05:00:52+00:00\",\"dateModified\":\"2025-07-01T07:36:26+00:00\",\"author\":{\"@id\":\"https:\/\/www.elle.lu\/fr\/#\/schema\/person\/9a5f02df96eeb8e12b1d6ca82571e874\"},\"description\":\"Et si la retraite ne devait plus \u00eatre source d\u2019angoisse, mais un projet de vie \u00e0 construire pas \u00e0 pas, avec lucidit\u00e9 et confiance ?\",\"breadcrumb\":{\"@id\":\"https:\/\/www.elle.lu\/fr\/6557-et-si-la-retraite-se-preparait-comme-un-projet-de-vie.html#breadcrumb\"},\"inLanguage\":\"fr-FR\",\"potentialAction\":[{\"@type\":\"ReadAction\",\"target\":[\"https:\/\/www.elle.lu\/fr\/6557-et-si-la-retraite-se-preparait-comme-un-projet-de-vie.html\"]}]},{\"@type\":\"ImageObject\",\"inLanguage\":\"fr-FR\",\"@id\":\"https:\/\/www.elle.lu\/fr\/6557-et-si-la-retraite-se-preparait-comme-un-projet-de-vie.html#primaryimage\",\"url\":\"https:\/\/www.elle.lu\/fr\/wp-content\/uploads\/2015\/06\/elle-1200x628-baloise.png\",\"contentUrl\":\"https:\/\/www.elle.lu\/fr\/wp-content\/uploads\/2015\/06\/elle-1200x628-baloise.png\",\"width\":1200,\"height\":628,\"caption\":\"Adobe Stock\"},{\"@type\":\"BreadcrumbList\",\"@id\":\"https:\/\/www.elle.lu\/fr\/6557-et-si-la-retraite-se-preparait-comme-un-projet-de-vie.html#breadcrumb\",\"itemListElement\":[{\"@type\":\"ListItem\",\"position\":1,\"name\":\"Accueil\",\"item\":\"https:\/\/www.elle.lu\/fr\"},{\"@type\":\"ListItem\",\"position\":2,\"name\":\"Et si la retraite se pr\u00e9parait comme un projet de vie ?\"}]},{\"@type\":\"WebSite\",\"@id\":\"https:\/\/www.elle.lu\/fr\/#website\",\"url\":\"https:\/\/www.elle.lu\/fr\/\",\"name\":\"ELLE.lu\",\"description\":\"Explorez les derni\u00e8res tendances mode, beaut\u00e9 et art de vivre au Luxembourg sur ELLE.lu. Un contenu exclusivement luxembourgeois sur notre site, r\u00e9seaux sociaux et YouTube.\",\"potentialAction\":[{\"@type\":\"SearchAction\",\"target\":{\"@type\":\"EntryPoint\",\"urlTemplate\":\"https:\/\/www.elle.lu\/fr\/?s={search_term_string}\"},\"query-input\":{\"@type\":\"PropertyValueSpecification\",\"valueRequired\":true,\"valueName\":\"search_term_string\"}}],\"inLanguage\":\"fr-FR\"},{\"@type\":\"Person\",\"@id\":\"https:\/\/www.elle.lu\/fr\/#\/schema\/person\/9a5f02df96eeb8e12b1d6ca82571e874\",\"name\":\"ELLE Partenaire\",\"image\":{\"@type\":\"ImageObject\",\"inLanguage\":\"fr-FR\",\"@id\":\"https:\/\/secure.gravatar.com\/avatar\/1283bc96c392dcf16483a6b444d587f221f51a9b904e37614fbcea3e6d6ddce2?s=96&d=mm&r=g\",\"url\":\"https:\/\/secure.gravatar.com\/avatar\/1283bc96c392dcf16483a6b444d587f221f51a9b904e37614fbcea3e6d6ddce2?s=96&d=mm&r=g\",\"contentUrl\":\"https:\/\/secure.gravatar.com\/avatar\/1283bc96c392dcf16483a6b444d587f221f51a9b904e37614fbcea3e6d6ddce2?s=96&d=mm&r=g\",\"caption\":\"ELLE Partenaire\"},\"url\":\"https:\/\/www.elle.lu\/fr\/author\/stagiaire-creativelabgmail-com\"}]}<\/script>\n<!-- \/ Yoast SEO plugin. -->","yoast_head_json":{"title":"Et si la retraite se pr\u00e9parait comme un projet de vie ? - ELLE.lu Luxembourg","description":"Et si la retraite ne devait plus \u00eatre source d\u2019angoisse, mais un projet de vie \u00e0 construire pas \u00e0 pas, avec lucidit\u00e9 et confiance ?","robots":{"index":"index","follow":"follow","max-snippet":"max-snippet:-1","max-image-preview":"max-image-preview:large","max-video-preview":"max-video-preview:-1"},"canonical":"https:\/\/www.elle.lu\/fr\/6557-et-si-la-retraite-se-preparait-comme-un-projet-de-vie.html","og_locale":"fr_FR","og_type":"article","og_title":"Et si la retraite se pr\u00e9parait comme un projet de vie ? - ELLE.lu Luxembourg","og_description":"Et si la retraite ne devait plus \u00eatre source d\u2019angoisse, mais un projet de vie \u00e0 construire pas \u00e0 pas, avec lucidit\u00e9 et confiance ?","og_url":"https:\/\/www.elle.lu\/fr\/6557-et-si-la-retraite-se-preparait-comme-un-projet-de-vie.html","og_site_name":"ELLE.lu Luxembourg","article_published_time":"2025-06-30T05:00:52+00:00","article_modified_time":"2025-07-01T07:36:26+00:00","og_image":[{"width":1200,"height":628,"url":"https:\/\/www.elle.lu\/fr\/wp-content\/uploads\/2015\/06\/elle-1200x628-baloise.png","type":"image\/png"}],"author":"ELLE Partenaire","twitter_card":"summary_large_image","twitter_misc":{"\u00c9crit par":"ELLE Partenaire","Dur\u00e9e de lecture estim\u00e9e":"4 minutes"},"schema":{"@context":"https:\/\/schema.org","@graph":[{"@type":"Article","@id":"https:\/\/www.elle.lu\/fr\/6557-et-si-la-retraite-se-preparait-comme-un-projet-de-vie.html#article","isPartOf":{"@id":"https:\/\/www.elle.lu\/fr\/6557-et-si-la-retraite-se-preparait-comme-un-projet-de-vie.html"},"author":{"name":"ELLE Partenaire","@id":"https:\/\/www.elle.lu\/fr\/#\/schema\/person\/9a5f02df96eeb8e12b1d6ca82571e874"},"headline":"Et si la retraite se pr\u00e9parait comme un projet de vie ?","datePublished":"2025-06-30T05:00:52+00:00","dateModified":"2025-07-01T07:36:26+00:00","mainEntityOfPage":{"@id":"https:\/\/www.elle.lu\/fr\/6557-et-si-la-retraite-se-preparait-comme-un-projet-de-vie.html"},"wordCount":641,"commentCount":0,"image":{"@id":"https:\/\/www.elle.lu\/fr\/6557-et-si-la-retraite-se-preparait-comme-un-projet-de-vie.html#primaryimage"},"thumbnailUrl":"https:\/\/www.elle.lu\/fr\/wp-content\/uploads\/2015\/06\/elle-1200x628-baloise.png","articleSection":["Soci\u00e9t\u00e9"],"inLanguage":"fr-FR","potentialAction":[{"@type":"CommentAction","name":"Comment","target":["https:\/\/www.elle.lu\/fr\/6557-et-si-la-retraite-se-preparait-comme-un-projet-de-vie.html#respond"]}]},{"@type":"WebPage","@id":"https:\/\/www.elle.lu\/fr\/6557-et-si-la-retraite-se-preparait-comme-un-projet-de-vie.html","url":"https:\/\/www.elle.lu\/fr\/6557-et-si-la-retraite-se-preparait-comme-un-projet-de-vie.html","name":"Et si la retraite se pr\u00e9parait comme un projet de vie ? - ELLE.lu Luxembourg","isPartOf":{"@id":"https:\/\/www.elle.lu\/fr\/#website"},"primaryImageOfPage":{"@id":"https:\/\/www.elle.lu\/fr\/6557-et-si-la-retraite-se-preparait-comme-un-projet-de-vie.html#primaryimage"},"image":{"@id":"https:\/\/www.elle.lu\/fr\/6557-et-si-la-retraite-se-preparait-comme-un-projet-de-vie.html#primaryimage"},"thumbnailUrl":"https:\/\/www.elle.lu\/fr\/wp-content\/uploads\/2015\/06\/elle-1200x628-baloise.png","datePublished":"2025-06-30T05:00:52+00:00","dateModified":"2025-07-01T07:36:26+00:00","author":{"@id":"https:\/\/www.elle.lu\/fr\/#\/schema\/person\/9a5f02df96eeb8e12b1d6ca82571e874"},"description":"Et si la retraite ne devait plus \u00eatre source d\u2019angoisse, mais un projet de vie \u00e0 construire pas \u00e0 pas, avec lucidit\u00e9 et confiance ?","breadcrumb":{"@id":"https:\/\/www.elle.lu\/fr\/6557-et-si-la-retraite-se-preparait-comme-un-projet-de-vie.html#breadcrumb"},"inLanguage":"fr-FR","potentialAction":[{"@type":"ReadAction","target":["https:\/\/www.elle.lu\/fr\/6557-et-si-la-retraite-se-preparait-comme-un-projet-de-vie.html"]}]},{"@type":"ImageObject","inLanguage":"fr-FR","@id":"https:\/\/www.elle.lu\/fr\/6557-et-si-la-retraite-se-preparait-comme-un-projet-de-vie.html#primaryimage","url":"https:\/\/www.elle.lu\/fr\/wp-content\/uploads\/2015\/06\/elle-1200x628-baloise.png","contentUrl":"https:\/\/www.elle.lu\/fr\/wp-content\/uploads\/2015\/06\/elle-1200x628-baloise.png","width":1200,"height":628,"caption":"Adobe Stock"},{"@type":"BreadcrumbList","@id":"https:\/\/www.elle.lu\/fr\/6557-et-si-la-retraite-se-preparait-comme-un-projet-de-vie.html#breadcrumb","itemListElement":[{"@type":"ListItem","position":1,"name":"Accueil","item":"https:\/\/www.elle.lu\/fr"},{"@type":"ListItem","position":2,"name":"Et si la retraite se pr\u00e9parait comme un projet de vie ?"}]},{"@type":"WebSite","@id":"https:\/\/www.elle.lu\/fr\/#website","url":"https:\/\/www.elle.lu\/fr\/","name":"ELLE.lu","description":"Explorez les derni\u00e8res tendances mode, beaut\u00e9 et art de vivre au Luxembourg sur ELLE.lu. Un contenu exclusivement luxembourgeois sur notre site, r\u00e9seaux sociaux et YouTube.","potentialAction":[{"@type":"SearchAction","target":{"@type":"EntryPoint","urlTemplate":"https:\/\/www.elle.lu\/fr\/?s={search_term_string}"},"query-input":{"@type":"PropertyValueSpecification","valueRequired":true,"valueName":"search_term_string"}}],"inLanguage":"fr-FR"},{"@type":"Person","@id":"https:\/\/www.elle.lu\/fr\/#\/schema\/person\/9a5f02df96eeb8e12b1d6ca82571e874","name":"ELLE Partenaire","image":{"@type":"ImageObject","inLanguage":"fr-FR","@id":"https:\/\/secure.gravatar.com\/avatar\/1283bc96c392dcf16483a6b444d587f221f51a9b904e37614fbcea3e6d6ddce2?s=96&d=mm&r=g","url":"https:\/\/secure.gravatar.com\/avatar\/1283bc96c392dcf16483a6b444d587f221f51a9b904e37614fbcea3e6d6ddce2?s=96&d=mm&r=g","contentUrl":"https:\/\/secure.gravatar.com\/avatar\/1283bc96c392dcf16483a6b444d587f221f51a9b904e37614fbcea3e6d6ddce2?s=96&d=mm&r=g","caption":"ELLE Partenaire"},"url":"https:\/\/www.elle.lu\/fr\/author\/stagiaire-creativelabgmail-com"}]}},"jetpack_featured_media_url":"https:\/\/www.elle.lu\/fr\/wp-content\/uploads\/2015\/06\/elle-1200x628-baloise.png","jetpack_sharing_enabled":true,"_links":{"self":[{"href":"https:\/\/www.elle.lu\/fr\/wp-json\/wp\/v2\/posts\/6557","targetHints":{"allow":["GET"]}}],"collection":[{"href":"https:\/\/www.elle.lu\/fr\/wp-json\/wp\/v2\/posts"}],"about":[{"href":"https:\/\/www.elle.lu\/fr\/wp-json\/wp\/v2\/types\/post"}],"author":[{"embeddable":true,"href":"https:\/\/www.elle.lu\/fr\/wp-json\/wp\/v2\/users\/20"}],"replies":[{"embeddable":true,"href":"https:\/\/www.elle.lu\/fr\/wp-json\/wp\/v2\/comments?post=6557"}],"version-history":[{"count":4,"href":"https:\/\/www.elle.lu\/fr\/wp-json\/wp\/v2\/posts\/6557\/revisions"}],"predecessor-version":[{"id":6954,"href":"https:\/\/www.elle.lu\/fr\/wp-json\/wp\/v2\/posts\/6557\/revisions\/6954"}],"wp:featuredmedia":[{"embeddable":true,"href":"https:\/\/www.elle.lu\/fr\/wp-json\/wp\/v2\/media\/6563"}],"wp:attachment":[{"href":"https:\/\/www.elle.lu\/fr\/wp-json\/wp\/v2\/media?parent=6557"}],"wp:term":[{"taxonomy":"category","embeddable":true,"href":"https:\/\/www.elle.lu\/fr\/wp-json\/wp\/v2\/categories?post=6557"},{"taxonomy":"post_tag","embeddable":true,"href":"https:\/\/www.elle.lu\/fr\/wp-json\/wp\/v2\/tags?post=6557"}],"curies":[{"name":"wp","href":"https:\/\/api.w.org\/{rel}","templated":true}]}}