{"id":6729,"date":"2025-06-20T07:00:10","date_gmt":"2025-06-20T05:00:10","guid":{"rendered":"https:\/\/www.elle.lu\/fr\/?p=6729"},"modified":"2025-06-20T11:01:35","modified_gmt":"2025-06-20T09:01:35","slug":"quelles-sont-les-tendances-maillots-de-bain-en-2025","status":"publish","type":"post","link":"https:\/\/www.elle.lu\/fr\/6729-quelles-sont-les-tendances-maillots-de-bain-en-2025.html","title":{"rendered":"Quelles sont les tendances maillots de bain en 2025 ?"},"content":{"rendered":"","protected":false},"excerpt":{"rendered":"Alors que l\u2019\u00e9t\u00e9 approche \u00e0 grands pas et la chaleur qui monte en ville, on commence d\u00e9j\u00e0 \u00e0 r\u00eaver de farniente, de plages, de cocktails et de peau dor\u00e9e au soleil\u2026 Pour patienter, rien de tel que se pencher sur les tendances de maillots de bain qui vont faire des vagues cet \u00e9t\u00e9 !\nCette saison, les maillots se font couture, r\u00e9tro ou fleuris, mais toujours avec une bonne dose d\u2019audace.","protected":false},"author":49,"featured_media":6820,"comment_status":"open","ping_status":"open","sticky":false,"template":"","format":"standard","meta":{"_acf_changed":false,"_jetpack_memberships_contains_paid_content":false,"footnotes":""},"categories":[2],"tags":[],"class_list":["post-6729","post","type-post","status-publish","format-standard","has-post-thumbnail","hentry","category-mode"],"acf":[],"yoast_head":"<!-- This site is optimized with the Yoast SEO plugin v27.2 - https:\/\/yoast.com\/product\/yoast-seo-wordpress\/ -->\n<title>Quelles sont les tendances maillots de bain en 2025 ? - ELLE.lu Luxembourg<\/title>\n<meta name=\"description\" content=\"Alors que l\u2019\u00e9t\u00e9 approche \u00e0 grands pas, rien de tel que se pencher sur les tendances de maillots de bain 2025.\" \/>\n<meta name=\"robots\" content=\"index, follow, max-snippet:-1, max-image-preview:large, max-video-preview:-1\" \/>\n<link rel=\"canonical\" href=\"https:\/\/www.elle.lu\/fr\/6729-quelles-sont-les-tendances-maillots-de-bain-en-2025.html\" \/>\n<meta property=\"og:locale\" content=\"fr_FR\" \/>\n<meta property=\"og:type\" content=\"article\" \/>\n<meta property=\"og:title\" content=\"Quelles sont les tendances maillots de bain en 2025 ? - ELLE.lu Luxembourg\" \/>\n<meta property=\"og:description\" content=\"Alors que l\u2019\u00e9t\u00e9 approche \u00e0 grands pas, rien de tel que se pencher sur les tendances de maillots de bain 2025.\" \/>\n<meta property=\"og:url\" content=\"https:\/\/www.elle.lu\/fr\/6729-quelles-sont-les-tendances-maillots-de-bain-en-2025.html\" \/>\n<meta property=\"og:site_name\" content=\"ELLE.lu Luxembourg\" \/>\n<meta property=\"article:published_time\" content=\"2025-06-20T05:00:10+00:00\" \/>\n<meta property=\"article:modified_time\" content=\"2025-06-20T09:01:35+00:00\" \/>\n<meta property=\"og:image\" content=\"https:\/\/www.elle.lu\/fr\/wp-content\/uploads\/2025\/06\/yse-fragonard-ss25-4623-1024x683.jpg\" \/>\n\t<meta property=\"og:image:width\" content=\"1024\" \/>\n\t<meta property=\"og:image:height\" content=\"683\" \/>\n\t<meta property=\"og:image:type\" content=\"image\/jpeg\" \/>\n<meta name=\"author\" content=\"Sarah Braun\" \/>\n<meta name=\"twitter:card\" content=\"summary_large_image\" \/>\n<meta name=\"twitter:label1\" content=\"\u00c9crit par\" \/>\n\t<meta name=\"twitter:data1\" content=\"Sarah Braun\" \/>\n\t<meta name=\"twitter:label2\" content=\"Dur\u00e9e de lecture estim\u00e9e\" \/>\n\t<meta name=\"twitter:data2\" content=\"3 minutes\" \/>\n<script type=\"application\/ld+json\" class=\"yoast-schema-graph\">{\"@context\":\"https:\/\/schema.org\",\"@graph\":[{\"@type\":\"Article\",\"@id\":\"https:\/\/www.elle.lu\/fr\/6729-quelles-sont-les-tendances-maillots-de-bain-en-2025.html#article\",\"isPartOf\":{\"@id\":\"https:\/\/www.elle.lu\/fr\/6729-quelles-sont-les-tendances-maillots-de-bain-en-2025.html\"},\"author\":{\"name\":\"Sarah Braun\",\"@id\":\"https:\/\/www.elle.lu\/fr\/#\/schema\/person\/ac820204224d1a52c950088e1996b007\"},\"headline\":\"Quelles sont les tendances maillots de bain en 2025 ?\",\"datePublished\":\"2025-06-20T05:00:10+00:00\",\"dateModified\":\"2025-06-20T09:01:35+00:00\",\"mainEntityOfPage\":{\"@id\":\"https:\/\/www.elle.lu\/fr\/6729-quelles-sont-les-tendances-maillots-de-bain-en-2025.html\"},\"wordCount\":484,\"commentCount\":0,\"image\":{\"@id\":\"https:\/\/www.elle.lu\/fr\/6729-quelles-sont-les-tendances-maillots-de-bain-en-2025.html#primaryimage\"},\"thumbnailUrl\":\"https:\/\/www.elle.lu\/fr\/wp-content\/uploads\/2025\/06\/yse-fragonard-ss25-4623.jpg\",\"articleSection\":[\"Mode\"],\"inLanguage\":\"fr-FR\",\"potentialAction\":[{\"@type\":\"CommentAction\",\"name\":\"Comment\",\"target\":[\"https:\/\/www.elle.lu\/fr\/6729-quelles-sont-les-tendances-maillots-de-bain-en-2025.html#respond\"]}]},{\"@type\":\"WebPage\",\"@id\":\"https:\/\/www.elle.lu\/fr\/6729-quelles-sont-les-tendances-maillots-de-bain-en-2025.html\",\"url\":\"https:\/\/www.elle.lu\/fr\/6729-quelles-sont-les-tendances-maillots-de-bain-en-2025.html\",\"name\":\"Quelles sont les tendances maillots de bain en 2025 ? - ELLE.lu Luxembourg\",\"isPartOf\":{\"@id\":\"https:\/\/www.elle.lu\/fr\/#website\"},\"primaryImageOfPage\":{\"@id\":\"https:\/\/www.elle.lu\/fr\/6729-quelles-sont-les-tendances-maillots-de-bain-en-2025.html#primaryimage\"},\"image\":{\"@id\":\"https:\/\/www.elle.lu\/fr\/6729-quelles-sont-les-tendances-maillots-de-bain-en-2025.html#primaryimage\"},\"thumbnailUrl\":\"https:\/\/www.elle.lu\/fr\/wp-content\/uploads\/2025\/06\/yse-fragonard-ss25-4623.jpg\",\"datePublished\":\"2025-06-20T05:00:10+00:00\",\"dateModified\":\"2025-06-20T09:01:35+00:00\",\"author\":{\"@id\":\"https:\/\/www.elle.lu\/fr\/#\/schema\/person\/ac820204224d1a52c950088e1996b007\"},\"description\":\"Alors que l\u2019\u00e9t\u00e9 approche \u00e0 grands pas, rien de tel que se pencher sur les tendances de maillots de bain 2025.\",\"breadcrumb\":{\"@id\":\"https:\/\/www.elle.lu\/fr\/6729-quelles-sont-les-tendances-maillots-de-bain-en-2025.html#breadcrumb\"},\"inLanguage\":\"fr-FR\",\"potentialAction\":[{\"@type\":\"ReadAction\",\"target\":[\"https:\/\/www.elle.lu\/fr\/6729-quelles-sont-les-tendances-maillots-de-bain-en-2025.html\"]}]},{\"@type\":\"ImageObject\",\"inLanguage\":\"fr-FR\",\"@id\":\"https:\/\/www.elle.lu\/fr\/6729-quelles-sont-les-tendances-maillots-de-bain-en-2025.html#primaryimage\",\"url\":\"https:\/\/www.elle.lu\/fr\/wp-content\/uploads\/2025\/06\/yse-fragonard-ss25-4623.jpg\",\"contentUrl\":\"https:\/\/www.elle.lu\/fr\/wp-content\/uploads\/2025\/06\/yse-fragonard-ss25-4623.jpg\",\"width\":3298,\"height\":2200,\"caption\":\"\u00a9Ys\u00e9 x Fragonard\"},{\"@type\":\"BreadcrumbList\",\"@id\":\"https:\/\/www.elle.lu\/fr\/6729-quelles-sont-les-tendances-maillots-de-bain-en-2025.html#breadcrumb\",\"itemListElement\":[{\"@type\":\"ListItem\",\"position\":1,\"name\":\"Accueil\",\"item\":\"https:\/\/www.elle.lu\/fr\"},{\"@type\":\"ListItem\",\"position\":2,\"name\":\"Quelles sont les tendances maillots de bain en 2025 ?\"}]},{\"@type\":\"WebSite\",\"@id\":\"https:\/\/www.elle.lu\/fr\/#website\",\"url\":\"https:\/\/www.elle.lu\/fr\/\",\"name\":\"ELLE.lu\",\"description\":\"Explorez les derni\u00e8res tendances mode, beaut\u00e9 et art de vivre au Luxembourg sur ELLE.lu. Un contenu exclusivement luxembourgeois sur notre site, r\u00e9seaux sociaux et YouTube.\",\"potentialAction\":[{\"@type\":\"SearchAction\",\"target\":{\"@type\":\"EntryPoint\",\"urlTemplate\":\"https:\/\/www.elle.lu\/fr\/?s={search_term_string}\"},\"query-input\":{\"@type\":\"PropertyValueSpecification\",\"valueRequired\":true,\"valueName\":\"search_term_string\"}}],\"inLanguage\":\"fr-FR\"},{\"@type\":\"Person\",\"@id\":\"https:\/\/www.elle.lu\/fr\/#\/schema\/person\/ac820204224d1a52c950088e1996b007\",\"name\":\"Sarah Braun\",\"image\":{\"@type\":\"ImageObject\",\"inLanguage\":\"fr-FR\",\"@id\":\"https:\/\/secure.gravatar.com\/avatar\/795f10c954947838090d4f384b3a26b2352bf71fd41dd058f378fee046f7ce21?s=96&d=mm&r=g\",\"url\":\"https:\/\/secure.gravatar.com\/avatar\/795f10c954947838090d4f384b3a26b2352bf71fd41dd058f378fee046f7ce21?s=96&d=mm&r=g\",\"contentUrl\":\"https:\/\/secure.gravatar.com\/avatar\/795f10c954947838090d4f384b3a26b2352bf71fd41dd058f378fee046f7ce21?s=96&d=mm&r=g\",\"caption\":\"Sarah Braun\"},\"url\":\"https:\/\/www.elle.lu\/fr\/author\/sarahelle-lu\"}]}<\/script>\n<!-- \/ Yoast SEO plugin. -->","yoast_head_json":{"title":"Quelles sont les tendances maillots de bain en 2025 ? - ELLE.lu Luxembourg","description":"Alors que l\u2019\u00e9t\u00e9 approche \u00e0 grands pas, rien de tel que se pencher sur les tendances de maillots de bain 2025.","robots":{"index":"index","follow":"follow","max-snippet":"max-snippet:-1","max-image-preview":"max-image-preview:large","max-video-preview":"max-video-preview:-1"},"canonical":"https:\/\/www.elle.lu\/fr\/6729-quelles-sont-les-tendances-maillots-de-bain-en-2025.html","og_locale":"fr_FR","og_type":"article","og_title":"Quelles sont les tendances maillots de bain en 2025 ? - ELLE.lu Luxembourg","og_description":"Alors que l\u2019\u00e9t\u00e9 approche \u00e0 grands pas, rien de tel que se pencher sur les tendances de maillots de bain 2025.","og_url":"https:\/\/www.elle.lu\/fr\/6729-quelles-sont-les-tendances-maillots-de-bain-en-2025.html","og_site_name":"ELLE.lu Luxembourg","article_published_time":"2025-06-20T05:00:10+00:00","article_modified_time":"2025-06-20T09:01:35+00:00","og_image":[{"width":1024,"height":683,"url":"https:\/\/www.elle.lu\/fr\/wp-content\/uploads\/2025\/06\/yse-fragonard-ss25-4623-1024x683.jpg","type":"image\/jpeg"}],"author":"Sarah Braun","twitter_card":"summary_large_image","twitter_misc":{"\u00c9crit par":"Sarah Braun","Dur\u00e9e de lecture estim\u00e9e":"3 minutes"},"schema":{"@context":"https:\/\/schema.org","@graph":[{"@type":"Article","@id":"https:\/\/www.elle.lu\/fr\/6729-quelles-sont-les-tendances-maillots-de-bain-en-2025.html#article","isPartOf":{"@id":"https:\/\/www.elle.lu\/fr\/6729-quelles-sont-les-tendances-maillots-de-bain-en-2025.html"},"author":{"name":"Sarah Braun","@id":"https:\/\/www.elle.lu\/fr\/#\/schema\/person\/ac820204224d1a52c950088e1996b007"},"headline":"Quelles sont les tendances maillots de bain en 2025 ?","datePublished":"2025-06-20T05:00:10+00:00","dateModified":"2025-06-20T09:01:35+00:00","mainEntityOfPage":{"@id":"https:\/\/www.elle.lu\/fr\/6729-quelles-sont-les-tendances-maillots-de-bain-en-2025.html"},"wordCount":484,"commentCount":0,"image":{"@id":"https:\/\/www.elle.lu\/fr\/6729-quelles-sont-les-tendances-maillots-de-bain-en-2025.html#primaryimage"},"thumbnailUrl":"https:\/\/www.elle.lu\/fr\/wp-content\/uploads\/2025\/06\/yse-fragonard-ss25-4623.jpg","articleSection":["Mode"],"inLanguage":"fr-FR","potentialAction":[{"@type":"CommentAction","name":"Comment","target":["https:\/\/www.elle.lu\/fr\/6729-quelles-sont-les-tendances-maillots-de-bain-en-2025.html#respond"]}]},{"@type":"WebPage","@id":"https:\/\/www.elle.lu\/fr\/6729-quelles-sont-les-tendances-maillots-de-bain-en-2025.html","url":"https:\/\/www.elle.lu\/fr\/6729-quelles-sont-les-tendances-maillots-de-bain-en-2025.html","name":"Quelles sont les tendances maillots de bain en 2025 ? - ELLE.lu Luxembourg","isPartOf":{"@id":"https:\/\/www.elle.lu\/fr\/#website"},"primaryImageOfPage":{"@id":"https:\/\/www.elle.lu\/fr\/6729-quelles-sont-les-tendances-maillots-de-bain-en-2025.html#primaryimage"},"image":{"@id":"https:\/\/www.elle.lu\/fr\/6729-quelles-sont-les-tendances-maillots-de-bain-en-2025.html#primaryimage"},"thumbnailUrl":"https:\/\/www.elle.lu\/fr\/wp-content\/uploads\/2025\/06\/yse-fragonard-ss25-4623.jpg","datePublished":"2025-06-20T05:00:10+00:00","dateModified":"2025-06-20T09:01:35+00:00","author":{"@id":"https:\/\/www.elle.lu\/fr\/#\/schema\/person\/ac820204224d1a52c950088e1996b007"},"description":"Alors que l\u2019\u00e9t\u00e9 approche \u00e0 grands pas, rien de tel que se pencher sur les tendances de maillots de bain 2025.","breadcrumb":{"@id":"https:\/\/www.elle.lu\/fr\/6729-quelles-sont-les-tendances-maillots-de-bain-en-2025.html#breadcrumb"},"inLanguage":"fr-FR","potentialAction":[{"@type":"ReadAction","target":["https:\/\/www.elle.lu\/fr\/6729-quelles-sont-les-tendances-maillots-de-bain-en-2025.html"]}]},{"@type":"ImageObject","inLanguage":"fr-FR","@id":"https:\/\/www.elle.lu\/fr\/6729-quelles-sont-les-tendances-maillots-de-bain-en-2025.html#primaryimage","url":"https:\/\/www.elle.lu\/fr\/wp-content\/uploads\/2025\/06\/yse-fragonard-ss25-4623.jpg","contentUrl":"https:\/\/www.elle.lu\/fr\/wp-content\/uploads\/2025\/06\/yse-fragonard-ss25-4623.jpg","width":3298,"height":2200,"caption":"\u00a9Ys\u00e9 x Fragonard"},{"@type":"BreadcrumbList","@id":"https:\/\/www.elle.lu\/fr\/6729-quelles-sont-les-tendances-maillots-de-bain-en-2025.html#breadcrumb","itemListElement":[{"@type":"ListItem","position":1,"name":"Accueil","item":"https:\/\/www.elle.lu\/fr"},{"@type":"ListItem","position":2,"name":"Quelles sont les tendances maillots de bain en 2025 ?"}]},{"@type":"WebSite","@id":"https:\/\/www.elle.lu\/fr\/#website","url":"https:\/\/www.elle.lu\/fr\/","name":"ELLE.lu","description":"Explorez les derni\u00e8res tendances mode, beaut\u00e9 et art de vivre au Luxembourg sur ELLE.lu. Un contenu exclusivement luxembourgeois sur notre site, r\u00e9seaux sociaux et YouTube.","potentialAction":[{"@type":"SearchAction","target":{"@type":"EntryPoint","urlTemplate":"https:\/\/www.elle.lu\/fr\/?s={search_term_string}"},"query-input":{"@type":"PropertyValueSpecification","valueRequired":true,"valueName":"search_term_string"}}],"inLanguage":"fr-FR"},{"@type":"Person","@id":"https:\/\/www.elle.lu\/fr\/#\/schema\/person\/ac820204224d1a52c950088e1996b007","name":"Sarah Braun","image":{"@type":"ImageObject","inLanguage":"fr-FR","@id":"https:\/\/secure.gravatar.com\/avatar\/795f10c954947838090d4f384b3a26b2352bf71fd41dd058f378fee046f7ce21?s=96&d=mm&r=g","url":"https:\/\/secure.gravatar.com\/avatar\/795f10c954947838090d4f384b3a26b2352bf71fd41dd058f378fee046f7ce21?s=96&d=mm&r=g","contentUrl":"https:\/\/secure.gravatar.com\/avatar\/795f10c954947838090d4f384b3a26b2352bf71fd41dd058f378fee046f7ce21?s=96&d=mm&r=g","caption":"Sarah Braun"},"url":"https:\/\/www.elle.lu\/fr\/author\/sarahelle-lu"}]}},"jetpack_featured_media_url":"https:\/\/www.elle.lu\/fr\/wp-content\/uploads\/2025\/06\/yse-fragonard-ss25-4623.jpg","jetpack_sharing_enabled":true,"_links":{"self":[{"href":"https:\/\/www.elle.lu\/fr\/wp-json\/wp\/v2\/posts\/6729","targetHints":{"allow":["GET"]}}],"collection":[{"href":"https:\/\/www.elle.lu\/fr\/wp-json\/wp\/v2\/posts"}],"about":[{"href":"https:\/\/www.elle.lu\/fr\/wp-json\/wp\/v2\/types\/post"}],"author":[{"embeddable":true,"href":"https:\/\/www.elle.lu\/fr\/wp-json\/wp\/v2\/users\/49"}],"replies":[{"embeddable":true,"href":"https:\/\/www.elle.lu\/fr\/wp-json\/wp\/v2\/comments?post=6729"}],"version-history":[{"count":11,"href":"https:\/\/www.elle.lu\/fr\/wp-json\/wp\/v2\/posts\/6729\/revisions"}],"predecessor-version":[{"id":6829,"href":"https:\/\/www.elle.lu\/fr\/wp-json\/wp\/v2\/posts\/6729\/revisions\/6829"}],"wp:featuredmedia":[{"embeddable":true,"href":"https:\/\/www.elle.lu\/fr\/wp-json\/wp\/v2\/media\/6820"}],"wp:attachment":[{"href":"https:\/\/www.elle.lu\/fr\/wp-json\/wp\/v2\/media?parent=6729"}],"wp:term":[{"taxonomy":"category","embeddable":true,"href":"https:\/\/www.elle.lu\/fr\/wp-json\/wp\/v2\/categories?post=6729"},{"taxonomy":"post_tag","embeddable":true,"href":"https:\/\/www.elle.lu\/fr\/wp-json\/wp\/v2\/tags?post=6729"}],"curies":[{"name":"wp","href":"https:\/\/api.w.org\/{rel}","templated":true}]}}