{"id":6752,"date":"2025-06-18T07:00:54","date_gmt":"2025-06-18T05:00:54","guid":{"rendered":"https:\/\/www.elle.lu\/fr\/?p=6752"},"modified":"2025-06-26T16:51:37","modified_gmt":"2025-06-26T14:51:37","slug":"marianne-majerus-lart-fugace-des-jardins6752","status":"publish","type":"post","link":"https:\/\/www.elle.lu\/fr\/6752-marianne-majerus-lart-fugace-des-jardins6752.html","title":{"rendered":"Marianne Majerus : l\u2019art fugace des jardins"},"content":{"rendered":"","protected":false},"excerpt":{"rendered":"En juin, l\u2019abbaye de Neim\u00ebnster a accueilli des photographies de Marianne Majerus, que l&#8217;on peut \u00e9galement retrouver dans le tr\u00e8s beau livre Garden Photography Marianne Majerus, paru aux \u00e9ditions Binsfeld.","protected":false},"author":9,"featured_media":6754,"comment_status":"open","ping_status":"open","sticky":false,"template":"","format":"standard","meta":{"_acf_changed":false,"_jetpack_memberships_contains_paid_content":false,"footnotes":""},"categories":[13],"tags":[],"class_list":["post-6752","post","type-post","status-publish","format-standard","has-post-thumbnail","hentry","category-culture"],"acf":[],"yoast_head":"<!-- This site is optimized with the Yoast SEO plugin v27.2 - https:\/\/yoast.com\/product\/yoast-seo-wordpress\/ -->\n<title>Marianne Majerus : l\u2019art fugace des jardins - ELLE.lu Luxembourg<\/title>\n<meta name=\"description\" content=\"Jusqu&#039;au 25 juin 2025, l\u2019abbaye de Neim\u00ebnster accueille des photographies de Marianne Majerus.\" \/>\n<meta name=\"robots\" content=\"index, follow, max-snippet:-1, max-image-preview:large, max-video-preview:-1\" \/>\n<link rel=\"canonical\" href=\"https:\/\/www.elle.lu\/fr\/6752-marianne-majerus-lart-fugace-des-jardins6752.html\" \/>\n<meta property=\"og:locale\" content=\"fr_FR\" \/>\n<meta property=\"og:type\" content=\"article\" \/>\n<meta property=\"og:title\" content=\"Marianne Majerus : l\u2019art fugace des jardins - ELLE.lu Luxembourg\" \/>\n<meta property=\"og:description\" content=\"Jusqu&#039;au 25 juin 2025, l\u2019abbaye de Neim\u00ebnster accueille des photographies de Marianne Majerus.\" \/>\n<meta property=\"og:url\" content=\"https:\/\/www.elle.lu\/fr\/6752-marianne-majerus-lart-fugace-des-jardins6752.html\" \/>\n<meta property=\"og:site_name\" content=\"ELLE.lu Luxembourg\" \/>\n<meta property=\"article:published_time\" content=\"2025-06-18T05:00:54+00:00\" \/>\n<meta property=\"article:modified_time\" content=\"2025-06-26T14:51:37+00:00\" \/>\n<meta property=\"og:image\" content=\"https:\/\/www.elle.lu\/fr\/wp-content\/uploads\/2025\/06\/neimenster-marianne-majerus-1024x768.jpg\" \/>\n\t<meta property=\"og:image:width\" content=\"1024\" \/>\n\t<meta property=\"og:image:height\" content=\"768\" \/>\n\t<meta property=\"og:image:type\" content=\"image\/jpeg\" \/>\n<meta name=\"author\" content=\"Isabelle Debuchy\" \/>\n<meta name=\"twitter:card\" content=\"summary_large_image\" \/>\n<meta name=\"twitter:label1\" content=\"\u00c9crit par\" \/>\n\t<meta name=\"twitter:data1\" content=\"Isabelle Debuchy\" \/>\n\t<meta name=\"twitter:label2\" content=\"Dur\u00e9e de lecture estim\u00e9e\" \/>\n\t<meta name=\"twitter:data2\" content=\"6 minutes\" \/>\n<script type=\"application\/ld+json\" class=\"yoast-schema-graph\">{\"@context\":\"https:\/\/schema.org\",\"@graph\":[{\"@type\":\"Article\",\"@id\":\"https:\/\/www.elle.lu\/fr\/6752-marianne-majerus-lart-fugace-des-jardins6752.html#article\",\"isPartOf\":{\"@id\":\"https:\/\/www.elle.lu\/fr\/6752-marianne-majerus-lart-fugace-des-jardins6752.html\"},\"author\":{\"name\":\"Isabelle Debuchy\",\"@id\":\"https:\/\/www.elle.lu\/fr\/#\/schema\/person\/3fa5d507dcc12f34be8eef14429dab5f\"},\"headline\":\"Marianne Majerus : l\u2019art fugace des jardins\",\"datePublished\":\"2025-06-18T05:00:54+00:00\",\"dateModified\":\"2025-06-26T14:51:37+00:00\",\"mainEntityOfPage\":{\"@id\":\"https:\/\/www.elle.lu\/fr\/6752-marianne-majerus-lart-fugace-des-jardins6752.html\"},\"wordCount\":972,\"commentCount\":0,\"image\":{\"@id\":\"https:\/\/www.elle.lu\/fr\/6752-marianne-majerus-lart-fugace-des-jardins6752.html#primaryimage\"},\"thumbnailUrl\":\"https:\/\/www.elle.lu\/fr\/wp-content\/uploads\/2025\/06\/neimenster-marianne-majerus.jpg\",\"articleSection\":[\"Culture\"],\"inLanguage\":\"fr-FR\",\"potentialAction\":[{\"@type\":\"CommentAction\",\"name\":\"Comment\",\"target\":[\"https:\/\/www.elle.lu\/fr\/6752-marianne-majerus-lart-fugace-des-jardins6752.html#respond\"]}]},{\"@type\":\"WebPage\",\"@id\":\"https:\/\/www.elle.lu\/fr\/6752-marianne-majerus-lart-fugace-des-jardins6752.html\",\"url\":\"https:\/\/www.elle.lu\/fr\/6752-marianne-majerus-lart-fugace-des-jardins6752.html\",\"name\":\"Marianne Majerus : l\u2019art fugace des jardins - ELLE.lu Luxembourg\",\"isPartOf\":{\"@id\":\"https:\/\/www.elle.lu\/fr\/#website\"},\"primaryImageOfPage\":{\"@id\":\"https:\/\/www.elle.lu\/fr\/6752-marianne-majerus-lart-fugace-des-jardins6752.html#primaryimage\"},\"image\":{\"@id\":\"https:\/\/www.elle.lu\/fr\/6752-marianne-majerus-lart-fugace-des-jardins6752.html#primaryimage\"},\"thumbnailUrl\":\"https:\/\/www.elle.lu\/fr\/wp-content\/uploads\/2025\/06\/neimenster-marianne-majerus.jpg\",\"datePublished\":\"2025-06-18T05:00:54+00:00\",\"dateModified\":\"2025-06-26T14:51:37+00:00\",\"author\":{\"@id\":\"https:\/\/www.elle.lu\/fr\/#\/schema\/person\/3fa5d507dcc12f34be8eef14429dab5f\"},\"description\":\"Jusqu'au 25 juin 2025, l\u2019abbaye de Neim\u00ebnster accueille des photographies de Marianne Majerus.\",\"breadcrumb\":{\"@id\":\"https:\/\/www.elle.lu\/fr\/6752-marianne-majerus-lart-fugace-des-jardins6752.html#breadcrumb\"},\"inLanguage\":\"fr-FR\",\"potentialAction\":[{\"@type\":\"ReadAction\",\"target\":[\"https:\/\/www.elle.lu\/fr\/6752-marianne-majerus-lart-fugace-des-jardins6752.html\"]}]},{\"@type\":\"ImageObject\",\"inLanguage\":\"fr-FR\",\"@id\":\"https:\/\/www.elle.lu\/fr\/6752-marianne-majerus-lart-fugace-des-jardins6752.html#primaryimage\",\"url\":\"https:\/\/www.elle.lu\/fr\/wp-content\/uploads\/2025\/06\/neimenster-marianne-majerus.jpg\",\"contentUrl\":\"https:\/\/www.elle.lu\/fr\/wp-content\/uploads\/2025\/06\/neimenster-marianne-majerus.jpg\",\"width\":4032,\"height\":3024,\"caption\":\"\u00a9Marianne Majerus\"},{\"@type\":\"BreadcrumbList\",\"@id\":\"https:\/\/www.elle.lu\/fr\/6752-marianne-majerus-lart-fugace-des-jardins6752.html#breadcrumb\",\"itemListElement\":[{\"@type\":\"ListItem\",\"position\":1,\"name\":\"Accueil\",\"item\":\"https:\/\/www.elle.lu\/fr\"},{\"@type\":\"ListItem\",\"position\":2,\"name\":\"Marianne Majerus : l\u2019art fugace des jardins\"}]},{\"@type\":\"WebSite\",\"@id\":\"https:\/\/www.elle.lu\/fr\/#website\",\"url\":\"https:\/\/www.elle.lu\/fr\/\",\"name\":\"ELLE.lu\",\"description\":\"Explorez les derni\u00e8res tendances mode, beaut\u00e9 et art de vivre au Luxembourg sur ELLE.lu. Un contenu exclusivement luxembourgeois sur notre site, r\u00e9seaux sociaux et YouTube.\",\"potentialAction\":[{\"@type\":\"SearchAction\",\"target\":{\"@type\":\"EntryPoint\",\"urlTemplate\":\"https:\/\/www.elle.lu\/fr\/?s={search_term_string}\"},\"query-input\":{\"@type\":\"PropertyValueSpecification\",\"valueRequired\":true,\"valueName\":\"search_term_string\"}}],\"inLanguage\":\"fr-FR\"},{\"@type\":\"Person\",\"@id\":\"https:\/\/www.elle.lu\/fr\/#\/schema\/person\/3fa5d507dcc12f34be8eef14429dab5f\",\"name\":\"Isabelle Debuchy\",\"image\":{\"@type\":\"ImageObject\",\"inLanguage\":\"fr-FR\",\"@id\":\"https:\/\/secure.gravatar.com\/avatar\/43827824530f9ff21f1c5c795a1ea89f94b1bff09609a51da9316a8ff7e5f7f2?s=96&d=mm&r=g\",\"url\":\"https:\/\/secure.gravatar.com\/avatar\/43827824530f9ff21f1c5c795a1ea89f94b1bff09609a51da9316a8ff7e5f7f2?s=96&d=mm&r=g\",\"contentUrl\":\"https:\/\/secure.gravatar.com\/avatar\/43827824530f9ff21f1c5c795a1ea89f94b1bff09609a51da9316a8ff7e5f7f2?s=96&d=mm&r=g\",\"caption\":\"Isabelle Debuchy\"},\"url\":\"https:\/\/www.elle.lu\/fr\/author\/isabelle-debuchy\"}]}<\/script>\n<!-- \/ Yoast SEO plugin. -->","yoast_head_json":{"title":"Marianne Majerus : l\u2019art fugace des jardins - ELLE.lu Luxembourg","description":"Jusqu'au 25 juin 2025, l\u2019abbaye de Neim\u00ebnster accueille des photographies de Marianne Majerus.","robots":{"index":"index","follow":"follow","max-snippet":"max-snippet:-1","max-image-preview":"max-image-preview:large","max-video-preview":"max-video-preview:-1"},"canonical":"https:\/\/www.elle.lu\/fr\/6752-marianne-majerus-lart-fugace-des-jardins6752.html","og_locale":"fr_FR","og_type":"article","og_title":"Marianne Majerus : l\u2019art fugace des jardins - ELLE.lu Luxembourg","og_description":"Jusqu'au 25 juin 2025, l\u2019abbaye de Neim\u00ebnster accueille des photographies de Marianne Majerus.","og_url":"https:\/\/www.elle.lu\/fr\/6752-marianne-majerus-lart-fugace-des-jardins6752.html","og_site_name":"ELLE.lu Luxembourg","article_published_time":"2025-06-18T05:00:54+00:00","article_modified_time":"2025-06-26T14:51:37+00:00","og_image":[{"width":1024,"height":768,"url":"https:\/\/www.elle.lu\/fr\/wp-content\/uploads\/2025\/06\/neimenster-marianne-majerus-1024x768.jpg","type":"image\/jpeg"}],"author":"Isabelle Debuchy","twitter_card":"summary_large_image","twitter_misc":{"\u00c9crit par":"Isabelle Debuchy","Dur\u00e9e de lecture estim\u00e9e":"6 minutes"},"schema":{"@context":"https:\/\/schema.org","@graph":[{"@type":"Article","@id":"https:\/\/www.elle.lu\/fr\/6752-marianne-majerus-lart-fugace-des-jardins6752.html#article","isPartOf":{"@id":"https:\/\/www.elle.lu\/fr\/6752-marianne-majerus-lart-fugace-des-jardins6752.html"},"author":{"name":"Isabelle Debuchy","@id":"https:\/\/www.elle.lu\/fr\/#\/schema\/person\/3fa5d507dcc12f34be8eef14429dab5f"},"headline":"Marianne Majerus : l\u2019art fugace des jardins","datePublished":"2025-06-18T05:00:54+00:00","dateModified":"2025-06-26T14:51:37+00:00","mainEntityOfPage":{"@id":"https:\/\/www.elle.lu\/fr\/6752-marianne-majerus-lart-fugace-des-jardins6752.html"},"wordCount":972,"commentCount":0,"image":{"@id":"https:\/\/www.elle.lu\/fr\/6752-marianne-majerus-lart-fugace-des-jardins6752.html#primaryimage"},"thumbnailUrl":"https:\/\/www.elle.lu\/fr\/wp-content\/uploads\/2025\/06\/neimenster-marianne-majerus.jpg","articleSection":["Culture"],"inLanguage":"fr-FR","potentialAction":[{"@type":"CommentAction","name":"Comment","target":["https:\/\/www.elle.lu\/fr\/6752-marianne-majerus-lart-fugace-des-jardins6752.html#respond"]}]},{"@type":"WebPage","@id":"https:\/\/www.elle.lu\/fr\/6752-marianne-majerus-lart-fugace-des-jardins6752.html","url":"https:\/\/www.elle.lu\/fr\/6752-marianne-majerus-lart-fugace-des-jardins6752.html","name":"Marianne Majerus : l\u2019art fugace des jardins - ELLE.lu Luxembourg","isPartOf":{"@id":"https:\/\/www.elle.lu\/fr\/#website"},"primaryImageOfPage":{"@id":"https:\/\/www.elle.lu\/fr\/6752-marianne-majerus-lart-fugace-des-jardins6752.html#primaryimage"},"image":{"@id":"https:\/\/www.elle.lu\/fr\/6752-marianne-majerus-lart-fugace-des-jardins6752.html#primaryimage"},"thumbnailUrl":"https:\/\/www.elle.lu\/fr\/wp-content\/uploads\/2025\/06\/neimenster-marianne-majerus.jpg","datePublished":"2025-06-18T05:00:54+00:00","dateModified":"2025-06-26T14:51:37+00:00","author":{"@id":"https:\/\/www.elle.lu\/fr\/#\/schema\/person\/3fa5d507dcc12f34be8eef14429dab5f"},"description":"Jusqu'au 25 juin 2025, l\u2019abbaye de Neim\u00ebnster accueille des photographies de Marianne Majerus.","breadcrumb":{"@id":"https:\/\/www.elle.lu\/fr\/6752-marianne-majerus-lart-fugace-des-jardins6752.html#breadcrumb"},"inLanguage":"fr-FR","potentialAction":[{"@type":"ReadAction","target":["https:\/\/www.elle.lu\/fr\/6752-marianne-majerus-lart-fugace-des-jardins6752.html"]}]},{"@type":"ImageObject","inLanguage":"fr-FR","@id":"https:\/\/www.elle.lu\/fr\/6752-marianne-majerus-lart-fugace-des-jardins6752.html#primaryimage","url":"https:\/\/www.elle.lu\/fr\/wp-content\/uploads\/2025\/06\/neimenster-marianne-majerus.jpg","contentUrl":"https:\/\/www.elle.lu\/fr\/wp-content\/uploads\/2025\/06\/neimenster-marianne-majerus.jpg","width":4032,"height":3024,"caption":"\u00a9Marianne Majerus"},{"@type":"BreadcrumbList","@id":"https:\/\/www.elle.lu\/fr\/6752-marianne-majerus-lart-fugace-des-jardins6752.html#breadcrumb","itemListElement":[{"@type":"ListItem","position":1,"name":"Accueil","item":"https:\/\/www.elle.lu\/fr"},{"@type":"ListItem","position":2,"name":"Marianne Majerus : l\u2019art fugace des jardins"}]},{"@type":"WebSite","@id":"https:\/\/www.elle.lu\/fr\/#website","url":"https:\/\/www.elle.lu\/fr\/","name":"ELLE.lu","description":"Explorez les derni\u00e8res tendances mode, beaut\u00e9 et art de vivre au Luxembourg sur ELLE.lu. Un contenu exclusivement luxembourgeois sur notre site, r\u00e9seaux sociaux et YouTube.","potentialAction":[{"@type":"SearchAction","target":{"@type":"EntryPoint","urlTemplate":"https:\/\/www.elle.lu\/fr\/?s={search_term_string}"},"query-input":{"@type":"PropertyValueSpecification","valueRequired":true,"valueName":"search_term_string"}}],"inLanguage":"fr-FR"},{"@type":"Person","@id":"https:\/\/www.elle.lu\/fr\/#\/schema\/person\/3fa5d507dcc12f34be8eef14429dab5f","name":"Isabelle Debuchy","image":{"@type":"ImageObject","inLanguage":"fr-FR","@id":"https:\/\/secure.gravatar.com\/avatar\/43827824530f9ff21f1c5c795a1ea89f94b1bff09609a51da9316a8ff7e5f7f2?s=96&d=mm&r=g","url":"https:\/\/secure.gravatar.com\/avatar\/43827824530f9ff21f1c5c795a1ea89f94b1bff09609a51da9316a8ff7e5f7f2?s=96&d=mm&r=g","contentUrl":"https:\/\/secure.gravatar.com\/avatar\/43827824530f9ff21f1c5c795a1ea89f94b1bff09609a51da9316a8ff7e5f7f2?s=96&d=mm&r=g","caption":"Isabelle Debuchy"},"url":"https:\/\/www.elle.lu\/fr\/author\/isabelle-debuchy"}]}},"jetpack_featured_media_url":"https:\/\/www.elle.lu\/fr\/wp-content\/uploads\/2025\/06\/neimenster-marianne-majerus.jpg","jetpack_sharing_enabled":true,"_links":{"self":[{"href":"https:\/\/www.elle.lu\/fr\/wp-json\/wp\/v2\/posts\/6752","targetHints":{"allow":["GET"]}}],"collection":[{"href":"https:\/\/www.elle.lu\/fr\/wp-json\/wp\/v2\/posts"}],"about":[{"href":"https:\/\/www.elle.lu\/fr\/wp-json\/wp\/v2\/types\/post"}],"author":[{"embeddable":true,"href":"https:\/\/www.elle.lu\/fr\/wp-json\/wp\/v2\/users\/9"}],"replies":[{"embeddable":true,"href":"https:\/\/www.elle.lu\/fr\/wp-json\/wp\/v2\/comments?post=6752"}],"version-history":[{"count":5,"href":"https:\/\/www.elle.lu\/fr\/wp-json\/wp\/v2\/posts\/6752\/revisions"}],"predecessor-version":[{"id":6916,"href":"https:\/\/www.elle.lu\/fr\/wp-json\/wp\/v2\/posts\/6752\/revisions\/6916"}],"wp:featuredmedia":[{"embeddable":true,"href":"https:\/\/www.elle.lu\/fr\/wp-json\/wp\/v2\/media\/6754"}],"wp:attachment":[{"href":"https:\/\/www.elle.lu\/fr\/wp-json\/wp\/v2\/media?parent=6752"}],"wp:term":[{"taxonomy":"category","embeddable":true,"href":"https:\/\/www.elle.lu\/fr\/wp-json\/wp\/v2\/categories?post=6752"},{"taxonomy":"post_tag","embeddable":true,"href":"https:\/\/www.elle.lu\/fr\/wp-json\/wp\/v2\/tags?post=6752"}],"curies":[{"name":"wp","href":"https:\/\/api.w.org\/{rel}","templated":true}]}}