{"id":6832,"date":"2025-06-21T07:00:48","date_gmt":"2025-06-21T05:00:48","guid":{"rendered":"https:\/\/www.elle.lu\/fr\/?p=6832"},"modified":"2025-06-26T16:56:48","modified_gmt":"2025-06-26T14:56:48","slug":"les-plus-belles-librairies-et-cafes-litteraires-du-luxembourg","status":"publish","type":"post","link":"https:\/\/www.elle.lu\/fr\/6832-les-plus-belles-librairies-et-cafes-litteraires-du-luxembourg.html","title":{"rendered":"Les plus belles librairies et caf\u00e9s litt\u00e9raires du Luxembourg"},"content":{"rendered":"","protected":false},"excerpt":{"rendered":"Le Luxembourg regorge de lieux o\u00f9 les amoureux et amoureuses des livres peuvent se retrouver, pour fl\u00e2ner entre les rayonnages, savourer un caf\u00e9 en tournant les pages d\u2019un roman ou \u00e9changer autour de la litt\u00e9rature.","protected":false},"author":22,"featured_media":6840,"comment_status":"open","ping_status":"open","sticky":false,"template":"","format":"standard","meta":{"_acf_changed":false,"_jetpack_memberships_contains_paid_content":false,"footnotes":""},"categories":[4,8,13],"tags":[],"class_list":["post-6832","post","type-post","status-publish","format-standard","has-post-thumbnail","hentry","category-lifestyle","category-adresses","category-culture"],"acf":[],"yoast_head":"<!-- This site is optimized with the Yoast SEO plugin v27.2 - https:\/\/yoast.com\/product\/yoast-seo-wordpress\/ -->\n<title>Les plus belles librairies et caf\u00e9s litt\u00e9raires du Luxembourg - ELLE.lu Luxembourg<\/title>\n<meta name=\"description\" content=\"Le Luxembourg regorge de lieux destin\u00e9s aux amoureux et amoureuses des livres. Notre s\u00e9lection des plus belles librairies.\" \/>\n<meta name=\"robots\" content=\"index, follow, max-snippet:-1, max-image-preview:large, max-video-preview:-1\" \/>\n<link rel=\"canonical\" href=\"https:\/\/www.elle.lu\/fr\/6832-les-plus-belles-librairies-et-cafes-litteraires-du-luxembourg.html\" \/>\n<meta property=\"og:locale\" content=\"fr_FR\" \/>\n<meta property=\"og:type\" content=\"article\" \/>\n<meta property=\"og:title\" content=\"Les plus belles librairies et caf\u00e9s litt\u00e9raires du Luxembourg - ELLE.lu Luxembourg\" \/>\n<meta property=\"og:description\" content=\"Le Luxembourg regorge de lieux destin\u00e9s aux amoureux et amoureuses des livres. Notre s\u00e9lection des plus belles librairies.\" \/>\n<meta property=\"og:url\" content=\"https:\/\/www.elle.lu\/fr\/6832-les-plus-belles-librairies-et-cafes-litteraires-du-luxembourg.html\" \/>\n<meta property=\"og:site_name\" content=\"ELLE.lu Luxembourg\" \/>\n<meta property=\"article:published_time\" content=\"2025-06-21T05:00:48+00:00\" \/>\n<meta property=\"article:modified_time\" content=\"2025-06-26T14:56:48+00:00\" \/>\n<meta property=\"og:image\" content=\"https:\/\/www.elle.lu\/fr\/wp-content\/uploads\/2025\/06\/adobestock-108878475.jpeg\" \/>\n\t<meta property=\"og:image:width\" content=\"2808\" \/>\n\t<meta property=\"og:image:height\" content=\"1699\" \/>\n\t<meta property=\"og:image:type\" content=\"image\/jpeg\" \/>\n<meta name=\"author\" content=\"Am\u00e9lie Viel\" \/>\n<meta name=\"twitter:card\" content=\"summary_large_image\" \/>\n<meta name=\"twitter:label1\" content=\"\u00c9crit par\" \/>\n\t<meta name=\"twitter:data1\" content=\"Am\u00e9lie Viel\" \/>\n\t<meta name=\"twitter:label2\" content=\"Dur\u00e9e de lecture estim\u00e9e\" \/>\n\t<meta name=\"twitter:data2\" content=\"4 minutes\" \/>\n<script type=\"application\/ld+json\" class=\"yoast-schema-graph\">{\"@context\":\"https:\/\/schema.org\",\"@graph\":[{\"@type\":\"Article\",\"@id\":\"https:\/\/www.elle.lu\/fr\/6832-les-plus-belles-librairies-et-cafes-litteraires-du-luxembourg.html#article\",\"isPartOf\":{\"@id\":\"https:\/\/www.elle.lu\/fr\/6832-les-plus-belles-librairies-et-cafes-litteraires-du-luxembourg.html\"},\"author\":{\"name\":\"Am\u00e9lie Viel\",\"@id\":\"https:\/\/www.elle.lu\/fr\/#\/schema\/person\/d8e58272c652d7b5585c18e680540e1a\"},\"headline\":\"Les plus belles librairies et caf\u00e9s litt\u00e9raires du Luxembourg\",\"datePublished\":\"2025-06-21T05:00:48+00:00\",\"dateModified\":\"2025-06-26T14:56:48+00:00\",\"mainEntityOfPage\":{\"@id\":\"https:\/\/www.elle.lu\/fr\/6832-les-plus-belles-librairies-et-cafes-litteraires-du-luxembourg.html\"},\"wordCount\":661,\"commentCount\":0,\"image\":{\"@id\":\"https:\/\/www.elle.lu\/fr\/6832-les-plus-belles-librairies-et-cafes-litteraires-du-luxembourg.html#primaryimage\"},\"thumbnailUrl\":\"https:\/\/www.elle.lu\/fr\/wp-content\/uploads\/2025\/06\/adobestock-108878475.jpeg\",\"articleSection\":[\"Lifestyle\",\"Adresses\",\"Culture\"],\"inLanguage\":\"fr-FR\",\"potentialAction\":[{\"@type\":\"CommentAction\",\"name\":\"Comment\",\"target\":[\"https:\/\/www.elle.lu\/fr\/6832-les-plus-belles-librairies-et-cafes-litteraires-du-luxembourg.html#respond\"]}]},{\"@type\":\"WebPage\",\"@id\":\"https:\/\/www.elle.lu\/fr\/6832-les-plus-belles-librairies-et-cafes-litteraires-du-luxembourg.html\",\"url\":\"https:\/\/www.elle.lu\/fr\/6832-les-plus-belles-librairies-et-cafes-litteraires-du-luxembourg.html\",\"name\":\"Les plus belles librairies et caf\u00e9s litt\u00e9raires du Luxembourg - ELLE.lu Luxembourg\",\"isPartOf\":{\"@id\":\"https:\/\/www.elle.lu\/fr\/#website\"},\"primaryImageOfPage\":{\"@id\":\"https:\/\/www.elle.lu\/fr\/6832-les-plus-belles-librairies-et-cafes-litteraires-du-luxembourg.html#primaryimage\"},\"image\":{\"@id\":\"https:\/\/www.elle.lu\/fr\/6832-les-plus-belles-librairies-et-cafes-litteraires-du-luxembourg.html#primaryimage\"},\"thumbnailUrl\":\"https:\/\/www.elle.lu\/fr\/wp-content\/uploads\/2025\/06\/adobestock-108878475.jpeg\",\"datePublished\":\"2025-06-21T05:00:48+00:00\",\"dateModified\":\"2025-06-26T14:56:48+00:00\",\"author\":{\"@id\":\"https:\/\/www.elle.lu\/fr\/#\/schema\/person\/d8e58272c652d7b5585c18e680540e1a\"},\"description\":\"Le Luxembourg regorge de lieux destin\u00e9s aux amoureux et amoureuses des livres. Notre s\u00e9lection des plus belles librairies.\",\"breadcrumb\":{\"@id\":\"https:\/\/www.elle.lu\/fr\/6832-les-plus-belles-librairies-et-cafes-litteraires-du-luxembourg.html#breadcrumb\"},\"inLanguage\":\"fr-FR\",\"potentialAction\":[{\"@type\":\"ReadAction\",\"target\":[\"https:\/\/www.elle.lu\/fr\/6832-les-plus-belles-librairies-et-cafes-litteraires-du-luxembourg.html\"]}]},{\"@type\":\"ImageObject\",\"inLanguage\":\"fr-FR\",\"@id\":\"https:\/\/www.elle.lu\/fr\/6832-les-plus-belles-librairies-et-cafes-litteraires-du-luxembourg.html#primaryimage\",\"url\":\"https:\/\/www.elle.lu\/fr\/wp-content\/uploads\/2025\/06\/adobestock-108878475.jpeg\",\"contentUrl\":\"https:\/\/www.elle.lu\/fr\/wp-content\/uploads\/2025\/06\/adobestock-108878475.jpeg\",\"width\":2808,\"height\":1699,\"caption\":\"\u00a9Adobe Stock\"},{\"@type\":\"BreadcrumbList\",\"@id\":\"https:\/\/www.elle.lu\/fr\/6832-les-plus-belles-librairies-et-cafes-litteraires-du-luxembourg.html#breadcrumb\",\"itemListElement\":[{\"@type\":\"ListItem\",\"position\":1,\"name\":\"Accueil\",\"item\":\"https:\/\/www.elle.lu\/fr\"},{\"@type\":\"ListItem\",\"position\":2,\"name\":\"Les plus belles librairies et caf\u00e9s litt\u00e9raires du Luxembourg\"}]},{\"@type\":\"WebSite\",\"@id\":\"https:\/\/www.elle.lu\/fr\/#website\",\"url\":\"https:\/\/www.elle.lu\/fr\/\",\"name\":\"ELLE.lu\",\"description\":\"Explorez les derni\u00e8res tendances mode, beaut\u00e9 et art de vivre au Luxembourg sur ELLE.lu. Un contenu exclusivement luxembourgeois sur notre site, r\u00e9seaux sociaux et YouTube.\",\"potentialAction\":[{\"@type\":\"SearchAction\",\"target\":{\"@type\":\"EntryPoint\",\"urlTemplate\":\"https:\/\/www.elle.lu\/fr\/?s={search_term_string}\"},\"query-input\":{\"@type\":\"PropertyValueSpecification\",\"valueRequired\":true,\"valueName\":\"search_term_string\"}}],\"inLanguage\":\"fr-FR\"},{\"@type\":\"Person\",\"@id\":\"https:\/\/www.elle.lu\/fr\/#\/schema\/person\/d8e58272c652d7b5585c18e680540e1a\",\"name\":\"Am\u00e9lie Viel\",\"image\":{\"@type\":\"ImageObject\",\"inLanguage\":\"fr-FR\",\"@id\":\"https:\/\/secure.gravatar.com\/avatar\/9741e9c258430d1c256463230ffaa49331981030725fd18fbb7eb78faca6a840?s=96&d=mm&r=g\",\"url\":\"https:\/\/secure.gravatar.com\/avatar\/9741e9c258430d1c256463230ffaa49331981030725fd18fbb7eb78faca6a840?s=96&d=mm&r=g\",\"contentUrl\":\"https:\/\/secure.gravatar.com\/avatar\/9741e9c258430d1c256463230ffaa49331981030725fd18fbb7eb78faca6a840?s=96&d=mm&r=g\",\"caption\":\"Am\u00e9lie Viel\"},\"url\":\"https:\/\/www.elle.lu\/fr\/author\/amelie-viel\"}]}<\/script>\n<!-- \/ Yoast SEO plugin. -->","yoast_head_json":{"title":"Les plus belles librairies et caf\u00e9s litt\u00e9raires du Luxembourg - ELLE.lu Luxembourg","description":"Le Luxembourg regorge de lieux destin\u00e9s aux amoureux et amoureuses des livres. Notre s\u00e9lection des plus belles librairies.","robots":{"index":"index","follow":"follow","max-snippet":"max-snippet:-1","max-image-preview":"max-image-preview:large","max-video-preview":"max-video-preview:-1"},"canonical":"https:\/\/www.elle.lu\/fr\/6832-les-plus-belles-librairies-et-cafes-litteraires-du-luxembourg.html","og_locale":"fr_FR","og_type":"article","og_title":"Les plus belles librairies et caf\u00e9s litt\u00e9raires du Luxembourg - ELLE.lu Luxembourg","og_description":"Le Luxembourg regorge de lieux destin\u00e9s aux amoureux et amoureuses des livres. Notre s\u00e9lection des plus belles librairies.","og_url":"https:\/\/www.elle.lu\/fr\/6832-les-plus-belles-librairies-et-cafes-litteraires-du-luxembourg.html","og_site_name":"ELLE.lu Luxembourg","article_published_time":"2025-06-21T05:00:48+00:00","article_modified_time":"2025-06-26T14:56:48+00:00","og_image":[{"width":2808,"height":1699,"url":"https:\/\/www.elle.lu\/fr\/wp-content\/uploads\/2025\/06\/adobestock-108878475.jpeg","type":"image\/jpeg"}],"author":"Am\u00e9lie Viel","twitter_card":"summary_large_image","twitter_misc":{"\u00c9crit par":"Am\u00e9lie Viel","Dur\u00e9e de lecture estim\u00e9e":"4 minutes"},"schema":{"@context":"https:\/\/schema.org","@graph":[{"@type":"Article","@id":"https:\/\/www.elle.lu\/fr\/6832-les-plus-belles-librairies-et-cafes-litteraires-du-luxembourg.html#article","isPartOf":{"@id":"https:\/\/www.elle.lu\/fr\/6832-les-plus-belles-librairies-et-cafes-litteraires-du-luxembourg.html"},"author":{"name":"Am\u00e9lie Viel","@id":"https:\/\/www.elle.lu\/fr\/#\/schema\/person\/d8e58272c652d7b5585c18e680540e1a"},"headline":"Les plus belles librairies et caf\u00e9s litt\u00e9raires du Luxembourg","datePublished":"2025-06-21T05:00:48+00:00","dateModified":"2025-06-26T14:56:48+00:00","mainEntityOfPage":{"@id":"https:\/\/www.elle.lu\/fr\/6832-les-plus-belles-librairies-et-cafes-litteraires-du-luxembourg.html"},"wordCount":661,"commentCount":0,"image":{"@id":"https:\/\/www.elle.lu\/fr\/6832-les-plus-belles-librairies-et-cafes-litteraires-du-luxembourg.html#primaryimage"},"thumbnailUrl":"https:\/\/www.elle.lu\/fr\/wp-content\/uploads\/2025\/06\/adobestock-108878475.jpeg","articleSection":["Lifestyle","Adresses","Culture"],"inLanguage":"fr-FR","potentialAction":[{"@type":"CommentAction","name":"Comment","target":["https:\/\/www.elle.lu\/fr\/6832-les-plus-belles-librairies-et-cafes-litteraires-du-luxembourg.html#respond"]}]},{"@type":"WebPage","@id":"https:\/\/www.elle.lu\/fr\/6832-les-plus-belles-librairies-et-cafes-litteraires-du-luxembourg.html","url":"https:\/\/www.elle.lu\/fr\/6832-les-plus-belles-librairies-et-cafes-litteraires-du-luxembourg.html","name":"Les plus belles librairies et caf\u00e9s litt\u00e9raires du Luxembourg - ELLE.lu Luxembourg","isPartOf":{"@id":"https:\/\/www.elle.lu\/fr\/#website"},"primaryImageOfPage":{"@id":"https:\/\/www.elle.lu\/fr\/6832-les-plus-belles-librairies-et-cafes-litteraires-du-luxembourg.html#primaryimage"},"image":{"@id":"https:\/\/www.elle.lu\/fr\/6832-les-plus-belles-librairies-et-cafes-litteraires-du-luxembourg.html#primaryimage"},"thumbnailUrl":"https:\/\/www.elle.lu\/fr\/wp-content\/uploads\/2025\/06\/adobestock-108878475.jpeg","datePublished":"2025-06-21T05:00:48+00:00","dateModified":"2025-06-26T14:56:48+00:00","author":{"@id":"https:\/\/www.elle.lu\/fr\/#\/schema\/person\/d8e58272c652d7b5585c18e680540e1a"},"description":"Le Luxembourg regorge de lieux destin\u00e9s aux amoureux et amoureuses des livres. Notre s\u00e9lection des plus belles librairies.","breadcrumb":{"@id":"https:\/\/www.elle.lu\/fr\/6832-les-plus-belles-librairies-et-cafes-litteraires-du-luxembourg.html#breadcrumb"},"inLanguage":"fr-FR","potentialAction":[{"@type":"ReadAction","target":["https:\/\/www.elle.lu\/fr\/6832-les-plus-belles-librairies-et-cafes-litteraires-du-luxembourg.html"]}]},{"@type":"ImageObject","inLanguage":"fr-FR","@id":"https:\/\/www.elle.lu\/fr\/6832-les-plus-belles-librairies-et-cafes-litteraires-du-luxembourg.html#primaryimage","url":"https:\/\/www.elle.lu\/fr\/wp-content\/uploads\/2025\/06\/adobestock-108878475.jpeg","contentUrl":"https:\/\/www.elle.lu\/fr\/wp-content\/uploads\/2025\/06\/adobestock-108878475.jpeg","width":2808,"height":1699,"caption":"\u00a9Adobe Stock"},{"@type":"BreadcrumbList","@id":"https:\/\/www.elle.lu\/fr\/6832-les-plus-belles-librairies-et-cafes-litteraires-du-luxembourg.html#breadcrumb","itemListElement":[{"@type":"ListItem","position":1,"name":"Accueil","item":"https:\/\/www.elle.lu\/fr"},{"@type":"ListItem","position":2,"name":"Les plus belles librairies et caf\u00e9s litt\u00e9raires du Luxembourg"}]},{"@type":"WebSite","@id":"https:\/\/www.elle.lu\/fr\/#website","url":"https:\/\/www.elle.lu\/fr\/","name":"ELLE.lu","description":"Explorez les derni\u00e8res tendances mode, beaut\u00e9 et art de vivre au Luxembourg sur ELLE.lu. Un contenu exclusivement luxembourgeois sur notre site, r\u00e9seaux sociaux et YouTube.","potentialAction":[{"@type":"SearchAction","target":{"@type":"EntryPoint","urlTemplate":"https:\/\/www.elle.lu\/fr\/?s={search_term_string}"},"query-input":{"@type":"PropertyValueSpecification","valueRequired":true,"valueName":"search_term_string"}}],"inLanguage":"fr-FR"},{"@type":"Person","@id":"https:\/\/www.elle.lu\/fr\/#\/schema\/person\/d8e58272c652d7b5585c18e680540e1a","name":"Am\u00e9lie Viel","image":{"@type":"ImageObject","inLanguage":"fr-FR","@id":"https:\/\/secure.gravatar.com\/avatar\/9741e9c258430d1c256463230ffaa49331981030725fd18fbb7eb78faca6a840?s=96&d=mm&r=g","url":"https:\/\/secure.gravatar.com\/avatar\/9741e9c258430d1c256463230ffaa49331981030725fd18fbb7eb78faca6a840?s=96&d=mm&r=g","contentUrl":"https:\/\/secure.gravatar.com\/avatar\/9741e9c258430d1c256463230ffaa49331981030725fd18fbb7eb78faca6a840?s=96&d=mm&r=g","caption":"Am\u00e9lie Viel"},"url":"https:\/\/www.elle.lu\/fr\/author\/amelie-viel"}]}},"jetpack_featured_media_url":"https:\/\/www.elle.lu\/fr\/wp-content\/uploads\/2025\/06\/adobestock-108878475.jpeg","jetpack_sharing_enabled":true,"_links":{"self":[{"href":"https:\/\/www.elle.lu\/fr\/wp-json\/wp\/v2\/posts\/6832","targetHints":{"allow":["GET"]}}],"collection":[{"href":"https:\/\/www.elle.lu\/fr\/wp-json\/wp\/v2\/posts"}],"about":[{"href":"https:\/\/www.elle.lu\/fr\/wp-json\/wp\/v2\/types\/post"}],"author":[{"embeddable":true,"href":"https:\/\/www.elle.lu\/fr\/wp-json\/wp\/v2\/users\/22"}],"replies":[{"embeddable":true,"href":"https:\/\/www.elle.lu\/fr\/wp-json\/wp\/v2\/comments?post=6832"}],"version-history":[{"count":3,"href":"https:\/\/www.elle.lu\/fr\/wp-json\/wp\/v2\/posts\/6832\/revisions"}],"predecessor-version":[{"id":6919,"href":"https:\/\/www.elle.lu\/fr\/wp-json\/wp\/v2\/posts\/6832\/revisions\/6919"}],"wp:featuredmedia":[{"embeddable":true,"href":"https:\/\/www.elle.lu\/fr\/wp-json\/wp\/v2\/media\/6840"}],"wp:attachment":[{"href":"https:\/\/www.elle.lu\/fr\/wp-json\/wp\/v2\/media?parent=6832"}],"wp:term":[{"taxonomy":"category","embeddable":true,"href":"https:\/\/www.elle.lu\/fr\/wp-json\/wp\/v2\/categories?post=6832"},{"taxonomy":"post_tag","embeddable":true,"href":"https:\/\/www.elle.lu\/fr\/wp-json\/wp\/v2\/tags?post=6832"}],"curies":[{"name":"wp","href":"https:\/\/api.w.org\/{rel}","templated":true}]}}