{"id":6864,"date":"2025-06-25T07:00:21","date_gmt":"2025-06-25T05:00:21","guid":{"rendered":"https:\/\/www.elle.lu\/fr\/?p=6864"},"modified":"2025-06-26T16:53:16","modified_gmt":"2025-06-26T14:53:16","slug":"abonnez-vous-a-elle-luxembourg6864","status":"publish","type":"post","link":"https:\/\/www.elle.lu\/fr\/6864-abonnez-vous-a-elle-luxembourg6864.html","title":{"rendered":"Abonnez-vous \u00e0 ELLE Luxembourg"},"content":{"rendered":"","protected":false},"excerpt":{"rendered":"Mode, beaut\u00e9, culture, lifestyle\u2026 et bien plus encore. ...","protected":false},"author":14,"featured_media":6867,"comment_status":"open","ping_status":"open","sticky":false,"template":"","format":"standard","meta":{"_acf_changed":false,"_jetpack_memberships_contains_paid_content":false,"footnotes":""},"categories":[9,12],"tags":[],"class_list":["post-6864","post","type-post","status-publish","format-standard","has-post-thumbnail","hentry","category-actu","category-societe"],"acf":[],"yoast_head":"<!-- This site is optimized with the Yoast SEO plugin v27.2 - https:\/\/yoast.com\/product\/yoast-seo-wordpress\/ -->\n<title>Abonnez-vous \u00e0 ELLE Luxembourg - ELLE.lu Luxembourg<\/title>\n<meta name=\"description\" content=\"Ne manquez aucun num\u00e9ro de ELLE Luxembourg en vous abonnant ! Elle Luxembourg 4 est, enfin, disponible partout !\" \/>\n<meta name=\"robots\" content=\"index, follow, max-snippet:-1, max-image-preview:large, max-video-preview:-1\" \/>\n<link rel=\"canonical\" href=\"https:\/\/www.elle.lu\/fr\/6864-abonnez-vous-a-elle-luxembourg6864.html\" \/>\n<meta property=\"og:locale\" content=\"fr_FR\" \/>\n<meta property=\"og:type\" content=\"article\" \/>\n<meta property=\"og:title\" content=\"Abonnez-vous \u00e0 ELLE Luxembourg - ELLE.lu Luxembourg\" \/>\n<meta property=\"og:description\" content=\"Ne manquez aucun num\u00e9ro de ELLE Luxembourg en vous abonnant ! Elle Luxembourg 4 est, enfin, disponible partout !\" \/>\n<meta property=\"og:url\" content=\"https:\/\/www.elle.lu\/fr\/6864-abonnez-vous-a-elle-luxembourg6864.html\" \/>\n<meta property=\"og:site_name\" content=\"ELLE.lu Luxembourg\" \/>\n<meta property=\"article:published_time\" content=\"2025-06-25T05:00:21+00:00\" \/>\n<meta property=\"article:modified_time\" content=\"2025-06-26T14:53:16+00:00\" \/>\n<meta property=\"og:image\" content=\"https:\/\/www.elle.lu\/fr\/wp-content\/uploads\/2025\/06\/elle4-en-kiosque-edito.jpg\" \/>\n\t<meta property=\"og:image:width\" content=\"1600\" \/>\n\t<meta property=\"og:image:height\" content=\"800\" \/>\n\t<meta property=\"og:image:type\" content=\"image\/jpeg\" \/>\n<meta name=\"author\" content=\"ELLE Luxembourg\" \/>\n<meta name=\"twitter:card\" content=\"summary_large_image\" \/>\n<meta name=\"twitter:label1\" content=\"\u00c9crit par\" \/>\n\t<meta name=\"twitter:data1\" content=\"ELLE Luxembourg\" \/>\n\t<meta name=\"twitter:label2\" content=\"Dur\u00e9e de lecture estim\u00e9e\" \/>\n\t<meta name=\"twitter:data2\" content=\"3 minutes\" \/>\n<script type=\"application\/ld+json\" class=\"yoast-schema-graph\">{\"@context\":\"https:\/\/schema.org\",\"@graph\":[{\"@type\":\"Article\",\"@id\":\"https:\/\/www.elle.lu\/fr\/6864-abonnez-vous-a-elle-luxembourg6864.html#article\",\"isPartOf\":{\"@id\":\"https:\/\/www.elle.lu\/fr\/6864-abonnez-vous-a-elle-luxembourg6864.html\"},\"author\":{\"name\":\"ELLE Luxembourg\",\"@id\":\"https:\/\/www.elle.lu\/fr\/#\/schema\/person\/9f46b98d1e40ec669426239054a74f55\"},\"headline\":\"Abonnez-vous \u00e0 ELLE Luxembourg\",\"datePublished\":\"2025-06-25T05:00:21+00:00\",\"dateModified\":\"2025-06-26T14:53:16+00:00\",\"mainEntityOfPage\":{\"@id\":\"https:\/\/www.elle.lu\/fr\/6864-abonnez-vous-a-elle-luxembourg6864.html\"},\"wordCount\":456,\"commentCount\":0,\"image\":{\"@id\":\"https:\/\/www.elle.lu\/fr\/6864-abonnez-vous-a-elle-luxembourg6864.html#primaryimage\"},\"thumbnailUrl\":\"https:\/\/www.elle.lu\/fr\/wp-content\/uploads\/2025\/06\/elle4-en-kiosque-edito.jpg\",\"articleSection\":[\"Actu\",\"Soci\u00e9t\u00e9\"],\"inLanguage\":\"fr-FR\",\"potentialAction\":[{\"@type\":\"CommentAction\",\"name\":\"Comment\",\"target\":[\"https:\/\/www.elle.lu\/fr\/6864-abonnez-vous-a-elle-luxembourg6864.html#respond\"]}]},{\"@type\":\"WebPage\",\"@id\":\"https:\/\/www.elle.lu\/fr\/6864-abonnez-vous-a-elle-luxembourg6864.html\",\"url\":\"https:\/\/www.elle.lu\/fr\/6864-abonnez-vous-a-elle-luxembourg6864.html\",\"name\":\"Abonnez-vous \u00e0 ELLE Luxembourg - ELLE.lu Luxembourg\",\"isPartOf\":{\"@id\":\"https:\/\/www.elle.lu\/fr\/#website\"},\"primaryImageOfPage\":{\"@id\":\"https:\/\/www.elle.lu\/fr\/6864-abonnez-vous-a-elle-luxembourg6864.html#primaryimage\"},\"image\":{\"@id\":\"https:\/\/www.elle.lu\/fr\/6864-abonnez-vous-a-elle-luxembourg6864.html#primaryimage\"},\"thumbnailUrl\":\"https:\/\/www.elle.lu\/fr\/wp-content\/uploads\/2025\/06\/elle4-en-kiosque-edito.jpg\",\"datePublished\":\"2025-06-25T05:00:21+00:00\",\"dateModified\":\"2025-06-26T14:53:16+00:00\",\"author\":{\"@id\":\"https:\/\/www.elle.lu\/fr\/#\/schema\/person\/9f46b98d1e40ec669426239054a74f55\"},\"description\":\"Ne manquez aucun num\u00e9ro de ELLE Luxembourg en vous abonnant ! Elle Luxembourg 4 est, enfin, disponible partout !\",\"breadcrumb\":{\"@id\":\"https:\/\/www.elle.lu\/fr\/6864-abonnez-vous-a-elle-luxembourg6864.html#breadcrumb\"},\"inLanguage\":\"fr-FR\",\"potentialAction\":[{\"@type\":\"ReadAction\",\"target\":[\"https:\/\/www.elle.lu\/fr\/6864-abonnez-vous-a-elle-luxembourg6864.html\"]}]},{\"@type\":\"ImageObject\",\"inLanguage\":\"fr-FR\",\"@id\":\"https:\/\/www.elle.lu\/fr\/6864-abonnez-vous-a-elle-luxembourg6864.html#primaryimage\",\"url\":\"https:\/\/www.elle.lu\/fr\/wp-content\/uploads\/2025\/06\/elle4-en-kiosque-edito.jpg\",\"contentUrl\":\"https:\/\/www.elle.lu\/fr\/wp-content\/uploads\/2025\/06\/elle4-en-kiosque-edito.jpg\",\"width\":1600,\"height\":800,\"caption\":\"ELLE luxembourg 4 abonnement\"},{\"@type\":\"BreadcrumbList\",\"@id\":\"https:\/\/www.elle.lu\/fr\/6864-abonnez-vous-a-elle-luxembourg6864.html#breadcrumb\",\"itemListElement\":[{\"@type\":\"ListItem\",\"position\":1,\"name\":\"Accueil\",\"item\":\"https:\/\/www.elle.lu\/fr\"},{\"@type\":\"ListItem\",\"position\":2,\"name\":\"Abonnez-vous \u00e0 ELLE Luxembourg\"}]},{\"@type\":\"WebSite\",\"@id\":\"https:\/\/www.elle.lu\/fr\/#website\",\"url\":\"https:\/\/www.elle.lu\/fr\/\",\"name\":\"ELLE.lu\",\"description\":\"Explorez les derni\u00e8res tendances mode, beaut\u00e9 et art de vivre au Luxembourg sur ELLE.lu. Un contenu exclusivement luxembourgeois sur notre site, r\u00e9seaux sociaux et YouTube.\",\"potentialAction\":[{\"@type\":\"SearchAction\",\"target\":{\"@type\":\"EntryPoint\",\"urlTemplate\":\"https:\/\/www.elle.lu\/fr\/?s={search_term_string}\"},\"query-input\":{\"@type\":\"PropertyValueSpecification\",\"valueRequired\":true,\"valueName\":\"search_term_string\"}}],\"inLanguage\":\"fr-FR\"},{\"@type\":\"Person\",\"@id\":\"https:\/\/www.elle.lu\/fr\/#\/schema\/person\/9f46b98d1e40ec669426239054a74f55\",\"name\":\"ELLE Luxembourg\",\"image\":{\"@type\":\"ImageObject\",\"inLanguage\":\"fr-FR\",\"@id\":\"https:\/\/secure.gravatar.com\/avatar\/53ba8a0846e80e757a82f9012841e058a80a9c9fcef00955129602230f0fd7ac?s=96&d=mm&r=g\",\"url\":\"https:\/\/secure.gravatar.com\/avatar\/53ba8a0846e80e757a82f9012841e058a80a9c9fcef00955129602230f0fd7ac?s=96&d=mm&r=g\",\"contentUrl\":\"https:\/\/secure.gravatar.com\/avatar\/53ba8a0846e80e757a82f9012841e058a80a9c9fcef00955129602230f0fd7ac?s=96&d=mm&r=g\",\"caption\":\"ELLE Luxembourg\"},\"url\":\"https:\/\/www.elle.lu\/fr\/author\/elle-luxembourg\"}]}<\/script>\n<!-- \/ Yoast SEO plugin. -->","yoast_head_json":{"title":"Abonnez-vous \u00e0 ELLE Luxembourg - ELLE.lu Luxembourg","description":"Ne manquez aucun num\u00e9ro de ELLE Luxembourg en vous abonnant ! Elle Luxembourg 4 est, enfin, disponible partout !","robots":{"index":"index","follow":"follow","max-snippet":"max-snippet:-1","max-image-preview":"max-image-preview:large","max-video-preview":"max-video-preview:-1"},"canonical":"https:\/\/www.elle.lu\/fr\/6864-abonnez-vous-a-elle-luxembourg6864.html","og_locale":"fr_FR","og_type":"article","og_title":"Abonnez-vous \u00e0 ELLE Luxembourg - ELLE.lu Luxembourg","og_description":"Ne manquez aucun num\u00e9ro de ELLE Luxembourg en vous abonnant ! Elle Luxembourg 4 est, enfin, disponible partout !","og_url":"https:\/\/www.elle.lu\/fr\/6864-abonnez-vous-a-elle-luxembourg6864.html","og_site_name":"ELLE.lu Luxembourg","article_published_time":"2025-06-25T05:00:21+00:00","article_modified_time":"2025-06-26T14:53:16+00:00","og_image":[{"width":1600,"height":800,"url":"https:\/\/www.elle.lu\/fr\/wp-content\/uploads\/2025\/06\/elle4-en-kiosque-edito.jpg","type":"image\/jpeg"}],"author":"ELLE Luxembourg","twitter_card":"summary_large_image","twitter_misc":{"\u00c9crit par":"ELLE Luxembourg","Dur\u00e9e de lecture estim\u00e9e":"3 minutes"},"schema":{"@context":"https:\/\/schema.org","@graph":[{"@type":"Article","@id":"https:\/\/www.elle.lu\/fr\/6864-abonnez-vous-a-elle-luxembourg6864.html#article","isPartOf":{"@id":"https:\/\/www.elle.lu\/fr\/6864-abonnez-vous-a-elle-luxembourg6864.html"},"author":{"name":"ELLE Luxembourg","@id":"https:\/\/www.elle.lu\/fr\/#\/schema\/person\/9f46b98d1e40ec669426239054a74f55"},"headline":"Abonnez-vous \u00e0 ELLE Luxembourg","datePublished":"2025-06-25T05:00:21+00:00","dateModified":"2025-06-26T14:53:16+00:00","mainEntityOfPage":{"@id":"https:\/\/www.elle.lu\/fr\/6864-abonnez-vous-a-elle-luxembourg6864.html"},"wordCount":456,"commentCount":0,"image":{"@id":"https:\/\/www.elle.lu\/fr\/6864-abonnez-vous-a-elle-luxembourg6864.html#primaryimage"},"thumbnailUrl":"https:\/\/www.elle.lu\/fr\/wp-content\/uploads\/2025\/06\/elle4-en-kiosque-edito.jpg","articleSection":["Actu","Soci\u00e9t\u00e9"],"inLanguage":"fr-FR","potentialAction":[{"@type":"CommentAction","name":"Comment","target":["https:\/\/www.elle.lu\/fr\/6864-abonnez-vous-a-elle-luxembourg6864.html#respond"]}]},{"@type":"WebPage","@id":"https:\/\/www.elle.lu\/fr\/6864-abonnez-vous-a-elle-luxembourg6864.html","url":"https:\/\/www.elle.lu\/fr\/6864-abonnez-vous-a-elle-luxembourg6864.html","name":"Abonnez-vous \u00e0 ELLE Luxembourg - ELLE.lu Luxembourg","isPartOf":{"@id":"https:\/\/www.elle.lu\/fr\/#website"},"primaryImageOfPage":{"@id":"https:\/\/www.elle.lu\/fr\/6864-abonnez-vous-a-elle-luxembourg6864.html#primaryimage"},"image":{"@id":"https:\/\/www.elle.lu\/fr\/6864-abonnez-vous-a-elle-luxembourg6864.html#primaryimage"},"thumbnailUrl":"https:\/\/www.elle.lu\/fr\/wp-content\/uploads\/2025\/06\/elle4-en-kiosque-edito.jpg","datePublished":"2025-06-25T05:00:21+00:00","dateModified":"2025-06-26T14:53:16+00:00","author":{"@id":"https:\/\/www.elle.lu\/fr\/#\/schema\/person\/9f46b98d1e40ec669426239054a74f55"},"description":"Ne manquez aucun num\u00e9ro de ELLE Luxembourg en vous abonnant ! Elle Luxembourg 4 est, enfin, disponible partout !","breadcrumb":{"@id":"https:\/\/www.elle.lu\/fr\/6864-abonnez-vous-a-elle-luxembourg6864.html#breadcrumb"},"inLanguage":"fr-FR","potentialAction":[{"@type":"ReadAction","target":["https:\/\/www.elle.lu\/fr\/6864-abonnez-vous-a-elle-luxembourg6864.html"]}]},{"@type":"ImageObject","inLanguage":"fr-FR","@id":"https:\/\/www.elle.lu\/fr\/6864-abonnez-vous-a-elle-luxembourg6864.html#primaryimage","url":"https:\/\/www.elle.lu\/fr\/wp-content\/uploads\/2025\/06\/elle4-en-kiosque-edito.jpg","contentUrl":"https:\/\/www.elle.lu\/fr\/wp-content\/uploads\/2025\/06\/elle4-en-kiosque-edito.jpg","width":1600,"height":800,"caption":"ELLE luxembourg 4 abonnement"},{"@type":"BreadcrumbList","@id":"https:\/\/www.elle.lu\/fr\/6864-abonnez-vous-a-elle-luxembourg6864.html#breadcrumb","itemListElement":[{"@type":"ListItem","position":1,"name":"Accueil","item":"https:\/\/www.elle.lu\/fr"},{"@type":"ListItem","position":2,"name":"Abonnez-vous \u00e0 ELLE Luxembourg"}]},{"@type":"WebSite","@id":"https:\/\/www.elle.lu\/fr\/#website","url":"https:\/\/www.elle.lu\/fr\/","name":"ELLE.lu","description":"Explorez les derni\u00e8res tendances mode, beaut\u00e9 et art de vivre au Luxembourg sur ELLE.lu. Un contenu exclusivement luxembourgeois sur notre site, r\u00e9seaux sociaux et YouTube.","potentialAction":[{"@type":"SearchAction","target":{"@type":"EntryPoint","urlTemplate":"https:\/\/www.elle.lu\/fr\/?s={search_term_string}"},"query-input":{"@type":"PropertyValueSpecification","valueRequired":true,"valueName":"search_term_string"}}],"inLanguage":"fr-FR"},{"@type":"Person","@id":"https:\/\/www.elle.lu\/fr\/#\/schema\/person\/9f46b98d1e40ec669426239054a74f55","name":"ELLE Luxembourg","image":{"@type":"ImageObject","inLanguage":"fr-FR","@id":"https:\/\/secure.gravatar.com\/avatar\/53ba8a0846e80e757a82f9012841e058a80a9c9fcef00955129602230f0fd7ac?s=96&d=mm&r=g","url":"https:\/\/secure.gravatar.com\/avatar\/53ba8a0846e80e757a82f9012841e058a80a9c9fcef00955129602230f0fd7ac?s=96&d=mm&r=g","contentUrl":"https:\/\/secure.gravatar.com\/avatar\/53ba8a0846e80e757a82f9012841e058a80a9c9fcef00955129602230f0fd7ac?s=96&d=mm&r=g","caption":"ELLE Luxembourg"},"url":"https:\/\/www.elle.lu\/fr\/author\/elle-luxembourg"}]}},"jetpack_featured_media_url":"https:\/\/www.elle.lu\/fr\/wp-content\/uploads\/2025\/06\/elle4-en-kiosque-edito.jpg","jetpack_sharing_enabled":true,"_links":{"self":[{"href":"https:\/\/www.elle.lu\/fr\/wp-json\/wp\/v2\/posts\/6864","targetHints":{"allow":["GET"]}}],"collection":[{"href":"https:\/\/www.elle.lu\/fr\/wp-json\/wp\/v2\/posts"}],"about":[{"href":"https:\/\/www.elle.lu\/fr\/wp-json\/wp\/v2\/types\/post"}],"author":[{"embeddable":true,"href":"https:\/\/www.elle.lu\/fr\/wp-json\/wp\/v2\/users\/14"}],"replies":[{"embeddable":true,"href":"https:\/\/www.elle.lu\/fr\/wp-json\/wp\/v2\/comments?post=6864"}],"version-history":[{"count":4,"href":"https:\/\/www.elle.lu\/fr\/wp-json\/wp\/v2\/posts\/6864\/revisions"}],"predecessor-version":[{"id":6918,"href":"https:\/\/www.elle.lu\/fr\/wp-json\/wp\/v2\/posts\/6864\/revisions\/6918"}],"wp:featuredmedia":[{"embeddable":true,"href":"https:\/\/www.elle.lu\/fr\/wp-json\/wp\/v2\/media\/6867"}],"wp:attachment":[{"href":"https:\/\/www.elle.lu\/fr\/wp-json\/wp\/v2\/media?parent=6864"}],"wp:term":[{"taxonomy":"category","embeddable":true,"href":"https:\/\/www.elle.lu\/fr\/wp-json\/wp\/v2\/categories?post=6864"},{"taxonomy":"post_tag","embeddable":true,"href":"https:\/\/www.elle.lu\/fr\/wp-json\/wp\/v2\/tags?post=6864"}],"curies":[{"name":"wp","href":"https:\/\/api.w.org\/{rel}","templated":true}]}}