{"id":6886,"date":"2025-06-28T07:00:45","date_gmt":"2025-06-28T05:00:45","guid":{"rendered":"https:\/\/www.elle.lu\/fr\/?p=6886"},"modified":"2025-07-15T11:38:30","modified_gmt":"2025-07-15T09:38:30","slug":"six-premiers-romans-incandescents-a-glisser-dans-sa-valise-cet-ete","status":"publish","type":"post","link":"https:\/\/www.elle.lu\/fr\/6886-six-premiers-romans-incandescents-a-glisser-dans-sa-valise-cet-ete.html","title":{"rendered":"Six premiers romans incandescents \u00e0 glisser dans sa valise cet \u00e9t\u00e9"},"content":{"rendered":"","protected":false},"excerpt":{"rendered":"Entre rage sociale, confessions morbides, dystopies cliniques et souvenirs enterr\u00e9s, ces sept premiers romans racontent l\u2019\u00e9poque avec autant de lucidit\u00e9 que de verve.","protected":false},"author":49,"featured_media":7144,"comment_status":"open","ping_status":"open","sticky":false,"template":"","format":"standard","meta":{"_acf_changed":false,"_jetpack_memberships_contains_paid_content":false,"footnotes":""},"categories":[13],"tags":[],"class_list":["post-6886","post","type-post","status-publish","format-standard","has-post-thumbnail","hentry","category-culture"],"acf":[],"yoast_head":"<!-- This site is optimized with the Yoast SEO plugin v27.2 - https:\/\/yoast.com\/product\/yoast-seo-wordpress\/ -->\n<title>Six premiers romans incandescents \u00e0 glisser dans sa valise cet \u00e9t\u00e9 - ELLE.lu Luxembourg<\/title>\n<meta name=\"description\" content=\"Les s\u00e9lection parfaite de ELLE Luxembourg des six premiers romans incandescents \u00e0 d\u00e9vorer sur la plage cet \u00e9t\u00e9.\" \/>\n<meta name=\"robots\" content=\"index, follow, max-snippet:-1, max-image-preview:large, max-video-preview:-1\" \/>\n<link rel=\"canonical\" href=\"https:\/\/www.elle.lu\/fr\/6886-six-premiers-romans-incandescents-a-glisser-dans-sa-valise-cet-ete.html\" \/>\n<meta property=\"og:locale\" content=\"fr_FR\" \/>\n<meta property=\"og:type\" content=\"article\" \/>\n<meta property=\"og:title\" content=\"Six premiers romans incandescents \u00e0 glisser dans sa valise cet \u00e9t\u00e9 - ELLE.lu Luxembourg\" \/>\n<meta property=\"og:description\" content=\"Les s\u00e9lection parfaite de ELLE Luxembourg des six premiers romans incandescents \u00e0 d\u00e9vorer sur la plage cet \u00e9t\u00e9.\" \/>\n<meta property=\"og:url\" content=\"https:\/\/www.elle.lu\/fr\/6886-six-premiers-romans-incandescents-a-glisser-dans-sa-valise-cet-ete.html\" \/>\n<meta property=\"og:site_name\" content=\"ELLE.lu Luxembourg\" \/>\n<meta property=\"article:published_time\" content=\"2025-06-28T05:00:45+00:00\" \/>\n<meta property=\"article:modified_time\" content=\"2025-07-15T09:38:30+00:00\" \/>\n<meta property=\"og:image\" content=\"https:\/\/www.elle.lu\/fr\/wp-content\/uploads\/2025\/06\/adobestock-581519339.jpeg\" \/>\n\t<meta property=\"og:image:width\" content=\"2500\" \/>\n\t<meta property=\"og:image:height\" content=\"1667\" \/>\n\t<meta property=\"og:image:type\" content=\"image\/jpeg\" \/>\n<meta name=\"author\" content=\"Sarah Braun\" \/>\n<meta name=\"twitter:card\" content=\"summary_large_image\" \/>\n<meta name=\"twitter:label1\" content=\"\u00c9crit par\" \/>\n\t<meta name=\"twitter:data1\" content=\"Sarah Braun\" \/>\n\t<meta name=\"twitter:label2\" content=\"Dur\u00e9e de lecture estim\u00e9e\" \/>\n\t<meta name=\"twitter:data2\" content=\"4 minutes\" \/>\n<script type=\"application\/ld+json\" class=\"yoast-schema-graph\">{\"@context\":\"https:\/\/schema.org\",\"@graph\":[{\"@type\":\"Article\",\"@id\":\"https:\/\/www.elle.lu\/fr\/6886-six-premiers-romans-incandescents-a-glisser-dans-sa-valise-cet-ete.html#article\",\"isPartOf\":{\"@id\":\"https:\/\/www.elle.lu\/fr\/6886-six-premiers-romans-incandescents-a-glisser-dans-sa-valise-cet-ete.html\"},\"author\":{\"name\":\"Sarah Braun\",\"@id\":\"https:\/\/www.elle.lu\/fr\/#\/schema\/person\/ac820204224d1a52c950088e1996b007\"},\"headline\":\"Six premiers romans incandescents \u00e0 glisser dans sa valise cet \u00e9t\u00e9\",\"datePublished\":\"2025-06-28T05:00:45+00:00\",\"dateModified\":\"2025-07-15T09:38:30+00:00\",\"mainEntityOfPage\":{\"@id\":\"https:\/\/www.elle.lu\/fr\/6886-six-premiers-romans-incandescents-a-glisser-dans-sa-valise-cet-ete.html\"},\"wordCount\":851,\"commentCount\":0,\"image\":{\"@id\":\"https:\/\/www.elle.lu\/fr\/6886-six-premiers-romans-incandescents-a-glisser-dans-sa-valise-cet-ete.html#primaryimage\"},\"thumbnailUrl\":\"https:\/\/www.elle.lu\/fr\/wp-content\/uploads\/2025\/06\/adobestock-581519339.jpeg\",\"articleSection\":[\"Culture\"],\"inLanguage\":\"fr-FR\",\"potentialAction\":[{\"@type\":\"CommentAction\",\"name\":\"Comment\",\"target\":[\"https:\/\/www.elle.lu\/fr\/6886-six-premiers-romans-incandescents-a-glisser-dans-sa-valise-cet-ete.html#respond\"]}]},{\"@type\":\"WebPage\",\"@id\":\"https:\/\/www.elle.lu\/fr\/6886-six-premiers-romans-incandescents-a-glisser-dans-sa-valise-cet-ete.html\",\"url\":\"https:\/\/www.elle.lu\/fr\/6886-six-premiers-romans-incandescents-a-glisser-dans-sa-valise-cet-ete.html\",\"name\":\"Six premiers romans incandescents \u00e0 glisser dans sa valise cet \u00e9t\u00e9 - ELLE.lu Luxembourg\",\"isPartOf\":{\"@id\":\"https:\/\/www.elle.lu\/fr\/#website\"},\"primaryImageOfPage\":{\"@id\":\"https:\/\/www.elle.lu\/fr\/6886-six-premiers-romans-incandescents-a-glisser-dans-sa-valise-cet-ete.html#primaryimage\"},\"image\":{\"@id\":\"https:\/\/www.elle.lu\/fr\/6886-six-premiers-romans-incandescents-a-glisser-dans-sa-valise-cet-ete.html#primaryimage\"},\"thumbnailUrl\":\"https:\/\/www.elle.lu\/fr\/wp-content\/uploads\/2025\/06\/adobestock-581519339.jpeg\",\"datePublished\":\"2025-06-28T05:00:45+00:00\",\"dateModified\":\"2025-07-15T09:38:30+00:00\",\"author\":{\"@id\":\"https:\/\/www.elle.lu\/fr\/#\/schema\/person\/ac820204224d1a52c950088e1996b007\"},\"description\":\"Les s\u00e9lection parfaite de ELLE Luxembourg des six premiers romans incandescents \u00e0 d\u00e9vorer sur la plage cet \u00e9t\u00e9.\",\"breadcrumb\":{\"@id\":\"https:\/\/www.elle.lu\/fr\/6886-six-premiers-romans-incandescents-a-glisser-dans-sa-valise-cet-ete.html#breadcrumb\"},\"inLanguage\":\"fr-FR\",\"potentialAction\":[{\"@type\":\"ReadAction\",\"target\":[\"https:\/\/www.elle.lu\/fr\/6886-six-premiers-romans-incandescents-a-glisser-dans-sa-valise-cet-ete.html\"]}]},{\"@type\":\"ImageObject\",\"inLanguage\":\"fr-FR\",\"@id\":\"https:\/\/www.elle.lu\/fr\/6886-six-premiers-romans-incandescents-a-glisser-dans-sa-valise-cet-ete.html#primaryimage\",\"url\":\"https:\/\/www.elle.lu\/fr\/wp-content\/uploads\/2025\/06\/adobestock-581519339.jpeg\",\"contentUrl\":\"https:\/\/www.elle.lu\/fr\/wp-content\/uploads\/2025\/06\/adobestock-581519339.jpeg\",\"width\":2500,\"height\":1667,\"caption\":\"\u00a9Adobe Stock\"},{\"@type\":\"BreadcrumbList\",\"@id\":\"https:\/\/www.elle.lu\/fr\/6886-six-premiers-romans-incandescents-a-glisser-dans-sa-valise-cet-ete.html#breadcrumb\",\"itemListElement\":[{\"@type\":\"ListItem\",\"position\":1,\"name\":\"Accueil\",\"item\":\"https:\/\/www.elle.lu\/fr\"},{\"@type\":\"ListItem\",\"position\":2,\"name\":\"Six premiers romans incandescents \u00e0 glisser dans sa valise cet \u00e9t\u00e9\"}]},{\"@type\":\"WebSite\",\"@id\":\"https:\/\/www.elle.lu\/fr\/#website\",\"url\":\"https:\/\/www.elle.lu\/fr\/\",\"name\":\"ELLE.lu\",\"description\":\"Explorez les derni\u00e8res tendances mode, beaut\u00e9 et art de vivre au Luxembourg sur ELLE.lu. Un contenu exclusivement luxembourgeois sur notre site, r\u00e9seaux sociaux et YouTube.\",\"potentialAction\":[{\"@type\":\"SearchAction\",\"target\":{\"@type\":\"EntryPoint\",\"urlTemplate\":\"https:\/\/www.elle.lu\/fr\/?s={search_term_string}\"},\"query-input\":{\"@type\":\"PropertyValueSpecification\",\"valueRequired\":true,\"valueName\":\"search_term_string\"}}],\"inLanguage\":\"fr-FR\"},{\"@type\":\"Person\",\"@id\":\"https:\/\/www.elle.lu\/fr\/#\/schema\/person\/ac820204224d1a52c950088e1996b007\",\"name\":\"Sarah Braun\",\"image\":{\"@type\":\"ImageObject\",\"inLanguage\":\"fr-FR\",\"@id\":\"https:\/\/secure.gravatar.com\/avatar\/795f10c954947838090d4f384b3a26b2352bf71fd41dd058f378fee046f7ce21?s=96&d=mm&r=g\",\"url\":\"https:\/\/secure.gravatar.com\/avatar\/795f10c954947838090d4f384b3a26b2352bf71fd41dd058f378fee046f7ce21?s=96&d=mm&r=g\",\"contentUrl\":\"https:\/\/secure.gravatar.com\/avatar\/795f10c954947838090d4f384b3a26b2352bf71fd41dd058f378fee046f7ce21?s=96&d=mm&r=g\",\"caption\":\"Sarah Braun\"},\"url\":\"https:\/\/www.elle.lu\/fr\/author\/sarahelle-lu\"}]}<\/script>\n<!-- \/ Yoast SEO plugin. -->","yoast_head_json":{"title":"Six premiers romans incandescents \u00e0 glisser dans sa valise cet \u00e9t\u00e9 - ELLE.lu Luxembourg","description":"Les s\u00e9lection parfaite de ELLE Luxembourg des six premiers romans incandescents \u00e0 d\u00e9vorer sur la plage cet \u00e9t\u00e9.","robots":{"index":"index","follow":"follow","max-snippet":"max-snippet:-1","max-image-preview":"max-image-preview:large","max-video-preview":"max-video-preview:-1"},"canonical":"https:\/\/www.elle.lu\/fr\/6886-six-premiers-romans-incandescents-a-glisser-dans-sa-valise-cet-ete.html","og_locale":"fr_FR","og_type":"article","og_title":"Six premiers romans incandescents \u00e0 glisser dans sa valise cet \u00e9t\u00e9 - ELLE.lu Luxembourg","og_description":"Les s\u00e9lection parfaite de ELLE Luxembourg des six premiers romans incandescents \u00e0 d\u00e9vorer sur la plage cet \u00e9t\u00e9.","og_url":"https:\/\/www.elle.lu\/fr\/6886-six-premiers-romans-incandescents-a-glisser-dans-sa-valise-cet-ete.html","og_site_name":"ELLE.lu Luxembourg","article_published_time":"2025-06-28T05:00:45+00:00","article_modified_time":"2025-07-15T09:38:30+00:00","og_image":[{"width":2500,"height":1667,"url":"https:\/\/www.elle.lu\/fr\/wp-content\/uploads\/2025\/06\/adobestock-581519339.jpeg","type":"image\/jpeg"}],"author":"Sarah Braun","twitter_card":"summary_large_image","twitter_misc":{"\u00c9crit par":"Sarah Braun","Dur\u00e9e de lecture estim\u00e9e":"4 minutes"},"schema":{"@context":"https:\/\/schema.org","@graph":[{"@type":"Article","@id":"https:\/\/www.elle.lu\/fr\/6886-six-premiers-romans-incandescents-a-glisser-dans-sa-valise-cet-ete.html#article","isPartOf":{"@id":"https:\/\/www.elle.lu\/fr\/6886-six-premiers-romans-incandescents-a-glisser-dans-sa-valise-cet-ete.html"},"author":{"name":"Sarah Braun","@id":"https:\/\/www.elle.lu\/fr\/#\/schema\/person\/ac820204224d1a52c950088e1996b007"},"headline":"Six premiers romans incandescents \u00e0 glisser dans sa valise cet \u00e9t\u00e9","datePublished":"2025-06-28T05:00:45+00:00","dateModified":"2025-07-15T09:38:30+00:00","mainEntityOfPage":{"@id":"https:\/\/www.elle.lu\/fr\/6886-six-premiers-romans-incandescents-a-glisser-dans-sa-valise-cet-ete.html"},"wordCount":851,"commentCount":0,"image":{"@id":"https:\/\/www.elle.lu\/fr\/6886-six-premiers-romans-incandescents-a-glisser-dans-sa-valise-cet-ete.html#primaryimage"},"thumbnailUrl":"https:\/\/www.elle.lu\/fr\/wp-content\/uploads\/2025\/06\/adobestock-581519339.jpeg","articleSection":["Culture"],"inLanguage":"fr-FR","potentialAction":[{"@type":"CommentAction","name":"Comment","target":["https:\/\/www.elle.lu\/fr\/6886-six-premiers-romans-incandescents-a-glisser-dans-sa-valise-cet-ete.html#respond"]}]},{"@type":"WebPage","@id":"https:\/\/www.elle.lu\/fr\/6886-six-premiers-romans-incandescents-a-glisser-dans-sa-valise-cet-ete.html","url":"https:\/\/www.elle.lu\/fr\/6886-six-premiers-romans-incandescents-a-glisser-dans-sa-valise-cet-ete.html","name":"Six premiers romans incandescents \u00e0 glisser dans sa valise cet \u00e9t\u00e9 - ELLE.lu Luxembourg","isPartOf":{"@id":"https:\/\/www.elle.lu\/fr\/#website"},"primaryImageOfPage":{"@id":"https:\/\/www.elle.lu\/fr\/6886-six-premiers-romans-incandescents-a-glisser-dans-sa-valise-cet-ete.html#primaryimage"},"image":{"@id":"https:\/\/www.elle.lu\/fr\/6886-six-premiers-romans-incandescents-a-glisser-dans-sa-valise-cet-ete.html#primaryimage"},"thumbnailUrl":"https:\/\/www.elle.lu\/fr\/wp-content\/uploads\/2025\/06\/adobestock-581519339.jpeg","datePublished":"2025-06-28T05:00:45+00:00","dateModified":"2025-07-15T09:38:30+00:00","author":{"@id":"https:\/\/www.elle.lu\/fr\/#\/schema\/person\/ac820204224d1a52c950088e1996b007"},"description":"Les s\u00e9lection parfaite de ELLE Luxembourg des six premiers romans incandescents \u00e0 d\u00e9vorer sur la plage cet \u00e9t\u00e9.","breadcrumb":{"@id":"https:\/\/www.elle.lu\/fr\/6886-six-premiers-romans-incandescents-a-glisser-dans-sa-valise-cet-ete.html#breadcrumb"},"inLanguage":"fr-FR","potentialAction":[{"@type":"ReadAction","target":["https:\/\/www.elle.lu\/fr\/6886-six-premiers-romans-incandescents-a-glisser-dans-sa-valise-cet-ete.html"]}]},{"@type":"ImageObject","inLanguage":"fr-FR","@id":"https:\/\/www.elle.lu\/fr\/6886-six-premiers-romans-incandescents-a-glisser-dans-sa-valise-cet-ete.html#primaryimage","url":"https:\/\/www.elle.lu\/fr\/wp-content\/uploads\/2025\/06\/adobestock-581519339.jpeg","contentUrl":"https:\/\/www.elle.lu\/fr\/wp-content\/uploads\/2025\/06\/adobestock-581519339.jpeg","width":2500,"height":1667,"caption":"\u00a9Adobe Stock"},{"@type":"BreadcrumbList","@id":"https:\/\/www.elle.lu\/fr\/6886-six-premiers-romans-incandescents-a-glisser-dans-sa-valise-cet-ete.html#breadcrumb","itemListElement":[{"@type":"ListItem","position":1,"name":"Accueil","item":"https:\/\/www.elle.lu\/fr"},{"@type":"ListItem","position":2,"name":"Six premiers romans incandescents \u00e0 glisser dans sa valise cet \u00e9t\u00e9"}]},{"@type":"WebSite","@id":"https:\/\/www.elle.lu\/fr\/#website","url":"https:\/\/www.elle.lu\/fr\/","name":"ELLE.lu","description":"Explorez les derni\u00e8res tendances mode, beaut\u00e9 et art de vivre au Luxembourg sur ELLE.lu. Un contenu exclusivement luxembourgeois sur notre site, r\u00e9seaux sociaux et YouTube.","potentialAction":[{"@type":"SearchAction","target":{"@type":"EntryPoint","urlTemplate":"https:\/\/www.elle.lu\/fr\/?s={search_term_string}"},"query-input":{"@type":"PropertyValueSpecification","valueRequired":true,"valueName":"search_term_string"}}],"inLanguage":"fr-FR"},{"@type":"Person","@id":"https:\/\/www.elle.lu\/fr\/#\/schema\/person\/ac820204224d1a52c950088e1996b007","name":"Sarah Braun","image":{"@type":"ImageObject","inLanguage":"fr-FR","@id":"https:\/\/secure.gravatar.com\/avatar\/795f10c954947838090d4f384b3a26b2352bf71fd41dd058f378fee046f7ce21?s=96&d=mm&r=g","url":"https:\/\/secure.gravatar.com\/avatar\/795f10c954947838090d4f384b3a26b2352bf71fd41dd058f378fee046f7ce21?s=96&d=mm&r=g","contentUrl":"https:\/\/secure.gravatar.com\/avatar\/795f10c954947838090d4f384b3a26b2352bf71fd41dd058f378fee046f7ce21?s=96&d=mm&r=g","caption":"Sarah Braun"},"url":"https:\/\/www.elle.lu\/fr\/author\/sarahelle-lu"}]}},"jetpack_featured_media_url":"https:\/\/www.elle.lu\/fr\/wp-content\/uploads\/2025\/06\/adobestock-581519339.jpeg","jetpack_sharing_enabled":true,"_links":{"self":[{"href":"https:\/\/www.elle.lu\/fr\/wp-json\/wp\/v2\/posts\/6886","targetHints":{"allow":["GET"]}}],"collection":[{"href":"https:\/\/www.elle.lu\/fr\/wp-json\/wp\/v2\/posts"}],"about":[{"href":"https:\/\/www.elle.lu\/fr\/wp-json\/wp\/v2\/types\/post"}],"author":[{"embeddable":true,"href":"https:\/\/www.elle.lu\/fr\/wp-json\/wp\/v2\/users\/49"}],"replies":[{"embeddable":true,"href":"https:\/\/www.elle.lu\/fr\/wp-json\/wp\/v2\/comments?post=6886"}],"version-history":[{"count":5,"href":"https:\/\/www.elle.lu\/fr\/wp-json\/wp\/v2\/posts\/6886\/revisions"}],"predecessor-version":[{"id":6898,"href":"https:\/\/www.elle.lu\/fr\/wp-json\/wp\/v2\/posts\/6886\/revisions\/6898"}],"wp:featuredmedia":[{"embeddable":true,"href":"https:\/\/www.elle.lu\/fr\/wp-json\/wp\/v2\/media\/7144"}],"wp:attachment":[{"href":"https:\/\/www.elle.lu\/fr\/wp-json\/wp\/v2\/media?parent=6886"}],"wp:term":[{"taxonomy":"category","embeddable":true,"href":"https:\/\/www.elle.lu\/fr\/wp-json\/wp\/v2\/categories?post=6886"},{"taxonomy":"post_tag","embeddable":true,"href":"https:\/\/www.elle.lu\/fr\/wp-json\/wp\/v2\/tags?post=6886"}],"curies":[{"name":"wp","href":"https:\/\/api.w.org\/{rel}","templated":true}]}}