{"id":693,"date":"2024-07-02T10:00:17","date_gmt":"2024-07-02T08:00:17","guid":{"rendered":"https:\/\/www.elle.lu\/fr\/?p=693"},"modified":"2024-08-09T15:26:52","modified_gmt":"2024-08-09T13:26:52","slug":"pourquoi-le-miel-est-il-le-meilleur-allie-une-belle-peau","status":"publish","type":"post","link":"https:\/\/www.elle.lu\/fr\/693-pourquoi-le-miel-est-il-le-meilleur-allie-une-belle-peau.html","title":{"rendered":"Pourquoi le miel est-il le meilleur alli\u00e9 d\u2019une belle peau ?"},"content":{"rendered":"","protected":false},"excerpt":{"rendered":"Utilis\u00e9 depuis des mill\u00e9naires pour soigner et embellir la peau, le miel est un alli\u00e9 beaut\u00e9 indispensable pour une peau rayonnante de sant\u00e9. ...","protected":false},"author":18,"featured_media":938,"comment_status":"open","ping_status":"open","sticky":false,"template":"","format":"standard","meta":{"_acf_changed":false,"_jetpack_memberships_contains_paid_content":false,"footnotes":""},"categories":[3],"tags":[],"class_list":["post-693","post","type-post","status-publish","format-standard","has-post-thumbnail","hentry","category-beaute"],"acf":[],"yoast_head":"<!-- This site is optimized with the Yoast SEO plugin v27.5 - https:\/\/yoast.com\/product\/yoast-seo-wordpress\/ -->\n<title>Pourquoi le miel est-il le meilleur alli\u00e9 d\u2019une belle peau ? - ELLE.lu Luxembourg<\/title>\n<meta name=\"description\" content=\"Utilis\u00e9 depuis des mill\u00e9naires pour soigner et embellir la peau, le miel est un alli\u00e9 beaut\u00e9 indispensable pour une peau rayonnante de...\" \/>\n<meta name=\"robots\" content=\"index, follow, max-snippet:-1, max-image-preview:large, max-video-preview:-1\" \/>\n<link rel=\"canonical\" href=\"https:\/\/www.elle.be\/fr\/227306-pourquoi-le-miel-est-il-le-meilleur-allie-dune-belle-peau.html\" \/>\n<meta property=\"og:locale\" content=\"fr_FR\" \/>\n<meta property=\"og:type\" content=\"article\" \/>\n<meta property=\"og:title\" content=\"Pourquoi le miel est-il le meilleur alli\u00e9 d\u2019une belle peau ? - ELLE.lu Luxembourg\" \/>\n<meta property=\"og:description\" content=\"Utilis\u00e9 depuis des mill\u00e9naires pour soigner et embellir la peau, le miel est un alli\u00e9 beaut\u00e9 indispensable pour une peau rayonnante de...\" \/>\n<meta property=\"og:url\" content=\"https:\/\/www.elle.be\/fr\/227306-pourquoi-le-miel-est-il-le-meilleur-allie-dune-belle-peau.html\" \/>\n<meta property=\"og:site_name\" content=\"ELLE.lu Luxembourg\" \/>\n<meta property=\"article:published_time\" content=\"2024-07-02T08:00:17+00:00\" \/>\n<meta property=\"article:modified_time\" content=\"2024-08-09T13:26:52+00:00\" \/>\n<meta property=\"og:image\" content=\"https:\/\/www.elle.lu\/fr\/wp-content\/uploads\/2024\/05\/miel-cover-1.jpg.webp\" \/>\n\t<meta property=\"og:image:width\" content=\"480\" \/>\n\t<meta property=\"og:image:height\" content=\"545\" \/>\n\t<meta property=\"og:image:type\" content=\"image\/webp\" \/>\n<meta name=\"author\" content=\"Marie-No\u00eblle Vekemans\" \/>\n<meta name=\"twitter:card\" content=\"summary_large_image\" \/>\n<meta name=\"twitter:label1\" content=\"\u00c9crit par\" \/>\n\t<meta name=\"twitter:data1\" content=\"Marie-No\u00eblle Vekemans\" \/>\n\t<meta name=\"twitter:label2\" content=\"Dur\u00e9e de lecture estim\u00e9e\" \/>\n\t<meta name=\"twitter:data2\" content=\"3 minutes\" \/>\n<script type=\"application\/ld+json\" class=\"yoast-schema-graph\">{\"@context\":\"https:\\\/\\\/schema.org\",\"@graph\":[{\"@type\":\"Article\",\"@id\":\"https:\\\/\\\/www.elle.be\\\/fr\\\/227306-pourquoi-le-miel-est-il-le-meilleur-allie-dune-belle-peau.html#article\",\"isPartOf\":{\"@id\":\"https:\\\/\\\/www.elle.lu\\\/fr\\\/693-pourquoi-le-miel-est-il-le-meilleur-allie-une-belle-peau.html\"},\"author\":{\"name\":\"Marie-No\u00eblle Vekemans\",\"@id\":\"https:\\\/\\\/www.elle.lu\\\/fr\\\/#\\\/schema\\\/person\\\/e5b48b7000abac0faea87fde118b6ced\"},\"headline\":\"Pourquoi le miel est-il le meilleur alli\u00e9 d\u2019une belle peau ?\",\"datePublished\":\"2024-07-02T08:00:17+00:00\",\"dateModified\":\"2024-08-09T13:26:52+00:00\",\"mainEntityOfPage\":{\"@id\":\"https:\\\/\\\/www.elle.lu\\\/fr\\\/693-pourquoi-le-miel-est-il-le-meilleur-allie-une-belle-peau.html\"},\"wordCount\":496,\"commentCount\":0,\"image\":{\"@id\":\"https:\\\/\\\/www.elle.be\\\/fr\\\/227306-pourquoi-le-miel-est-il-le-meilleur-allie-dune-belle-peau.html#primaryimage\"},\"thumbnailUrl\":\"https:\\\/\\\/www.elle.lu\\\/fr\\\/wp-content\\\/uploads\\\/2024\\\/05\\\/miel-cover-1.jpg.webp\",\"articleSection\":[\"Beaut\u00e9\"],\"inLanguage\":\"fr-FR\",\"potentialAction\":[{\"@type\":\"CommentAction\",\"name\":\"Comment\",\"target\":[\"https:\\\/\\\/www.elle.be\\\/fr\\\/227306-pourquoi-le-miel-est-il-le-meilleur-allie-dune-belle-peau.html#respond\"]}]},{\"@type\":\"WebPage\",\"@id\":\"https:\\\/\\\/www.elle.lu\\\/fr\\\/693-pourquoi-le-miel-est-il-le-meilleur-allie-une-belle-peau.html\",\"url\":\"https:\\\/\\\/www.elle.be\\\/fr\\\/227306-pourquoi-le-miel-est-il-le-meilleur-allie-dune-belle-peau.html\",\"name\":\"Pourquoi le miel est-il le meilleur alli\u00e9 d\u2019une belle peau ? - ELLE.lu Luxembourg\",\"isPartOf\":{\"@id\":\"https:\\\/\\\/www.elle.lu\\\/fr\\\/#website\"},\"primaryImageOfPage\":{\"@id\":\"https:\\\/\\\/www.elle.be\\\/fr\\\/227306-pourquoi-le-miel-est-il-le-meilleur-allie-dune-belle-peau.html#primaryimage\"},\"image\":{\"@id\":\"https:\\\/\\\/www.elle.be\\\/fr\\\/227306-pourquoi-le-miel-est-il-le-meilleur-allie-dune-belle-peau.html#primaryimage\"},\"thumbnailUrl\":\"https:\\\/\\\/www.elle.lu\\\/fr\\\/wp-content\\\/uploads\\\/2024\\\/05\\\/miel-cover-1.jpg.webp\",\"datePublished\":\"2024-07-02T08:00:17+00:00\",\"dateModified\":\"2024-08-09T13:26:52+00:00\",\"author\":{\"@id\":\"https:\\\/\\\/www.elle.lu\\\/fr\\\/#\\\/schema\\\/person\\\/e5b48b7000abac0faea87fde118b6ced\"},\"description\":\"Utilis\u00e9 depuis des mill\u00e9naires pour soigner et embellir la peau, le miel est un alli\u00e9 beaut\u00e9 indispensable pour une peau rayonnante de...\",\"breadcrumb\":{\"@id\":\"https:\\\/\\\/www.elle.be\\\/fr\\\/227306-pourquoi-le-miel-est-il-le-meilleur-allie-dune-belle-peau.html#breadcrumb\"},\"inLanguage\":\"fr-FR\",\"potentialAction\":[{\"@type\":\"ReadAction\",\"target\":[\"https:\\\/\\\/www.elle.be\\\/fr\\\/227306-pourquoi-le-miel-est-il-le-meilleur-allie-dune-belle-peau.html\"]}]},{\"@type\":\"ImageObject\",\"inLanguage\":\"fr-FR\",\"@id\":\"https:\\\/\\\/www.elle.be\\\/fr\\\/227306-pourquoi-le-miel-est-il-le-meilleur-allie-dune-belle-peau.html#primaryimage\",\"url\":\"https:\\\/\\\/www.elle.lu\\\/fr\\\/wp-content\\\/uploads\\\/2024\\\/05\\\/miel-cover-1.jpg.webp\",\"contentUrl\":\"https:\\\/\\\/www.elle.lu\\\/fr\\\/wp-content\\\/uploads\\\/2024\\\/05\\\/miel-cover-1.jpg.webp\",\"width\":480,\"height\":545,\"caption\":\"\u00a9 Shutterstock\"},{\"@type\":\"BreadcrumbList\",\"@id\":\"https:\\\/\\\/www.elle.be\\\/fr\\\/227306-pourquoi-le-miel-est-il-le-meilleur-allie-dune-belle-peau.html#breadcrumb\",\"itemListElement\":[{\"@type\":\"ListItem\",\"position\":1,\"name\":\"Accueil\",\"item\":\"https:\\\/\\\/www.elle.lu\\\/fr\"},{\"@type\":\"ListItem\",\"position\":2,\"name\":\"Pourquoi le miel est-il le meilleur alli\u00e9 d\u2019une belle peau ?\"}]},{\"@type\":\"WebSite\",\"@id\":\"https:\\\/\\\/www.elle.lu\\\/fr\\\/#website\",\"url\":\"https:\\\/\\\/www.elle.lu\\\/fr\\\/\",\"name\":\"ELLE.lu\",\"description\":\"Explorez les derni\u00e8res tendances mode, beaut\u00e9 et art de vivre au Luxembourg sur ELLE.lu. Un contenu exclusivement luxembourgeois sur notre site, r\u00e9seaux sociaux et YouTube.\",\"potentialAction\":[{\"@type\":\"SearchAction\",\"target\":{\"@type\":\"EntryPoint\",\"urlTemplate\":\"https:\\\/\\\/www.elle.lu\\\/fr\\\/?s={search_term_string}\"},\"query-input\":{\"@type\":\"PropertyValueSpecification\",\"valueRequired\":true,\"valueName\":\"search_term_string\"}}],\"inLanguage\":\"fr-FR\"},{\"@type\":\"Person\",\"@id\":\"https:\\\/\\\/www.elle.lu\\\/fr\\\/#\\\/schema\\\/person\\\/e5b48b7000abac0faea87fde118b6ced\",\"name\":\"Marie-No\u00eblle Vekemans\",\"image\":{\"@type\":\"ImageObject\",\"inLanguage\":\"fr-FR\",\"@id\":\"https:\\\/\\\/secure.gravatar.com\\\/avatar\\\/8dd5b77017891c277880adbdbd04ba7cb4daea17796469fb996df567fefea764?s=96&d=mm&r=g\",\"url\":\"https:\\\/\\\/secure.gravatar.com\\\/avatar\\\/8dd5b77017891c277880adbdbd04ba7cb4daea17796469fb996df567fefea764?s=96&d=mm&r=g\",\"contentUrl\":\"https:\\\/\\\/secure.gravatar.com\\\/avatar\\\/8dd5b77017891c277880adbdbd04ba7cb4daea17796469fb996df567fefea764?s=96&d=mm&r=g\",\"caption\":\"Marie-No\u00eblle Vekemans\"},\"url\":\"https:\\\/\\\/www.elle.lu\\\/fr\\\/author\\\/marie-noelle-vekemans\"}]}<\/script>\n<!-- \/ Yoast SEO plugin. -->","yoast_head_json":{"title":"Pourquoi le miel est-il le meilleur alli\u00e9 d\u2019une belle peau ? - ELLE.lu Luxembourg","description":"Utilis\u00e9 depuis des mill\u00e9naires pour soigner et embellir la peau, le miel est un alli\u00e9 beaut\u00e9 indispensable pour une peau rayonnante de...","robots":{"index":"index","follow":"follow","max-snippet":"max-snippet:-1","max-image-preview":"max-image-preview:large","max-video-preview":"max-video-preview:-1"},"canonical":"https:\/\/www.elle.be\/fr\/227306-pourquoi-le-miel-est-il-le-meilleur-allie-dune-belle-peau.html","og_locale":"fr_FR","og_type":"article","og_title":"Pourquoi le miel est-il le meilleur alli\u00e9 d\u2019une belle peau ? - ELLE.lu Luxembourg","og_description":"Utilis\u00e9 depuis des mill\u00e9naires pour soigner et embellir la peau, le miel est un alli\u00e9 beaut\u00e9 indispensable pour une peau rayonnante de...","og_url":"https:\/\/www.elle.be\/fr\/227306-pourquoi-le-miel-est-il-le-meilleur-allie-dune-belle-peau.html","og_site_name":"ELLE.lu Luxembourg","article_published_time":"2024-07-02T08:00:17+00:00","article_modified_time":"2024-08-09T13:26:52+00:00","og_image":[{"width":480,"height":545,"url":"https:\/\/www.elle.lu\/fr\/wp-content\/uploads\/2024\/05\/miel-cover-1.jpg.webp","type":"image\/webp"}],"author":"Marie-No\u00eblle Vekemans","twitter_card":"summary_large_image","twitter_misc":{"\u00c9crit par":"Marie-No\u00eblle Vekemans","Dur\u00e9e de lecture estim\u00e9e":"3 minutes"},"schema":{"@context":"https:\/\/schema.org","@graph":[{"@type":"Article","@id":"https:\/\/www.elle.be\/fr\/227306-pourquoi-le-miel-est-il-le-meilleur-allie-dune-belle-peau.html#article","isPartOf":{"@id":"https:\/\/www.elle.lu\/fr\/693-pourquoi-le-miel-est-il-le-meilleur-allie-une-belle-peau.html"},"author":{"name":"Marie-No\u00eblle Vekemans","@id":"https:\/\/www.elle.lu\/fr\/#\/schema\/person\/e5b48b7000abac0faea87fde118b6ced"},"headline":"Pourquoi le miel est-il le meilleur alli\u00e9 d\u2019une belle peau ?","datePublished":"2024-07-02T08:00:17+00:00","dateModified":"2024-08-09T13:26:52+00:00","mainEntityOfPage":{"@id":"https:\/\/www.elle.lu\/fr\/693-pourquoi-le-miel-est-il-le-meilleur-allie-une-belle-peau.html"},"wordCount":496,"commentCount":0,"image":{"@id":"https:\/\/www.elle.be\/fr\/227306-pourquoi-le-miel-est-il-le-meilleur-allie-dune-belle-peau.html#primaryimage"},"thumbnailUrl":"https:\/\/www.elle.lu\/fr\/wp-content\/uploads\/2024\/05\/miel-cover-1.jpg.webp","articleSection":["Beaut\u00e9"],"inLanguage":"fr-FR","potentialAction":[{"@type":"CommentAction","name":"Comment","target":["https:\/\/www.elle.be\/fr\/227306-pourquoi-le-miel-est-il-le-meilleur-allie-dune-belle-peau.html#respond"]}]},{"@type":"WebPage","@id":"https:\/\/www.elle.lu\/fr\/693-pourquoi-le-miel-est-il-le-meilleur-allie-une-belle-peau.html","url":"https:\/\/www.elle.be\/fr\/227306-pourquoi-le-miel-est-il-le-meilleur-allie-dune-belle-peau.html","name":"Pourquoi le miel est-il le meilleur alli\u00e9 d\u2019une belle peau ? - ELLE.lu Luxembourg","isPartOf":{"@id":"https:\/\/www.elle.lu\/fr\/#website"},"primaryImageOfPage":{"@id":"https:\/\/www.elle.be\/fr\/227306-pourquoi-le-miel-est-il-le-meilleur-allie-dune-belle-peau.html#primaryimage"},"image":{"@id":"https:\/\/www.elle.be\/fr\/227306-pourquoi-le-miel-est-il-le-meilleur-allie-dune-belle-peau.html#primaryimage"},"thumbnailUrl":"https:\/\/www.elle.lu\/fr\/wp-content\/uploads\/2024\/05\/miel-cover-1.jpg.webp","datePublished":"2024-07-02T08:00:17+00:00","dateModified":"2024-08-09T13:26:52+00:00","author":{"@id":"https:\/\/www.elle.lu\/fr\/#\/schema\/person\/e5b48b7000abac0faea87fde118b6ced"},"description":"Utilis\u00e9 depuis des mill\u00e9naires pour soigner et embellir la peau, le miel est un alli\u00e9 beaut\u00e9 indispensable pour une peau rayonnante de...","breadcrumb":{"@id":"https:\/\/www.elle.be\/fr\/227306-pourquoi-le-miel-est-il-le-meilleur-allie-dune-belle-peau.html#breadcrumb"},"inLanguage":"fr-FR","potentialAction":[{"@type":"ReadAction","target":["https:\/\/www.elle.be\/fr\/227306-pourquoi-le-miel-est-il-le-meilleur-allie-dune-belle-peau.html"]}]},{"@type":"ImageObject","inLanguage":"fr-FR","@id":"https:\/\/www.elle.be\/fr\/227306-pourquoi-le-miel-est-il-le-meilleur-allie-dune-belle-peau.html#primaryimage","url":"https:\/\/www.elle.lu\/fr\/wp-content\/uploads\/2024\/05\/miel-cover-1.jpg.webp","contentUrl":"https:\/\/www.elle.lu\/fr\/wp-content\/uploads\/2024\/05\/miel-cover-1.jpg.webp","width":480,"height":545,"caption":"\u00a9 Shutterstock"},{"@type":"BreadcrumbList","@id":"https:\/\/www.elle.be\/fr\/227306-pourquoi-le-miel-est-il-le-meilleur-allie-dune-belle-peau.html#breadcrumb","itemListElement":[{"@type":"ListItem","position":1,"name":"Accueil","item":"https:\/\/www.elle.lu\/fr"},{"@type":"ListItem","position":2,"name":"Pourquoi le miel est-il le meilleur alli\u00e9 d\u2019une belle peau ?"}]},{"@type":"WebSite","@id":"https:\/\/www.elle.lu\/fr\/#website","url":"https:\/\/www.elle.lu\/fr\/","name":"ELLE.lu","description":"Explorez les derni\u00e8res tendances mode, beaut\u00e9 et art de vivre au Luxembourg sur ELLE.lu. Un contenu exclusivement luxembourgeois sur notre site, r\u00e9seaux sociaux et YouTube.","potentialAction":[{"@type":"SearchAction","target":{"@type":"EntryPoint","urlTemplate":"https:\/\/www.elle.lu\/fr\/?s={search_term_string}"},"query-input":{"@type":"PropertyValueSpecification","valueRequired":true,"valueName":"search_term_string"}}],"inLanguage":"fr-FR"},{"@type":"Person","@id":"https:\/\/www.elle.lu\/fr\/#\/schema\/person\/e5b48b7000abac0faea87fde118b6ced","name":"Marie-No\u00eblle Vekemans","image":{"@type":"ImageObject","inLanguage":"fr-FR","@id":"https:\/\/secure.gravatar.com\/avatar\/8dd5b77017891c277880adbdbd04ba7cb4daea17796469fb996df567fefea764?s=96&d=mm&r=g","url":"https:\/\/secure.gravatar.com\/avatar\/8dd5b77017891c277880adbdbd04ba7cb4daea17796469fb996df567fefea764?s=96&d=mm&r=g","contentUrl":"https:\/\/secure.gravatar.com\/avatar\/8dd5b77017891c277880adbdbd04ba7cb4daea17796469fb996df567fefea764?s=96&d=mm&r=g","caption":"Marie-No\u00eblle Vekemans"},"url":"https:\/\/www.elle.lu\/fr\/author\/marie-noelle-vekemans"}]}},"jetpack_featured_media_url":"https:\/\/www.elle.lu\/fr\/wp-content\/uploads\/2024\/05\/miel-cover-1.jpg.webp","jetpack_sharing_enabled":true,"_links":{"self":[{"href":"https:\/\/www.elle.lu\/fr\/wp-json\/wp\/v2\/posts\/693","targetHints":{"allow":["GET"]}}],"collection":[{"href":"https:\/\/www.elle.lu\/fr\/wp-json\/wp\/v2\/posts"}],"about":[{"href":"https:\/\/www.elle.lu\/fr\/wp-json\/wp\/v2\/types\/post"}],"author":[{"embeddable":true,"href":"https:\/\/www.elle.lu\/fr\/wp-json\/wp\/v2\/users\/18"}],"replies":[{"embeddable":true,"href":"https:\/\/www.elle.lu\/fr\/wp-json\/wp\/v2\/comments?post=693"}],"version-history":[{"count":6,"href":"https:\/\/www.elle.lu\/fr\/wp-json\/wp\/v2\/posts\/693\/revisions"}],"predecessor-version":[{"id":2055,"href":"https:\/\/www.elle.lu\/fr\/wp-json\/wp\/v2\/posts\/693\/revisions\/2055"}],"wp:featuredmedia":[{"embeddable":true,"href":"https:\/\/www.elle.lu\/fr\/wp-json\/wp\/v2\/media\/938"}],"wp:attachment":[{"href":"https:\/\/www.elle.lu\/fr\/wp-json\/wp\/v2\/media?parent=693"}],"wp:term":[{"taxonomy":"category","embeddable":true,"href":"https:\/\/www.elle.lu\/fr\/wp-json\/wp\/v2\/categories?post=693"},{"taxonomy":"post_tag","embeddable":true,"href":"https:\/\/www.elle.lu\/fr\/wp-json\/wp\/v2\/tags?post=693"}],"curies":[{"name":"wp","href":"https:\/\/api.w.org\/{rel}","templated":true}]}}