{"id":6958,"date":"2025-07-02T08:00:12","date_gmt":"2025-07-02T06:00:12","guid":{"rendered":"https:\/\/www.elle.lu\/fr\/?p=6958"},"modified":"2025-07-01T21:37:49","modified_gmt":"2025-07-01T19:37:49","slug":"expositions-transitions-vers-de-nouveaux-horizons","status":"publish","type":"post","link":"https:\/\/www.elle.lu\/fr\/6958-expositions-transitions-vers-de-nouveaux-horizons.html","title":{"rendered":"Expositions : transitions vers de nouveaux horizons"},"content":{"rendered":"","protected":false},"excerpt":{"rendered":"La s\u00e9lection ELLE Luxembourg des plus belles expositions \u00e0 voir au Luxembourg cet \u00e9t\u00e9. ...","protected":false},"author":28,"featured_media":6965,"comment_status":"open","ping_status":"open","sticky":false,"template":"","format":"standard","meta":{"_acf_changed":false,"_jetpack_memberships_contains_paid_content":false,"footnotes":""},"categories":[9,13],"tags":[],"class_list":["post-6958","post","type-post","status-publish","format-standard","has-post-thumbnail","hentry","category-actu","category-culture"],"acf":[],"yoast_head":"<!-- This site is optimized with the Yoast SEO plugin v27.2 - https:\/\/yoast.com\/product\/yoast-seo-wordpress\/ -->\n<title>Expositions : transitions vers de nouveaux horizons - ELLE.lu Luxembourg<\/title>\n<meta name=\"description\" content=\"La s\u00e9lection ELLE Luxembourg des plus belles expositions \u00e0 voir au Luxembourg cet \u00e9t\u00e9... et un peu plus loin.\" \/>\n<meta name=\"robots\" content=\"index, follow, max-snippet:-1, max-image-preview:large, max-video-preview:-1\" \/>\n<link rel=\"canonical\" href=\"https:\/\/www.elle.lu\/fr\/6958-expositions-transitions-vers-de-nouveaux-horizons.html\" \/>\n<meta property=\"og:locale\" content=\"fr_FR\" \/>\n<meta property=\"og:type\" content=\"article\" \/>\n<meta property=\"og:title\" content=\"Expositions : transitions vers de nouveaux horizons - ELLE.lu Luxembourg\" \/>\n<meta property=\"og:description\" content=\"La s\u00e9lection ELLE Luxembourg des plus belles expositions \u00e0 voir au Luxembourg cet \u00e9t\u00e9... et un peu plus loin.\" \/>\n<meta property=\"og:url\" content=\"https:\/\/www.elle.lu\/fr\/6958-expositions-transitions-vers-de-nouveaux-horizons.html\" \/>\n<meta property=\"og:site_name\" content=\"ELLE.lu Luxembourg\" \/>\n<meta property=\"article:published_time\" content=\"2025-07-02T06:00:12+00:00\" \/>\n<meta property=\"og:image\" content=\"https:\/\/www.elle.lu\/fr\/wp-content\/uploads\/2025\/07\/expo-avec-le-soutien-de-kulturlx-credit-marc-domage-i-brognon-rollin-my-heart-stood-still-carlos-2016-1024x678.jpg\" \/>\n\t<meta property=\"og:image:width\" content=\"1024\" \/>\n\t<meta property=\"og:image:height\" content=\"678\" \/>\n\t<meta property=\"og:image:type\" content=\"image\/jpeg\" \/>\n<meta name=\"author\" content=\"Jessika Maria Rauch\" \/>\n<meta name=\"twitter:card\" content=\"summary_large_image\" \/>\n<meta name=\"twitter:label1\" content=\"\u00c9crit par\" \/>\n\t<meta name=\"twitter:data1\" content=\"Jessika Maria Rauch\" \/>\n\t<meta name=\"twitter:label2\" content=\"Dur\u00e9e de lecture estim\u00e9e\" \/>\n\t<meta name=\"twitter:data2\" content=\"3 minutes\" \/>\n<script type=\"application\/ld+json\" class=\"yoast-schema-graph\">{\"@context\":\"https:\/\/schema.org\",\"@graph\":[{\"@type\":\"Article\",\"@id\":\"https:\/\/www.elle.lu\/fr\/6958-expositions-transitions-vers-de-nouveaux-horizons.html#article\",\"isPartOf\":{\"@id\":\"https:\/\/www.elle.lu\/fr\/6958-expositions-transitions-vers-de-nouveaux-horizons.html\"},\"author\":{\"name\":\"Jessika Maria Rauch\",\"@id\":\"https:\/\/www.elle.lu\/fr\/#\/schema\/person\/8086c0cf9c0dde1acbe677c9ff804862\"},\"headline\":\"Expositions : transitions vers de nouveaux horizons\",\"datePublished\":\"2025-07-02T06:00:12+00:00\",\"mainEntityOfPage\":{\"@id\":\"https:\/\/www.elle.lu\/fr\/6958-expositions-transitions-vers-de-nouveaux-horizons.html\"},\"wordCount\":398,\"commentCount\":0,\"image\":{\"@id\":\"https:\/\/www.elle.lu\/fr\/6958-expositions-transitions-vers-de-nouveaux-horizons.html#primaryimage\"},\"thumbnailUrl\":\"https:\/\/www.elle.lu\/fr\/wp-content\/uploads\/2025\/07\/expo-avec-le-soutien-de-kulturlx-credit-marc-domage-i-brognon-rollin-my-heart-stood-still-carlos-2016.jpg\",\"articleSection\":[\"Actu\",\"Culture\"],\"inLanguage\":\"fr-FR\",\"potentialAction\":[{\"@type\":\"CommentAction\",\"name\":\"Comment\",\"target\":[\"https:\/\/www.elle.lu\/fr\/6958-expositions-transitions-vers-de-nouveaux-horizons.html#respond\"]}]},{\"@type\":\"WebPage\",\"@id\":\"https:\/\/www.elle.lu\/fr\/6958-expositions-transitions-vers-de-nouveaux-horizons.html\",\"url\":\"https:\/\/www.elle.lu\/fr\/6958-expositions-transitions-vers-de-nouveaux-horizons.html\",\"name\":\"Expositions : transitions vers de nouveaux horizons - ELLE.lu Luxembourg\",\"isPartOf\":{\"@id\":\"https:\/\/www.elle.lu\/fr\/#website\"},\"primaryImageOfPage\":{\"@id\":\"https:\/\/www.elle.lu\/fr\/6958-expositions-transitions-vers-de-nouveaux-horizons.html#primaryimage\"},\"image\":{\"@id\":\"https:\/\/www.elle.lu\/fr\/6958-expositions-transitions-vers-de-nouveaux-horizons.html#primaryimage\"},\"thumbnailUrl\":\"https:\/\/www.elle.lu\/fr\/wp-content\/uploads\/2025\/07\/expo-avec-le-soutien-de-kulturlx-credit-marc-domage-i-brognon-rollin-my-heart-stood-still-carlos-2016.jpg\",\"datePublished\":\"2025-07-02T06:00:12+00:00\",\"author\":{\"@id\":\"https:\/\/www.elle.lu\/fr\/#\/schema\/person\/8086c0cf9c0dde1acbe677c9ff804862\"},\"description\":\"La s\u00e9lection ELLE Luxembourg des plus belles expositions \u00e0 voir au Luxembourg cet \u00e9t\u00e9... et un peu plus loin.\",\"breadcrumb\":{\"@id\":\"https:\/\/www.elle.lu\/fr\/6958-expositions-transitions-vers-de-nouveaux-horizons.html#breadcrumb\"},\"inLanguage\":\"fr-FR\",\"potentialAction\":[{\"@type\":\"ReadAction\",\"target\":[\"https:\/\/www.elle.lu\/fr\/6958-expositions-transitions-vers-de-nouveaux-horizons.html\"]}]},{\"@type\":\"ImageObject\",\"inLanguage\":\"fr-FR\",\"@id\":\"https:\/\/www.elle.lu\/fr\/6958-expositions-transitions-vers-de-nouveaux-horizons.html#primaryimage\",\"url\":\"https:\/\/www.elle.lu\/fr\/wp-content\/uploads\/2025\/07\/expo-avec-le-soutien-de-kulturlx-credit-marc-domage-i-brognon-rollin-my-heart-stood-still-carlos-2016.jpg\",\"contentUrl\":\"https:\/\/www.elle.lu\/fr\/wp-content\/uploads\/2025\/07\/expo-avec-le-soutien-de-kulturlx-credit-marc-domage-i-brognon-rollin-my-heart-stood-still-carlos-2016.jpg\",\"width\":5429,\"height\":3597,\"caption\":\"\u00a9Marc Domage I Brognon Rollin - My Heart Stood Still (Carlos), 2016\"},{\"@type\":\"BreadcrumbList\",\"@id\":\"https:\/\/www.elle.lu\/fr\/6958-expositions-transitions-vers-de-nouveaux-horizons.html#breadcrumb\",\"itemListElement\":[{\"@type\":\"ListItem\",\"position\":1,\"name\":\"Accueil\",\"item\":\"https:\/\/www.elle.lu\/fr\"},{\"@type\":\"ListItem\",\"position\":2,\"name\":\"Expositions : transitions vers de nouveaux horizons\"}]},{\"@type\":\"WebSite\",\"@id\":\"https:\/\/www.elle.lu\/fr\/#website\",\"url\":\"https:\/\/www.elle.lu\/fr\/\",\"name\":\"ELLE.lu\",\"description\":\"Explorez les derni\u00e8res tendances mode, beaut\u00e9 et art de vivre au Luxembourg sur ELLE.lu. Un contenu exclusivement luxembourgeois sur notre site, r\u00e9seaux sociaux et YouTube.\",\"potentialAction\":[{\"@type\":\"SearchAction\",\"target\":{\"@type\":\"EntryPoint\",\"urlTemplate\":\"https:\/\/www.elle.lu\/fr\/?s={search_term_string}\"},\"query-input\":{\"@type\":\"PropertyValueSpecification\",\"valueRequired\":true,\"valueName\":\"search_term_string\"}}],\"inLanguage\":\"fr-FR\"},{\"@type\":\"Person\",\"@id\":\"https:\/\/www.elle.lu\/fr\/#\/schema\/person\/8086c0cf9c0dde1acbe677c9ff804862\",\"name\":\"Jessika Maria Rauch\",\"image\":{\"@type\":\"ImageObject\",\"inLanguage\":\"fr-FR\",\"@id\":\"https:\/\/secure.gravatar.com\/avatar\/bae28e2d194bb1010f3b1fc4f2b3bad5de4e4e1d9b176035cc00dc8ae8775257?s=96&d=mm&r=g\",\"url\":\"https:\/\/secure.gravatar.com\/avatar\/bae28e2d194bb1010f3b1fc4f2b3bad5de4e4e1d9b176035cc00dc8ae8775257?s=96&d=mm&r=g\",\"contentUrl\":\"https:\/\/secure.gravatar.com\/avatar\/bae28e2d194bb1010f3b1fc4f2b3bad5de4e4e1d9b176035cc00dc8ae8775257?s=96&d=mm&r=g\",\"caption\":\"Jessika Maria Rauch\"},\"url\":\"https:\/\/www.elle.lu\/fr\/author\/jessika-maria-rauch\"}]}<\/script>\n<!-- \/ Yoast SEO plugin. -->","yoast_head_json":{"title":"Expositions : transitions vers de nouveaux horizons - ELLE.lu Luxembourg","description":"La s\u00e9lection ELLE Luxembourg des plus belles expositions \u00e0 voir au Luxembourg cet \u00e9t\u00e9... et un peu plus loin.","robots":{"index":"index","follow":"follow","max-snippet":"max-snippet:-1","max-image-preview":"max-image-preview:large","max-video-preview":"max-video-preview:-1"},"canonical":"https:\/\/www.elle.lu\/fr\/6958-expositions-transitions-vers-de-nouveaux-horizons.html","og_locale":"fr_FR","og_type":"article","og_title":"Expositions : transitions vers de nouveaux horizons - ELLE.lu Luxembourg","og_description":"La s\u00e9lection ELLE Luxembourg des plus belles expositions \u00e0 voir au Luxembourg cet \u00e9t\u00e9... et un peu plus loin.","og_url":"https:\/\/www.elle.lu\/fr\/6958-expositions-transitions-vers-de-nouveaux-horizons.html","og_site_name":"ELLE.lu Luxembourg","article_published_time":"2025-07-02T06:00:12+00:00","og_image":[{"width":1024,"height":678,"url":"https:\/\/www.elle.lu\/fr\/wp-content\/uploads\/2025\/07\/expo-avec-le-soutien-de-kulturlx-credit-marc-domage-i-brognon-rollin-my-heart-stood-still-carlos-2016-1024x678.jpg","type":"image\/jpeg"}],"author":"Jessika Maria Rauch","twitter_card":"summary_large_image","twitter_misc":{"\u00c9crit par":"Jessika Maria Rauch","Dur\u00e9e de lecture estim\u00e9e":"3 minutes"},"schema":{"@context":"https:\/\/schema.org","@graph":[{"@type":"Article","@id":"https:\/\/www.elle.lu\/fr\/6958-expositions-transitions-vers-de-nouveaux-horizons.html#article","isPartOf":{"@id":"https:\/\/www.elle.lu\/fr\/6958-expositions-transitions-vers-de-nouveaux-horizons.html"},"author":{"name":"Jessika Maria Rauch","@id":"https:\/\/www.elle.lu\/fr\/#\/schema\/person\/8086c0cf9c0dde1acbe677c9ff804862"},"headline":"Expositions : transitions vers de nouveaux horizons","datePublished":"2025-07-02T06:00:12+00:00","mainEntityOfPage":{"@id":"https:\/\/www.elle.lu\/fr\/6958-expositions-transitions-vers-de-nouveaux-horizons.html"},"wordCount":398,"commentCount":0,"image":{"@id":"https:\/\/www.elle.lu\/fr\/6958-expositions-transitions-vers-de-nouveaux-horizons.html#primaryimage"},"thumbnailUrl":"https:\/\/www.elle.lu\/fr\/wp-content\/uploads\/2025\/07\/expo-avec-le-soutien-de-kulturlx-credit-marc-domage-i-brognon-rollin-my-heart-stood-still-carlos-2016.jpg","articleSection":["Actu","Culture"],"inLanguage":"fr-FR","potentialAction":[{"@type":"CommentAction","name":"Comment","target":["https:\/\/www.elle.lu\/fr\/6958-expositions-transitions-vers-de-nouveaux-horizons.html#respond"]}]},{"@type":"WebPage","@id":"https:\/\/www.elle.lu\/fr\/6958-expositions-transitions-vers-de-nouveaux-horizons.html","url":"https:\/\/www.elle.lu\/fr\/6958-expositions-transitions-vers-de-nouveaux-horizons.html","name":"Expositions : transitions vers de nouveaux horizons - ELLE.lu Luxembourg","isPartOf":{"@id":"https:\/\/www.elle.lu\/fr\/#website"},"primaryImageOfPage":{"@id":"https:\/\/www.elle.lu\/fr\/6958-expositions-transitions-vers-de-nouveaux-horizons.html#primaryimage"},"image":{"@id":"https:\/\/www.elle.lu\/fr\/6958-expositions-transitions-vers-de-nouveaux-horizons.html#primaryimage"},"thumbnailUrl":"https:\/\/www.elle.lu\/fr\/wp-content\/uploads\/2025\/07\/expo-avec-le-soutien-de-kulturlx-credit-marc-domage-i-brognon-rollin-my-heart-stood-still-carlos-2016.jpg","datePublished":"2025-07-02T06:00:12+00:00","author":{"@id":"https:\/\/www.elle.lu\/fr\/#\/schema\/person\/8086c0cf9c0dde1acbe677c9ff804862"},"description":"La s\u00e9lection ELLE Luxembourg des plus belles expositions \u00e0 voir au Luxembourg cet \u00e9t\u00e9... et un peu plus loin.","breadcrumb":{"@id":"https:\/\/www.elle.lu\/fr\/6958-expositions-transitions-vers-de-nouveaux-horizons.html#breadcrumb"},"inLanguage":"fr-FR","potentialAction":[{"@type":"ReadAction","target":["https:\/\/www.elle.lu\/fr\/6958-expositions-transitions-vers-de-nouveaux-horizons.html"]}]},{"@type":"ImageObject","inLanguage":"fr-FR","@id":"https:\/\/www.elle.lu\/fr\/6958-expositions-transitions-vers-de-nouveaux-horizons.html#primaryimage","url":"https:\/\/www.elle.lu\/fr\/wp-content\/uploads\/2025\/07\/expo-avec-le-soutien-de-kulturlx-credit-marc-domage-i-brognon-rollin-my-heart-stood-still-carlos-2016.jpg","contentUrl":"https:\/\/www.elle.lu\/fr\/wp-content\/uploads\/2025\/07\/expo-avec-le-soutien-de-kulturlx-credit-marc-domage-i-brognon-rollin-my-heart-stood-still-carlos-2016.jpg","width":5429,"height":3597,"caption":"\u00a9Marc Domage I Brognon Rollin - My Heart Stood Still (Carlos), 2016"},{"@type":"BreadcrumbList","@id":"https:\/\/www.elle.lu\/fr\/6958-expositions-transitions-vers-de-nouveaux-horizons.html#breadcrumb","itemListElement":[{"@type":"ListItem","position":1,"name":"Accueil","item":"https:\/\/www.elle.lu\/fr"},{"@type":"ListItem","position":2,"name":"Expositions : transitions vers de nouveaux horizons"}]},{"@type":"WebSite","@id":"https:\/\/www.elle.lu\/fr\/#website","url":"https:\/\/www.elle.lu\/fr\/","name":"ELLE.lu","description":"Explorez les derni\u00e8res tendances mode, beaut\u00e9 et art de vivre au Luxembourg sur ELLE.lu. Un contenu exclusivement luxembourgeois sur notre site, r\u00e9seaux sociaux et YouTube.","potentialAction":[{"@type":"SearchAction","target":{"@type":"EntryPoint","urlTemplate":"https:\/\/www.elle.lu\/fr\/?s={search_term_string}"},"query-input":{"@type":"PropertyValueSpecification","valueRequired":true,"valueName":"search_term_string"}}],"inLanguage":"fr-FR"},{"@type":"Person","@id":"https:\/\/www.elle.lu\/fr\/#\/schema\/person\/8086c0cf9c0dde1acbe677c9ff804862","name":"Jessika Maria Rauch","image":{"@type":"ImageObject","inLanguage":"fr-FR","@id":"https:\/\/secure.gravatar.com\/avatar\/bae28e2d194bb1010f3b1fc4f2b3bad5de4e4e1d9b176035cc00dc8ae8775257?s=96&d=mm&r=g","url":"https:\/\/secure.gravatar.com\/avatar\/bae28e2d194bb1010f3b1fc4f2b3bad5de4e4e1d9b176035cc00dc8ae8775257?s=96&d=mm&r=g","contentUrl":"https:\/\/secure.gravatar.com\/avatar\/bae28e2d194bb1010f3b1fc4f2b3bad5de4e4e1d9b176035cc00dc8ae8775257?s=96&d=mm&r=g","caption":"Jessika Maria Rauch"},"url":"https:\/\/www.elle.lu\/fr\/author\/jessika-maria-rauch"}]}},"jetpack_featured_media_url":"https:\/\/www.elle.lu\/fr\/wp-content\/uploads\/2025\/07\/expo-avec-le-soutien-de-kulturlx-credit-marc-domage-i-brognon-rollin-my-heart-stood-still-carlos-2016.jpg","jetpack_sharing_enabled":true,"_links":{"self":[{"href":"https:\/\/www.elle.lu\/fr\/wp-json\/wp\/v2\/posts\/6958","targetHints":{"allow":["GET"]}}],"collection":[{"href":"https:\/\/www.elle.lu\/fr\/wp-json\/wp\/v2\/posts"}],"about":[{"href":"https:\/\/www.elle.lu\/fr\/wp-json\/wp\/v2\/types\/post"}],"author":[{"embeddable":true,"href":"https:\/\/www.elle.lu\/fr\/wp-json\/wp\/v2\/users\/28"}],"replies":[{"embeddable":true,"href":"https:\/\/www.elle.lu\/fr\/wp-json\/wp\/v2\/comments?post=6958"}],"version-history":[{"count":3,"href":"https:\/\/www.elle.lu\/fr\/wp-json\/wp\/v2\/posts\/6958\/revisions"}],"predecessor-version":[{"id":6961,"href":"https:\/\/www.elle.lu\/fr\/wp-json\/wp\/v2\/posts\/6958\/revisions\/6961"}],"wp:featuredmedia":[{"embeddable":true,"href":"https:\/\/www.elle.lu\/fr\/wp-json\/wp\/v2\/media\/6965"}],"wp:attachment":[{"href":"https:\/\/www.elle.lu\/fr\/wp-json\/wp\/v2\/media?parent=6958"}],"wp:term":[{"taxonomy":"category","embeddable":true,"href":"https:\/\/www.elle.lu\/fr\/wp-json\/wp\/v2\/categories?post=6958"},{"taxonomy":"post_tag","embeddable":true,"href":"https:\/\/www.elle.lu\/fr\/wp-json\/wp\/v2\/tags?post=6958"}],"curies":[{"name":"wp","href":"https:\/\/api.w.org\/{rel}","templated":true}]}}