{"id":7019,"date":"2025-07-05T07:00:47","date_gmt":"2025-07-05T05:00:47","guid":{"rendered":"https:\/\/www.elle.lu\/fr\/?p=7019"},"modified":"2025-07-03T14:28:59","modified_gmt":"2025-07-03T12:28:59","slug":"un-week-end-dans-la-petite-suisse-luxembourgeoise","status":"publish","type":"post","link":"https:\/\/www.elle.lu\/fr\/7019-un-week-end-dans-la-petite-suisse-luxembourgeoise.html","title":{"rendered":"Un week-end dans la Petite Suisse Luxembourgeoise"},"content":{"rendered":"","protected":false},"excerpt":{"rendered":"Envie de prendre l\u2019air \u00e0 seulement quelques kilom\u00e8tres de la capitale ? Direction la Petite Suisse Luxembourgeoise, ce territoire nich\u00e9 dans l\u2019Est du pays.","protected":false},"author":22,"featured_media":7020,"comment_status":"open","ping_status":"open","sticky":false,"template":"","format":"standard","meta":{"_acf_changed":false,"_jetpack_memberships_contains_paid_content":false,"footnotes":""},"categories":[4,8],"tags":[],"class_list":["post-7019","post","type-post","status-publish","format-standard","has-post-thumbnail","hentry","category-lifestyle","category-adresses"],"acf":[],"yoast_head":"<!-- This site is optimized with the Yoast SEO plugin v27.5 - https:\/\/yoast.com\/product\/yoast-seo-wordpress\/ -->\n<title>Un week-end dans la Petite Suisse Luxembourgeoise - ELLE.lu Luxembourg<\/title>\n<meta name=\"description\" content=\"Envie de prendre l\u2019air \u00e0 seulement quelques kilom\u00e8tres de la capitale ? Direction la Petite Suisse Luxembourgeoise, ce territoire nich\u00e9 dans l\u2019Est du pays.\" \/>\n<meta name=\"robots\" content=\"index, follow, max-snippet:-1, max-image-preview:large, max-video-preview:-1\" \/>\n<link rel=\"canonical\" href=\"https:\/\/www.elle.lu\/fr\/7019-un-week-end-dans-la-petite-suisse-luxembourgeoise.html\" \/>\n<meta property=\"og:locale\" content=\"fr_FR\" \/>\n<meta property=\"og:type\" content=\"article\" \/>\n<meta property=\"og:title\" content=\"Un week-end dans la Petite Suisse Luxembourgeoise - ELLE.lu Luxembourg\" \/>\n<meta property=\"og:description\" content=\"Envie de prendre l\u2019air \u00e0 seulement quelques kilom\u00e8tres de la capitale ? Direction la Petite Suisse Luxembourgeoise, ce territoire nich\u00e9 dans l\u2019Est du pays.\" \/>\n<meta property=\"og:url\" content=\"https:\/\/www.elle.lu\/fr\/7019-un-week-end-dans-la-petite-suisse-luxembourgeoise.html\" \/>\n<meta property=\"og:site_name\" content=\"ELLE.lu Luxembourg\" \/>\n<meta property=\"article:published_time\" content=\"2025-07-05T05:00:47+00:00\" \/>\n<meta property=\"og:image\" content=\"https:\/\/www.elle.lu\/fr\/wp-content\/uploads\/2025\/07\/cedric-letsch-unsplash-mullerthal.jpg\" \/>\n\t<meta property=\"og:image:width\" content=\"3000\" \/>\n\t<meta property=\"og:image:height\" content=\"2000\" \/>\n\t<meta property=\"og:image:type\" content=\"image\/jpeg\" \/>\n<meta name=\"author\" content=\"Am\u00e9lie Viel\" \/>\n<meta name=\"twitter:card\" content=\"summary_large_image\" \/>\n<meta name=\"twitter:label1\" content=\"\u00c9crit par\" \/>\n\t<meta name=\"twitter:data1\" content=\"Am\u00e9lie Viel\" \/>\n\t<meta name=\"twitter:label2\" content=\"Dur\u00e9e de lecture estim\u00e9e\" \/>\n\t<meta name=\"twitter:data2\" content=\"5 minutes\" \/>\n<script type=\"application\/ld+json\" class=\"yoast-schema-graph\">{\"@context\":\"https:\\\/\\\/schema.org\",\"@graph\":[{\"@type\":\"Article\",\"@id\":\"https:\\\/\\\/www.elle.lu\\\/fr\\\/7019-un-week-end-dans-la-petite-suisse-luxembourgeoise.html#article\",\"isPartOf\":{\"@id\":\"https:\\\/\\\/www.elle.lu\\\/fr\\\/7019-un-week-end-dans-la-petite-suisse-luxembourgeoise.html\"},\"author\":{\"name\":\"Am\u00e9lie Viel\",\"@id\":\"https:\\\/\\\/www.elle.lu\\\/fr\\\/#\\\/schema\\\/person\\\/d8e58272c652d7b5585c18e680540e1a\"},\"headline\":\"Un week-end dans la Petite Suisse Luxembourgeoise\",\"datePublished\":\"2025-07-05T05:00:47+00:00\",\"mainEntityOfPage\":{\"@id\":\"https:\\\/\\\/www.elle.lu\\\/fr\\\/7019-un-week-end-dans-la-petite-suisse-luxembourgeoise.html\"},\"wordCount\":607,\"commentCount\":0,\"image\":{\"@id\":\"https:\\\/\\\/www.elle.lu\\\/fr\\\/7019-un-week-end-dans-la-petite-suisse-luxembourgeoise.html#primaryimage\"},\"thumbnailUrl\":\"https:\\\/\\\/www.elle.lu\\\/fr\\\/wp-content\\\/uploads\\\/2025\\\/07\\\/cedric-letsch-unsplash-mullerthal.jpg\",\"articleSection\":[\"Lifestyle\",\"Adresses\"],\"inLanguage\":\"fr-FR\",\"potentialAction\":[{\"@type\":\"CommentAction\",\"name\":\"Comment\",\"target\":[\"https:\\\/\\\/www.elle.lu\\\/fr\\\/7019-un-week-end-dans-la-petite-suisse-luxembourgeoise.html#respond\"]}]},{\"@type\":\"WebPage\",\"@id\":\"https:\\\/\\\/www.elle.lu\\\/fr\\\/7019-un-week-end-dans-la-petite-suisse-luxembourgeoise.html\",\"url\":\"https:\\\/\\\/www.elle.lu\\\/fr\\\/7019-un-week-end-dans-la-petite-suisse-luxembourgeoise.html\",\"name\":\"Un week-end dans la Petite Suisse Luxembourgeoise - ELLE.lu Luxembourg\",\"isPartOf\":{\"@id\":\"https:\\\/\\\/www.elle.lu\\\/fr\\\/#website\"},\"primaryImageOfPage\":{\"@id\":\"https:\\\/\\\/www.elle.lu\\\/fr\\\/7019-un-week-end-dans-la-petite-suisse-luxembourgeoise.html#primaryimage\"},\"image\":{\"@id\":\"https:\\\/\\\/www.elle.lu\\\/fr\\\/7019-un-week-end-dans-la-petite-suisse-luxembourgeoise.html#primaryimage\"},\"thumbnailUrl\":\"https:\\\/\\\/www.elle.lu\\\/fr\\\/wp-content\\\/uploads\\\/2025\\\/07\\\/cedric-letsch-unsplash-mullerthal.jpg\",\"datePublished\":\"2025-07-05T05:00:47+00:00\",\"author\":{\"@id\":\"https:\\\/\\\/www.elle.lu\\\/fr\\\/#\\\/schema\\\/person\\\/d8e58272c652d7b5585c18e680540e1a\"},\"description\":\"Envie de prendre l\u2019air \u00e0 seulement quelques kilom\u00e8tres de la capitale ? Direction la Petite Suisse Luxembourgeoise, ce territoire nich\u00e9 dans l\u2019Est du pays.\",\"breadcrumb\":{\"@id\":\"https:\\\/\\\/www.elle.lu\\\/fr\\\/7019-un-week-end-dans-la-petite-suisse-luxembourgeoise.html#breadcrumb\"},\"inLanguage\":\"fr-FR\",\"potentialAction\":[{\"@type\":\"ReadAction\",\"target\":[\"https:\\\/\\\/www.elle.lu\\\/fr\\\/7019-un-week-end-dans-la-petite-suisse-luxembourgeoise.html\"]}]},{\"@type\":\"ImageObject\",\"inLanguage\":\"fr-FR\",\"@id\":\"https:\\\/\\\/www.elle.lu\\\/fr\\\/7019-un-week-end-dans-la-petite-suisse-luxembourgeoise.html#primaryimage\",\"url\":\"https:\\\/\\\/www.elle.lu\\\/fr\\\/wp-content\\\/uploads\\\/2025\\\/07\\\/cedric-letsch-unsplash-mullerthal.jpg\",\"contentUrl\":\"https:\\\/\\\/www.elle.lu\\\/fr\\\/wp-content\\\/uploads\\\/2025\\\/07\\\/cedric-letsch-unsplash-mullerthal.jpg\",\"width\":3000,\"height\":2000,\"caption\":\"\u00a9Unsplash\"},{\"@type\":\"BreadcrumbList\",\"@id\":\"https:\\\/\\\/www.elle.lu\\\/fr\\\/7019-un-week-end-dans-la-petite-suisse-luxembourgeoise.html#breadcrumb\",\"itemListElement\":[{\"@type\":\"ListItem\",\"position\":1,\"name\":\"Accueil\",\"item\":\"https:\\\/\\\/www.elle.lu\\\/fr\"},{\"@type\":\"ListItem\",\"position\":2,\"name\":\"Un week-end dans la Petite Suisse Luxembourgeoise\"}]},{\"@type\":\"WebSite\",\"@id\":\"https:\\\/\\\/www.elle.lu\\\/fr\\\/#website\",\"url\":\"https:\\\/\\\/www.elle.lu\\\/fr\\\/\",\"name\":\"ELLE.lu\",\"description\":\"Explorez les derni\u00e8res tendances mode, beaut\u00e9 et art de vivre au Luxembourg sur ELLE.lu. Un contenu exclusivement luxembourgeois sur notre site, r\u00e9seaux sociaux et YouTube.\",\"potentialAction\":[{\"@type\":\"SearchAction\",\"target\":{\"@type\":\"EntryPoint\",\"urlTemplate\":\"https:\\\/\\\/www.elle.lu\\\/fr\\\/?s={search_term_string}\"},\"query-input\":{\"@type\":\"PropertyValueSpecification\",\"valueRequired\":true,\"valueName\":\"search_term_string\"}}],\"inLanguage\":\"fr-FR\"},{\"@type\":\"Person\",\"@id\":\"https:\\\/\\\/www.elle.lu\\\/fr\\\/#\\\/schema\\\/person\\\/d8e58272c652d7b5585c18e680540e1a\",\"name\":\"Am\u00e9lie Viel\",\"image\":{\"@type\":\"ImageObject\",\"inLanguage\":\"fr-FR\",\"@id\":\"https:\\\/\\\/secure.gravatar.com\\\/avatar\\\/9741e9c258430d1c256463230ffaa49331981030725fd18fbb7eb78faca6a840?s=96&d=mm&r=g\",\"url\":\"https:\\\/\\\/secure.gravatar.com\\\/avatar\\\/9741e9c258430d1c256463230ffaa49331981030725fd18fbb7eb78faca6a840?s=96&d=mm&r=g\",\"contentUrl\":\"https:\\\/\\\/secure.gravatar.com\\\/avatar\\\/9741e9c258430d1c256463230ffaa49331981030725fd18fbb7eb78faca6a840?s=96&d=mm&r=g\",\"caption\":\"Am\u00e9lie Viel\"},\"url\":\"https:\\\/\\\/www.elle.lu\\\/fr\\\/author\\\/amelie-viel\"}]}<\/script>\n<!-- \/ Yoast SEO plugin. -->","yoast_head_json":{"title":"Un week-end dans la Petite Suisse Luxembourgeoise - ELLE.lu Luxembourg","description":"Envie de prendre l\u2019air \u00e0 seulement quelques kilom\u00e8tres de la capitale ? Direction la Petite Suisse Luxembourgeoise, ce territoire nich\u00e9 dans l\u2019Est du pays.","robots":{"index":"index","follow":"follow","max-snippet":"max-snippet:-1","max-image-preview":"max-image-preview:large","max-video-preview":"max-video-preview:-1"},"canonical":"https:\/\/www.elle.lu\/fr\/7019-un-week-end-dans-la-petite-suisse-luxembourgeoise.html","og_locale":"fr_FR","og_type":"article","og_title":"Un week-end dans la Petite Suisse Luxembourgeoise - ELLE.lu Luxembourg","og_description":"Envie de prendre l\u2019air \u00e0 seulement quelques kilom\u00e8tres de la capitale ? Direction la Petite Suisse Luxembourgeoise, ce territoire nich\u00e9 dans l\u2019Est du pays.","og_url":"https:\/\/www.elle.lu\/fr\/7019-un-week-end-dans-la-petite-suisse-luxembourgeoise.html","og_site_name":"ELLE.lu Luxembourg","article_published_time":"2025-07-05T05:00:47+00:00","og_image":[{"width":3000,"height":2000,"url":"https:\/\/www.elle.lu\/fr\/wp-content\/uploads\/2025\/07\/cedric-letsch-unsplash-mullerthal.jpg","type":"image\/jpeg"}],"author":"Am\u00e9lie Viel","twitter_card":"summary_large_image","twitter_misc":{"\u00c9crit par":"Am\u00e9lie Viel","Dur\u00e9e de lecture estim\u00e9e":"5 minutes"},"schema":{"@context":"https:\/\/schema.org","@graph":[{"@type":"Article","@id":"https:\/\/www.elle.lu\/fr\/7019-un-week-end-dans-la-petite-suisse-luxembourgeoise.html#article","isPartOf":{"@id":"https:\/\/www.elle.lu\/fr\/7019-un-week-end-dans-la-petite-suisse-luxembourgeoise.html"},"author":{"name":"Am\u00e9lie Viel","@id":"https:\/\/www.elle.lu\/fr\/#\/schema\/person\/d8e58272c652d7b5585c18e680540e1a"},"headline":"Un week-end dans la Petite Suisse Luxembourgeoise","datePublished":"2025-07-05T05:00:47+00:00","mainEntityOfPage":{"@id":"https:\/\/www.elle.lu\/fr\/7019-un-week-end-dans-la-petite-suisse-luxembourgeoise.html"},"wordCount":607,"commentCount":0,"image":{"@id":"https:\/\/www.elle.lu\/fr\/7019-un-week-end-dans-la-petite-suisse-luxembourgeoise.html#primaryimage"},"thumbnailUrl":"https:\/\/www.elle.lu\/fr\/wp-content\/uploads\/2025\/07\/cedric-letsch-unsplash-mullerthal.jpg","articleSection":["Lifestyle","Adresses"],"inLanguage":"fr-FR","potentialAction":[{"@type":"CommentAction","name":"Comment","target":["https:\/\/www.elle.lu\/fr\/7019-un-week-end-dans-la-petite-suisse-luxembourgeoise.html#respond"]}]},{"@type":"WebPage","@id":"https:\/\/www.elle.lu\/fr\/7019-un-week-end-dans-la-petite-suisse-luxembourgeoise.html","url":"https:\/\/www.elle.lu\/fr\/7019-un-week-end-dans-la-petite-suisse-luxembourgeoise.html","name":"Un week-end dans la Petite Suisse Luxembourgeoise - ELLE.lu Luxembourg","isPartOf":{"@id":"https:\/\/www.elle.lu\/fr\/#website"},"primaryImageOfPage":{"@id":"https:\/\/www.elle.lu\/fr\/7019-un-week-end-dans-la-petite-suisse-luxembourgeoise.html#primaryimage"},"image":{"@id":"https:\/\/www.elle.lu\/fr\/7019-un-week-end-dans-la-petite-suisse-luxembourgeoise.html#primaryimage"},"thumbnailUrl":"https:\/\/www.elle.lu\/fr\/wp-content\/uploads\/2025\/07\/cedric-letsch-unsplash-mullerthal.jpg","datePublished":"2025-07-05T05:00:47+00:00","author":{"@id":"https:\/\/www.elle.lu\/fr\/#\/schema\/person\/d8e58272c652d7b5585c18e680540e1a"},"description":"Envie de prendre l\u2019air \u00e0 seulement quelques kilom\u00e8tres de la capitale ? Direction la Petite Suisse Luxembourgeoise, ce territoire nich\u00e9 dans l\u2019Est du pays.","breadcrumb":{"@id":"https:\/\/www.elle.lu\/fr\/7019-un-week-end-dans-la-petite-suisse-luxembourgeoise.html#breadcrumb"},"inLanguage":"fr-FR","potentialAction":[{"@type":"ReadAction","target":["https:\/\/www.elle.lu\/fr\/7019-un-week-end-dans-la-petite-suisse-luxembourgeoise.html"]}]},{"@type":"ImageObject","inLanguage":"fr-FR","@id":"https:\/\/www.elle.lu\/fr\/7019-un-week-end-dans-la-petite-suisse-luxembourgeoise.html#primaryimage","url":"https:\/\/www.elle.lu\/fr\/wp-content\/uploads\/2025\/07\/cedric-letsch-unsplash-mullerthal.jpg","contentUrl":"https:\/\/www.elle.lu\/fr\/wp-content\/uploads\/2025\/07\/cedric-letsch-unsplash-mullerthal.jpg","width":3000,"height":2000,"caption":"\u00a9Unsplash"},{"@type":"BreadcrumbList","@id":"https:\/\/www.elle.lu\/fr\/7019-un-week-end-dans-la-petite-suisse-luxembourgeoise.html#breadcrumb","itemListElement":[{"@type":"ListItem","position":1,"name":"Accueil","item":"https:\/\/www.elle.lu\/fr"},{"@type":"ListItem","position":2,"name":"Un week-end dans la Petite Suisse Luxembourgeoise"}]},{"@type":"WebSite","@id":"https:\/\/www.elle.lu\/fr\/#website","url":"https:\/\/www.elle.lu\/fr\/","name":"ELLE.lu","description":"Explorez les derni\u00e8res tendances mode, beaut\u00e9 et art de vivre au Luxembourg sur ELLE.lu. Un contenu exclusivement luxembourgeois sur notre site, r\u00e9seaux sociaux et YouTube.","potentialAction":[{"@type":"SearchAction","target":{"@type":"EntryPoint","urlTemplate":"https:\/\/www.elle.lu\/fr\/?s={search_term_string}"},"query-input":{"@type":"PropertyValueSpecification","valueRequired":true,"valueName":"search_term_string"}}],"inLanguage":"fr-FR"},{"@type":"Person","@id":"https:\/\/www.elle.lu\/fr\/#\/schema\/person\/d8e58272c652d7b5585c18e680540e1a","name":"Am\u00e9lie Viel","image":{"@type":"ImageObject","inLanguage":"fr-FR","@id":"https:\/\/secure.gravatar.com\/avatar\/9741e9c258430d1c256463230ffaa49331981030725fd18fbb7eb78faca6a840?s=96&d=mm&r=g","url":"https:\/\/secure.gravatar.com\/avatar\/9741e9c258430d1c256463230ffaa49331981030725fd18fbb7eb78faca6a840?s=96&d=mm&r=g","contentUrl":"https:\/\/secure.gravatar.com\/avatar\/9741e9c258430d1c256463230ffaa49331981030725fd18fbb7eb78faca6a840?s=96&d=mm&r=g","caption":"Am\u00e9lie Viel"},"url":"https:\/\/www.elle.lu\/fr\/author\/amelie-viel"}]}},"jetpack_featured_media_url":"https:\/\/www.elle.lu\/fr\/wp-content\/uploads\/2025\/07\/cedric-letsch-unsplash-mullerthal.jpg","jetpack_sharing_enabled":true,"_links":{"self":[{"href":"https:\/\/www.elle.lu\/fr\/wp-json\/wp\/v2\/posts\/7019","targetHints":{"allow":["GET"]}}],"collection":[{"href":"https:\/\/www.elle.lu\/fr\/wp-json\/wp\/v2\/posts"}],"about":[{"href":"https:\/\/www.elle.lu\/fr\/wp-json\/wp\/v2\/types\/post"}],"author":[{"embeddable":true,"href":"https:\/\/www.elle.lu\/fr\/wp-json\/wp\/v2\/users\/22"}],"replies":[{"embeddable":true,"href":"https:\/\/www.elle.lu\/fr\/wp-json\/wp\/v2\/comments?post=7019"}],"version-history":[{"count":3,"href":"https:\/\/www.elle.lu\/fr\/wp-json\/wp\/v2\/posts\/7019\/revisions"}],"predecessor-version":[{"id":7029,"href":"https:\/\/www.elle.lu\/fr\/wp-json\/wp\/v2\/posts\/7019\/revisions\/7029"}],"wp:featuredmedia":[{"embeddable":true,"href":"https:\/\/www.elle.lu\/fr\/wp-json\/wp\/v2\/media\/7020"}],"wp:attachment":[{"href":"https:\/\/www.elle.lu\/fr\/wp-json\/wp\/v2\/media?parent=7019"}],"wp:term":[{"taxonomy":"category","embeddable":true,"href":"https:\/\/www.elle.lu\/fr\/wp-json\/wp\/v2\/categories?post=7019"},{"taxonomy":"post_tag","embeddable":true,"href":"https:\/\/www.elle.lu\/fr\/wp-json\/wp\/v2\/tags?post=7019"}],"curies":[{"name":"wp","href":"https:\/\/api.w.org\/{rel}","templated":true}]}}