{"id":7467,"date":"2025-08-07T07:00:59","date_gmt":"2025-08-07T05:00:59","guid":{"rendered":"https:\/\/www.elle.lu\/fr\/?p=7467"},"modified":"2025-08-05T14:01:01","modified_gmt":"2025-08-05T12:01:01","slug":"a-la-recherche-de-la-fraicheur-en-ete-et-si-on-partait-a-la-montagne-fraicheur-dete-et-si-on-partait-a-la-montagne","status":"publish","type":"post","link":"https:\/\/www.elle.lu\/fr\/7467-a-la-recherche-de-la-fraicheur-en-ete-et-si-on-partait-a-la-montagne-fraicheur-dete-et-si-on-partait-a-la-montagne.html","title":{"rendered":"\u00c0 la recherche de la fra\u00eecheur en \u00e9t\u00e9 : et si on partait \u00e0 la montagne ?"},"content":{"rendered":"","protected":false},"excerpt":{"rendered":"L\u2019\u00e9t\u00e9 rime souvent avec plage, soleil et chaleur\u2026 Mais, pourquoi ne pas changer un peu et profiter de la fra\u00eecheur des montagnes ? Jamais elles n\u2019ont \u00e9t\u00e9 aussi s\u00e9duisantes pour s\u2019\u00e9vader autrement.","protected":false},"author":28,"featured_media":7469,"comment_status":"open","ping_status":"open","sticky":false,"template":"","format":"standard","meta":{"_acf_changed":false,"_jetpack_memberships_contains_paid_content":false,"footnotes":""},"categories":[4,8],"tags":[],"class_list":["post-7467","post","type-post","status-publish","format-standard","has-post-thumbnail","hentry","category-lifestyle","category-adresses"],"acf":[],"yoast_head":"<!-- This site is optimized with the Yoast SEO plugin v27.5 - https:\/\/yoast.com\/product\/yoast-seo-wordpress\/ -->\n<title>\u00c0 la recherche de la fra\u00eecheur en \u00e9t\u00e9 : et si on partait \u00e0 la montagne ? - ELLE.lu Luxembourg<\/title>\n<meta name=\"description\" content=\"L\u2019\u00e9t\u00e9 rime souvent avec plage, soleil et chaleur\u2026 Mais, pourquoi ne pas changer un peu et profiter de la fra\u00eecheur des montagnes ?\" \/>\n<meta name=\"robots\" content=\"index, follow, max-snippet:-1, max-image-preview:large, max-video-preview:-1\" \/>\n<link rel=\"canonical\" href=\"https:\/\/www.elle.lu\/fr\/7467-a-la-recherche-de-la-fraicheur-en-ete-et-si-on-partait-a-la-montagne-fraicheur-dete-et-si-on-partait-a-la-montagne.html\" \/>\n<meta property=\"og:locale\" content=\"fr_FR\" \/>\n<meta property=\"og:type\" content=\"article\" \/>\n<meta property=\"og:title\" content=\"\u00c0 la recherche de la fra\u00eecheur en \u00e9t\u00e9 : et si on partait \u00e0 la montagne ? - ELLE.lu Luxembourg\" \/>\n<meta property=\"og:description\" content=\"L\u2019\u00e9t\u00e9 rime souvent avec plage, soleil et chaleur\u2026 Mais, pourquoi ne pas changer un peu et profiter de la fra\u00eecheur des montagnes ?\" \/>\n<meta property=\"og:url\" content=\"https:\/\/www.elle.lu\/fr\/7467-a-la-recherche-de-la-fraicheur-en-ete-et-si-on-partait-a-la-montagne-fraicheur-dete-et-si-on-partait-a-la-montagne.html\" \/>\n<meta property=\"og:site_name\" content=\"ELLE.lu Luxembourg\" \/>\n<meta property=\"article:published_time\" content=\"2025-08-07T05:00:59+00:00\" \/>\n<meta property=\"og:image\" content=\"https:\/\/www.elle.lu\/fr\/wp-content\/uploads\/2025\/08\/copyright-cresta-palace-2-img-2308.jpeg\" \/>\n\t<meta property=\"og:image:width\" content=\"2500\" \/>\n\t<meta property=\"og:image:height\" content=\"1875\" \/>\n\t<meta property=\"og:image:type\" content=\"image\/jpeg\" \/>\n<meta name=\"author\" content=\"Jessika Maria Rauch\" \/>\n<meta name=\"twitter:card\" content=\"summary_large_image\" \/>\n<meta name=\"twitter:label1\" content=\"\u00c9crit par\" \/>\n\t<meta name=\"twitter:data1\" content=\"Jessika Maria Rauch\" \/>\n\t<meta name=\"twitter:label2\" content=\"Dur\u00e9e de lecture estim\u00e9e\" \/>\n\t<meta name=\"twitter:data2\" content=\"12 minutes\" \/>\n<script type=\"application\/ld+json\" class=\"yoast-schema-graph\">{\"@context\":\"https:\\\/\\\/schema.org\",\"@graph\":[{\"@type\":\"Article\",\"@id\":\"https:\\\/\\\/www.elle.lu\\\/fr\\\/7467-a-la-recherche-de-la-fraicheur-en-ete-et-si-on-partait-a-la-montagne-fraicheur-dete-et-si-on-partait-a-la-montagne.html#article\",\"isPartOf\":{\"@id\":\"https:\\\/\\\/www.elle.lu\\\/fr\\\/7467-a-la-recherche-de-la-fraicheur-en-ete-et-si-on-partait-a-la-montagne-fraicheur-dete-et-si-on-partait-a-la-montagne.html\"},\"author\":{\"name\":\"Jessika Maria Rauch\",\"@id\":\"https:\\\/\\\/www.elle.lu\\\/fr\\\/#\\\/schema\\\/person\\\/8086c0cf9c0dde1acbe677c9ff804862\"},\"headline\":\"\u00c0 la recherche de la fra\u00eecheur en \u00e9t\u00e9 : et si on partait \u00e0 la montagne ?\",\"datePublished\":\"2025-08-07T05:00:59+00:00\",\"mainEntityOfPage\":{\"@id\":\"https:\\\/\\\/www.elle.lu\\\/fr\\\/7467-a-la-recherche-de-la-fraicheur-en-ete-et-si-on-partait-a-la-montagne-fraicheur-dete-et-si-on-partait-a-la-montagne.html\"},\"wordCount\":2426,\"commentCount\":0,\"image\":{\"@id\":\"https:\\\/\\\/www.elle.lu\\\/fr\\\/7467-a-la-recherche-de-la-fraicheur-en-ete-et-si-on-partait-a-la-montagne-fraicheur-dete-et-si-on-partait-a-la-montagne.html#primaryimage\"},\"thumbnailUrl\":\"https:\\\/\\\/www.elle.lu\\\/fr\\\/wp-content\\\/uploads\\\/2025\\\/08\\\/copyright-cresta-palace-2-img-2308.jpeg\",\"articleSection\":[\"Lifestyle\",\"Adresses\"],\"inLanguage\":\"fr-FR\",\"potentialAction\":[{\"@type\":\"CommentAction\",\"name\":\"Comment\",\"target\":[\"https:\\\/\\\/www.elle.lu\\\/fr\\\/7467-a-la-recherche-de-la-fraicheur-en-ete-et-si-on-partait-a-la-montagne-fraicheur-dete-et-si-on-partait-a-la-montagne.html#respond\"]}]},{\"@type\":\"WebPage\",\"@id\":\"https:\\\/\\\/www.elle.lu\\\/fr\\\/7467-a-la-recherche-de-la-fraicheur-en-ete-et-si-on-partait-a-la-montagne-fraicheur-dete-et-si-on-partait-a-la-montagne.html\",\"url\":\"https:\\\/\\\/www.elle.lu\\\/fr\\\/7467-a-la-recherche-de-la-fraicheur-en-ete-et-si-on-partait-a-la-montagne-fraicheur-dete-et-si-on-partait-a-la-montagne.html\",\"name\":\"\u00c0 la recherche de la fra\u00eecheur en \u00e9t\u00e9 : et si on partait \u00e0 la montagne ? - ELLE.lu Luxembourg\",\"isPartOf\":{\"@id\":\"https:\\\/\\\/www.elle.lu\\\/fr\\\/#website\"},\"primaryImageOfPage\":{\"@id\":\"https:\\\/\\\/www.elle.lu\\\/fr\\\/7467-a-la-recherche-de-la-fraicheur-en-ete-et-si-on-partait-a-la-montagne-fraicheur-dete-et-si-on-partait-a-la-montagne.html#primaryimage\"},\"image\":{\"@id\":\"https:\\\/\\\/www.elle.lu\\\/fr\\\/7467-a-la-recherche-de-la-fraicheur-en-ete-et-si-on-partait-a-la-montagne-fraicheur-dete-et-si-on-partait-a-la-montagne.html#primaryimage\"},\"thumbnailUrl\":\"https:\\\/\\\/www.elle.lu\\\/fr\\\/wp-content\\\/uploads\\\/2025\\\/08\\\/copyright-cresta-palace-2-img-2308.jpeg\",\"datePublished\":\"2025-08-07T05:00:59+00:00\",\"author\":{\"@id\":\"https:\\\/\\\/www.elle.lu\\\/fr\\\/#\\\/schema\\\/person\\\/8086c0cf9c0dde1acbe677c9ff804862\"},\"description\":\"L\u2019\u00e9t\u00e9 rime souvent avec plage, soleil et chaleur\u2026 Mais, pourquoi ne pas changer un peu et profiter de la fra\u00eecheur des montagnes ?\",\"breadcrumb\":{\"@id\":\"https:\\\/\\\/www.elle.lu\\\/fr\\\/7467-a-la-recherche-de-la-fraicheur-en-ete-et-si-on-partait-a-la-montagne-fraicheur-dete-et-si-on-partait-a-la-montagne.html#breadcrumb\"},\"inLanguage\":\"fr-FR\",\"potentialAction\":[{\"@type\":\"ReadAction\",\"target\":[\"https:\\\/\\\/www.elle.lu\\\/fr\\\/7467-a-la-recherche-de-la-fraicheur-en-ete-et-si-on-partait-a-la-montagne-fraicheur-dete-et-si-on-partait-a-la-montagne.html\"]}]},{\"@type\":\"ImageObject\",\"inLanguage\":\"fr-FR\",\"@id\":\"https:\\\/\\\/www.elle.lu\\\/fr\\\/7467-a-la-recherche-de-la-fraicheur-en-ete-et-si-on-partait-a-la-montagne-fraicheur-dete-et-si-on-partait-a-la-montagne.html#primaryimage\",\"url\":\"https:\\\/\\\/www.elle.lu\\\/fr\\\/wp-content\\\/uploads\\\/2025\\\/08\\\/copyright-cresta-palace-2-img-2308.jpeg\",\"contentUrl\":\"https:\\\/\\\/www.elle.lu\\\/fr\\\/wp-content\\\/uploads\\\/2025\\\/08\\\/copyright-cresta-palace-2-img-2308.jpeg\",\"width\":2500,\"height\":1875,\"caption\":\"\u00a9Cresta Palace\"},{\"@type\":\"BreadcrumbList\",\"@id\":\"https:\\\/\\\/www.elle.lu\\\/fr\\\/7467-a-la-recherche-de-la-fraicheur-en-ete-et-si-on-partait-a-la-montagne-fraicheur-dete-et-si-on-partait-a-la-montagne.html#breadcrumb\",\"itemListElement\":[{\"@type\":\"ListItem\",\"position\":1,\"name\":\"Accueil\",\"item\":\"https:\\\/\\\/www.elle.lu\\\/fr\"},{\"@type\":\"ListItem\",\"position\":2,\"name\":\"\u00c0 la recherche de la fra\u00eecheur en \u00e9t\u00e9 : et si on partait \u00e0 la montagne ?\"}]},{\"@type\":\"WebSite\",\"@id\":\"https:\\\/\\\/www.elle.lu\\\/fr\\\/#website\",\"url\":\"https:\\\/\\\/www.elle.lu\\\/fr\\\/\",\"name\":\"ELLE.lu\",\"description\":\"Explorez les derni\u00e8res tendances mode, beaut\u00e9 et art de vivre au Luxembourg sur ELLE.lu. Un contenu exclusivement luxembourgeois sur notre site, r\u00e9seaux sociaux et YouTube.\",\"potentialAction\":[{\"@type\":\"SearchAction\",\"target\":{\"@type\":\"EntryPoint\",\"urlTemplate\":\"https:\\\/\\\/www.elle.lu\\\/fr\\\/?s={search_term_string}\"},\"query-input\":{\"@type\":\"PropertyValueSpecification\",\"valueRequired\":true,\"valueName\":\"search_term_string\"}}],\"inLanguage\":\"fr-FR\"},{\"@type\":\"Person\",\"@id\":\"https:\\\/\\\/www.elle.lu\\\/fr\\\/#\\\/schema\\\/person\\\/8086c0cf9c0dde1acbe677c9ff804862\",\"name\":\"Jessika Maria Rauch\",\"image\":{\"@type\":\"ImageObject\",\"inLanguage\":\"fr-FR\",\"@id\":\"https:\\\/\\\/secure.gravatar.com\\\/avatar\\\/bae28e2d194bb1010f3b1fc4f2b3bad5de4e4e1d9b176035cc00dc8ae8775257?s=96&d=mm&r=g\",\"url\":\"https:\\\/\\\/secure.gravatar.com\\\/avatar\\\/bae28e2d194bb1010f3b1fc4f2b3bad5de4e4e1d9b176035cc00dc8ae8775257?s=96&d=mm&r=g\",\"contentUrl\":\"https:\\\/\\\/secure.gravatar.com\\\/avatar\\\/bae28e2d194bb1010f3b1fc4f2b3bad5de4e4e1d9b176035cc00dc8ae8775257?s=96&d=mm&r=g\",\"caption\":\"Jessika Maria Rauch\"},\"url\":\"https:\\\/\\\/www.elle.lu\\\/fr\\\/author\\\/jessika-maria-rauch\"}]}<\/script>\n<!-- \/ Yoast SEO plugin. -->","yoast_head_json":{"title":"\u00c0 la recherche de la fra\u00eecheur en \u00e9t\u00e9 : et si on partait \u00e0 la montagne ? - ELLE.lu Luxembourg","description":"L\u2019\u00e9t\u00e9 rime souvent avec plage, soleil et chaleur\u2026 Mais, pourquoi ne pas changer un peu et profiter de la fra\u00eecheur des montagnes ?","robots":{"index":"index","follow":"follow","max-snippet":"max-snippet:-1","max-image-preview":"max-image-preview:large","max-video-preview":"max-video-preview:-1"},"canonical":"https:\/\/www.elle.lu\/fr\/7467-a-la-recherche-de-la-fraicheur-en-ete-et-si-on-partait-a-la-montagne-fraicheur-dete-et-si-on-partait-a-la-montagne.html","og_locale":"fr_FR","og_type":"article","og_title":"\u00c0 la recherche de la fra\u00eecheur en \u00e9t\u00e9 : et si on partait \u00e0 la montagne ? - ELLE.lu Luxembourg","og_description":"L\u2019\u00e9t\u00e9 rime souvent avec plage, soleil et chaleur\u2026 Mais, pourquoi ne pas changer un peu et profiter de la fra\u00eecheur des montagnes ?","og_url":"https:\/\/www.elle.lu\/fr\/7467-a-la-recherche-de-la-fraicheur-en-ete-et-si-on-partait-a-la-montagne-fraicheur-dete-et-si-on-partait-a-la-montagne.html","og_site_name":"ELLE.lu Luxembourg","article_published_time":"2025-08-07T05:00:59+00:00","og_image":[{"width":2500,"height":1875,"url":"https:\/\/www.elle.lu\/fr\/wp-content\/uploads\/2025\/08\/copyright-cresta-palace-2-img-2308.jpeg","type":"image\/jpeg"}],"author":"Jessika Maria Rauch","twitter_card":"summary_large_image","twitter_misc":{"\u00c9crit par":"Jessika Maria Rauch","Dur\u00e9e de lecture estim\u00e9e":"12 minutes"},"schema":{"@context":"https:\/\/schema.org","@graph":[{"@type":"Article","@id":"https:\/\/www.elle.lu\/fr\/7467-a-la-recherche-de-la-fraicheur-en-ete-et-si-on-partait-a-la-montagne-fraicheur-dete-et-si-on-partait-a-la-montagne.html#article","isPartOf":{"@id":"https:\/\/www.elle.lu\/fr\/7467-a-la-recherche-de-la-fraicheur-en-ete-et-si-on-partait-a-la-montagne-fraicheur-dete-et-si-on-partait-a-la-montagne.html"},"author":{"name":"Jessika Maria Rauch","@id":"https:\/\/www.elle.lu\/fr\/#\/schema\/person\/8086c0cf9c0dde1acbe677c9ff804862"},"headline":"\u00c0 la recherche de la fra\u00eecheur en \u00e9t\u00e9 : et si on partait \u00e0 la montagne ?","datePublished":"2025-08-07T05:00:59+00:00","mainEntityOfPage":{"@id":"https:\/\/www.elle.lu\/fr\/7467-a-la-recherche-de-la-fraicheur-en-ete-et-si-on-partait-a-la-montagne-fraicheur-dete-et-si-on-partait-a-la-montagne.html"},"wordCount":2426,"commentCount":0,"image":{"@id":"https:\/\/www.elle.lu\/fr\/7467-a-la-recherche-de-la-fraicheur-en-ete-et-si-on-partait-a-la-montagne-fraicheur-dete-et-si-on-partait-a-la-montagne.html#primaryimage"},"thumbnailUrl":"https:\/\/www.elle.lu\/fr\/wp-content\/uploads\/2025\/08\/copyright-cresta-palace-2-img-2308.jpeg","articleSection":["Lifestyle","Adresses"],"inLanguage":"fr-FR","potentialAction":[{"@type":"CommentAction","name":"Comment","target":["https:\/\/www.elle.lu\/fr\/7467-a-la-recherche-de-la-fraicheur-en-ete-et-si-on-partait-a-la-montagne-fraicheur-dete-et-si-on-partait-a-la-montagne.html#respond"]}]},{"@type":"WebPage","@id":"https:\/\/www.elle.lu\/fr\/7467-a-la-recherche-de-la-fraicheur-en-ete-et-si-on-partait-a-la-montagne-fraicheur-dete-et-si-on-partait-a-la-montagne.html","url":"https:\/\/www.elle.lu\/fr\/7467-a-la-recherche-de-la-fraicheur-en-ete-et-si-on-partait-a-la-montagne-fraicheur-dete-et-si-on-partait-a-la-montagne.html","name":"\u00c0 la recherche de la fra\u00eecheur en \u00e9t\u00e9 : et si on partait \u00e0 la montagne ? - ELLE.lu Luxembourg","isPartOf":{"@id":"https:\/\/www.elle.lu\/fr\/#website"},"primaryImageOfPage":{"@id":"https:\/\/www.elle.lu\/fr\/7467-a-la-recherche-de-la-fraicheur-en-ete-et-si-on-partait-a-la-montagne-fraicheur-dete-et-si-on-partait-a-la-montagne.html#primaryimage"},"image":{"@id":"https:\/\/www.elle.lu\/fr\/7467-a-la-recherche-de-la-fraicheur-en-ete-et-si-on-partait-a-la-montagne-fraicheur-dete-et-si-on-partait-a-la-montagne.html#primaryimage"},"thumbnailUrl":"https:\/\/www.elle.lu\/fr\/wp-content\/uploads\/2025\/08\/copyright-cresta-palace-2-img-2308.jpeg","datePublished":"2025-08-07T05:00:59+00:00","author":{"@id":"https:\/\/www.elle.lu\/fr\/#\/schema\/person\/8086c0cf9c0dde1acbe677c9ff804862"},"description":"L\u2019\u00e9t\u00e9 rime souvent avec plage, soleil et chaleur\u2026 Mais, pourquoi ne pas changer un peu et profiter de la fra\u00eecheur des montagnes ?","breadcrumb":{"@id":"https:\/\/www.elle.lu\/fr\/7467-a-la-recherche-de-la-fraicheur-en-ete-et-si-on-partait-a-la-montagne-fraicheur-dete-et-si-on-partait-a-la-montagne.html#breadcrumb"},"inLanguage":"fr-FR","potentialAction":[{"@type":"ReadAction","target":["https:\/\/www.elle.lu\/fr\/7467-a-la-recherche-de-la-fraicheur-en-ete-et-si-on-partait-a-la-montagne-fraicheur-dete-et-si-on-partait-a-la-montagne.html"]}]},{"@type":"ImageObject","inLanguage":"fr-FR","@id":"https:\/\/www.elle.lu\/fr\/7467-a-la-recherche-de-la-fraicheur-en-ete-et-si-on-partait-a-la-montagne-fraicheur-dete-et-si-on-partait-a-la-montagne.html#primaryimage","url":"https:\/\/www.elle.lu\/fr\/wp-content\/uploads\/2025\/08\/copyright-cresta-palace-2-img-2308.jpeg","contentUrl":"https:\/\/www.elle.lu\/fr\/wp-content\/uploads\/2025\/08\/copyright-cresta-palace-2-img-2308.jpeg","width":2500,"height":1875,"caption":"\u00a9Cresta Palace"},{"@type":"BreadcrumbList","@id":"https:\/\/www.elle.lu\/fr\/7467-a-la-recherche-de-la-fraicheur-en-ete-et-si-on-partait-a-la-montagne-fraicheur-dete-et-si-on-partait-a-la-montagne.html#breadcrumb","itemListElement":[{"@type":"ListItem","position":1,"name":"Accueil","item":"https:\/\/www.elle.lu\/fr"},{"@type":"ListItem","position":2,"name":"\u00c0 la recherche de la fra\u00eecheur en \u00e9t\u00e9 : et si on partait \u00e0 la montagne ?"}]},{"@type":"WebSite","@id":"https:\/\/www.elle.lu\/fr\/#website","url":"https:\/\/www.elle.lu\/fr\/","name":"ELLE.lu","description":"Explorez les derni\u00e8res tendances mode, beaut\u00e9 et art de vivre au Luxembourg sur ELLE.lu. Un contenu exclusivement luxembourgeois sur notre site, r\u00e9seaux sociaux et YouTube.","potentialAction":[{"@type":"SearchAction","target":{"@type":"EntryPoint","urlTemplate":"https:\/\/www.elle.lu\/fr\/?s={search_term_string}"},"query-input":{"@type":"PropertyValueSpecification","valueRequired":true,"valueName":"search_term_string"}}],"inLanguage":"fr-FR"},{"@type":"Person","@id":"https:\/\/www.elle.lu\/fr\/#\/schema\/person\/8086c0cf9c0dde1acbe677c9ff804862","name":"Jessika Maria Rauch","image":{"@type":"ImageObject","inLanguage":"fr-FR","@id":"https:\/\/secure.gravatar.com\/avatar\/bae28e2d194bb1010f3b1fc4f2b3bad5de4e4e1d9b176035cc00dc8ae8775257?s=96&d=mm&r=g","url":"https:\/\/secure.gravatar.com\/avatar\/bae28e2d194bb1010f3b1fc4f2b3bad5de4e4e1d9b176035cc00dc8ae8775257?s=96&d=mm&r=g","contentUrl":"https:\/\/secure.gravatar.com\/avatar\/bae28e2d194bb1010f3b1fc4f2b3bad5de4e4e1d9b176035cc00dc8ae8775257?s=96&d=mm&r=g","caption":"Jessika Maria Rauch"},"url":"https:\/\/www.elle.lu\/fr\/author\/jessika-maria-rauch"}]}},"jetpack_featured_media_url":"https:\/\/www.elle.lu\/fr\/wp-content\/uploads\/2025\/08\/copyright-cresta-palace-2-img-2308.jpeg","jetpack_sharing_enabled":true,"_links":{"self":[{"href":"https:\/\/www.elle.lu\/fr\/wp-json\/wp\/v2\/posts\/7467","targetHints":{"allow":["GET"]}}],"collection":[{"href":"https:\/\/www.elle.lu\/fr\/wp-json\/wp\/v2\/posts"}],"about":[{"href":"https:\/\/www.elle.lu\/fr\/wp-json\/wp\/v2\/types\/post"}],"author":[{"embeddable":true,"href":"https:\/\/www.elle.lu\/fr\/wp-json\/wp\/v2\/users\/28"}],"replies":[{"embeddable":true,"href":"https:\/\/www.elle.lu\/fr\/wp-json\/wp\/v2\/comments?post=7467"}],"version-history":[{"count":3,"href":"https:\/\/www.elle.lu\/fr\/wp-json\/wp\/v2\/posts\/7467\/revisions"}],"predecessor-version":[{"id":7479,"href":"https:\/\/www.elle.lu\/fr\/wp-json\/wp\/v2\/posts\/7467\/revisions\/7479"}],"wp:featuredmedia":[{"embeddable":true,"href":"https:\/\/www.elle.lu\/fr\/wp-json\/wp\/v2\/media\/7469"}],"wp:attachment":[{"href":"https:\/\/www.elle.lu\/fr\/wp-json\/wp\/v2\/media?parent=7467"}],"wp:term":[{"taxonomy":"category","embeddable":true,"href":"https:\/\/www.elle.lu\/fr\/wp-json\/wp\/v2\/categories?post=7467"},{"taxonomy":"post_tag","embeddable":true,"href":"https:\/\/www.elle.lu\/fr\/wp-json\/wp\/v2\/tags?post=7467"}],"curies":[{"name":"wp","href":"https:\/\/api.w.org\/{rel}","templated":true}]}}