{"id":7599,"date":"2025-09-15T07:00:37","date_gmt":"2025-09-15T05:00:37","guid":{"rendered":"https:\/\/www.elle.lu\/fr\/?p=7599"},"modified":"2025-09-14T20:15:24","modified_gmt":"2025-09-14T18:15:24","slug":"6-accessoires-stars-de-lete-qui-feront-aussi-sensation-cet-automne","status":"publish","type":"post","link":"https:\/\/www.elle.lu\/fr\/7599-6-accessoires-stars-de-lete-qui-feront-aussi-sensation-cet-automne.html","title":{"rendered":"6 accessoires stars de l\u2019\u00e9t\u00e9 qui feront aussi sensation cet automne"},"content":{"rendered":"","protected":false},"excerpt":{"rendered":"Ils ont illumin\u00e9 nos \u00e9t\u00e9s, entre plage, terrasses et premiers festivals. ...","protected":false},"author":14,"featured_media":7600,"comment_status":"open","ping_status":"open","sticky":false,"template":"","format":"standard","meta":{"_acf_changed":false,"_jetpack_memberships_contains_paid_content":false,"footnotes":""},"categories":[2],"tags":[],"class_list":["post-7599","post","type-post","status-publish","format-standard","has-post-thumbnail","hentry","category-mode"],"acf":[],"yoast_head":"<!-- This site is optimized with the Yoast SEO plugin v27.2 - https:\/\/yoast.com\/product\/yoast-seo-wordpress\/ -->\n<title>6 accessoires stars de l\u2019\u00e9t\u00e9 qui feront aussi sensation cet automne - ELLE.lu Luxembourg<\/title>\n<meta name=\"description\" content=\"Ils ont illumin\u00e9 nos \u00e9t\u00e9s, entre plage, terrasses et premiers festivals. Bonne nouvelle : ces accessoires solaires ne nous quitteront pas \u00e0 la rentr\u00e9e. Mieux, ils injecteront de la l\u00e9g\u00e8ret\u00e9 dans nos silhouettes automnales.\" \/>\n<meta name=\"robots\" content=\"index, follow, max-snippet:-1, max-image-preview:large, max-video-preview:-1\" \/>\n<link rel=\"canonical\" href=\"https:\/\/www.elle.fr\/Mode\/Accessoires-de-Mode\/6-accessoires-stars-de-l-ete-qui-feront-aussi-sensation-cet-automne-4373979#xtor=AL-244\" \/>\n<meta property=\"og:locale\" content=\"fr_FR\" \/>\n<meta property=\"og:type\" content=\"article\" \/>\n<meta property=\"og:title\" content=\"6 accessoires stars de l\u2019\u00e9t\u00e9 qui feront aussi sensation cet automne - ELLE.lu Luxembourg\" \/>\n<meta property=\"og:description\" content=\"Ils ont illumin\u00e9 nos \u00e9t\u00e9s, entre plage, terrasses et premiers festivals. Bonne nouvelle : ces accessoires solaires ne nous quitteront pas \u00e0 la rentr\u00e9e. Mieux, ils injecteront de la l\u00e9g\u00e8ret\u00e9 dans nos silhouettes automnales.\" \/>\n<meta property=\"og:url\" content=\"https:\/\/www.elle.fr\/Mode\/Accessoires-de-Mode\/6-accessoires-stars-de-l-ete-qui-feront-aussi-sensation-cet-automne-4373979#xtor=AL-244\" \/>\n<meta property=\"og:site_name\" content=\"ELLE.lu Luxembourg\" \/>\n<meta property=\"article:published_time\" content=\"2025-09-15T05:00:37+00:00\" \/>\n<meta property=\"og:image\" content=\"https:\/\/www.elle.lu\/fr\/wp-content\/uploads\/2025\/08\/6-accessoires-stars-de-l-ete-qui-feront-aussi-sensation-cet-automne.webp\" \/>\n\t<meta property=\"og:image:width\" content=\"1280\" \/>\n\t<meta property=\"og:image:height\" content=\"1280\" \/>\n\t<meta property=\"og:image:type\" content=\"image\/webp\" \/>\n<meta name=\"author\" content=\"ELLE Luxembourg\" \/>\n<meta name=\"twitter:card\" content=\"summary_large_image\" \/>\n<meta name=\"twitter:label1\" content=\"\u00c9crit par\" \/>\n\t<meta name=\"twitter:data1\" content=\"ELLE Luxembourg\" \/>\n\t<meta name=\"twitter:label2\" content=\"Dur\u00e9e de lecture estim\u00e9e\" \/>\n\t<meta name=\"twitter:data2\" content=\"4 minutes\" \/>\n<script type=\"application\/ld+json\" class=\"yoast-schema-graph\">{\"@context\":\"https:\/\/schema.org\",\"@graph\":[{\"@type\":\"Article\",\"@id\":\"https:\/\/www.elle.fr\/Mode\/Accessoires-de-Mode\/6-accessoires-stars-de-l-ete-qui-feront-aussi-sensation-cet-automne-4373979#xtor%3dAL-244#article\",\"isPartOf\":{\"@id\":\"https:\/\/www.elle.lu\/fr\/7599-6-accessoires-stars-de-lete-qui-feront-aussi-sensation-cet-automne.html\"},\"author\":{\"name\":\"ELLE Luxembourg\",\"@id\":\"https:\/\/www.elle.lu\/fr\/#\/schema\/person\/9f46b98d1e40ec669426239054a74f55\"},\"headline\":\"6 accessoires stars de l\u2019\u00e9t\u00e9 qui feront aussi sensation cet automne\",\"datePublished\":\"2025-09-15T05:00:37+00:00\",\"mainEntityOfPage\":{\"@id\":\"https:\/\/www.elle.lu\/fr\/7599-6-accessoires-stars-de-lete-qui-feront-aussi-sensation-cet-automne.html\"},\"wordCount\":745,\"commentCount\":0,\"image\":{\"@id\":\"https:\/\/www.elle.fr\/Mode\/Accessoires-de-Mode\/6-accessoires-stars-de-l-ete-qui-feront-aussi-sensation-cet-automne-4373979#xtor%3dAL-244#primaryimage\"},\"thumbnailUrl\":\"https:\/\/www.elle.lu\/fr\/wp-content\/uploads\/2025\/08\/6-accessoires-stars-de-l-ete-qui-feront-aussi-sensation-cet-automne.webp\",\"articleSection\":[\"Mode\"],\"inLanguage\":\"fr-FR\",\"potentialAction\":[{\"@type\":\"CommentAction\",\"name\":\"Comment\",\"target\":[\"https:\/\/www.elle.fr\/Mode\/Accessoires-de-Mode\/6-accessoires-stars-de-l-ete-qui-feront-aussi-sensation-cet-automne-4373979#xtor%3dAL-244#respond\"]}]},{\"@type\":\"WebPage\",\"@id\":\"https:\/\/www.elle.lu\/fr\/7599-6-accessoires-stars-de-lete-qui-feront-aussi-sensation-cet-automne.html\",\"url\":\"https:\/\/www.elle.fr\/Mode\/Accessoires-de-Mode\/6-accessoires-stars-de-l-ete-qui-feront-aussi-sensation-cet-automne-4373979#xtor%3dAL-244\",\"name\":\"6 accessoires stars de l\u2019\u00e9t\u00e9 qui feront aussi sensation cet automne - ELLE.lu Luxembourg\",\"isPartOf\":{\"@id\":\"https:\/\/www.elle.lu\/fr\/#website\"},\"primaryImageOfPage\":{\"@id\":\"https:\/\/www.elle.fr\/Mode\/Accessoires-de-Mode\/6-accessoires-stars-de-l-ete-qui-feront-aussi-sensation-cet-automne-4373979#xtor%3dAL-244#primaryimage\"},\"image\":{\"@id\":\"https:\/\/www.elle.fr\/Mode\/Accessoires-de-Mode\/6-accessoires-stars-de-l-ete-qui-feront-aussi-sensation-cet-automne-4373979#xtor%3dAL-244#primaryimage\"},\"thumbnailUrl\":\"https:\/\/www.elle.lu\/fr\/wp-content\/uploads\/2025\/08\/6-accessoires-stars-de-l-ete-qui-feront-aussi-sensation-cet-automne.webp\",\"datePublished\":\"2025-09-15T05:00:37+00:00\",\"author\":{\"@id\":\"https:\/\/www.elle.lu\/fr\/#\/schema\/person\/9f46b98d1e40ec669426239054a74f55\"},\"description\":\"Ils ont illumin\u00e9 nos \u00e9t\u00e9s, entre plage, terrasses et premiers festivals. Bonne nouvelle : ces accessoires solaires ne nous quitteront pas \u00e0 la rentr\u00e9e. Mieux, ils injecteront de la l\u00e9g\u00e8ret\u00e9 dans nos silhouettes automnales.\",\"breadcrumb\":{\"@id\":\"https:\/\/www.elle.fr\/Mode\/Accessoires-de-Mode\/6-accessoires-stars-de-l-ete-qui-feront-aussi-sensation-cet-automne-4373979#xtor%3dAL-244#breadcrumb\"},\"inLanguage\":\"fr-FR\",\"potentialAction\":[{\"@type\":\"ReadAction\",\"target\":[\"https:\/\/www.elle.fr\/Mode\/Accessoires-de-Mode\/6-accessoires-stars-de-l-ete-qui-feront-aussi-sensation-cet-automne-4373979#xtor%3dAL-244\"]}]},{\"@type\":\"ImageObject\",\"inLanguage\":\"fr-FR\",\"@id\":\"https:\/\/www.elle.fr\/Mode\/Accessoires-de-Mode\/6-accessoires-stars-de-l-ete-qui-feront-aussi-sensation-cet-automne-4373979#xtor%3dAL-244#primaryimage\",\"url\":\"https:\/\/www.elle.lu\/fr\/wp-content\/uploads\/2025\/08\/6-accessoires-stars-de-l-ete-qui-feront-aussi-sensation-cet-automne.webp\",\"contentUrl\":\"https:\/\/www.elle.lu\/fr\/wp-content\/uploads\/2025\/08\/6-accessoires-stars-de-l-ete-qui-feront-aussi-sensation-cet-automne.webp\",\"width\":1280,\"height\":1280,\"caption\":\"\u00a9miatqueiroz\/Instagram\"},{\"@type\":\"BreadcrumbList\",\"@id\":\"https:\/\/www.elle.fr\/Mode\/Accessoires-de-Mode\/6-accessoires-stars-de-l-ete-qui-feront-aussi-sensation-cet-automne-4373979#xtor%3dAL-244#breadcrumb\",\"itemListElement\":[{\"@type\":\"ListItem\",\"position\":1,\"name\":\"Accueil\",\"item\":\"https:\/\/www.elle.lu\/fr\"},{\"@type\":\"ListItem\",\"position\":2,\"name\":\"6 accessoires stars de l\u2019\u00e9t\u00e9 qui feront aussi sensation cet automne\"}]},{\"@type\":\"WebSite\",\"@id\":\"https:\/\/www.elle.lu\/fr\/#website\",\"url\":\"https:\/\/www.elle.lu\/fr\/\",\"name\":\"ELLE.lu\",\"description\":\"Explorez les derni\u00e8res tendances mode, beaut\u00e9 et art de vivre au Luxembourg sur ELLE.lu. Un contenu exclusivement luxembourgeois sur notre site, r\u00e9seaux sociaux et YouTube.\",\"potentialAction\":[{\"@type\":\"SearchAction\",\"target\":{\"@type\":\"EntryPoint\",\"urlTemplate\":\"https:\/\/www.elle.lu\/fr\/?s={search_term_string}\"},\"query-input\":{\"@type\":\"PropertyValueSpecification\",\"valueRequired\":true,\"valueName\":\"search_term_string\"}}],\"inLanguage\":\"fr-FR\"},{\"@type\":\"Person\",\"@id\":\"https:\/\/www.elle.lu\/fr\/#\/schema\/person\/9f46b98d1e40ec669426239054a74f55\",\"name\":\"ELLE Luxembourg\",\"image\":{\"@type\":\"ImageObject\",\"inLanguage\":\"fr-FR\",\"@id\":\"https:\/\/secure.gravatar.com\/avatar\/53ba8a0846e80e757a82f9012841e058a80a9c9fcef00955129602230f0fd7ac?s=96&d=mm&r=g\",\"url\":\"https:\/\/secure.gravatar.com\/avatar\/53ba8a0846e80e757a82f9012841e058a80a9c9fcef00955129602230f0fd7ac?s=96&d=mm&r=g\",\"contentUrl\":\"https:\/\/secure.gravatar.com\/avatar\/53ba8a0846e80e757a82f9012841e058a80a9c9fcef00955129602230f0fd7ac?s=96&d=mm&r=g\",\"caption\":\"ELLE Luxembourg\"},\"url\":\"https:\/\/www.elle.lu\/fr\/author\/elle-luxembourg\"}]}<\/script>\n<!-- \/ Yoast SEO plugin. -->","yoast_head_json":{"title":"6 accessoires stars de l\u2019\u00e9t\u00e9 qui feront aussi sensation cet automne - ELLE.lu Luxembourg","description":"Ils ont illumin\u00e9 nos \u00e9t\u00e9s, entre plage, terrasses et premiers festivals. Bonne nouvelle : ces accessoires solaires ne nous quitteront pas \u00e0 la rentr\u00e9e. Mieux, ils injecteront de la l\u00e9g\u00e8ret\u00e9 dans nos silhouettes automnales.","robots":{"index":"index","follow":"follow","max-snippet":"max-snippet:-1","max-image-preview":"max-image-preview:large","max-video-preview":"max-video-preview:-1"},"canonical":"https:\/\/www.elle.fr\/Mode\/Accessoires-de-Mode\/6-accessoires-stars-de-l-ete-qui-feront-aussi-sensation-cet-automne-4373979#xtor=AL-244","og_locale":"fr_FR","og_type":"article","og_title":"6 accessoires stars de l\u2019\u00e9t\u00e9 qui feront aussi sensation cet automne - ELLE.lu Luxembourg","og_description":"Ils ont illumin\u00e9 nos \u00e9t\u00e9s, entre plage, terrasses et premiers festivals. Bonne nouvelle : ces accessoires solaires ne nous quitteront pas \u00e0 la rentr\u00e9e. Mieux, ils injecteront de la l\u00e9g\u00e8ret\u00e9 dans nos silhouettes automnales.","og_url":"https:\/\/www.elle.fr\/Mode\/Accessoires-de-Mode\/6-accessoires-stars-de-l-ete-qui-feront-aussi-sensation-cet-automne-4373979#xtor=AL-244","og_site_name":"ELLE.lu Luxembourg","article_published_time":"2025-09-15T05:00:37+00:00","og_image":[{"width":1280,"height":1280,"url":"https:\/\/www.elle.lu\/fr\/wp-content\/uploads\/2025\/08\/6-accessoires-stars-de-l-ete-qui-feront-aussi-sensation-cet-automne.webp","type":"image\/webp"}],"author":"ELLE Luxembourg","twitter_card":"summary_large_image","twitter_misc":{"\u00c9crit par":"ELLE Luxembourg","Dur\u00e9e de lecture estim\u00e9e":"4 minutes"},"schema":{"@context":"https:\/\/schema.org","@graph":[{"@type":"Article","@id":"https:\/\/www.elle.fr\/Mode\/Accessoires-de-Mode\/6-accessoires-stars-de-l-ete-qui-feront-aussi-sensation-cet-automne-4373979#xtor%3dAL-244#article","isPartOf":{"@id":"https:\/\/www.elle.lu\/fr\/7599-6-accessoires-stars-de-lete-qui-feront-aussi-sensation-cet-automne.html"},"author":{"name":"ELLE Luxembourg","@id":"https:\/\/www.elle.lu\/fr\/#\/schema\/person\/9f46b98d1e40ec669426239054a74f55"},"headline":"6 accessoires stars de l\u2019\u00e9t\u00e9 qui feront aussi sensation cet automne","datePublished":"2025-09-15T05:00:37+00:00","mainEntityOfPage":{"@id":"https:\/\/www.elle.lu\/fr\/7599-6-accessoires-stars-de-lete-qui-feront-aussi-sensation-cet-automne.html"},"wordCount":745,"commentCount":0,"image":{"@id":"https:\/\/www.elle.fr\/Mode\/Accessoires-de-Mode\/6-accessoires-stars-de-l-ete-qui-feront-aussi-sensation-cet-automne-4373979#xtor%3dAL-244#primaryimage"},"thumbnailUrl":"https:\/\/www.elle.lu\/fr\/wp-content\/uploads\/2025\/08\/6-accessoires-stars-de-l-ete-qui-feront-aussi-sensation-cet-automne.webp","articleSection":["Mode"],"inLanguage":"fr-FR","potentialAction":[{"@type":"CommentAction","name":"Comment","target":["https:\/\/www.elle.fr\/Mode\/Accessoires-de-Mode\/6-accessoires-stars-de-l-ete-qui-feront-aussi-sensation-cet-automne-4373979#xtor%3dAL-244#respond"]}]},{"@type":"WebPage","@id":"https:\/\/www.elle.lu\/fr\/7599-6-accessoires-stars-de-lete-qui-feront-aussi-sensation-cet-automne.html","url":"https:\/\/www.elle.fr\/Mode\/Accessoires-de-Mode\/6-accessoires-stars-de-l-ete-qui-feront-aussi-sensation-cet-automne-4373979#xtor%3dAL-244","name":"6 accessoires stars de l\u2019\u00e9t\u00e9 qui feront aussi sensation cet automne - ELLE.lu Luxembourg","isPartOf":{"@id":"https:\/\/www.elle.lu\/fr\/#website"},"primaryImageOfPage":{"@id":"https:\/\/www.elle.fr\/Mode\/Accessoires-de-Mode\/6-accessoires-stars-de-l-ete-qui-feront-aussi-sensation-cet-automne-4373979#xtor%3dAL-244#primaryimage"},"image":{"@id":"https:\/\/www.elle.fr\/Mode\/Accessoires-de-Mode\/6-accessoires-stars-de-l-ete-qui-feront-aussi-sensation-cet-automne-4373979#xtor%3dAL-244#primaryimage"},"thumbnailUrl":"https:\/\/www.elle.lu\/fr\/wp-content\/uploads\/2025\/08\/6-accessoires-stars-de-l-ete-qui-feront-aussi-sensation-cet-automne.webp","datePublished":"2025-09-15T05:00:37+00:00","author":{"@id":"https:\/\/www.elle.lu\/fr\/#\/schema\/person\/9f46b98d1e40ec669426239054a74f55"},"description":"Ils ont illumin\u00e9 nos \u00e9t\u00e9s, entre plage, terrasses et premiers festivals. Bonne nouvelle : ces accessoires solaires ne nous quitteront pas \u00e0 la rentr\u00e9e. Mieux, ils injecteront de la l\u00e9g\u00e8ret\u00e9 dans nos silhouettes automnales.","breadcrumb":{"@id":"https:\/\/www.elle.fr\/Mode\/Accessoires-de-Mode\/6-accessoires-stars-de-l-ete-qui-feront-aussi-sensation-cet-automne-4373979#xtor%3dAL-244#breadcrumb"},"inLanguage":"fr-FR","potentialAction":[{"@type":"ReadAction","target":["https:\/\/www.elle.fr\/Mode\/Accessoires-de-Mode\/6-accessoires-stars-de-l-ete-qui-feront-aussi-sensation-cet-automne-4373979#xtor%3dAL-244"]}]},{"@type":"ImageObject","inLanguage":"fr-FR","@id":"https:\/\/www.elle.fr\/Mode\/Accessoires-de-Mode\/6-accessoires-stars-de-l-ete-qui-feront-aussi-sensation-cet-automne-4373979#xtor%3dAL-244#primaryimage","url":"https:\/\/www.elle.lu\/fr\/wp-content\/uploads\/2025\/08\/6-accessoires-stars-de-l-ete-qui-feront-aussi-sensation-cet-automne.webp","contentUrl":"https:\/\/www.elle.lu\/fr\/wp-content\/uploads\/2025\/08\/6-accessoires-stars-de-l-ete-qui-feront-aussi-sensation-cet-automne.webp","width":1280,"height":1280,"caption":"\u00a9miatqueiroz\/Instagram"},{"@type":"BreadcrumbList","@id":"https:\/\/www.elle.fr\/Mode\/Accessoires-de-Mode\/6-accessoires-stars-de-l-ete-qui-feront-aussi-sensation-cet-automne-4373979#xtor%3dAL-244#breadcrumb","itemListElement":[{"@type":"ListItem","position":1,"name":"Accueil","item":"https:\/\/www.elle.lu\/fr"},{"@type":"ListItem","position":2,"name":"6 accessoires stars de l\u2019\u00e9t\u00e9 qui feront aussi sensation cet automne"}]},{"@type":"WebSite","@id":"https:\/\/www.elle.lu\/fr\/#website","url":"https:\/\/www.elle.lu\/fr\/","name":"ELLE.lu","description":"Explorez les derni\u00e8res tendances mode, beaut\u00e9 et art de vivre au Luxembourg sur ELLE.lu. Un contenu exclusivement luxembourgeois sur notre site, r\u00e9seaux sociaux et YouTube.","potentialAction":[{"@type":"SearchAction","target":{"@type":"EntryPoint","urlTemplate":"https:\/\/www.elle.lu\/fr\/?s={search_term_string}"},"query-input":{"@type":"PropertyValueSpecification","valueRequired":true,"valueName":"search_term_string"}}],"inLanguage":"fr-FR"},{"@type":"Person","@id":"https:\/\/www.elle.lu\/fr\/#\/schema\/person\/9f46b98d1e40ec669426239054a74f55","name":"ELLE Luxembourg","image":{"@type":"ImageObject","inLanguage":"fr-FR","@id":"https:\/\/secure.gravatar.com\/avatar\/53ba8a0846e80e757a82f9012841e058a80a9c9fcef00955129602230f0fd7ac?s=96&d=mm&r=g","url":"https:\/\/secure.gravatar.com\/avatar\/53ba8a0846e80e757a82f9012841e058a80a9c9fcef00955129602230f0fd7ac?s=96&d=mm&r=g","contentUrl":"https:\/\/secure.gravatar.com\/avatar\/53ba8a0846e80e757a82f9012841e058a80a9c9fcef00955129602230f0fd7ac?s=96&d=mm&r=g","caption":"ELLE Luxembourg"},"url":"https:\/\/www.elle.lu\/fr\/author\/elle-luxembourg"}]}},"jetpack_featured_media_url":"https:\/\/www.elle.lu\/fr\/wp-content\/uploads\/2025\/08\/6-accessoires-stars-de-l-ete-qui-feront-aussi-sensation-cet-automne.webp","jetpack_sharing_enabled":true,"_links":{"self":[{"href":"https:\/\/www.elle.lu\/fr\/wp-json\/wp\/v2\/posts\/7599","targetHints":{"allow":["GET"]}}],"collection":[{"href":"https:\/\/www.elle.lu\/fr\/wp-json\/wp\/v2\/posts"}],"about":[{"href":"https:\/\/www.elle.lu\/fr\/wp-json\/wp\/v2\/types\/post"}],"author":[{"embeddable":true,"href":"https:\/\/www.elle.lu\/fr\/wp-json\/wp\/v2\/users\/14"}],"replies":[{"embeddable":true,"href":"https:\/\/www.elle.lu\/fr\/wp-json\/wp\/v2\/comments?post=7599"}],"version-history":[{"count":2,"href":"https:\/\/www.elle.lu\/fr\/wp-json\/wp\/v2\/posts\/7599\/revisions"}],"predecessor-version":[{"id":7611,"href":"https:\/\/www.elle.lu\/fr\/wp-json\/wp\/v2\/posts\/7599\/revisions\/7611"}],"wp:featuredmedia":[{"embeddable":true,"href":"https:\/\/www.elle.lu\/fr\/wp-json\/wp\/v2\/media\/7600"}],"wp:attachment":[{"href":"https:\/\/www.elle.lu\/fr\/wp-json\/wp\/v2\/media?parent=7599"}],"wp:term":[{"taxonomy":"category","embeddable":true,"href":"https:\/\/www.elle.lu\/fr\/wp-json\/wp\/v2\/categories?post=7599"},{"taxonomy":"post_tag","embeddable":true,"href":"https:\/\/www.elle.lu\/fr\/wp-json\/wp\/v2\/tags?post=7599"}],"curies":[{"name":"wp","href":"https:\/\/api.w.org\/{rel}","templated":true}]}}