{"id":7741,"date":"2025-08-22T16:00:45","date_gmt":"2025-08-22T14:00:45","guid":{"rendered":"https:\/\/www.elle.lu\/fr\/?p=7741"},"modified":"2025-08-22T12:31:26","modified_gmt":"2025-08-22T10:31:26","slug":"une-belle-peau-de-linterieur-quand-lassiette-ne-suffit-plus","status":"publish","type":"post","link":"https:\/\/www.elle.lu\/fr\/7741-une-belle-peau-de-linterieur-quand-lassiette-ne-suffit-plus.html","title":{"rendered":"Une belle peau de l\u2019int\u00e9rieur : quand l\u2019assiette ne suffit plus"},"content":{"rendered":"","protected":false},"excerpt":{"rendered":"Longtemps, on a cru que la cosm\u00e9tique se jouait uniquement devant le miroir. ...","protected":false},"author":49,"featured_media":7749,"comment_status":"open","ping_status":"open","sticky":false,"template":"","format":"standard","meta":{"_acf_changed":false,"_jetpack_memberships_contains_paid_content":false,"footnotes":""},"categories":[3],"tags":[],"class_list":["post-7741","post","type-post","status-publish","format-standard","has-post-thumbnail","hentry","category-beaute"],"acf":[],"yoast_head":"<!-- This site is optimized with the Yoast SEO plugin v27.2 - https:\/\/yoast.com\/product\/yoast-seo-wordpress\/ -->\n<title>Une belle peau de l\u2019int\u00e9rieur : quand l\u2019assiette ne suffit plus - ELLE.lu Luxembourg<\/title>\n<meta name=\"description\" content=\"Longtemps, on a cru que la cosm\u00e9tique se jouait uniquement devant le miroir. Mais la peau ne ment pas : son \u00e9clat se construit d\u2019abord dans l\u2019assiette.\" \/>\n<meta name=\"robots\" content=\"index, follow, max-snippet:-1, max-image-preview:large, max-video-preview:-1\" \/>\n<link rel=\"canonical\" href=\"https:\/\/www.elle.lu\/fr\/7741-une-belle-peau-de-linterieur-quand-lassiette-ne-suffit-plus.html\" \/>\n<meta property=\"og:locale\" content=\"fr_FR\" \/>\n<meta property=\"og:type\" content=\"article\" \/>\n<meta property=\"og:title\" content=\"Une belle peau de l\u2019int\u00e9rieur : quand l\u2019assiette ne suffit plus - ELLE.lu Luxembourg\" \/>\n<meta property=\"og:description\" content=\"Longtemps, on a cru que la cosm\u00e9tique se jouait uniquement devant le miroir. Mais la peau ne ment pas : son \u00e9clat se construit d\u2019abord dans l\u2019assiette.\" \/>\n<meta property=\"og:url\" content=\"https:\/\/www.elle.lu\/fr\/7741-une-belle-peau-de-linterieur-quand-lassiette-ne-suffit-plus.html\" \/>\n<meta property=\"og:site_name\" content=\"ELLE.lu Luxembourg\" \/>\n<meta property=\"article:published_time\" content=\"2025-08-22T14:00:45+00:00\" \/>\n<meta property=\"og:image\" content=\"https:\/\/www.elle.lu\/fr\/wp-content\/uploads\/2025\/08\/julie-de-libran-hc-clp-f25-010.jpg\" \/>\n\t<meta property=\"og:image:width\" content=\"1320\" \/>\n\t<meta property=\"og:image:height\" content=\"1980\" \/>\n\t<meta property=\"og:image:type\" content=\"image\/jpeg\" \/>\n<meta name=\"author\" content=\"Sarah Braun\" \/>\n<meta name=\"twitter:card\" content=\"summary_large_image\" \/>\n<meta name=\"twitter:label1\" content=\"\u00c9crit par\" \/>\n\t<meta name=\"twitter:data1\" content=\"Sarah Braun\" \/>\n\t<meta name=\"twitter:label2\" content=\"Dur\u00e9e de lecture estim\u00e9e\" \/>\n\t<meta name=\"twitter:data2\" content=\"5 minutes\" \/>\n<script type=\"application\/ld+json\" class=\"yoast-schema-graph\">{\"@context\":\"https:\/\/schema.org\",\"@graph\":[{\"@type\":\"Article\",\"@id\":\"https:\/\/www.elle.lu\/fr\/7741-une-belle-peau-de-linterieur-quand-lassiette-ne-suffit-plus.html#article\",\"isPartOf\":{\"@id\":\"https:\/\/www.elle.lu\/fr\/7741-une-belle-peau-de-linterieur-quand-lassiette-ne-suffit-plus.html\"},\"author\":{\"name\":\"Sarah Braun\",\"@id\":\"https:\/\/www.elle.lu\/fr\/#\/schema\/person\/ac820204224d1a52c950088e1996b007\"},\"headline\":\"Une belle peau de l\u2019int\u00e9rieur : quand l\u2019assiette ne suffit plus\",\"datePublished\":\"2025-08-22T14:00:45+00:00\",\"mainEntityOfPage\":{\"@id\":\"https:\/\/www.elle.lu\/fr\/7741-une-belle-peau-de-linterieur-quand-lassiette-ne-suffit-plus.html\"},\"wordCount\":984,\"commentCount\":0,\"image\":{\"@id\":\"https:\/\/www.elle.lu\/fr\/7741-une-belle-peau-de-linterieur-quand-lassiette-ne-suffit-plus.html#primaryimage\"},\"thumbnailUrl\":\"https:\/\/www.elle.lu\/fr\/wp-content\/uploads\/2025\/08\/julie-de-libran-hc-clp-f25-010.jpg\",\"articleSection\":[\"Beaut\u00e9\"],\"inLanguage\":\"fr-FR\",\"potentialAction\":[{\"@type\":\"CommentAction\",\"name\":\"Comment\",\"target\":[\"https:\/\/www.elle.lu\/fr\/7741-une-belle-peau-de-linterieur-quand-lassiette-ne-suffit-plus.html#respond\"]}]},{\"@type\":\"WebPage\",\"@id\":\"https:\/\/www.elle.lu\/fr\/7741-une-belle-peau-de-linterieur-quand-lassiette-ne-suffit-plus.html\",\"url\":\"https:\/\/www.elle.lu\/fr\/7741-une-belle-peau-de-linterieur-quand-lassiette-ne-suffit-plus.html\",\"name\":\"Une belle peau de l\u2019int\u00e9rieur : quand l\u2019assiette ne suffit plus - ELLE.lu Luxembourg\",\"isPartOf\":{\"@id\":\"https:\/\/www.elle.lu\/fr\/#website\"},\"primaryImageOfPage\":{\"@id\":\"https:\/\/www.elle.lu\/fr\/7741-une-belle-peau-de-linterieur-quand-lassiette-ne-suffit-plus.html#primaryimage\"},\"image\":{\"@id\":\"https:\/\/www.elle.lu\/fr\/7741-une-belle-peau-de-linterieur-quand-lassiette-ne-suffit-plus.html#primaryimage\"},\"thumbnailUrl\":\"https:\/\/www.elle.lu\/fr\/wp-content\/uploads\/2025\/08\/julie-de-libran-hc-clp-f25-010.jpg\",\"datePublished\":\"2025-08-22T14:00:45+00:00\",\"author\":{\"@id\":\"https:\/\/www.elle.lu\/fr\/#\/schema\/person\/ac820204224d1a52c950088e1996b007\"},\"description\":\"Longtemps, on a cru que la cosm\u00e9tique se jouait uniquement devant le miroir. Mais la peau ne ment pas : son \u00e9clat se construit d\u2019abord dans l\u2019assiette.\",\"breadcrumb\":{\"@id\":\"https:\/\/www.elle.lu\/fr\/7741-une-belle-peau-de-linterieur-quand-lassiette-ne-suffit-plus.html#breadcrumb\"},\"inLanguage\":\"fr-FR\",\"potentialAction\":[{\"@type\":\"ReadAction\",\"target\":[\"https:\/\/www.elle.lu\/fr\/7741-une-belle-peau-de-linterieur-quand-lassiette-ne-suffit-plus.html\"]}]},{\"@type\":\"ImageObject\",\"inLanguage\":\"fr-FR\",\"@id\":\"https:\/\/www.elle.lu\/fr\/7741-une-belle-peau-de-linterieur-quand-lassiette-ne-suffit-plus.html#primaryimage\",\"url\":\"https:\/\/www.elle.lu\/fr\/wp-content\/uploads\/2025\/08\/julie-de-libran-hc-clp-f25-010.jpg\",\"contentUrl\":\"https:\/\/www.elle.lu\/fr\/wp-content\/uploads\/2025\/08\/julie-de-libran-hc-clp-f25-010.jpg\",\"width\":1320,\"height\":1980,\"caption\":\"\u00a9Laucmetrics Spotlight \/ Julie De Libran HC F25\"},{\"@type\":\"BreadcrumbList\",\"@id\":\"https:\/\/www.elle.lu\/fr\/7741-une-belle-peau-de-linterieur-quand-lassiette-ne-suffit-plus.html#breadcrumb\",\"itemListElement\":[{\"@type\":\"ListItem\",\"position\":1,\"name\":\"Accueil\",\"item\":\"https:\/\/www.elle.lu\/fr\"},{\"@type\":\"ListItem\",\"position\":2,\"name\":\"Une belle peau de l\u2019int\u00e9rieur : quand l\u2019assiette ne suffit plus\"}]},{\"@type\":\"WebSite\",\"@id\":\"https:\/\/www.elle.lu\/fr\/#website\",\"url\":\"https:\/\/www.elle.lu\/fr\/\",\"name\":\"ELLE.lu\",\"description\":\"Explorez les derni\u00e8res tendances mode, beaut\u00e9 et art de vivre au Luxembourg sur ELLE.lu. Un contenu exclusivement luxembourgeois sur notre site, r\u00e9seaux sociaux et YouTube.\",\"potentialAction\":[{\"@type\":\"SearchAction\",\"target\":{\"@type\":\"EntryPoint\",\"urlTemplate\":\"https:\/\/www.elle.lu\/fr\/?s={search_term_string}\"},\"query-input\":{\"@type\":\"PropertyValueSpecification\",\"valueRequired\":true,\"valueName\":\"search_term_string\"}}],\"inLanguage\":\"fr-FR\"},{\"@type\":\"Person\",\"@id\":\"https:\/\/www.elle.lu\/fr\/#\/schema\/person\/ac820204224d1a52c950088e1996b007\",\"name\":\"Sarah Braun\",\"image\":{\"@type\":\"ImageObject\",\"inLanguage\":\"fr-FR\",\"@id\":\"https:\/\/secure.gravatar.com\/avatar\/795f10c954947838090d4f384b3a26b2352bf71fd41dd058f378fee046f7ce21?s=96&d=mm&r=g\",\"url\":\"https:\/\/secure.gravatar.com\/avatar\/795f10c954947838090d4f384b3a26b2352bf71fd41dd058f378fee046f7ce21?s=96&d=mm&r=g\",\"contentUrl\":\"https:\/\/secure.gravatar.com\/avatar\/795f10c954947838090d4f384b3a26b2352bf71fd41dd058f378fee046f7ce21?s=96&d=mm&r=g\",\"caption\":\"Sarah Braun\"},\"url\":\"https:\/\/www.elle.lu\/fr\/author\/sarahelle-lu\"}]}<\/script>\n<!-- \/ Yoast SEO plugin. -->","yoast_head_json":{"title":"Une belle peau de l\u2019int\u00e9rieur : quand l\u2019assiette ne suffit plus - ELLE.lu Luxembourg","description":"Longtemps, on a cru que la cosm\u00e9tique se jouait uniquement devant le miroir. Mais la peau ne ment pas : son \u00e9clat se construit d\u2019abord dans l\u2019assiette.","robots":{"index":"index","follow":"follow","max-snippet":"max-snippet:-1","max-image-preview":"max-image-preview:large","max-video-preview":"max-video-preview:-1"},"canonical":"https:\/\/www.elle.lu\/fr\/7741-une-belle-peau-de-linterieur-quand-lassiette-ne-suffit-plus.html","og_locale":"fr_FR","og_type":"article","og_title":"Une belle peau de l\u2019int\u00e9rieur : quand l\u2019assiette ne suffit plus - ELLE.lu Luxembourg","og_description":"Longtemps, on a cru que la cosm\u00e9tique se jouait uniquement devant le miroir. Mais la peau ne ment pas : son \u00e9clat se construit d\u2019abord dans l\u2019assiette.","og_url":"https:\/\/www.elle.lu\/fr\/7741-une-belle-peau-de-linterieur-quand-lassiette-ne-suffit-plus.html","og_site_name":"ELLE.lu Luxembourg","article_published_time":"2025-08-22T14:00:45+00:00","og_image":[{"width":1320,"height":1980,"url":"https:\/\/www.elle.lu\/fr\/wp-content\/uploads\/2025\/08\/julie-de-libran-hc-clp-f25-010.jpg","type":"image\/jpeg"}],"author":"Sarah Braun","twitter_card":"summary_large_image","twitter_misc":{"\u00c9crit par":"Sarah Braun","Dur\u00e9e de lecture estim\u00e9e":"5 minutes"},"schema":{"@context":"https:\/\/schema.org","@graph":[{"@type":"Article","@id":"https:\/\/www.elle.lu\/fr\/7741-une-belle-peau-de-linterieur-quand-lassiette-ne-suffit-plus.html#article","isPartOf":{"@id":"https:\/\/www.elle.lu\/fr\/7741-une-belle-peau-de-linterieur-quand-lassiette-ne-suffit-plus.html"},"author":{"name":"Sarah Braun","@id":"https:\/\/www.elle.lu\/fr\/#\/schema\/person\/ac820204224d1a52c950088e1996b007"},"headline":"Une belle peau de l\u2019int\u00e9rieur : quand l\u2019assiette ne suffit plus","datePublished":"2025-08-22T14:00:45+00:00","mainEntityOfPage":{"@id":"https:\/\/www.elle.lu\/fr\/7741-une-belle-peau-de-linterieur-quand-lassiette-ne-suffit-plus.html"},"wordCount":984,"commentCount":0,"image":{"@id":"https:\/\/www.elle.lu\/fr\/7741-une-belle-peau-de-linterieur-quand-lassiette-ne-suffit-plus.html#primaryimage"},"thumbnailUrl":"https:\/\/www.elle.lu\/fr\/wp-content\/uploads\/2025\/08\/julie-de-libran-hc-clp-f25-010.jpg","articleSection":["Beaut\u00e9"],"inLanguage":"fr-FR","potentialAction":[{"@type":"CommentAction","name":"Comment","target":["https:\/\/www.elle.lu\/fr\/7741-une-belle-peau-de-linterieur-quand-lassiette-ne-suffit-plus.html#respond"]}]},{"@type":"WebPage","@id":"https:\/\/www.elle.lu\/fr\/7741-une-belle-peau-de-linterieur-quand-lassiette-ne-suffit-plus.html","url":"https:\/\/www.elle.lu\/fr\/7741-une-belle-peau-de-linterieur-quand-lassiette-ne-suffit-plus.html","name":"Une belle peau de l\u2019int\u00e9rieur : quand l\u2019assiette ne suffit plus - ELLE.lu Luxembourg","isPartOf":{"@id":"https:\/\/www.elle.lu\/fr\/#website"},"primaryImageOfPage":{"@id":"https:\/\/www.elle.lu\/fr\/7741-une-belle-peau-de-linterieur-quand-lassiette-ne-suffit-plus.html#primaryimage"},"image":{"@id":"https:\/\/www.elle.lu\/fr\/7741-une-belle-peau-de-linterieur-quand-lassiette-ne-suffit-plus.html#primaryimage"},"thumbnailUrl":"https:\/\/www.elle.lu\/fr\/wp-content\/uploads\/2025\/08\/julie-de-libran-hc-clp-f25-010.jpg","datePublished":"2025-08-22T14:00:45+00:00","author":{"@id":"https:\/\/www.elle.lu\/fr\/#\/schema\/person\/ac820204224d1a52c950088e1996b007"},"description":"Longtemps, on a cru que la cosm\u00e9tique se jouait uniquement devant le miroir. Mais la peau ne ment pas : son \u00e9clat se construit d\u2019abord dans l\u2019assiette.","breadcrumb":{"@id":"https:\/\/www.elle.lu\/fr\/7741-une-belle-peau-de-linterieur-quand-lassiette-ne-suffit-plus.html#breadcrumb"},"inLanguage":"fr-FR","potentialAction":[{"@type":"ReadAction","target":["https:\/\/www.elle.lu\/fr\/7741-une-belle-peau-de-linterieur-quand-lassiette-ne-suffit-plus.html"]}]},{"@type":"ImageObject","inLanguage":"fr-FR","@id":"https:\/\/www.elle.lu\/fr\/7741-une-belle-peau-de-linterieur-quand-lassiette-ne-suffit-plus.html#primaryimage","url":"https:\/\/www.elle.lu\/fr\/wp-content\/uploads\/2025\/08\/julie-de-libran-hc-clp-f25-010.jpg","contentUrl":"https:\/\/www.elle.lu\/fr\/wp-content\/uploads\/2025\/08\/julie-de-libran-hc-clp-f25-010.jpg","width":1320,"height":1980,"caption":"\u00a9Laucmetrics Spotlight \/ Julie De Libran HC F25"},{"@type":"BreadcrumbList","@id":"https:\/\/www.elle.lu\/fr\/7741-une-belle-peau-de-linterieur-quand-lassiette-ne-suffit-plus.html#breadcrumb","itemListElement":[{"@type":"ListItem","position":1,"name":"Accueil","item":"https:\/\/www.elle.lu\/fr"},{"@type":"ListItem","position":2,"name":"Une belle peau de l\u2019int\u00e9rieur : quand l\u2019assiette ne suffit plus"}]},{"@type":"WebSite","@id":"https:\/\/www.elle.lu\/fr\/#website","url":"https:\/\/www.elle.lu\/fr\/","name":"ELLE.lu","description":"Explorez les derni\u00e8res tendances mode, beaut\u00e9 et art de vivre au Luxembourg sur ELLE.lu. Un contenu exclusivement luxembourgeois sur notre site, r\u00e9seaux sociaux et YouTube.","potentialAction":[{"@type":"SearchAction","target":{"@type":"EntryPoint","urlTemplate":"https:\/\/www.elle.lu\/fr\/?s={search_term_string}"},"query-input":{"@type":"PropertyValueSpecification","valueRequired":true,"valueName":"search_term_string"}}],"inLanguage":"fr-FR"},{"@type":"Person","@id":"https:\/\/www.elle.lu\/fr\/#\/schema\/person\/ac820204224d1a52c950088e1996b007","name":"Sarah Braun","image":{"@type":"ImageObject","inLanguage":"fr-FR","@id":"https:\/\/secure.gravatar.com\/avatar\/795f10c954947838090d4f384b3a26b2352bf71fd41dd058f378fee046f7ce21?s=96&d=mm&r=g","url":"https:\/\/secure.gravatar.com\/avatar\/795f10c954947838090d4f384b3a26b2352bf71fd41dd058f378fee046f7ce21?s=96&d=mm&r=g","contentUrl":"https:\/\/secure.gravatar.com\/avatar\/795f10c954947838090d4f384b3a26b2352bf71fd41dd058f378fee046f7ce21?s=96&d=mm&r=g","caption":"Sarah Braun"},"url":"https:\/\/www.elle.lu\/fr\/author\/sarahelle-lu"}]}},"jetpack_featured_media_url":"https:\/\/www.elle.lu\/fr\/wp-content\/uploads\/2025\/08\/julie-de-libran-hc-clp-f25-010.jpg","jetpack_sharing_enabled":true,"_links":{"self":[{"href":"https:\/\/www.elle.lu\/fr\/wp-json\/wp\/v2\/posts\/7741","targetHints":{"allow":["GET"]}}],"collection":[{"href":"https:\/\/www.elle.lu\/fr\/wp-json\/wp\/v2\/posts"}],"about":[{"href":"https:\/\/www.elle.lu\/fr\/wp-json\/wp\/v2\/types\/post"}],"author":[{"embeddable":true,"href":"https:\/\/www.elle.lu\/fr\/wp-json\/wp\/v2\/users\/49"}],"replies":[{"embeddable":true,"href":"https:\/\/www.elle.lu\/fr\/wp-json\/wp\/v2\/comments?post=7741"}],"version-history":[{"count":4,"href":"https:\/\/www.elle.lu\/fr\/wp-json\/wp\/v2\/posts\/7741\/revisions"}],"predecessor-version":[{"id":7753,"href":"https:\/\/www.elle.lu\/fr\/wp-json\/wp\/v2\/posts\/7741\/revisions\/7753"}],"wp:featuredmedia":[{"embeddable":true,"href":"https:\/\/www.elle.lu\/fr\/wp-json\/wp\/v2\/media\/7749"}],"wp:attachment":[{"href":"https:\/\/www.elle.lu\/fr\/wp-json\/wp\/v2\/media?parent=7741"}],"wp:term":[{"taxonomy":"category","embeddable":true,"href":"https:\/\/www.elle.lu\/fr\/wp-json\/wp\/v2\/categories?post=7741"},{"taxonomy":"post_tag","embeddable":true,"href":"https:\/\/www.elle.lu\/fr\/wp-json\/wp\/v2\/tags?post=7741"}],"curies":[{"name":"wp","href":"https:\/\/api.w.org\/{rel}","templated":true}]}}