{"id":7788,"date":"2025-08-29T16:00:04","date_gmt":"2025-08-29T14:00:04","guid":{"rendered":"https:\/\/www.elle.lu\/fr\/?p=7788"},"modified":"2025-08-28T11:20:30","modified_gmt":"2025-08-28T09:20:30","slug":"comment-adopter-la-baby-frange","status":"publish","type":"post","link":"https:\/\/www.elle.lu\/fr\/7788-comment-adopter-la-baby-frange.html","title":{"rendered":"Comment adopter la \u00ab baby frange \u00bb"},"content":{"rendered":"","protected":false},"excerpt":{"rendered":"De Pamela Anderson \u00e0 Solange Knowles, la frange ultra-courte \u2013 ou baby frange \u2013 s\u2019impose comme l\u2019une des tendances capillaires les plus audacieuses de la saison.","protected":false},"author":14,"featured_media":7790,"comment_status":"open","ping_status":"open","sticky":false,"template":"","format":"standard","meta":{"_acf_changed":false,"_jetpack_memberships_contains_paid_content":false,"footnotes":""},"categories":[3],"tags":[],"class_list":["post-7788","post","type-post","status-publish","format-standard","has-post-thumbnail","hentry","category-beaute"],"acf":[],"yoast_head":"<!-- This site is optimized with the Yoast SEO plugin v27.5 - https:\/\/yoast.com\/product\/yoast-seo-wordpress\/ -->\n<title>Comment adopter la \u00ab baby frange \u00bb - ELLE.lu Luxembourg<\/title>\n<meta name=\"description\" content=\"De Pamela Anderson \u00e0 Solange Knowles, la frange ultra-courte \u2013 ou baby frange \u2013 s\u2019impose comme l\u2019une des tendances capillaires les plus audacieuses de la saison.\" \/>\n<meta name=\"robots\" content=\"index, follow, max-snippet:-1, max-image-preview:large, max-video-preview:-1\" \/>\n<link rel=\"canonical\" href=\"https:\/\/www.elle.lu\/fr\/7788-comment-adopter-la-baby-frange.html\" \/>\n<meta property=\"og:locale\" content=\"fr_FR\" \/>\n<meta property=\"og:type\" content=\"article\" \/>\n<meta property=\"og:title\" content=\"Comment adopter la \u00ab baby frange \u00bb - ELLE.lu Luxembourg\" \/>\n<meta property=\"og:description\" content=\"De Pamela Anderson \u00e0 Solange Knowles, la frange ultra-courte \u2013 ou baby frange \u2013 s\u2019impose comme l\u2019une des tendances capillaires les plus audacieuses de la saison.\" \/>\n<meta property=\"og:url\" content=\"https:\/\/www.elle.lu\/fr\/7788-comment-adopter-la-baby-frange.html\" \/>\n<meta property=\"og:site_name\" content=\"ELLE.lu Luxembourg\" \/>\n<meta property=\"article:published_time\" content=\"2025-08-29T14:00:04+00:00\" \/>\n<meta property=\"og:image\" content=\"https:\/\/www.elle.lu\/fr\/wp-content\/uploads\/2025\/08\/schiaparelli-hc-cel-po-s24-064.jpg\" \/>\n\t<meta property=\"og:image:width\" content=\"1320\" \/>\n\t<meta property=\"og:image:height\" content=\"1980\" \/>\n\t<meta property=\"og:image:type\" content=\"image\/jpeg\" \/>\n<meta name=\"author\" content=\"ELLE Luxembourg\" \/>\n<meta name=\"twitter:card\" content=\"summary_large_image\" \/>\n<meta name=\"twitter:label1\" content=\"\u00c9crit par\" \/>\n\t<meta name=\"twitter:data1\" content=\"ELLE Luxembourg\" \/>\n\t<meta name=\"twitter:label2\" content=\"Dur\u00e9e de lecture estim\u00e9e\" \/>\n\t<meta name=\"twitter:data2\" content=\"3 minutes\" \/>\n<script type=\"application\/ld+json\" class=\"yoast-schema-graph\">{\"@context\":\"https:\\\/\\\/schema.org\",\"@graph\":[{\"@type\":\"Article\",\"@id\":\"https:\\\/\\\/www.elle.lu\\\/fr\\\/7788-comment-adopter-la-baby-frange.html#article\",\"isPartOf\":{\"@id\":\"https:\\\/\\\/www.elle.lu\\\/fr\\\/7788-comment-adopter-la-baby-frange.html\"},\"author\":{\"name\":\"ELLE Luxembourg\",\"@id\":\"https:\\\/\\\/www.elle.lu\\\/fr\\\/#\\\/schema\\\/person\\\/9f46b98d1e40ec669426239054a74f55\"},\"headline\":\"Comment adopter la \u00ab baby frange \u00bb\",\"datePublished\":\"2025-08-29T14:00:04+00:00\",\"mainEntityOfPage\":{\"@id\":\"https:\\\/\\\/www.elle.lu\\\/fr\\\/7788-comment-adopter-la-baby-frange.html\"},\"wordCount\":536,\"commentCount\":0,\"image\":{\"@id\":\"https:\\\/\\\/www.elle.lu\\\/fr\\\/7788-comment-adopter-la-baby-frange.html#primaryimage\"},\"thumbnailUrl\":\"https:\\\/\\\/www.elle.lu\\\/fr\\\/wp-content\\\/uploads\\\/2025\\\/08\\\/schiaparelli-hc-cel-po-s24-064.jpg\",\"articleSection\":[\"Beaut\u00e9\"],\"inLanguage\":\"fr-FR\",\"potentialAction\":[{\"@type\":\"CommentAction\",\"name\":\"Comment\",\"target\":[\"https:\\\/\\\/www.elle.lu\\\/fr\\\/7788-comment-adopter-la-baby-frange.html#respond\"]}]},{\"@type\":\"WebPage\",\"@id\":\"https:\\\/\\\/www.elle.lu\\\/fr\\\/7788-comment-adopter-la-baby-frange.html\",\"url\":\"https:\\\/\\\/www.elle.lu\\\/fr\\\/7788-comment-adopter-la-baby-frange.html\",\"name\":\"Comment adopter la \u00ab baby frange \u00bb - ELLE.lu Luxembourg\",\"isPartOf\":{\"@id\":\"https:\\\/\\\/www.elle.lu\\\/fr\\\/#website\"},\"primaryImageOfPage\":{\"@id\":\"https:\\\/\\\/www.elle.lu\\\/fr\\\/7788-comment-adopter-la-baby-frange.html#primaryimage\"},\"image\":{\"@id\":\"https:\\\/\\\/www.elle.lu\\\/fr\\\/7788-comment-adopter-la-baby-frange.html#primaryimage\"},\"thumbnailUrl\":\"https:\\\/\\\/www.elle.lu\\\/fr\\\/wp-content\\\/uploads\\\/2025\\\/08\\\/schiaparelli-hc-cel-po-s24-064.jpg\",\"datePublished\":\"2025-08-29T14:00:04+00:00\",\"author\":{\"@id\":\"https:\\\/\\\/www.elle.lu\\\/fr\\\/#\\\/schema\\\/person\\\/9f46b98d1e40ec669426239054a74f55\"},\"description\":\"De Pamela Anderson \u00e0 Solange Knowles, la frange ultra-courte \u2013 ou baby frange \u2013 s\u2019impose comme l\u2019une des tendances capillaires les plus audacieuses de la saison.\",\"breadcrumb\":{\"@id\":\"https:\\\/\\\/www.elle.lu\\\/fr\\\/7788-comment-adopter-la-baby-frange.html#breadcrumb\"},\"inLanguage\":\"fr-FR\",\"potentialAction\":[{\"@type\":\"ReadAction\",\"target\":[\"https:\\\/\\\/www.elle.lu\\\/fr\\\/7788-comment-adopter-la-baby-frange.html\"]}]},{\"@type\":\"ImageObject\",\"inLanguage\":\"fr-FR\",\"@id\":\"https:\\\/\\\/www.elle.lu\\\/fr\\\/7788-comment-adopter-la-baby-frange.html#primaryimage\",\"url\":\"https:\\\/\\\/www.elle.lu\\\/fr\\\/wp-content\\\/uploads\\\/2025\\\/08\\\/schiaparelli-hc-cel-po-s24-064.jpg\",\"contentUrl\":\"https:\\\/\\\/www.elle.lu\\\/fr\\\/wp-content\\\/uploads\\\/2025\\\/08\\\/schiaparelli-hc-cel-po-s24-064.jpg\",\"width\":1320,\"height\":1980,\"caption\":\"Zendaya \u00a9Lauchmetrics Spotlight \\\/ Schiaparelli HC cel PO S24\"},{\"@type\":\"BreadcrumbList\",\"@id\":\"https:\\\/\\\/www.elle.lu\\\/fr\\\/7788-comment-adopter-la-baby-frange.html#breadcrumb\",\"itemListElement\":[{\"@type\":\"ListItem\",\"position\":1,\"name\":\"Accueil\",\"item\":\"https:\\\/\\\/www.elle.lu\\\/fr\"},{\"@type\":\"ListItem\",\"position\":2,\"name\":\"Comment adopter la \u00ab baby frange \u00bb\"}]},{\"@type\":\"WebSite\",\"@id\":\"https:\\\/\\\/www.elle.lu\\\/fr\\\/#website\",\"url\":\"https:\\\/\\\/www.elle.lu\\\/fr\\\/\",\"name\":\"ELLE.lu\",\"description\":\"Explorez les derni\u00e8res tendances mode, beaut\u00e9 et art de vivre au Luxembourg sur ELLE.lu. Un contenu exclusivement luxembourgeois sur notre site, r\u00e9seaux sociaux et YouTube.\",\"potentialAction\":[{\"@type\":\"SearchAction\",\"target\":{\"@type\":\"EntryPoint\",\"urlTemplate\":\"https:\\\/\\\/www.elle.lu\\\/fr\\\/?s={search_term_string}\"},\"query-input\":{\"@type\":\"PropertyValueSpecification\",\"valueRequired\":true,\"valueName\":\"search_term_string\"}}],\"inLanguage\":\"fr-FR\"},{\"@type\":\"Person\",\"@id\":\"https:\\\/\\\/www.elle.lu\\\/fr\\\/#\\\/schema\\\/person\\\/9f46b98d1e40ec669426239054a74f55\",\"name\":\"ELLE Luxembourg\",\"image\":{\"@type\":\"ImageObject\",\"inLanguage\":\"fr-FR\",\"@id\":\"https:\\\/\\\/secure.gravatar.com\\\/avatar\\\/53ba8a0846e80e757a82f9012841e058a80a9c9fcef00955129602230f0fd7ac?s=96&d=mm&r=g\",\"url\":\"https:\\\/\\\/secure.gravatar.com\\\/avatar\\\/53ba8a0846e80e757a82f9012841e058a80a9c9fcef00955129602230f0fd7ac?s=96&d=mm&r=g\",\"contentUrl\":\"https:\\\/\\\/secure.gravatar.com\\\/avatar\\\/53ba8a0846e80e757a82f9012841e058a80a9c9fcef00955129602230f0fd7ac?s=96&d=mm&r=g\",\"caption\":\"ELLE Luxembourg\"},\"url\":\"https:\\\/\\\/www.elle.lu\\\/fr\\\/author\\\/elle-luxembourg\"}]}<\/script>\n<!-- \/ Yoast SEO plugin. -->","yoast_head_json":{"title":"Comment adopter la \u00ab baby frange \u00bb - ELLE.lu Luxembourg","description":"De Pamela Anderson \u00e0 Solange Knowles, la frange ultra-courte \u2013 ou baby frange \u2013 s\u2019impose comme l\u2019une des tendances capillaires les plus audacieuses de la saison.","robots":{"index":"index","follow":"follow","max-snippet":"max-snippet:-1","max-image-preview":"max-image-preview:large","max-video-preview":"max-video-preview:-1"},"canonical":"https:\/\/www.elle.lu\/fr\/7788-comment-adopter-la-baby-frange.html","og_locale":"fr_FR","og_type":"article","og_title":"Comment adopter la \u00ab baby frange \u00bb - ELLE.lu Luxembourg","og_description":"De Pamela Anderson \u00e0 Solange Knowles, la frange ultra-courte \u2013 ou baby frange \u2013 s\u2019impose comme l\u2019une des tendances capillaires les plus audacieuses de la saison.","og_url":"https:\/\/www.elle.lu\/fr\/7788-comment-adopter-la-baby-frange.html","og_site_name":"ELLE.lu Luxembourg","article_published_time":"2025-08-29T14:00:04+00:00","og_image":[{"width":1320,"height":1980,"url":"https:\/\/www.elle.lu\/fr\/wp-content\/uploads\/2025\/08\/schiaparelli-hc-cel-po-s24-064.jpg","type":"image\/jpeg"}],"author":"ELLE Luxembourg","twitter_card":"summary_large_image","twitter_misc":{"\u00c9crit par":"ELLE Luxembourg","Dur\u00e9e de lecture estim\u00e9e":"3 minutes"},"schema":{"@context":"https:\/\/schema.org","@graph":[{"@type":"Article","@id":"https:\/\/www.elle.lu\/fr\/7788-comment-adopter-la-baby-frange.html#article","isPartOf":{"@id":"https:\/\/www.elle.lu\/fr\/7788-comment-adopter-la-baby-frange.html"},"author":{"name":"ELLE Luxembourg","@id":"https:\/\/www.elle.lu\/fr\/#\/schema\/person\/9f46b98d1e40ec669426239054a74f55"},"headline":"Comment adopter la \u00ab baby frange \u00bb","datePublished":"2025-08-29T14:00:04+00:00","mainEntityOfPage":{"@id":"https:\/\/www.elle.lu\/fr\/7788-comment-adopter-la-baby-frange.html"},"wordCount":536,"commentCount":0,"image":{"@id":"https:\/\/www.elle.lu\/fr\/7788-comment-adopter-la-baby-frange.html#primaryimage"},"thumbnailUrl":"https:\/\/www.elle.lu\/fr\/wp-content\/uploads\/2025\/08\/schiaparelli-hc-cel-po-s24-064.jpg","articleSection":["Beaut\u00e9"],"inLanguage":"fr-FR","potentialAction":[{"@type":"CommentAction","name":"Comment","target":["https:\/\/www.elle.lu\/fr\/7788-comment-adopter-la-baby-frange.html#respond"]}]},{"@type":"WebPage","@id":"https:\/\/www.elle.lu\/fr\/7788-comment-adopter-la-baby-frange.html","url":"https:\/\/www.elle.lu\/fr\/7788-comment-adopter-la-baby-frange.html","name":"Comment adopter la \u00ab baby frange \u00bb - ELLE.lu Luxembourg","isPartOf":{"@id":"https:\/\/www.elle.lu\/fr\/#website"},"primaryImageOfPage":{"@id":"https:\/\/www.elle.lu\/fr\/7788-comment-adopter-la-baby-frange.html#primaryimage"},"image":{"@id":"https:\/\/www.elle.lu\/fr\/7788-comment-adopter-la-baby-frange.html#primaryimage"},"thumbnailUrl":"https:\/\/www.elle.lu\/fr\/wp-content\/uploads\/2025\/08\/schiaparelli-hc-cel-po-s24-064.jpg","datePublished":"2025-08-29T14:00:04+00:00","author":{"@id":"https:\/\/www.elle.lu\/fr\/#\/schema\/person\/9f46b98d1e40ec669426239054a74f55"},"description":"De Pamela Anderson \u00e0 Solange Knowles, la frange ultra-courte \u2013 ou baby frange \u2013 s\u2019impose comme l\u2019une des tendances capillaires les plus audacieuses de la saison.","breadcrumb":{"@id":"https:\/\/www.elle.lu\/fr\/7788-comment-adopter-la-baby-frange.html#breadcrumb"},"inLanguage":"fr-FR","potentialAction":[{"@type":"ReadAction","target":["https:\/\/www.elle.lu\/fr\/7788-comment-adopter-la-baby-frange.html"]}]},{"@type":"ImageObject","inLanguage":"fr-FR","@id":"https:\/\/www.elle.lu\/fr\/7788-comment-adopter-la-baby-frange.html#primaryimage","url":"https:\/\/www.elle.lu\/fr\/wp-content\/uploads\/2025\/08\/schiaparelli-hc-cel-po-s24-064.jpg","contentUrl":"https:\/\/www.elle.lu\/fr\/wp-content\/uploads\/2025\/08\/schiaparelli-hc-cel-po-s24-064.jpg","width":1320,"height":1980,"caption":"Zendaya \u00a9Lauchmetrics Spotlight \/ Schiaparelli HC cel PO S24"},{"@type":"BreadcrumbList","@id":"https:\/\/www.elle.lu\/fr\/7788-comment-adopter-la-baby-frange.html#breadcrumb","itemListElement":[{"@type":"ListItem","position":1,"name":"Accueil","item":"https:\/\/www.elle.lu\/fr"},{"@type":"ListItem","position":2,"name":"Comment adopter la \u00ab baby frange \u00bb"}]},{"@type":"WebSite","@id":"https:\/\/www.elle.lu\/fr\/#website","url":"https:\/\/www.elle.lu\/fr\/","name":"ELLE.lu","description":"Explorez les derni\u00e8res tendances mode, beaut\u00e9 et art de vivre au Luxembourg sur ELLE.lu. Un contenu exclusivement luxembourgeois sur notre site, r\u00e9seaux sociaux et YouTube.","potentialAction":[{"@type":"SearchAction","target":{"@type":"EntryPoint","urlTemplate":"https:\/\/www.elle.lu\/fr\/?s={search_term_string}"},"query-input":{"@type":"PropertyValueSpecification","valueRequired":true,"valueName":"search_term_string"}}],"inLanguage":"fr-FR"},{"@type":"Person","@id":"https:\/\/www.elle.lu\/fr\/#\/schema\/person\/9f46b98d1e40ec669426239054a74f55","name":"ELLE Luxembourg","image":{"@type":"ImageObject","inLanguage":"fr-FR","@id":"https:\/\/secure.gravatar.com\/avatar\/53ba8a0846e80e757a82f9012841e058a80a9c9fcef00955129602230f0fd7ac?s=96&d=mm&r=g","url":"https:\/\/secure.gravatar.com\/avatar\/53ba8a0846e80e757a82f9012841e058a80a9c9fcef00955129602230f0fd7ac?s=96&d=mm&r=g","contentUrl":"https:\/\/secure.gravatar.com\/avatar\/53ba8a0846e80e757a82f9012841e058a80a9c9fcef00955129602230f0fd7ac?s=96&d=mm&r=g","caption":"ELLE Luxembourg"},"url":"https:\/\/www.elle.lu\/fr\/author\/elle-luxembourg"}]}},"jetpack_featured_media_url":"https:\/\/www.elle.lu\/fr\/wp-content\/uploads\/2025\/08\/schiaparelli-hc-cel-po-s24-064.jpg","jetpack_sharing_enabled":true,"_links":{"self":[{"href":"https:\/\/www.elle.lu\/fr\/wp-json\/wp\/v2\/posts\/7788","targetHints":{"allow":["GET"]}}],"collection":[{"href":"https:\/\/www.elle.lu\/fr\/wp-json\/wp\/v2\/posts"}],"about":[{"href":"https:\/\/www.elle.lu\/fr\/wp-json\/wp\/v2\/types\/post"}],"author":[{"embeddable":true,"href":"https:\/\/www.elle.lu\/fr\/wp-json\/wp\/v2\/users\/14"}],"replies":[{"embeddable":true,"href":"https:\/\/www.elle.lu\/fr\/wp-json\/wp\/v2\/comments?post=7788"}],"version-history":[{"count":3,"href":"https:\/\/www.elle.lu\/fr\/wp-json\/wp\/v2\/posts\/7788\/revisions"}],"predecessor-version":[{"id":7797,"href":"https:\/\/www.elle.lu\/fr\/wp-json\/wp\/v2\/posts\/7788\/revisions\/7797"}],"wp:featuredmedia":[{"embeddable":true,"href":"https:\/\/www.elle.lu\/fr\/wp-json\/wp\/v2\/media\/7790"}],"wp:attachment":[{"href":"https:\/\/www.elle.lu\/fr\/wp-json\/wp\/v2\/media?parent=7788"}],"wp:term":[{"taxonomy":"category","embeddable":true,"href":"https:\/\/www.elle.lu\/fr\/wp-json\/wp\/v2\/categories?post=7788"},{"taxonomy":"post_tag","embeddable":true,"href":"https:\/\/www.elle.lu\/fr\/wp-json\/wp\/v2\/tags?post=7788"}],"curies":[{"name":"wp","href":"https:\/\/api.w.org\/{rel}","templated":true}]}}