{"id":7835,"date":"2025-09-01T16:00:57","date_gmt":"2025-09-01T14:00:57","guid":{"rendered":"https:\/\/www.elle.lu\/fr\/?p=7835"},"modified":"2025-09-05T08:10:04","modified_gmt":"2025-09-05T06:10:04","slug":"collagene-cellulite-et-marketing-ce-quon-vous-dit-et-ce-quon-oublie-de-vous-dire","status":"publish","type":"post","link":"https:\/\/www.elle.lu\/fr\/7835-collagene-cellulite-et-marketing-ce-quon-vous-dit-et-ce-quon-oublie-de-vous-dire.html","title":{"rendered":"Collag\u00e8ne, cellulite et marketing : ce qu\u2019on vous dit (et ce qu\u2019on oublie de vous dire)"},"content":{"rendered":"","protected":false},"excerpt":{"rendered":"Star des compl\u00e9ments alimentaires, le collag\u00e8ne est pr\u00e9sent\u00e9 comme la solution \u00e0 tout : rides, rel\u00e2chement, douleurs articulaires et m\u00eame cellulite. ...","protected":false},"author":49,"featured_media":7913,"comment_status":"open","ping_status":"open","sticky":false,"template":"","format":"standard","meta":{"_acf_changed":false,"_jetpack_memberships_contains_paid_content":false,"footnotes":""},"categories":[3],"tags":[],"class_list":["post-7835","post","type-post","status-publish","format-standard","has-post-thumbnail","hentry","category-beaute"],"acf":[],"yoast_head":"<!-- This site is optimized with the Yoast SEO plugin v27.5 - https:\/\/yoast.com\/product\/yoast-seo-wordpress\/ -->\n<title>Collag\u00e8ne, cellulite et marketing : ce qu\u2019on vous dit (et ce qu\u2019on oublie de vous dire) - ELLE.lu Luxembourg<\/title>\n<meta name=\"description\" content=\"Star des compl\u00e9ments alimentaires, le collag\u00e8ne est pr\u00e9sent\u00e9 comme la solution \u00e0 tout : rides, rel\u00e2chement, douleurs articulaires et m\u00eame cellulite.\" \/>\n<meta name=\"robots\" content=\"index, follow, max-snippet:-1, max-image-preview:large, max-video-preview:-1\" \/>\n<link rel=\"canonical\" href=\"https:\/\/www.elle.lu\/fr\/7835-collagene-cellulite-et-marketing-ce-quon-vous-dit-et-ce-quon-oublie-de-vous-dire.html\" \/>\n<meta property=\"og:locale\" content=\"fr_FR\" \/>\n<meta property=\"og:type\" content=\"article\" \/>\n<meta property=\"og:title\" content=\"Collag\u00e8ne, cellulite et marketing : ce qu\u2019on vous dit (et ce qu\u2019on oublie de vous dire) - ELLE.lu Luxembourg\" \/>\n<meta property=\"og:description\" content=\"Star des compl\u00e9ments alimentaires, le collag\u00e8ne est pr\u00e9sent\u00e9 comme la solution \u00e0 tout : rides, rel\u00e2chement, douleurs articulaires et m\u00eame cellulite.\" \/>\n<meta property=\"og:url\" content=\"https:\/\/www.elle.lu\/fr\/7835-collagene-cellulite-et-marketing-ce-quon-vous-dit-et-ce-quon-oublie-de-vous-dire.html\" \/>\n<meta property=\"og:site_name\" content=\"ELLE.lu Luxembourg\" \/>\n<meta property=\"article:published_time\" content=\"2025-09-01T14:00:57+00:00\" \/>\n<meta property=\"article:modified_time\" content=\"2025-09-05T06:10:04+00:00\" \/>\n<meta property=\"og:image\" content=\"https:\/\/www.elle.lu\/fr\/wp-content\/uploads\/2025\/09\/shutterstock-2259889893-2.jpg\" \/>\n\t<meta property=\"og:image:width\" content=\"2500\" \/>\n\t<meta property=\"og:image:height\" content=\"1406\" \/>\n\t<meta property=\"og:image:type\" content=\"image\/jpeg\" \/>\n<meta name=\"author\" content=\"Sarah Braun\" \/>\n<meta name=\"twitter:card\" content=\"summary_large_image\" \/>\n<meta name=\"twitter:label1\" content=\"\u00c9crit par\" \/>\n\t<meta name=\"twitter:data1\" content=\"Sarah Braun\" \/>\n\t<meta name=\"twitter:label2\" content=\"Dur\u00e9e de lecture estim\u00e9e\" \/>\n\t<meta name=\"twitter:data2\" content=\"7 minutes\" \/>\n<script type=\"application\/ld+json\" class=\"yoast-schema-graph\">{\"@context\":\"https:\\\/\\\/schema.org\",\"@graph\":[{\"@type\":\"Article\",\"@id\":\"https:\\\/\\\/www.elle.lu\\\/fr\\\/7835-collagene-cellulite-et-marketing-ce-quon-vous-dit-et-ce-quon-oublie-de-vous-dire.html#article\",\"isPartOf\":{\"@id\":\"https:\\\/\\\/www.elle.lu\\\/fr\\\/7835-collagene-cellulite-et-marketing-ce-quon-vous-dit-et-ce-quon-oublie-de-vous-dire.html\"},\"author\":{\"name\":\"Sarah Braun\",\"@id\":\"https:\\\/\\\/www.elle.lu\\\/fr\\\/#\\\/schema\\\/person\\\/ac820204224d1a52c950088e1996b007\"},\"headline\":\"Collag\u00e8ne, cellulite et marketing : ce qu\u2019on vous dit (et ce qu\u2019on oublie de vous dire)\",\"datePublished\":\"2025-09-01T14:00:57+00:00\",\"dateModified\":\"2025-09-05T06:10:04+00:00\",\"mainEntityOfPage\":{\"@id\":\"https:\\\/\\\/www.elle.lu\\\/fr\\\/7835-collagene-cellulite-et-marketing-ce-quon-vous-dit-et-ce-quon-oublie-de-vous-dire.html\"},\"wordCount\":1383,\"commentCount\":0,\"image\":{\"@id\":\"https:\\\/\\\/www.elle.lu\\\/fr\\\/7835-collagene-cellulite-et-marketing-ce-quon-vous-dit-et-ce-quon-oublie-de-vous-dire.html#primaryimage\"},\"thumbnailUrl\":\"https:\\\/\\\/www.elle.lu\\\/fr\\\/wp-content\\\/uploads\\\/2025\\\/09\\\/shutterstock-2259889893-2.jpg\",\"articleSection\":[\"Beaut\u00e9\"],\"inLanguage\":\"fr-FR\",\"potentialAction\":[{\"@type\":\"CommentAction\",\"name\":\"Comment\",\"target\":[\"https:\\\/\\\/www.elle.lu\\\/fr\\\/7835-collagene-cellulite-et-marketing-ce-quon-vous-dit-et-ce-quon-oublie-de-vous-dire.html#respond\"]}]},{\"@type\":\"WebPage\",\"@id\":\"https:\\\/\\\/www.elle.lu\\\/fr\\\/7835-collagene-cellulite-et-marketing-ce-quon-vous-dit-et-ce-quon-oublie-de-vous-dire.html\",\"url\":\"https:\\\/\\\/www.elle.lu\\\/fr\\\/7835-collagene-cellulite-et-marketing-ce-quon-vous-dit-et-ce-quon-oublie-de-vous-dire.html\",\"name\":\"Collag\u00e8ne, cellulite et marketing : ce qu\u2019on vous dit (et ce qu\u2019on oublie de vous dire) - ELLE.lu Luxembourg\",\"isPartOf\":{\"@id\":\"https:\\\/\\\/www.elle.lu\\\/fr\\\/#website\"},\"primaryImageOfPage\":{\"@id\":\"https:\\\/\\\/www.elle.lu\\\/fr\\\/7835-collagene-cellulite-et-marketing-ce-quon-vous-dit-et-ce-quon-oublie-de-vous-dire.html#primaryimage\"},\"image\":{\"@id\":\"https:\\\/\\\/www.elle.lu\\\/fr\\\/7835-collagene-cellulite-et-marketing-ce-quon-vous-dit-et-ce-quon-oublie-de-vous-dire.html#primaryimage\"},\"thumbnailUrl\":\"https:\\\/\\\/www.elle.lu\\\/fr\\\/wp-content\\\/uploads\\\/2025\\\/09\\\/shutterstock-2259889893-2.jpg\",\"datePublished\":\"2025-09-01T14:00:57+00:00\",\"dateModified\":\"2025-09-05T06:10:04+00:00\",\"author\":{\"@id\":\"https:\\\/\\\/www.elle.lu\\\/fr\\\/#\\\/schema\\\/person\\\/ac820204224d1a52c950088e1996b007\"},\"description\":\"Star des compl\u00e9ments alimentaires, le collag\u00e8ne est pr\u00e9sent\u00e9 comme la solution \u00e0 tout : rides, rel\u00e2chement, douleurs articulaires et m\u00eame cellulite.\",\"breadcrumb\":{\"@id\":\"https:\\\/\\\/www.elle.lu\\\/fr\\\/7835-collagene-cellulite-et-marketing-ce-quon-vous-dit-et-ce-quon-oublie-de-vous-dire.html#breadcrumb\"},\"inLanguage\":\"fr-FR\",\"potentialAction\":[{\"@type\":\"ReadAction\",\"target\":[\"https:\\\/\\\/www.elle.lu\\\/fr\\\/7835-collagene-cellulite-et-marketing-ce-quon-vous-dit-et-ce-quon-oublie-de-vous-dire.html\"]}]},{\"@type\":\"ImageObject\",\"inLanguage\":\"fr-FR\",\"@id\":\"https:\\\/\\\/www.elle.lu\\\/fr\\\/7835-collagene-cellulite-et-marketing-ce-quon-vous-dit-et-ce-quon-oublie-de-vous-dire.html#primaryimage\",\"url\":\"https:\\\/\\\/www.elle.lu\\\/fr\\\/wp-content\\\/uploads\\\/2025\\\/09\\\/shutterstock-2259889893-2.jpg\",\"contentUrl\":\"https:\\\/\\\/www.elle.lu\\\/fr\\\/wp-content\\\/uploads\\\/2025\\\/09\\\/shutterstock-2259889893-2.jpg\",\"width\":2500,\"height\":1406,\"caption\":\"\u00a9Shutterstock\"},{\"@type\":\"BreadcrumbList\",\"@id\":\"https:\\\/\\\/www.elle.lu\\\/fr\\\/7835-collagene-cellulite-et-marketing-ce-quon-vous-dit-et-ce-quon-oublie-de-vous-dire.html#breadcrumb\",\"itemListElement\":[{\"@type\":\"ListItem\",\"position\":1,\"name\":\"Accueil\",\"item\":\"https:\\\/\\\/www.elle.lu\\\/fr\"},{\"@type\":\"ListItem\",\"position\":2,\"name\":\"Collag\u00e8ne, cellulite et marketing : ce qu\u2019on vous dit (et ce qu\u2019on oublie de vous dire)\"}]},{\"@type\":\"WebSite\",\"@id\":\"https:\\\/\\\/www.elle.lu\\\/fr\\\/#website\",\"url\":\"https:\\\/\\\/www.elle.lu\\\/fr\\\/\",\"name\":\"ELLE.lu\",\"description\":\"Explorez les derni\u00e8res tendances mode, beaut\u00e9 et art de vivre au Luxembourg sur ELLE.lu. Un contenu exclusivement luxembourgeois sur notre site, r\u00e9seaux sociaux et YouTube.\",\"potentialAction\":[{\"@type\":\"SearchAction\",\"target\":{\"@type\":\"EntryPoint\",\"urlTemplate\":\"https:\\\/\\\/www.elle.lu\\\/fr\\\/?s={search_term_string}\"},\"query-input\":{\"@type\":\"PropertyValueSpecification\",\"valueRequired\":true,\"valueName\":\"search_term_string\"}}],\"inLanguage\":\"fr-FR\"},{\"@type\":\"Person\",\"@id\":\"https:\\\/\\\/www.elle.lu\\\/fr\\\/#\\\/schema\\\/person\\\/ac820204224d1a52c950088e1996b007\",\"name\":\"Sarah Braun\",\"image\":{\"@type\":\"ImageObject\",\"inLanguage\":\"fr-FR\",\"@id\":\"https:\\\/\\\/secure.gravatar.com\\\/avatar\\\/795f10c954947838090d4f384b3a26b2352bf71fd41dd058f378fee046f7ce21?s=96&d=mm&r=g\",\"url\":\"https:\\\/\\\/secure.gravatar.com\\\/avatar\\\/795f10c954947838090d4f384b3a26b2352bf71fd41dd058f378fee046f7ce21?s=96&d=mm&r=g\",\"contentUrl\":\"https:\\\/\\\/secure.gravatar.com\\\/avatar\\\/795f10c954947838090d4f384b3a26b2352bf71fd41dd058f378fee046f7ce21?s=96&d=mm&r=g\",\"caption\":\"Sarah Braun\"},\"url\":\"https:\\\/\\\/www.elle.lu\\\/fr\\\/author\\\/sarahelle-lu\"}]}<\/script>\n<!-- \/ Yoast SEO plugin. -->","yoast_head_json":{"title":"Collag\u00e8ne, cellulite et marketing : ce qu\u2019on vous dit (et ce qu\u2019on oublie de vous dire) - ELLE.lu Luxembourg","description":"Star des compl\u00e9ments alimentaires, le collag\u00e8ne est pr\u00e9sent\u00e9 comme la solution \u00e0 tout : rides, rel\u00e2chement, douleurs articulaires et m\u00eame cellulite.","robots":{"index":"index","follow":"follow","max-snippet":"max-snippet:-1","max-image-preview":"max-image-preview:large","max-video-preview":"max-video-preview:-1"},"canonical":"https:\/\/www.elle.lu\/fr\/7835-collagene-cellulite-et-marketing-ce-quon-vous-dit-et-ce-quon-oublie-de-vous-dire.html","og_locale":"fr_FR","og_type":"article","og_title":"Collag\u00e8ne, cellulite et marketing : ce qu\u2019on vous dit (et ce qu\u2019on oublie de vous dire) - ELLE.lu Luxembourg","og_description":"Star des compl\u00e9ments alimentaires, le collag\u00e8ne est pr\u00e9sent\u00e9 comme la solution \u00e0 tout : rides, rel\u00e2chement, douleurs articulaires et m\u00eame cellulite.","og_url":"https:\/\/www.elle.lu\/fr\/7835-collagene-cellulite-et-marketing-ce-quon-vous-dit-et-ce-quon-oublie-de-vous-dire.html","og_site_name":"ELLE.lu Luxembourg","article_published_time":"2025-09-01T14:00:57+00:00","article_modified_time":"2025-09-05T06:10:04+00:00","og_image":[{"width":2500,"height":1406,"url":"https:\/\/www.elle.lu\/fr\/wp-content\/uploads\/2025\/09\/shutterstock-2259889893-2.jpg","type":"image\/jpeg"}],"author":"Sarah Braun","twitter_card":"summary_large_image","twitter_misc":{"\u00c9crit par":"Sarah Braun","Dur\u00e9e de lecture estim\u00e9e":"7 minutes"},"schema":{"@context":"https:\/\/schema.org","@graph":[{"@type":"Article","@id":"https:\/\/www.elle.lu\/fr\/7835-collagene-cellulite-et-marketing-ce-quon-vous-dit-et-ce-quon-oublie-de-vous-dire.html#article","isPartOf":{"@id":"https:\/\/www.elle.lu\/fr\/7835-collagene-cellulite-et-marketing-ce-quon-vous-dit-et-ce-quon-oublie-de-vous-dire.html"},"author":{"name":"Sarah Braun","@id":"https:\/\/www.elle.lu\/fr\/#\/schema\/person\/ac820204224d1a52c950088e1996b007"},"headline":"Collag\u00e8ne, cellulite et marketing : ce qu\u2019on vous dit (et ce qu\u2019on oublie de vous dire)","datePublished":"2025-09-01T14:00:57+00:00","dateModified":"2025-09-05T06:10:04+00:00","mainEntityOfPage":{"@id":"https:\/\/www.elle.lu\/fr\/7835-collagene-cellulite-et-marketing-ce-quon-vous-dit-et-ce-quon-oublie-de-vous-dire.html"},"wordCount":1383,"commentCount":0,"image":{"@id":"https:\/\/www.elle.lu\/fr\/7835-collagene-cellulite-et-marketing-ce-quon-vous-dit-et-ce-quon-oublie-de-vous-dire.html#primaryimage"},"thumbnailUrl":"https:\/\/www.elle.lu\/fr\/wp-content\/uploads\/2025\/09\/shutterstock-2259889893-2.jpg","articleSection":["Beaut\u00e9"],"inLanguage":"fr-FR","potentialAction":[{"@type":"CommentAction","name":"Comment","target":["https:\/\/www.elle.lu\/fr\/7835-collagene-cellulite-et-marketing-ce-quon-vous-dit-et-ce-quon-oublie-de-vous-dire.html#respond"]}]},{"@type":"WebPage","@id":"https:\/\/www.elle.lu\/fr\/7835-collagene-cellulite-et-marketing-ce-quon-vous-dit-et-ce-quon-oublie-de-vous-dire.html","url":"https:\/\/www.elle.lu\/fr\/7835-collagene-cellulite-et-marketing-ce-quon-vous-dit-et-ce-quon-oublie-de-vous-dire.html","name":"Collag\u00e8ne, cellulite et marketing : ce qu\u2019on vous dit (et ce qu\u2019on oublie de vous dire) - ELLE.lu Luxembourg","isPartOf":{"@id":"https:\/\/www.elle.lu\/fr\/#website"},"primaryImageOfPage":{"@id":"https:\/\/www.elle.lu\/fr\/7835-collagene-cellulite-et-marketing-ce-quon-vous-dit-et-ce-quon-oublie-de-vous-dire.html#primaryimage"},"image":{"@id":"https:\/\/www.elle.lu\/fr\/7835-collagene-cellulite-et-marketing-ce-quon-vous-dit-et-ce-quon-oublie-de-vous-dire.html#primaryimage"},"thumbnailUrl":"https:\/\/www.elle.lu\/fr\/wp-content\/uploads\/2025\/09\/shutterstock-2259889893-2.jpg","datePublished":"2025-09-01T14:00:57+00:00","dateModified":"2025-09-05T06:10:04+00:00","author":{"@id":"https:\/\/www.elle.lu\/fr\/#\/schema\/person\/ac820204224d1a52c950088e1996b007"},"description":"Star des compl\u00e9ments alimentaires, le collag\u00e8ne est pr\u00e9sent\u00e9 comme la solution \u00e0 tout : rides, rel\u00e2chement, douleurs articulaires et m\u00eame cellulite.","breadcrumb":{"@id":"https:\/\/www.elle.lu\/fr\/7835-collagene-cellulite-et-marketing-ce-quon-vous-dit-et-ce-quon-oublie-de-vous-dire.html#breadcrumb"},"inLanguage":"fr-FR","potentialAction":[{"@type":"ReadAction","target":["https:\/\/www.elle.lu\/fr\/7835-collagene-cellulite-et-marketing-ce-quon-vous-dit-et-ce-quon-oublie-de-vous-dire.html"]}]},{"@type":"ImageObject","inLanguage":"fr-FR","@id":"https:\/\/www.elle.lu\/fr\/7835-collagene-cellulite-et-marketing-ce-quon-vous-dit-et-ce-quon-oublie-de-vous-dire.html#primaryimage","url":"https:\/\/www.elle.lu\/fr\/wp-content\/uploads\/2025\/09\/shutterstock-2259889893-2.jpg","contentUrl":"https:\/\/www.elle.lu\/fr\/wp-content\/uploads\/2025\/09\/shutterstock-2259889893-2.jpg","width":2500,"height":1406,"caption":"\u00a9Shutterstock"},{"@type":"BreadcrumbList","@id":"https:\/\/www.elle.lu\/fr\/7835-collagene-cellulite-et-marketing-ce-quon-vous-dit-et-ce-quon-oublie-de-vous-dire.html#breadcrumb","itemListElement":[{"@type":"ListItem","position":1,"name":"Accueil","item":"https:\/\/www.elle.lu\/fr"},{"@type":"ListItem","position":2,"name":"Collag\u00e8ne, cellulite et marketing : ce qu\u2019on vous dit (et ce qu\u2019on oublie de vous dire)"}]},{"@type":"WebSite","@id":"https:\/\/www.elle.lu\/fr\/#website","url":"https:\/\/www.elle.lu\/fr\/","name":"ELLE.lu","description":"Explorez les derni\u00e8res tendances mode, beaut\u00e9 et art de vivre au Luxembourg sur ELLE.lu. Un contenu exclusivement luxembourgeois sur notre site, r\u00e9seaux sociaux et YouTube.","potentialAction":[{"@type":"SearchAction","target":{"@type":"EntryPoint","urlTemplate":"https:\/\/www.elle.lu\/fr\/?s={search_term_string}"},"query-input":{"@type":"PropertyValueSpecification","valueRequired":true,"valueName":"search_term_string"}}],"inLanguage":"fr-FR"},{"@type":"Person","@id":"https:\/\/www.elle.lu\/fr\/#\/schema\/person\/ac820204224d1a52c950088e1996b007","name":"Sarah Braun","image":{"@type":"ImageObject","inLanguage":"fr-FR","@id":"https:\/\/secure.gravatar.com\/avatar\/795f10c954947838090d4f384b3a26b2352bf71fd41dd058f378fee046f7ce21?s=96&d=mm&r=g","url":"https:\/\/secure.gravatar.com\/avatar\/795f10c954947838090d4f384b3a26b2352bf71fd41dd058f378fee046f7ce21?s=96&d=mm&r=g","contentUrl":"https:\/\/secure.gravatar.com\/avatar\/795f10c954947838090d4f384b3a26b2352bf71fd41dd058f378fee046f7ce21?s=96&d=mm&r=g","caption":"Sarah Braun"},"url":"https:\/\/www.elle.lu\/fr\/author\/sarahelle-lu"}]}},"jetpack_featured_media_url":"https:\/\/www.elle.lu\/fr\/wp-content\/uploads\/2025\/09\/shutterstock-2259889893-2.jpg","jetpack_sharing_enabled":true,"_links":{"self":[{"href":"https:\/\/www.elle.lu\/fr\/wp-json\/wp\/v2\/posts\/7835","targetHints":{"allow":["GET"]}}],"collection":[{"href":"https:\/\/www.elle.lu\/fr\/wp-json\/wp\/v2\/posts"}],"about":[{"href":"https:\/\/www.elle.lu\/fr\/wp-json\/wp\/v2\/types\/post"}],"author":[{"embeddable":true,"href":"https:\/\/www.elle.lu\/fr\/wp-json\/wp\/v2\/users\/49"}],"replies":[{"embeddable":true,"href":"https:\/\/www.elle.lu\/fr\/wp-json\/wp\/v2\/comments?post=7835"}],"version-history":[{"count":4,"href":"https:\/\/www.elle.lu\/fr\/wp-json\/wp\/v2\/posts\/7835\/revisions"}],"predecessor-version":[{"id":7929,"href":"https:\/\/www.elle.lu\/fr\/wp-json\/wp\/v2\/posts\/7835\/revisions\/7929"}],"wp:featuredmedia":[{"embeddable":true,"href":"https:\/\/www.elle.lu\/fr\/wp-json\/wp\/v2\/media\/7913"}],"wp:attachment":[{"href":"https:\/\/www.elle.lu\/fr\/wp-json\/wp\/v2\/media?parent=7835"}],"wp:term":[{"taxonomy":"category","embeddable":true,"href":"https:\/\/www.elle.lu\/fr\/wp-json\/wp\/v2\/categories?post=7835"},{"taxonomy":"post_tag","embeddable":true,"href":"https:\/\/www.elle.lu\/fr\/wp-json\/wp\/v2\/tags?post=7835"}],"curies":[{"name":"wp","href":"https:\/\/api.w.org\/{rel}","templated":true}]}}