{"id":7854,"date":"2025-10-07T07:00:04","date_gmt":"2025-10-07T05:00:04","guid":{"rendered":"https:\/\/www.elle.lu\/fr\/?p=7854"},"modified":"2025-09-18T11:27:38","modified_gmt":"2025-09-18T09:27:38","slug":"lumiverse-la-collab-qui-met-kiko-milano-en-orbite","status":"publish","type":"post","link":"https:\/\/www.elle.lu\/fr\/7854-lumiverse-la-collab-qui-met-kiko-milano-en-orbite.html","title":{"rendered":"Lumiverse : La collab qui met KIKO Milano en orbite"},"content":{"rendered":"","protected":false},"excerpt":{"rendered":"Et si le maquillage se m\u00e9tamorphosait une \u0153uvre pop culture ? Cet automne, KIKO MILANO ouvre un nouveau chapitre avec Lumiverse, une collection capsule \u00e9lectrisante, n\u00e9e d\u2019une collaboration avec Ogilvy Italie et TOILETPAPER, le studio culte fond\u00e9 par Maurizio Cattelan et Pierpaolo Ferrari.","protected":false},"author":20,"featured_media":7855,"comment_status":"open","ping_status":"open","sticky":false,"template":"","format":"standard","meta":{"_acf_changed":false,"_jetpack_memberships_contains_paid_content":false,"footnotes":""},"categories":[3],"tags":[],"class_list":["post-7854","post","type-post","status-publish","format-standard","has-post-thumbnail","hentry","category-beaute"],"acf":[],"yoast_head":"<!-- This site is optimized with the Yoast SEO plugin v27.5 - https:\/\/yoast.com\/product\/yoast-seo-wordpress\/ -->\n<title>Lumiverse : La collab qui met KIKO Milano en orbite - ELLE.lu Luxembourg<\/title>\n<meta name=\"description\" content=\"Cet automne, KIKO MILANO ouvre un nouveau chapitre avec Lumiverse, une collection capsule \u00e9lectrisante, n\u00e9e d\u2019une belle collaboration.\" \/>\n<meta name=\"robots\" content=\"index, follow, max-snippet:-1, max-image-preview:large, max-video-preview:-1\" \/>\n<link rel=\"canonical\" href=\"https:\/\/www.elle.lu\/fr\/7854-lumiverse-la-collab-qui-met-kiko-milano-en-orbite.html\" \/>\n<meta property=\"og:locale\" content=\"fr_FR\" \/>\n<meta property=\"og:type\" content=\"article\" \/>\n<meta property=\"og:title\" content=\"Lumiverse : La collab qui met KIKO Milano en orbite - ELLE.lu Luxembourg\" \/>\n<meta property=\"og:description\" content=\"Cet automne, KIKO MILANO ouvre un nouveau chapitre avec Lumiverse, une collection capsule \u00e9lectrisante, n\u00e9e d\u2019une belle collaboration.\" \/>\n<meta property=\"og:url\" content=\"https:\/\/www.elle.lu\/fr\/7854-lumiverse-la-collab-qui-met-kiko-milano-en-orbite.html\" \/>\n<meta property=\"og:site_name\" content=\"ELLE.lu Luxembourg\" \/>\n<meta property=\"article:published_time\" content=\"2025-10-07T05:00:04+00:00\" \/>\n<meta property=\"og:image\" content=\"https:\/\/www.elle.lu\/fr\/wp-content\/uploads\/2025\/09\/elle-horizontal-image-a-la-une.jpg\" \/>\n\t<meta property=\"og:image:width\" content=\"1200\" \/>\n\t<meta property=\"og:image:height\" content=\"628\" \/>\n\t<meta property=\"og:image:type\" content=\"image\/jpeg\" \/>\n<meta name=\"author\" content=\"ELLE Partenaire\" \/>\n<meta name=\"twitter:card\" content=\"summary_large_image\" \/>\n<meta name=\"twitter:label1\" content=\"\u00c9crit par\" \/>\n\t<meta name=\"twitter:data1\" content=\"ELLE Partenaire\" \/>\n\t<meta name=\"twitter:label2\" content=\"Dur\u00e9e de lecture estim\u00e9e\" \/>\n\t<meta name=\"twitter:data2\" content=\"2 minutes\" \/>\n<script type=\"application\/ld+json\" class=\"yoast-schema-graph\">{\"@context\":\"https:\\\/\\\/schema.org\",\"@graph\":[{\"@type\":\"Article\",\"@id\":\"https:\\\/\\\/www.elle.lu\\\/fr\\\/7854-lumiverse-la-collab-qui-met-kiko-milano-en-orbite.html#article\",\"isPartOf\":{\"@id\":\"https:\\\/\\\/www.elle.lu\\\/fr\\\/7854-lumiverse-la-collab-qui-met-kiko-milano-en-orbite.html\"},\"author\":{\"name\":\"ELLE Partenaire\",\"@id\":\"https:\\\/\\\/www.elle.lu\\\/fr\\\/#\\\/schema\\\/person\\\/9a5f02df96eeb8e12b1d6ca82571e874\"},\"headline\":\"Lumiverse : La collab qui met KIKO Milano en orbite\",\"datePublished\":\"2025-10-07T05:00:04+00:00\",\"mainEntityOfPage\":{\"@id\":\"https:\\\/\\\/www.elle.lu\\\/fr\\\/7854-lumiverse-la-collab-qui-met-kiko-milano-en-orbite.html\"},\"wordCount\":356,\"commentCount\":0,\"image\":{\"@id\":\"https:\\\/\\\/www.elle.lu\\\/fr\\\/7854-lumiverse-la-collab-qui-met-kiko-milano-en-orbite.html#primaryimage\"},\"thumbnailUrl\":\"https:\\\/\\\/www.elle.lu\\\/fr\\\/wp-content\\\/uploads\\\/2025\\\/09\\\/elle-horizontal-image-a-la-une.jpg\",\"articleSection\":[\"Beaut\u00e9\"],\"inLanguage\":\"fr-FR\",\"potentialAction\":[{\"@type\":\"CommentAction\",\"name\":\"Comment\",\"target\":[\"https:\\\/\\\/www.elle.lu\\\/fr\\\/7854-lumiverse-la-collab-qui-met-kiko-milano-en-orbite.html#respond\"]}]},{\"@type\":\"WebPage\",\"@id\":\"https:\\\/\\\/www.elle.lu\\\/fr\\\/7854-lumiverse-la-collab-qui-met-kiko-milano-en-orbite.html\",\"url\":\"https:\\\/\\\/www.elle.lu\\\/fr\\\/7854-lumiverse-la-collab-qui-met-kiko-milano-en-orbite.html\",\"name\":\"Lumiverse : La collab qui met KIKO Milano en orbite - ELLE.lu Luxembourg\",\"isPartOf\":{\"@id\":\"https:\\\/\\\/www.elle.lu\\\/fr\\\/#website\"},\"primaryImageOfPage\":{\"@id\":\"https:\\\/\\\/www.elle.lu\\\/fr\\\/7854-lumiverse-la-collab-qui-met-kiko-milano-en-orbite.html#primaryimage\"},\"image\":{\"@id\":\"https:\\\/\\\/www.elle.lu\\\/fr\\\/7854-lumiverse-la-collab-qui-met-kiko-milano-en-orbite.html#primaryimage\"},\"thumbnailUrl\":\"https:\\\/\\\/www.elle.lu\\\/fr\\\/wp-content\\\/uploads\\\/2025\\\/09\\\/elle-horizontal-image-a-la-une.jpg\",\"datePublished\":\"2025-10-07T05:00:04+00:00\",\"author\":{\"@id\":\"https:\\\/\\\/www.elle.lu\\\/fr\\\/#\\\/schema\\\/person\\\/9a5f02df96eeb8e12b1d6ca82571e874\"},\"description\":\"Cet automne, KIKO MILANO ouvre un nouveau chapitre avec Lumiverse, une collection capsule \u00e9lectrisante, n\u00e9e d\u2019une belle collaboration.\",\"breadcrumb\":{\"@id\":\"https:\\\/\\\/www.elle.lu\\\/fr\\\/7854-lumiverse-la-collab-qui-met-kiko-milano-en-orbite.html#breadcrumb\"},\"inLanguage\":\"fr-FR\",\"potentialAction\":[{\"@type\":\"ReadAction\",\"target\":[\"https:\\\/\\\/www.elle.lu\\\/fr\\\/7854-lumiverse-la-collab-qui-met-kiko-milano-en-orbite.html\"]}]},{\"@type\":\"ImageObject\",\"inLanguage\":\"fr-FR\",\"@id\":\"https:\\\/\\\/www.elle.lu\\\/fr\\\/7854-lumiverse-la-collab-qui-met-kiko-milano-en-orbite.html#primaryimage\",\"url\":\"https:\\\/\\\/www.elle.lu\\\/fr\\\/wp-content\\\/uploads\\\/2025\\\/09\\\/elle-horizontal-image-a-la-une.jpg\",\"contentUrl\":\"https:\\\/\\\/www.elle.lu\\\/fr\\\/wp-content\\\/uploads\\\/2025\\\/09\\\/elle-horizontal-image-a-la-une.jpg\",\"width\":1200,\"height\":628,\"caption\":\"\u00a9KIKO MILANO\"},{\"@type\":\"BreadcrumbList\",\"@id\":\"https:\\\/\\\/www.elle.lu\\\/fr\\\/7854-lumiverse-la-collab-qui-met-kiko-milano-en-orbite.html#breadcrumb\",\"itemListElement\":[{\"@type\":\"ListItem\",\"position\":1,\"name\":\"Accueil\",\"item\":\"https:\\\/\\\/www.elle.lu\\\/fr\"},{\"@type\":\"ListItem\",\"position\":2,\"name\":\"Lumiverse : La collab qui met KIKO Milano en orbite\"}]},{\"@type\":\"WebSite\",\"@id\":\"https:\\\/\\\/www.elle.lu\\\/fr\\\/#website\",\"url\":\"https:\\\/\\\/www.elle.lu\\\/fr\\\/\",\"name\":\"ELLE.lu\",\"description\":\"Explorez les derni\u00e8res tendances mode, beaut\u00e9 et art de vivre au Luxembourg sur ELLE.lu. Un contenu exclusivement luxembourgeois sur notre site, r\u00e9seaux sociaux et YouTube.\",\"potentialAction\":[{\"@type\":\"SearchAction\",\"target\":{\"@type\":\"EntryPoint\",\"urlTemplate\":\"https:\\\/\\\/www.elle.lu\\\/fr\\\/?s={search_term_string}\"},\"query-input\":{\"@type\":\"PropertyValueSpecification\",\"valueRequired\":true,\"valueName\":\"search_term_string\"}}],\"inLanguage\":\"fr-FR\"},{\"@type\":\"Person\",\"@id\":\"https:\\\/\\\/www.elle.lu\\\/fr\\\/#\\\/schema\\\/person\\\/9a5f02df96eeb8e12b1d6ca82571e874\",\"name\":\"ELLE Partenaire\",\"image\":{\"@type\":\"ImageObject\",\"inLanguage\":\"fr-FR\",\"@id\":\"https:\\\/\\\/secure.gravatar.com\\\/avatar\\\/1283bc96c392dcf16483a6b444d587f221f51a9b904e37614fbcea3e6d6ddce2?s=96&d=mm&r=g\",\"url\":\"https:\\\/\\\/secure.gravatar.com\\\/avatar\\\/1283bc96c392dcf16483a6b444d587f221f51a9b904e37614fbcea3e6d6ddce2?s=96&d=mm&r=g\",\"contentUrl\":\"https:\\\/\\\/secure.gravatar.com\\\/avatar\\\/1283bc96c392dcf16483a6b444d587f221f51a9b904e37614fbcea3e6d6ddce2?s=96&d=mm&r=g\",\"caption\":\"ELLE Partenaire\"},\"url\":\"https:\\\/\\\/www.elle.lu\\\/fr\\\/author\\\/stagiaire-creativelabgmail-com\"}]}<\/script>\n<!-- \/ Yoast SEO plugin. -->","yoast_head_json":{"title":"Lumiverse : La collab qui met KIKO Milano en orbite - ELLE.lu Luxembourg","description":"Cet automne, KIKO MILANO ouvre un nouveau chapitre avec Lumiverse, une collection capsule \u00e9lectrisante, n\u00e9e d\u2019une belle collaboration.","robots":{"index":"index","follow":"follow","max-snippet":"max-snippet:-1","max-image-preview":"max-image-preview:large","max-video-preview":"max-video-preview:-1"},"canonical":"https:\/\/www.elle.lu\/fr\/7854-lumiverse-la-collab-qui-met-kiko-milano-en-orbite.html","og_locale":"fr_FR","og_type":"article","og_title":"Lumiverse : La collab qui met KIKO Milano en orbite - ELLE.lu Luxembourg","og_description":"Cet automne, KIKO MILANO ouvre un nouveau chapitre avec Lumiverse, une collection capsule \u00e9lectrisante, n\u00e9e d\u2019une belle collaboration.","og_url":"https:\/\/www.elle.lu\/fr\/7854-lumiverse-la-collab-qui-met-kiko-milano-en-orbite.html","og_site_name":"ELLE.lu Luxembourg","article_published_time":"2025-10-07T05:00:04+00:00","og_image":[{"width":1200,"height":628,"url":"https:\/\/www.elle.lu\/fr\/wp-content\/uploads\/2025\/09\/elle-horizontal-image-a-la-une.jpg","type":"image\/jpeg"}],"author":"ELLE Partenaire","twitter_card":"summary_large_image","twitter_misc":{"\u00c9crit par":"ELLE Partenaire","Dur\u00e9e de lecture estim\u00e9e":"2 minutes"},"schema":{"@context":"https:\/\/schema.org","@graph":[{"@type":"Article","@id":"https:\/\/www.elle.lu\/fr\/7854-lumiverse-la-collab-qui-met-kiko-milano-en-orbite.html#article","isPartOf":{"@id":"https:\/\/www.elle.lu\/fr\/7854-lumiverse-la-collab-qui-met-kiko-milano-en-orbite.html"},"author":{"name":"ELLE Partenaire","@id":"https:\/\/www.elle.lu\/fr\/#\/schema\/person\/9a5f02df96eeb8e12b1d6ca82571e874"},"headline":"Lumiverse : La collab qui met KIKO Milano en orbite","datePublished":"2025-10-07T05:00:04+00:00","mainEntityOfPage":{"@id":"https:\/\/www.elle.lu\/fr\/7854-lumiverse-la-collab-qui-met-kiko-milano-en-orbite.html"},"wordCount":356,"commentCount":0,"image":{"@id":"https:\/\/www.elle.lu\/fr\/7854-lumiverse-la-collab-qui-met-kiko-milano-en-orbite.html#primaryimage"},"thumbnailUrl":"https:\/\/www.elle.lu\/fr\/wp-content\/uploads\/2025\/09\/elle-horizontal-image-a-la-une.jpg","articleSection":["Beaut\u00e9"],"inLanguage":"fr-FR","potentialAction":[{"@type":"CommentAction","name":"Comment","target":["https:\/\/www.elle.lu\/fr\/7854-lumiverse-la-collab-qui-met-kiko-milano-en-orbite.html#respond"]}]},{"@type":"WebPage","@id":"https:\/\/www.elle.lu\/fr\/7854-lumiverse-la-collab-qui-met-kiko-milano-en-orbite.html","url":"https:\/\/www.elle.lu\/fr\/7854-lumiverse-la-collab-qui-met-kiko-milano-en-orbite.html","name":"Lumiverse : La collab qui met KIKO Milano en orbite - ELLE.lu Luxembourg","isPartOf":{"@id":"https:\/\/www.elle.lu\/fr\/#website"},"primaryImageOfPage":{"@id":"https:\/\/www.elle.lu\/fr\/7854-lumiverse-la-collab-qui-met-kiko-milano-en-orbite.html#primaryimage"},"image":{"@id":"https:\/\/www.elle.lu\/fr\/7854-lumiverse-la-collab-qui-met-kiko-milano-en-orbite.html#primaryimage"},"thumbnailUrl":"https:\/\/www.elle.lu\/fr\/wp-content\/uploads\/2025\/09\/elle-horizontal-image-a-la-une.jpg","datePublished":"2025-10-07T05:00:04+00:00","author":{"@id":"https:\/\/www.elle.lu\/fr\/#\/schema\/person\/9a5f02df96eeb8e12b1d6ca82571e874"},"description":"Cet automne, KIKO MILANO ouvre un nouveau chapitre avec Lumiverse, une collection capsule \u00e9lectrisante, n\u00e9e d\u2019une belle collaboration.","breadcrumb":{"@id":"https:\/\/www.elle.lu\/fr\/7854-lumiverse-la-collab-qui-met-kiko-milano-en-orbite.html#breadcrumb"},"inLanguage":"fr-FR","potentialAction":[{"@type":"ReadAction","target":["https:\/\/www.elle.lu\/fr\/7854-lumiverse-la-collab-qui-met-kiko-milano-en-orbite.html"]}]},{"@type":"ImageObject","inLanguage":"fr-FR","@id":"https:\/\/www.elle.lu\/fr\/7854-lumiverse-la-collab-qui-met-kiko-milano-en-orbite.html#primaryimage","url":"https:\/\/www.elle.lu\/fr\/wp-content\/uploads\/2025\/09\/elle-horizontal-image-a-la-une.jpg","contentUrl":"https:\/\/www.elle.lu\/fr\/wp-content\/uploads\/2025\/09\/elle-horizontal-image-a-la-une.jpg","width":1200,"height":628,"caption":"\u00a9KIKO MILANO"},{"@type":"BreadcrumbList","@id":"https:\/\/www.elle.lu\/fr\/7854-lumiverse-la-collab-qui-met-kiko-milano-en-orbite.html#breadcrumb","itemListElement":[{"@type":"ListItem","position":1,"name":"Accueil","item":"https:\/\/www.elle.lu\/fr"},{"@type":"ListItem","position":2,"name":"Lumiverse : La collab qui met KIKO Milano en orbite"}]},{"@type":"WebSite","@id":"https:\/\/www.elle.lu\/fr\/#website","url":"https:\/\/www.elle.lu\/fr\/","name":"ELLE.lu","description":"Explorez les derni\u00e8res tendances mode, beaut\u00e9 et art de vivre au Luxembourg sur ELLE.lu. Un contenu exclusivement luxembourgeois sur notre site, r\u00e9seaux sociaux et YouTube.","potentialAction":[{"@type":"SearchAction","target":{"@type":"EntryPoint","urlTemplate":"https:\/\/www.elle.lu\/fr\/?s={search_term_string}"},"query-input":{"@type":"PropertyValueSpecification","valueRequired":true,"valueName":"search_term_string"}}],"inLanguage":"fr-FR"},{"@type":"Person","@id":"https:\/\/www.elle.lu\/fr\/#\/schema\/person\/9a5f02df96eeb8e12b1d6ca82571e874","name":"ELLE Partenaire","image":{"@type":"ImageObject","inLanguage":"fr-FR","@id":"https:\/\/secure.gravatar.com\/avatar\/1283bc96c392dcf16483a6b444d587f221f51a9b904e37614fbcea3e6d6ddce2?s=96&d=mm&r=g","url":"https:\/\/secure.gravatar.com\/avatar\/1283bc96c392dcf16483a6b444d587f221f51a9b904e37614fbcea3e6d6ddce2?s=96&d=mm&r=g","contentUrl":"https:\/\/secure.gravatar.com\/avatar\/1283bc96c392dcf16483a6b444d587f221f51a9b904e37614fbcea3e6d6ddce2?s=96&d=mm&r=g","caption":"ELLE Partenaire"},"url":"https:\/\/www.elle.lu\/fr\/author\/stagiaire-creativelabgmail-com"}]}},"jetpack_featured_media_url":"https:\/\/www.elle.lu\/fr\/wp-content\/uploads\/2025\/09\/elle-horizontal-image-a-la-une.jpg","jetpack_sharing_enabled":true,"_links":{"self":[{"href":"https:\/\/www.elle.lu\/fr\/wp-json\/wp\/v2\/posts\/7854","targetHints":{"allow":["GET"]}}],"collection":[{"href":"https:\/\/www.elle.lu\/fr\/wp-json\/wp\/v2\/posts"}],"about":[{"href":"https:\/\/www.elle.lu\/fr\/wp-json\/wp\/v2\/types\/post"}],"author":[{"embeddable":true,"href":"https:\/\/www.elle.lu\/fr\/wp-json\/wp\/v2\/users\/20"}],"replies":[{"embeddable":true,"href":"https:\/\/www.elle.lu\/fr\/wp-json\/wp\/v2\/comments?post=7854"}],"version-history":[{"count":4,"href":"https:\/\/www.elle.lu\/fr\/wp-json\/wp\/v2\/posts\/7854\/revisions"}],"predecessor-version":[{"id":7896,"href":"https:\/\/www.elle.lu\/fr\/wp-json\/wp\/v2\/posts\/7854\/revisions\/7896"}],"wp:featuredmedia":[{"embeddable":true,"href":"https:\/\/www.elle.lu\/fr\/wp-json\/wp\/v2\/media\/7855"}],"wp:attachment":[{"href":"https:\/\/www.elle.lu\/fr\/wp-json\/wp\/v2\/media?parent=7854"}],"wp:term":[{"taxonomy":"category","embeddable":true,"href":"https:\/\/www.elle.lu\/fr\/wp-json\/wp\/v2\/categories?post=7854"},{"taxonomy":"post_tag","embeddable":true,"href":"https:\/\/www.elle.lu\/fr\/wp-json\/wp\/v2\/tags?post=7854"}],"curies":[{"name":"wp","href":"https:\/\/api.w.org\/{rel}","templated":true}]}}