{"id":7961,"date":"2025-09-12T07:00:31","date_gmt":"2025-09-12T05:00:31","guid":{"rendered":"https:\/\/www.elle.lu\/fr\/?p=7961"},"modified":"2025-10-11T10:09:13","modified_gmt":"2025-10-11T08:09:13","slug":"5-tendances-a-piquer-durgence-aux-it-girls-scandinaves","status":"publish","type":"post","link":"https:\/\/www.elle.lu\/fr\/7961-5-tendances-a-piquer-durgence-aux-it-girls-scandinaves.html","title":{"rendered":"5 tendances \u00e0 piquer d\u2019urgence aux it-girls scandinaves"},"content":{"rendered":"","protected":false},"excerpt":{"rendered":"Un condens\u00e9 de tendances mode venues du Nord et qu&#8217;on adore. ...","protected":false},"author":14,"featured_media":7962,"comment_status":"open","ping_status":"open","sticky":false,"template":"","format":"standard","meta":{"_acf_changed":false,"_jetpack_memberships_contains_paid_content":false,"footnotes":""},"categories":[2],"tags":[],"class_list":["post-7961","post","type-post","status-publish","format-standard","has-post-thumbnail","hentry","category-mode"],"acf":[],"yoast_head":"<!-- This site is optimized with the Yoast SEO plugin v27.2 - https:\/\/yoast.com\/product\/yoast-seo-wordpress\/ -->\n<title>5 tendances \u00e0 piquer d\u2019urgence aux it-girls scandinaves - ELLE.lu Luxembourg<\/title>\n<meta name=\"description\" content=\"Un condens\u00e9 de tendances mode venues du Nord et qu&#039;on adore.Les Fran\u00e7aises sont r\u00e9put\u00e9es pour leurs tenues \u00e9l\u00e9gantes, mais quand le thermom\u00e8tre grimpe, ce sont les trendsetters scandinaves qui attirent tous les regards.\" \/>\n<meta name=\"robots\" content=\"index, follow, max-snippet:-1, max-image-preview:large, max-video-preview:-1\" \/>\n<link rel=\"canonical\" href=\"https:\/\/www.elle.be\/fr\/458885-mode-tendances-ete-it-girls-scandinaves.html\" \/>\n<meta property=\"og:locale\" content=\"fr_FR\" \/>\n<meta property=\"og:type\" content=\"article\" \/>\n<meta property=\"og:title\" content=\"5 tendances \u00e0 piquer d\u2019urgence aux it-girls scandinaves - ELLE.lu Luxembourg\" \/>\n<meta property=\"og:description\" content=\"Un condens\u00e9 de tendances mode venues du Nord et qu&#039;on adore.Les Fran\u00e7aises sont r\u00e9put\u00e9es pour leurs tenues \u00e9l\u00e9gantes, mais quand le thermom\u00e8tre grimpe, ce sont les trendsetters scandinaves qui attirent tous les regards.\" \/>\n<meta property=\"og:url\" content=\"https:\/\/www.elle.be\/fr\/458885-mode-tendances-ete-it-girls-scandinaves.html\" \/>\n<meta property=\"og:site_name\" content=\"ELLE.lu Luxembourg\" \/>\n<meta property=\"article:published_time\" content=\"2025-09-12T05:00:31+00:00\" \/>\n<meta property=\"article:modified_time\" content=\"2025-10-11T08:09:13+00:00\" \/>\n<meta property=\"og:image\" content=\"https:\/\/www.elle.lu\/fr\/wp-content\/uploads\/2025\/09\/382011-elle-fb-28-2-970x508.jpg\" \/>\n\t<meta property=\"og:image:width\" content=\"970\" \/>\n\t<meta property=\"og:image:height\" content=\"508\" \/>\n\t<meta property=\"og:image:type\" content=\"image\/jpeg\" \/>\n<meta name=\"author\" content=\"ELLE Luxembourg\" \/>\n<meta name=\"twitter:card\" content=\"summary_large_image\" \/>\n<meta name=\"twitter:label1\" content=\"\u00c9crit par\" \/>\n\t<meta name=\"twitter:data1\" content=\"ELLE Luxembourg\" \/>\n\t<meta name=\"twitter:label2\" content=\"Dur\u00e9e de lecture estim\u00e9e\" \/>\n\t<meta name=\"twitter:data2\" content=\"2 minutes\" \/>\n<script type=\"application\/ld+json\" class=\"yoast-schema-graph\">{\"@context\":\"https:\/\/schema.org\",\"@graph\":[{\"@type\":\"Article\",\"@id\":\"https:\/\/www.elle.be\/fr\/458885-mode-tendances-ete-it-girls-scandinaves.html#article\",\"isPartOf\":{\"@id\":\"https:\/\/www.elle.lu\/fr\/7961-5-tendances-a-piquer-durgence-aux-it-girls-scandinaves.html\"},\"author\":{\"name\":\"ELLE Luxembourg\",\"@id\":\"https:\/\/www.elle.lu\/fr\/#\/schema\/person\/9f46b98d1e40ec669426239054a74f55\"},\"headline\":\"5 tendances \u00e0 piquer d\u2019urgence aux it-girls scandinaves\",\"datePublished\":\"2025-09-12T05:00:31+00:00\",\"dateModified\":\"2025-10-11T08:09:13+00:00\",\"mainEntityOfPage\":{\"@id\":\"https:\/\/www.elle.lu\/fr\/7961-5-tendances-a-piquer-durgence-aux-it-girls-scandinaves.html\"},\"wordCount\":412,\"commentCount\":0,\"image\":{\"@id\":\"https:\/\/www.elle.be\/fr\/458885-mode-tendances-ete-it-girls-scandinaves.html#primaryimage\"},\"thumbnailUrl\":\"https:\/\/www.elle.lu\/fr\/wp-content\/uploads\/2025\/09\/382011-elle-fb-28-2-970x508.jpg\",\"articleSection\":[\"Mode\"],\"inLanguage\":\"fr-FR\",\"potentialAction\":[{\"@type\":\"CommentAction\",\"name\":\"Comment\",\"target\":[\"https:\/\/www.elle.be\/fr\/458885-mode-tendances-ete-it-girls-scandinaves.html#respond\"]}]},{\"@type\":\"WebPage\",\"@id\":\"https:\/\/www.elle.lu\/fr\/7961-5-tendances-a-piquer-durgence-aux-it-girls-scandinaves.html\",\"url\":\"https:\/\/www.elle.be\/fr\/458885-mode-tendances-ete-it-girls-scandinaves.html\",\"name\":\"5 tendances \u00e0 piquer d\u2019urgence aux it-girls scandinaves - ELLE.lu Luxembourg\",\"isPartOf\":{\"@id\":\"https:\/\/www.elle.lu\/fr\/#website\"},\"primaryImageOfPage\":{\"@id\":\"https:\/\/www.elle.be\/fr\/458885-mode-tendances-ete-it-girls-scandinaves.html#primaryimage\"},\"image\":{\"@id\":\"https:\/\/www.elle.be\/fr\/458885-mode-tendances-ete-it-girls-scandinaves.html#primaryimage\"},\"thumbnailUrl\":\"https:\/\/www.elle.lu\/fr\/wp-content\/uploads\/2025\/09\/382011-elle-fb-28-2-970x508.jpg\",\"datePublished\":\"2025-09-12T05:00:31+00:00\",\"dateModified\":\"2025-10-11T08:09:13+00:00\",\"author\":{\"@id\":\"https:\/\/www.elle.lu\/fr\/#\/schema\/person\/9f46b98d1e40ec669426239054a74f55\"},\"description\":\"Un condens\u00e9 de tendances mode venues du Nord et qu'on adore.Les Fran\u00e7aises sont r\u00e9put\u00e9es pour leurs tenues \u00e9l\u00e9gantes, mais quand le thermom\u00e8tre grimpe, ce sont les trendsetters scandinaves qui attirent tous les regards.\",\"breadcrumb\":{\"@id\":\"https:\/\/www.elle.be\/fr\/458885-mode-tendances-ete-it-girls-scandinaves.html#breadcrumb\"},\"inLanguage\":\"fr-FR\",\"potentialAction\":[{\"@type\":\"ReadAction\",\"target\":[\"https:\/\/www.elle.be\/fr\/458885-mode-tendances-ete-it-girls-scandinaves.html\"]}]},{\"@type\":\"ImageObject\",\"inLanguage\":\"fr-FR\",\"@id\":\"https:\/\/www.elle.be\/fr\/458885-mode-tendances-ete-it-girls-scandinaves.html#primaryimage\",\"url\":\"https:\/\/www.elle.lu\/fr\/wp-content\/uploads\/2025\/09\/382011-elle-fb-28-2-970x508.jpg\",\"contentUrl\":\"https:\/\/www.elle.lu\/fr\/wp-content\/uploads\/2025\/09\/382011-elle-fb-28-2-970x508.jpg\",\"width\":970,\"height\":508,\"caption\":\"\u00a9Launchmetrics Spotlight\"},{\"@type\":\"BreadcrumbList\",\"@id\":\"https:\/\/www.elle.be\/fr\/458885-mode-tendances-ete-it-girls-scandinaves.html#breadcrumb\",\"itemListElement\":[{\"@type\":\"ListItem\",\"position\":1,\"name\":\"Accueil\",\"item\":\"https:\/\/www.elle.lu\/fr\"},{\"@type\":\"ListItem\",\"position\":2,\"name\":\"5 tendances \u00e0 piquer d\u2019urgence aux it-girls scandinaves\"}]},{\"@type\":\"WebSite\",\"@id\":\"https:\/\/www.elle.lu\/fr\/#website\",\"url\":\"https:\/\/www.elle.lu\/fr\/\",\"name\":\"ELLE.lu\",\"description\":\"Explorez les derni\u00e8res tendances mode, beaut\u00e9 et art de vivre au Luxembourg sur ELLE.lu. Un contenu exclusivement luxembourgeois sur notre site, r\u00e9seaux sociaux et YouTube.\",\"potentialAction\":[{\"@type\":\"SearchAction\",\"target\":{\"@type\":\"EntryPoint\",\"urlTemplate\":\"https:\/\/www.elle.lu\/fr\/?s={search_term_string}\"},\"query-input\":{\"@type\":\"PropertyValueSpecification\",\"valueRequired\":true,\"valueName\":\"search_term_string\"}}],\"inLanguage\":\"fr-FR\"},{\"@type\":\"Person\",\"@id\":\"https:\/\/www.elle.lu\/fr\/#\/schema\/person\/9f46b98d1e40ec669426239054a74f55\",\"name\":\"ELLE Luxembourg\",\"image\":{\"@type\":\"ImageObject\",\"inLanguage\":\"fr-FR\",\"@id\":\"https:\/\/secure.gravatar.com\/avatar\/53ba8a0846e80e757a82f9012841e058a80a9c9fcef00955129602230f0fd7ac?s=96&d=mm&r=g\",\"url\":\"https:\/\/secure.gravatar.com\/avatar\/53ba8a0846e80e757a82f9012841e058a80a9c9fcef00955129602230f0fd7ac?s=96&d=mm&r=g\",\"contentUrl\":\"https:\/\/secure.gravatar.com\/avatar\/53ba8a0846e80e757a82f9012841e058a80a9c9fcef00955129602230f0fd7ac?s=96&d=mm&r=g\",\"caption\":\"ELLE Luxembourg\"},\"url\":\"https:\/\/www.elle.lu\/fr\/author\/elle-luxembourg\"}]}<\/script>\n<!-- \/ Yoast SEO plugin. -->","yoast_head_json":{"title":"5 tendances \u00e0 piquer d\u2019urgence aux it-girls scandinaves - ELLE.lu Luxembourg","description":"Un condens\u00e9 de tendances mode venues du Nord et qu'on adore.Les Fran\u00e7aises sont r\u00e9put\u00e9es pour leurs tenues \u00e9l\u00e9gantes, mais quand le thermom\u00e8tre grimpe, ce sont les trendsetters scandinaves qui attirent tous les regards.","robots":{"index":"index","follow":"follow","max-snippet":"max-snippet:-1","max-image-preview":"max-image-preview:large","max-video-preview":"max-video-preview:-1"},"canonical":"https:\/\/www.elle.be\/fr\/458885-mode-tendances-ete-it-girls-scandinaves.html","og_locale":"fr_FR","og_type":"article","og_title":"5 tendances \u00e0 piquer d\u2019urgence aux it-girls scandinaves - ELLE.lu Luxembourg","og_description":"Un condens\u00e9 de tendances mode venues du Nord et qu'on adore.Les Fran\u00e7aises sont r\u00e9put\u00e9es pour leurs tenues \u00e9l\u00e9gantes, mais quand le thermom\u00e8tre grimpe, ce sont les trendsetters scandinaves qui attirent tous les regards.","og_url":"https:\/\/www.elle.be\/fr\/458885-mode-tendances-ete-it-girls-scandinaves.html","og_site_name":"ELLE.lu Luxembourg","article_published_time":"2025-09-12T05:00:31+00:00","article_modified_time":"2025-10-11T08:09:13+00:00","og_image":[{"width":970,"height":508,"url":"https:\/\/www.elle.lu\/fr\/wp-content\/uploads\/2025\/09\/382011-elle-fb-28-2-970x508.jpg","type":"image\/jpeg"}],"author":"ELLE Luxembourg","twitter_card":"summary_large_image","twitter_misc":{"\u00c9crit par":"ELLE Luxembourg","Dur\u00e9e de lecture estim\u00e9e":"2 minutes"},"schema":{"@context":"https:\/\/schema.org","@graph":[{"@type":"Article","@id":"https:\/\/www.elle.be\/fr\/458885-mode-tendances-ete-it-girls-scandinaves.html#article","isPartOf":{"@id":"https:\/\/www.elle.lu\/fr\/7961-5-tendances-a-piquer-durgence-aux-it-girls-scandinaves.html"},"author":{"name":"ELLE Luxembourg","@id":"https:\/\/www.elle.lu\/fr\/#\/schema\/person\/9f46b98d1e40ec669426239054a74f55"},"headline":"5 tendances \u00e0 piquer d\u2019urgence aux it-girls scandinaves","datePublished":"2025-09-12T05:00:31+00:00","dateModified":"2025-10-11T08:09:13+00:00","mainEntityOfPage":{"@id":"https:\/\/www.elle.lu\/fr\/7961-5-tendances-a-piquer-durgence-aux-it-girls-scandinaves.html"},"wordCount":412,"commentCount":0,"image":{"@id":"https:\/\/www.elle.be\/fr\/458885-mode-tendances-ete-it-girls-scandinaves.html#primaryimage"},"thumbnailUrl":"https:\/\/www.elle.lu\/fr\/wp-content\/uploads\/2025\/09\/382011-elle-fb-28-2-970x508.jpg","articleSection":["Mode"],"inLanguage":"fr-FR","potentialAction":[{"@type":"CommentAction","name":"Comment","target":["https:\/\/www.elle.be\/fr\/458885-mode-tendances-ete-it-girls-scandinaves.html#respond"]}]},{"@type":"WebPage","@id":"https:\/\/www.elle.lu\/fr\/7961-5-tendances-a-piquer-durgence-aux-it-girls-scandinaves.html","url":"https:\/\/www.elle.be\/fr\/458885-mode-tendances-ete-it-girls-scandinaves.html","name":"5 tendances \u00e0 piquer d\u2019urgence aux it-girls scandinaves - ELLE.lu Luxembourg","isPartOf":{"@id":"https:\/\/www.elle.lu\/fr\/#website"},"primaryImageOfPage":{"@id":"https:\/\/www.elle.be\/fr\/458885-mode-tendances-ete-it-girls-scandinaves.html#primaryimage"},"image":{"@id":"https:\/\/www.elle.be\/fr\/458885-mode-tendances-ete-it-girls-scandinaves.html#primaryimage"},"thumbnailUrl":"https:\/\/www.elle.lu\/fr\/wp-content\/uploads\/2025\/09\/382011-elle-fb-28-2-970x508.jpg","datePublished":"2025-09-12T05:00:31+00:00","dateModified":"2025-10-11T08:09:13+00:00","author":{"@id":"https:\/\/www.elle.lu\/fr\/#\/schema\/person\/9f46b98d1e40ec669426239054a74f55"},"description":"Un condens\u00e9 de tendances mode venues du Nord et qu'on adore.Les Fran\u00e7aises sont r\u00e9put\u00e9es pour leurs tenues \u00e9l\u00e9gantes, mais quand le thermom\u00e8tre grimpe, ce sont les trendsetters scandinaves qui attirent tous les regards.","breadcrumb":{"@id":"https:\/\/www.elle.be\/fr\/458885-mode-tendances-ete-it-girls-scandinaves.html#breadcrumb"},"inLanguage":"fr-FR","potentialAction":[{"@type":"ReadAction","target":["https:\/\/www.elle.be\/fr\/458885-mode-tendances-ete-it-girls-scandinaves.html"]}]},{"@type":"ImageObject","inLanguage":"fr-FR","@id":"https:\/\/www.elle.be\/fr\/458885-mode-tendances-ete-it-girls-scandinaves.html#primaryimage","url":"https:\/\/www.elle.lu\/fr\/wp-content\/uploads\/2025\/09\/382011-elle-fb-28-2-970x508.jpg","contentUrl":"https:\/\/www.elle.lu\/fr\/wp-content\/uploads\/2025\/09\/382011-elle-fb-28-2-970x508.jpg","width":970,"height":508,"caption":"\u00a9Launchmetrics Spotlight"},{"@type":"BreadcrumbList","@id":"https:\/\/www.elle.be\/fr\/458885-mode-tendances-ete-it-girls-scandinaves.html#breadcrumb","itemListElement":[{"@type":"ListItem","position":1,"name":"Accueil","item":"https:\/\/www.elle.lu\/fr"},{"@type":"ListItem","position":2,"name":"5 tendances \u00e0 piquer d\u2019urgence aux it-girls scandinaves"}]},{"@type":"WebSite","@id":"https:\/\/www.elle.lu\/fr\/#website","url":"https:\/\/www.elle.lu\/fr\/","name":"ELLE.lu","description":"Explorez les derni\u00e8res tendances mode, beaut\u00e9 et art de vivre au Luxembourg sur ELLE.lu. Un contenu exclusivement luxembourgeois sur notre site, r\u00e9seaux sociaux et YouTube.","potentialAction":[{"@type":"SearchAction","target":{"@type":"EntryPoint","urlTemplate":"https:\/\/www.elle.lu\/fr\/?s={search_term_string}"},"query-input":{"@type":"PropertyValueSpecification","valueRequired":true,"valueName":"search_term_string"}}],"inLanguage":"fr-FR"},{"@type":"Person","@id":"https:\/\/www.elle.lu\/fr\/#\/schema\/person\/9f46b98d1e40ec669426239054a74f55","name":"ELLE Luxembourg","image":{"@type":"ImageObject","inLanguage":"fr-FR","@id":"https:\/\/secure.gravatar.com\/avatar\/53ba8a0846e80e757a82f9012841e058a80a9c9fcef00955129602230f0fd7ac?s=96&d=mm&r=g","url":"https:\/\/secure.gravatar.com\/avatar\/53ba8a0846e80e757a82f9012841e058a80a9c9fcef00955129602230f0fd7ac?s=96&d=mm&r=g","contentUrl":"https:\/\/secure.gravatar.com\/avatar\/53ba8a0846e80e757a82f9012841e058a80a9c9fcef00955129602230f0fd7ac?s=96&d=mm&r=g","caption":"ELLE Luxembourg"},"url":"https:\/\/www.elle.lu\/fr\/author\/elle-luxembourg"}]}},"jetpack_featured_media_url":"https:\/\/www.elle.lu\/fr\/wp-content\/uploads\/2025\/09\/382011-elle-fb-28-2-970x508.jpg","jetpack_sharing_enabled":true,"_links":{"self":[{"href":"https:\/\/www.elle.lu\/fr\/wp-json\/wp\/v2\/posts\/7961","targetHints":{"allow":["GET"]}}],"collection":[{"href":"https:\/\/www.elle.lu\/fr\/wp-json\/wp\/v2\/posts"}],"about":[{"href":"https:\/\/www.elle.lu\/fr\/wp-json\/wp\/v2\/types\/post"}],"author":[{"embeddable":true,"href":"https:\/\/www.elle.lu\/fr\/wp-json\/wp\/v2\/users\/14"}],"replies":[{"embeddable":true,"href":"https:\/\/www.elle.lu\/fr\/wp-json\/wp\/v2\/comments?post=7961"}],"version-history":[{"count":1,"href":"https:\/\/www.elle.lu\/fr\/wp-json\/wp\/v2\/posts\/7961\/revisions"}],"predecessor-version":[{"id":7963,"href":"https:\/\/www.elle.lu\/fr\/wp-json\/wp\/v2\/posts\/7961\/revisions\/7963"}],"wp:featuredmedia":[{"embeddable":true,"href":"https:\/\/www.elle.lu\/fr\/wp-json\/wp\/v2\/media\/7962"}],"wp:attachment":[{"href":"https:\/\/www.elle.lu\/fr\/wp-json\/wp\/v2\/media?parent=7961"}],"wp:term":[{"taxonomy":"category","embeddable":true,"href":"https:\/\/www.elle.lu\/fr\/wp-json\/wp\/v2\/categories?post=7961"},{"taxonomy":"post_tag","embeddable":true,"href":"https:\/\/www.elle.lu\/fr\/wp-json\/wp\/v2\/tags?post=7961"}],"curies":[{"name":"wp","href":"https:\/\/api.w.org\/{rel}","templated":true}]}}