{"id":8091,"date":"2025-09-22T07:00:08","date_gmt":"2025-09-22T05:00:08","guid":{"rendered":"https:\/\/www.elle.lu\/fr\/?p=8091"},"modified":"2025-09-21T10:21:13","modified_gmt":"2025-09-21T08:21:13","slug":"patchs-pour-les-yeux-le-secret-des-matins-difficiles","status":"publish","type":"post","link":"https:\/\/www.elle.lu\/fr\/8091-patchs-pour-les-yeux-le-secret-des-matins-difficiles.html","title":{"rendered":"Patchs pour les yeux : le secret des matins difficiles"},"content":{"rendered":"","protected":false},"excerpt":{"rendered":"Encore un matin o\u00f9 la nuit a \u00e9t\u00e9 trop courte\u2026 Peu importe la cause (b\u00e9b\u00e9 qui pleure, shots de tequila encha\u00een\u00e9s jusqu&#8217;\u00e0 2h ou visionnage compulsif de la saison 4 de The Morning Show), le r\u00e9sultat est le m\u00eame\u00a0: devant le miroir, deux poches bien install\u00e9es et ce regard froiss\u00e9 qui crie \u00ab\u00a0fatigue\u00a0\u00bb.","protected":false},"author":49,"featured_media":8092,"comment_status":"open","ping_status":"open","sticky":false,"template":"","format":"standard","meta":{"_acf_changed":false,"_jetpack_memberships_contains_paid_content":false,"footnotes":""},"categories":[3],"tags":[],"class_list":["post-8091","post","type-post","status-publish","format-standard","has-post-thumbnail","hentry","category-beaute"],"acf":[],"yoast_head":"<!-- This site is optimized with the Yoast SEO plugin v27.2 - https:\/\/yoast.com\/product\/yoast-seo-wordpress\/ -->\n<title>Patchs pour les yeux : le secret des matins difficiles - ELLE.lu Luxembourg<\/title>\n<meta name=\"description\" content=\"Encore un matin o\u00f9 la nuit a \u00e9t\u00e9 trop courte\u2026 Pas de panique : les patchs pour les yeux sont l\u00e0 et vous sauveront la mise.\" \/>\n<meta name=\"robots\" content=\"index, follow, max-snippet:-1, max-image-preview:large, max-video-preview:-1\" \/>\n<link rel=\"canonical\" href=\"https:\/\/www.elle.lu\/fr\/8091-patchs-pour-les-yeux-le-secret-des-matins-difficiles.html\" \/>\n<meta property=\"og:locale\" content=\"fr_FR\" \/>\n<meta property=\"og:type\" content=\"article\" \/>\n<meta property=\"og:title\" content=\"Patchs pour les yeux : le secret des matins difficiles - ELLE.lu Luxembourg\" \/>\n<meta property=\"og:description\" content=\"Encore un matin o\u00f9 la nuit a \u00e9t\u00e9 trop courte\u2026 Pas de panique : les patchs pour les yeux sont l\u00e0 et vous sauveront la mise.\" \/>\n<meta property=\"og:url\" content=\"https:\/\/www.elle.lu\/fr\/8091-patchs-pour-les-yeux-le-secret-des-matins-difficiles.html\" \/>\n<meta property=\"og:site_name\" content=\"ELLE.lu Luxembourg\" \/>\n<meta property=\"article:published_time\" content=\"2025-09-22T05:00:08+00:00\" \/>\n<meta property=\"og:image\" content=\"https:\/\/www.elle.lu\/fr\/wp-content\/uploads\/2025\/09\/adobestock-613849302-2.jpeg\" \/>\n\t<meta property=\"og:image:width\" content=\"2500\" \/>\n\t<meta property=\"og:image:height\" content=\"1667\" \/>\n\t<meta property=\"og:image:type\" content=\"image\/jpeg\" \/>\n<meta name=\"author\" content=\"Sarah Braun\" \/>\n<meta name=\"twitter:card\" content=\"summary_large_image\" \/>\n<meta name=\"twitter:label1\" content=\"\u00c9crit par\" \/>\n\t<meta name=\"twitter:data1\" content=\"Sarah Braun\" \/>\n\t<meta name=\"twitter:label2\" content=\"Dur\u00e9e de lecture estim\u00e9e\" \/>\n\t<meta name=\"twitter:data2\" content=\"4 minutes\" \/>\n<script type=\"application\/ld+json\" class=\"yoast-schema-graph\">{\"@context\":\"https:\/\/schema.org\",\"@graph\":[{\"@type\":\"Article\",\"@id\":\"https:\/\/www.elle.lu\/fr\/8091-patchs-pour-les-yeux-le-secret-des-matins-difficiles.html#article\",\"isPartOf\":{\"@id\":\"https:\/\/www.elle.lu\/fr\/8091-patchs-pour-les-yeux-le-secret-des-matins-difficiles.html\"},\"author\":{\"name\":\"Sarah Braun\",\"@id\":\"https:\/\/www.elle.lu\/fr\/#\/schema\/person\/ac820204224d1a52c950088e1996b007\"},\"headline\":\"Patchs pour les yeux : le secret des matins difficiles\",\"datePublished\":\"2025-09-22T05:00:08+00:00\",\"mainEntityOfPage\":{\"@id\":\"https:\/\/www.elle.lu\/fr\/8091-patchs-pour-les-yeux-le-secret-des-matins-difficiles.html\"},\"wordCount\":763,\"commentCount\":0,\"image\":{\"@id\":\"https:\/\/www.elle.lu\/fr\/8091-patchs-pour-les-yeux-le-secret-des-matins-difficiles.html#primaryimage\"},\"thumbnailUrl\":\"https:\/\/www.elle.lu\/fr\/wp-content\/uploads\/2025\/09\/adobestock-613849302-2.jpeg\",\"articleSection\":[\"Beaut\u00e9\"],\"inLanguage\":\"fr-FR\",\"potentialAction\":[{\"@type\":\"CommentAction\",\"name\":\"Comment\",\"target\":[\"https:\/\/www.elle.lu\/fr\/8091-patchs-pour-les-yeux-le-secret-des-matins-difficiles.html#respond\"]}]},{\"@type\":\"WebPage\",\"@id\":\"https:\/\/www.elle.lu\/fr\/8091-patchs-pour-les-yeux-le-secret-des-matins-difficiles.html\",\"url\":\"https:\/\/www.elle.lu\/fr\/8091-patchs-pour-les-yeux-le-secret-des-matins-difficiles.html\",\"name\":\"Patchs pour les yeux : le secret des matins difficiles - ELLE.lu Luxembourg\",\"isPartOf\":{\"@id\":\"https:\/\/www.elle.lu\/fr\/#website\"},\"primaryImageOfPage\":{\"@id\":\"https:\/\/www.elle.lu\/fr\/8091-patchs-pour-les-yeux-le-secret-des-matins-difficiles.html#primaryimage\"},\"image\":{\"@id\":\"https:\/\/www.elle.lu\/fr\/8091-patchs-pour-les-yeux-le-secret-des-matins-difficiles.html#primaryimage\"},\"thumbnailUrl\":\"https:\/\/www.elle.lu\/fr\/wp-content\/uploads\/2025\/09\/adobestock-613849302-2.jpeg\",\"datePublished\":\"2025-09-22T05:00:08+00:00\",\"author\":{\"@id\":\"https:\/\/www.elle.lu\/fr\/#\/schema\/person\/ac820204224d1a52c950088e1996b007\"},\"description\":\"Encore un matin o\u00f9 la nuit a \u00e9t\u00e9 trop courte\u2026 Pas de panique : les patchs pour les yeux sont l\u00e0 et vous sauveront la mise.\",\"breadcrumb\":{\"@id\":\"https:\/\/www.elle.lu\/fr\/8091-patchs-pour-les-yeux-le-secret-des-matins-difficiles.html#breadcrumb\"},\"inLanguage\":\"fr-FR\",\"potentialAction\":[{\"@type\":\"ReadAction\",\"target\":[\"https:\/\/www.elle.lu\/fr\/8091-patchs-pour-les-yeux-le-secret-des-matins-difficiles.html\"]}]},{\"@type\":\"ImageObject\",\"inLanguage\":\"fr-FR\",\"@id\":\"https:\/\/www.elle.lu\/fr\/8091-patchs-pour-les-yeux-le-secret-des-matins-difficiles.html#primaryimage\",\"url\":\"https:\/\/www.elle.lu\/fr\/wp-content\/uploads\/2025\/09\/adobestock-613849302-2.jpeg\",\"contentUrl\":\"https:\/\/www.elle.lu\/fr\/wp-content\/uploads\/2025\/09\/adobestock-613849302-2.jpeg\",\"width\":2500,\"height\":1667,\"caption\":\"\u00a9Adobe Stock\"},{\"@type\":\"BreadcrumbList\",\"@id\":\"https:\/\/www.elle.lu\/fr\/8091-patchs-pour-les-yeux-le-secret-des-matins-difficiles.html#breadcrumb\",\"itemListElement\":[{\"@type\":\"ListItem\",\"position\":1,\"name\":\"Accueil\",\"item\":\"https:\/\/www.elle.lu\/fr\"},{\"@type\":\"ListItem\",\"position\":2,\"name\":\"Patchs pour les yeux : le secret des matins difficiles\"}]},{\"@type\":\"WebSite\",\"@id\":\"https:\/\/www.elle.lu\/fr\/#website\",\"url\":\"https:\/\/www.elle.lu\/fr\/\",\"name\":\"ELLE.lu\",\"description\":\"Explorez les derni\u00e8res tendances mode, beaut\u00e9 et art de vivre au Luxembourg sur ELLE.lu. Un contenu exclusivement luxembourgeois sur notre site, r\u00e9seaux sociaux et YouTube.\",\"potentialAction\":[{\"@type\":\"SearchAction\",\"target\":{\"@type\":\"EntryPoint\",\"urlTemplate\":\"https:\/\/www.elle.lu\/fr\/?s={search_term_string}\"},\"query-input\":{\"@type\":\"PropertyValueSpecification\",\"valueRequired\":true,\"valueName\":\"search_term_string\"}}],\"inLanguage\":\"fr-FR\"},{\"@type\":\"Person\",\"@id\":\"https:\/\/www.elle.lu\/fr\/#\/schema\/person\/ac820204224d1a52c950088e1996b007\",\"name\":\"Sarah Braun\",\"image\":{\"@type\":\"ImageObject\",\"inLanguage\":\"fr-FR\",\"@id\":\"https:\/\/secure.gravatar.com\/avatar\/795f10c954947838090d4f384b3a26b2352bf71fd41dd058f378fee046f7ce21?s=96&d=mm&r=g\",\"url\":\"https:\/\/secure.gravatar.com\/avatar\/795f10c954947838090d4f384b3a26b2352bf71fd41dd058f378fee046f7ce21?s=96&d=mm&r=g\",\"contentUrl\":\"https:\/\/secure.gravatar.com\/avatar\/795f10c954947838090d4f384b3a26b2352bf71fd41dd058f378fee046f7ce21?s=96&d=mm&r=g\",\"caption\":\"Sarah Braun\"},\"url\":\"https:\/\/www.elle.lu\/fr\/author\/sarahelle-lu\"}]}<\/script>\n<!-- \/ Yoast SEO plugin. -->","yoast_head_json":{"title":"Patchs pour les yeux : le secret des matins difficiles - ELLE.lu Luxembourg","description":"Encore un matin o\u00f9 la nuit a \u00e9t\u00e9 trop courte\u2026 Pas de panique : les patchs pour les yeux sont l\u00e0 et vous sauveront la mise.","robots":{"index":"index","follow":"follow","max-snippet":"max-snippet:-1","max-image-preview":"max-image-preview:large","max-video-preview":"max-video-preview:-1"},"canonical":"https:\/\/www.elle.lu\/fr\/8091-patchs-pour-les-yeux-le-secret-des-matins-difficiles.html","og_locale":"fr_FR","og_type":"article","og_title":"Patchs pour les yeux : le secret des matins difficiles - ELLE.lu Luxembourg","og_description":"Encore un matin o\u00f9 la nuit a \u00e9t\u00e9 trop courte\u2026 Pas de panique : les patchs pour les yeux sont l\u00e0 et vous sauveront la mise.","og_url":"https:\/\/www.elle.lu\/fr\/8091-patchs-pour-les-yeux-le-secret-des-matins-difficiles.html","og_site_name":"ELLE.lu Luxembourg","article_published_time":"2025-09-22T05:00:08+00:00","og_image":[{"width":2500,"height":1667,"url":"https:\/\/www.elle.lu\/fr\/wp-content\/uploads\/2025\/09\/adobestock-613849302-2.jpeg","type":"image\/jpeg"}],"author":"Sarah Braun","twitter_card":"summary_large_image","twitter_misc":{"\u00c9crit par":"Sarah Braun","Dur\u00e9e de lecture estim\u00e9e":"4 minutes"},"schema":{"@context":"https:\/\/schema.org","@graph":[{"@type":"Article","@id":"https:\/\/www.elle.lu\/fr\/8091-patchs-pour-les-yeux-le-secret-des-matins-difficiles.html#article","isPartOf":{"@id":"https:\/\/www.elle.lu\/fr\/8091-patchs-pour-les-yeux-le-secret-des-matins-difficiles.html"},"author":{"name":"Sarah Braun","@id":"https:\/\/www.elle.lu\/fr\/#\/schema\/person\/ac820204224d1a52c950088e1996b007"},"headline":"Patchs pour les yeux : le secret des matins difficiles","datePublished":"2025-09-22T05:00:08+00:00","mainEntityOfPage":{"@id":"https:\/\/www.elle.lu\/fr\/8091-patchs-pour-les-yeux-le-secret-des-matins-difficiles.html"},"wordCount":763,"commentCount":0,"image":{"@id":"https:\/\/www.elle.lu\/fr\/8091-patchs-pour-les-yeux-le-secret-des-matins-difficiles.html#primaryimage"},"thumbnailUrl":"https:\/\/www.elle.lu\/fr\/wp-content\/uploads\/2025\/09\/adobestock-613849302-2.jpeg","articleSection":["Beaut\u00e9"],"inLanguage":"fr-FR","potentialAction":[{"@type":"CommentAction","name":"Comment","target":["https:\/\/www.elle.lu\/fr\/8091-patchs-pour-les-yeux-le-secret-des-matins-difficiles.html#respond"]}]},{"@type":"WebPage","@id":"https:\/\/www.elle.lu\/fr\/8091-patchs-pour-les-yeux-le-secret-des-matins-difficiles.html","url":"https:\/\/www.elle.lu\/fr\/8091-patchs-pour-les-yeux-le-secret-des-matins-difficiles.html","name":"Patchs pour les yeux : le secret des matins difficiles - ELLE.lu Luxembourg","isPartOf":{"@id":"https:\/\/www.elle.lu\/fr\/#website"},"primaryImageOfPage":{"@id":"https:\/\/www.elle.lu\/fr\/8091-patchs-pour-les-yeux-le-secret-des-matins-difficiles.html#primaryimage"},"image":{"@id":"https:\/\/www.elle.lu\/fr\/8091-patchs-pour-les-yeux-le-secret-des-matins-difficiles.html#primaryimage"},"thumbnailUrl":"https:\/\/www.elle.lu\/fr\/wp-content\/uploads\/2025\/09\/adobestock-613849302-2.jpeg","datePublished":"2025-09-22T05:00:08+00:00","author":{"@id":"https:\/\/www.elle.lu\/fr\/#\/schema\/person\/ac820204224d1a52c950088e1996b007"},"description":"Encore un matin o\u00f9 la nuit a \u00e9t\u00e9 trop courte\u2026 Pas de panique : les patchs pour les yeux sont l\u00e0 et vous sauveront la mise.","breadcrumb":{"@id":"https:\/\/www.elle.lu\/fr\/8091-patchs-pour-les-yeux-le-secret-des-matins-difficiles.html#breadcrumb"},"inLanguage":"fr-FR","potentialAction":[{"@type":"ReadAction","target":["https:\/\/www.elle.lu\/fr\/8091-patchs-pour-les-yeux-le-secret-des-matins-difficiles.html"]}]},{"@type":"ImageObject","inLanguage":"fr-FR","@id":"https:\/\/www.elle.lu\/fr\/8091-patchs-pour-les-yeux-le-secret-des-matins-difficiles.html#primaryimage","url":"https:\/\/www.elle.lu\/fr\/wp-content\/uploads\/2025\/09\/adobestock-613849302-2.jpeg","contentUrl":"https:\/\/www.elle.lu\/fr\/wp-content\/uploads\/2025\/09\/adobestock-613849302-2.jpeg","width":2500,"height":1667,"caption":"\u00a9Adobe Stock"},{"@type":"BreadcrumbList","@id":"https:\/\/www.elle.lu\/fr\/8091-patchs-pour-les-yeux-le-secret-des-matins-difficiles.html#breadcrumb","itemListElement":[{"@type":"ListItem","position":1,"name":"Accueil","item":"https:\/\/www.elle.lu\/fr"},{"@type":"ListItem","position":2,"name":"Patchs pour les yeux : le secret des matins difficiles"}]},{"@type":"WebSite","@id":"https:\/\/www.elle.lu\/fr\/#website","url":"https:\/\/www.elle.lu\/fr\/","name":"ELLE.lu","description":"Explorez les derni\u00e8res tendances mode, beaut\u00e9 et art de vivre au Luxembourg sur ELLE.lu. Un contenu exclusivement luxembourgeois sur notre site, r\u00e9seaux sociaux et YouTube.","potentialAction":[{"@type":"SearchAction","target":{"@type":"EntryPoint","urlTemplate":"https:\/\/www.elle.lu\/fr\/?s={search_term_string}"},"query-input":{"@type":"PropertyValueSpecification","valueRequired":true,"valueName":"search_term_string"}}],"inLanguage":"fr-FR"},{"@type":"Person","@id":"https:\/\/www.elle.lu\/fr\/#\/schema\/person\/ac820204224d1a52c950088e1996b007","name":"Sarah Braun","image":{"@type":"ImageObject","inLanguage":"fr-FR","@id":"https:\/\/secure.gravatar.com\/avatar\/795f10c954947838090d4f384b3a26b2352bf71fd41dd058f378fee046f7ce21?s=96&d=mm&r=g","url":"https:\/\/secure.gravatar.com\/avatar\/795f10c954947838090d4f384b3a26b2352bf71fd41dd058f378fee046f7ce21?s=96&d=mm&r=g","contentUrl":"https:\/\/secure.gravatar.com\/avatar\/795f10c954947838090d4f384b3a26b2352bf71fd41dd058f378fee046f7ce21?s=96&d=mm&r=g","caption":"Sarah Braun"},"url":"https:\/\/www.elle.lu\/fr\/author\/sarahelle-lu"}]}},"jetpack_featured_media_url":"https:\/\/www.elle.lu\/fr\/wp-content\/uploads\/2025\/09\/adobestock-613849302-2.jpeg","jetpack_sharing_enabled":true,"_links":{"self":[{"href":"https:\/\/www.elle.lu\/fr\/wp-json\/wp\/v2\/posts\/8091","targetHints":{"allow":["GET"]}}],"collection":[{"href":"https:\/\/www.elle.lu\/fr\/wp-json\/wp\/v2\/posts"}],"about":[{"href":"https:\/\/www.elle.lu\/fr\/wp-json\/wp\/v2\/types\/post"}],"author":[{"embeddable":true,"href":"https:\/\/www.elle.lu\/fr\/wp-json\/wp\/v2\/users\/49"}],"replies":[{"embeddable":true,"href":"https:\/\/www.elle.lu\/fr\/wp-json\/wp\/v2\/comments?post=8091"}],"version-history":[{"count":3,"href":"https:\/\/www.elle.lu\/fr\/wp-json\/wp\/v2\/posts\/8091\/revisions"}],"predecessor-version":[{"id":8135,"href":"https:\/\/www.elle.lu\/fr\/wp-json\/wp\/v2\/posts\/8091\/revisions\/8135"}],"wp:featuredmedia":[{"embeddable":true,"href":"https:\/\/www.elle.lu\/fr\/wp-json\/wp\/v2\/media\/8092"}],"wp:attachment":[{"href":"https:\/\/www.elle.lu\/fr\/wp-json\/wp\/v2\/media?parent=8091"}],"wp:term":[{"taxonomy":"category","embeddable":true,"href":"https:\/\/www.elle.lu\/fr\/wp-json\/wp\/v2\/categories?post=8091"},{"taxonomy":"post_tag","embeddable":true,"href":"https:\/\/www.elle.lu\/fr\/wp-json\/wp\/v2\/tags?post=8091"}],"curies":[{"name":"wp","href":"https:\/\/api.w.org\/{rel}","templated":true}]}}