{"id":8129,"date":"2025-09-26T07:00:58","date_gmt":"2025-09-26T05:00:58","guid":{"rendered":"https:\/\/www.elle.lu\/fr\/?p=8129"},"modified":"2025-09-21T10:14:09","modified_gmt":"2025-09-21T08:14:09","slug":"pourquoi-lencre-a-levres-est-le-produit-star-du-moment","status":"publish","type":"post","link":"https:\/\/www.elle.lu\/fr\/8129-pourquoi-lencre-a-levres-est-le-produit-star-du-moment.html","title":{"rendered":"Pourquoi l\u2019encre \u00e0 l\u00e8vres est le produit star du moment ?"},"content":{"rendered":"","protected":false},"excerpt":{"rendered":"Avec un effet velours et longue tenue, l&#8217;encre \u00e0 l\u00e8vres devance le gloss dans la course au maquillage et s&#8217;impose comme la tendance de 2025.","protected":false},"author":14,"featured_media":8130,"comment_status":"open","ping_status":"open","sticky":false,"template":"","format":"standard","meta":{"_acf_changed":false,"_jetpack_memberships_contains_paid_content":false,"footnotes":""},"categories":[3],"tags":[],"class_list":["post-8129","post","type-post","status-publish","format-standard","has-post-thumbnail","hentry","category-beaute"],"acf":[],"yoast_head":"<!-- This site is optimized with the Yoast SEO plugin v27.5 - https:\/\/yoast.com\/product\/yoast-seo-wordpress\/ -->\n<title>Pourquoi l\u2019encre \u00e0 l\u00e8vres est le produit star du moment ? - ELLE.lu Luxembourg<\/title>\n<meta name=\"description\" content=\"Avec un effet velours et longue tenue, l&#039;encre \u00e0 l\u00e8vres devance le gloss dans la course au maquillage et s&#039;impose comme la tendance de 2025. L&#039;essayer, c&#039;est l&#039;adopter...\" \/>\n<meta name=\"robots\" content=\"index, follow, max-snippet:-1, max-image-preview:large, max-video-preview:-1\" \/>\n<link rel=\"canonical\" href=\"https:\/\/www.elle.lu\/fr\/8129-pourquoi-lencre-a-levres-est-le-produit-star-du-moment.html\" \/>\n<meta property=\"og:locale\" content=\"fr_FR\" \/>\n<meta property=\"og:type\" content=\"article\" \/>\n<meta property=\"og:title\" content=\"Pourquoi l\u2019encre \u00e0 l\u00e8vres est le produit star du moment ? - ELLE.lu Luxembourg\" \/>\n<meta property=\"og:description\" content=\"Avec un effet velours et longue tenue, l&#039;encre \u00e0 l\u00e8vres devance le gloss dans la course au maquillage et s&#039;impose comme la tendance de 2025. L&#039;essayer, c&#039;est l&#039;adopter...\" \/>\n<meta property=\"og:url\" content=\"https:\/\/www.elle.lu\/fr\/8129-pourquoi-lencre-a-levres-est-le-produit-star-du-moment.html\" \/>\n<meta property=\"og:site_name\" content=\"ELLE.lu Luxembourg\" \/>\n<meta property=\"article:published_time\" content=\"2025-09-26T05:00:58+00:00\" \/>\n<meta property=\"og:image\" content=\"https:\/\/www.elle.lu\/fr\/wp-content\/uploads\/2025\/09\/violette-fr-plume-lip-violette-in-en-feu-01-2.jpg\" \/>\n\t<meta property=\"og:image:width\" content=\"2316\" \/>\n\t<meta property=\"og:image:height\" content=\"3088\" \/>\n\t<meta property=\"og:image:type\" content=\"image\/jpeg\" \/>\n<meta name=\"author\" content=\"ELLE Luxembourg\" \/>\n<meta name=\"twitter:card\" content=\"summary_large_image\" \/>\n<meta name=\"twitter:label1\" content=\"\u00c9crit par\" \/>\n\t<meta name=\"twitter:data1\" content=\"ELLE Luxembourg\" \/>\n\t<meta name=\"twitter:label2\" content=\"Dur\u00e9e de lecture estim\u00e9e\" \/>\n\t<meta name=\"twitter:data2\" content=\"3 minutes\" \/>\n<script type=\"application\/ld+json\" class=\"yoast-schema-graph\">{\"@context\":\"https:\\\/\\\/schema.org\",\"@graph\":[{\"@type\":\"Article\",\"@id\":\"https:\\\/\\\/www.elle.lu\\\/fr\\\/8129-pourquoi-lencre-a-levres-est-le-produit-star-du-moment.html#article\",\"isPartOf\":{\"@id\":\"https:\\\/\\\/www.elle.lu\\\/fr\\\/8129-pourquoi-lencre-a-levres-est-le-produit-star-du-moment.html\"},\"author\":{\"name\":\"ELLE Luxembourg\",\"@id\":\"https:\\\/\\\/www.elle.lu\\\/fr\\\/#\\\/schema\\\/person\\\/9f46b98d1e40ec669426239054a74f55\"},\"headline\":\"Pourquoi l\u2019encre \u00e0 l\u00e8vres est le produit star du moment ?\",\"datePublished\":\"2025-09-26T05:00:58+00:00\",\"mainEntityOfPage\":{\"@id\":\"https:\\\/\\\/www.elle.lu\\\/fr\\\/8129-pourquoi-lencre-a-levres-est-le-produit-star-du-moment.html\"},\"wordCount\":441,\"commentCount\":0,\"image\":{\"@id\":\"https:\\\/\\\/www.elle.lu\\\/fr\\\/8129-pourquoi-lencre-a-levres-est-le-produit-star-du-moment.html#primaryimage\"},\"thumbnailUrl\":\"https:\\\/\\\/www.elle.lu\\\/fr\\\/wp-content\\\/uploads\\\/2025\\\/09\\\/violette-fr-plume-lip-violette-in-en-feu-01-2.jpg\",\"articleSection\":[\"Beaut\u00e9\"],\"inLanguage\":\"fr-FR\",\"potentialAction\":[{\"@type\":\"CommentAction\",\"name\":\"Comment\",\"target\":[\"https:\\\/\\\/www.elle.lu\\\/fr\\\/8129-pourquoi-lencre-a-levres-est-le-produit-star-du-moment.html#respond\"]}]},{\"@type\":\"WebPage\",\"@id\":\"https:\\\/\\\/www.elle.lu\\\/fr\\\/8129-pourquoi-lencre-a-levres-est-le-produit-star-du-moment.html\",\"url\":\"https:\\\/\\\/www.elle.lu\\\/fr\\\/8129-pourquoi-lencre-a-levres-est-le-produit-star-du-moment.html\",\"name\":\"Pourquoi l\u2019encre \u00e0 l\u00e8vres est le produit star du moment ? - ELLE.lu Luxembourg\",\"isPartOf\":{\"@id\":\"https:\\\/\\\/www.elle.lu\\\/fr\\\/#website\"},\"primaryImageOfPage\":{\"@id\":\"https:\\\/\\\/www.elle.lu\\\/fr\\\/8129-pourquoi-lencre-a-levres-est-le-produit-star-du-moment.html#primaryimage\"},\"image\":{\"@id\":\"https:\\\/\\\/www.elle.lu\\\/fr\\\/8129-pourquoi-lencre-a-levres-est-le-produit-star-du-moment.html#primaryimage\"},\"thumbnailUrl\":\"https:\\\/\\\/www.elle.lu\\\/fr\\\/wp-content\\\/uploads\\\/2025\\\/09\\\/violette-fr-plume-lip-violette-in-en-feu-01-2.jpg\",\"datePublished\":\"2025-09-26T05:00:58+00:00\",\"author\":{\"@id\":\"https:\\\/\\\/www.elle.lu\\\/fr\\\/#\\\/schema\\\/person\\\/9f46b98d1e40ec669426239054a74f55\"},\"description\":\"Avec un effet velours et longue tenue, l'encre \u00e0 l\u00e8vres devance le gloss dans la course au maquillage et s'impose comme la tendance de 2025. L'essayer, c'est l'adopter...\",\"breadcrumb\":{\"@id\":\"https:\\\/\\\/www.elle.lu\\\/fr\\\/8129-pourquoi-lencre-a-levres-est-le-produit-star-du-moment.html#breadcrumb\"},\"inLanguage\":\"fr-FR\",\"potentialAction\":[{\"@type\":\"ReadAction\",\"target\":[\"https:\\\/\\\/www.elle.lu\\\/fr\\\/8129-pourquoi-lencre-a-levres-est-le-produit-star-du-moment.html\"]}]},{\"@type\":\"ImageObject\",\"inLanguage\":\"fr-FR\",\"@id\":\"https:\\\/\\\/www.elle.lu\\\/fr\\\/8129-pourquoi-lencre-a-levres-est-le-produit-star-du-moment.html#primaryimage\",\"url\":\"https:\\\/\\\/www.elle.lu\\\/fr\\\/wp-content\\\/uploads\\\/2025\\\/09\\\/violette-fr-plume-lip-violette-in-en-feu-01-2.jpg\",\"contentUrl\":\"https:\\\/\\\/www.elle.lu\\\/fr\\\/wp-content\\\/uploads\\\/2025\\\/09\\\/violette-fr-plume-lip-violette-in-en-feu-01-2.jpg\",\"width\":2316,\"height\":3088,\"caption\":\"\u00a9Violette_FR\"},{\"@type\":\"BreadcrumbList\",\"@id\":\"https:\\\/\\\/www.elle.lu\\\/fr\\\/8129-pourquoi-lencre-a-levres-est-le-produit-star-du-moment.html#breadcrumb\",\"itemListElement\":[{\"@type\":\"ListItem\",\"position\":1,\"name\":\"Accueil\",\"item\":\"https:\\\/\\\/www.elle.lu\\\/fr\"},{\"@type\":\"ListItem\",\"position\":2,\"name\":\"Pourquoi l\u2019encre \u00e0 l\u00e8vres est le produit star du moment ?\"}]},{\"@type\":\"WebSite\",\"@id\":\"https:\\\/\\\/www.elle.lu\\\/fr\\\/#website\",\"url\":\"https:\\\/\\\/www.elle.lu\\\/fr\\\/\",\"name\":\"ELLE.lu\",\"description\":\"Explorez les derni\u00e8res tendances mode, beaut\u00e9 et art de vivre au Luxembourg sur ELLE.lu. Un contenu exclusivement luxembourgeois sur notre site, r\u00e9seaux sociaux et YouTube.\",\"potentialAction\":[{\"@type\":\"SearchAction\",\"target\":{\"@type\":\"EntryPoint\",\"urlTemplate\":\"https:\\\/\\\/www.elle.lu\\\/fr\\\/?s={search_term_string}\"},\"query-input\":{\"@type\":\"PropertyValueSpecification\",\"valueRequired\":true,\"valueName\":\"search_term_string\"}}],\"inLanguage\":\"fr-FR\"},{\"@type\":\"Person\",\"@id\":\"https:\\\/\\\/www.elle.lu\\\/fr\\\/#\\\/schema\\\/person\\\/9f46b98d1e40ec669426239054a74f55\",\"name\":\"ELLE Luxembourg\",\"image\":{\"@type\":\"ImageObject\",\"inLanguage\":\"fr-FR\",\"@id\":\"https:\\\/\\\/secure.gravatar.com\\\/avatar\\\/53ba8a0846e80e757a82f9012841e058a80a9c9fcef00955129602230f0fd7ac?s=96&d=mm&r=g\",\"url\":\"https:\\\/\\\/secure.gravatar.com\\\/avatar\\\/53ba8a0846e80e757a82f9012841e058a80a9c9fcef00955129602230f0fd7ac?s=96&d=mm&r=g\",\"contentUrl\":\"https:\\\/\\\/secure.gravatar.com\\\/avatar\\\/53ba8a0846e80e757a82f9012841e058a80a9c9fcef00955129602230f0fd7ac?s=96&d=mm&r=g\",\"caption\":\"ELLE Luxembourg\"},\"url\":\"https:\\\/\\\/www.elle.lu\\\/fr\\\/author\\\/elle-luxembourg\"}]}<\/script>\n<!-- \/ Yoast SEO plugin. -->","yoast_head_json":{"title":"Pourquoi l\u2019encre \u00e0 l\u00e8vres est le produit star du moment ? - ELLE.lu Luxembourg","description":"Avec un effet velours et longue tenue, l'encre \u00e0 l\u00e8vres devance le gloss dans la course au maquillage et s'impose comme la tendance de 2025. L'essayer, c'est l'adopter...","robots":{"index":"index","follow":"follow","max-snippet":"max-snippet:-1","max-image-preview":"max-image-preview:large","max-video-preview":"max-video-preview:-1"},"canonical":"https:\/\/www.elle.lu\/fr\/8129-pourquoi-lencre-a-levres-est-le-produit-star-du-moment.html","og_locale":"fr_FR","og_type":"article","og_title":"Pourquoi l\u2019encre \u00e0 l\u00e8vres est le produit star du moment ? - ELLE.lu Luxembourg","og_description":"Avec un effet velours et longue tenue, l'encre \u00e0 l\u00e8vres devance le gloss dans la course au maquillage et s'impose comme la tendance de 2025. L'essayer, c'est l'adopter...","og_url":"https:\/\/www.elle.lu\/fr\/8129-pourquoi-lencre-a-levres-est-le-produit-star-du-moment.html","og_site_name":"ELLE.lu Luxembourg","article_published_time":"2025-09-26T05:00:58+00:00","og_image":[{"width":2316,"height":3088,"url":"https:\/\/www.elle.lu\/fr\/wp-content\/uploads\/2025\/09\/violette-fr-plume-lip-violette-in-en-feu-01-2.jpg","type":"image\/jpeg"}],"author":"ELLE Luxembourg","twitter_card":"summary_large_image","twitter_misc":{"\u00c9crit par":"ELLE Luxembourg","Dur\u00e9e de lecture estim\u00e9e":"3 minutes"},"schema":{"@context":"https:\/\/schema.org","@graph":[{"@type":"Article","@id":"https:\/\/www.elle.lu\/fr\/8129-pourquoi-lencre-a-levres-est-le-produit-star-du-moment.html#article","isPartOf":{"@id":"https:\/\/www.elle.lu\/fr\/8129-pourquoi-lencre-a-levres-est-le-produit-star-du-moment.html"},"author":{"name":"ELLE Luxembourg","@id":"https:\/\/www.elle.lu\/fr\/#\/schema\/person\/9f46b98d1e40ec669426239054a74f55"},"headline":"Pourquoi l\u2019encre \u00e0 l\u00e8vres est le produit star du moment ?","datePublished":"2025-09-26T05:00:58+00:00","mainEntityOfPage":{"@id":"https:\/\/www.elle.lu\/fr\/8129-pourquoi-lencre-a-levres-est-le-produit-star-du-moment.html"},"wordCount":441,"commentCount":0,"image":{"@id":"https:\/\/www.elle.lu\/fr\/8129-pourquoi-lencre-a-levres-est-le-produit-star-du-moment.html#primaryimage"},"thumbnailUrl":"https:\/\/www.elle.lu\/fr\/wp-content\/uploads\/2025\/09\/violette-fr-plume-lip-violette-in-en-feu-01-2.jpg","articleSection":["Beaut\u00e9"],"inLanguage":"fr-FR","potentialAction":[{"@type":"CommentAction","name":"Comment","target":["https:\/\/www.elle.lu\/fr\/8129-pourquoi-lencre-a-levres-est-le-produit-star-du-moment.html#respond"]}]},{"@type":"WebPage","@id":"https:\/\/www.elle.lu\/fr\/8129-pourquoi-lencre-a-levres-est-le-produit-star-du-moment.html","url":"https:\/\/www.elle.lu\/fr\/8129-pourquoi-lencre-a-levres-est-le-produit-star-du-moment.html","name":"Pourquoi l\u2019encre \u00e0 l\u00e8vres est le produit star du moment ? - ELLE.lu Luxembourg","isPartOf":{"@id":"https:\/\/www.elle.lu\/fr\/#website"},"primaryImageOfPage":{"@id":"https:\/\/www.elle.lu\/fr\/8129-pourquoi-lencre-a-levres-est-le-produit-star-du-moment.html#primaryimage"},"image":{"@id":"https:\/\/www.elle.lu\/fr\/8129-pourquoi-lencre-a-levres-est-le-produit-star-du-moment.html#primaryimage"},"thumbnailUrl":"https:\/\/www.elle.lu\/fr\/wp-content\/uploads\/2025\/09\/violette-fr-plume-lip-violette-in-en-feu-01-2.jpg","datePublished":"2025-09-26T05:00:58+00:00","author":{"@id":"https:\/\/www.elle.lu\/fr\/#\/schema\/person\/9f46b98d1e40ec669426239054a74f55"},"description":"Avec un effet velours et longue tenue, l'encre \u00e0 l\u00e8vres devance le gloss dans la course au maquillage et s'impose comme la tendance de 2025. L'essayer, c'est l'adopter...","breadcrumb":{"@id":"https:\/\/www.elle.lu\/fr\/8129-pourquoi-lencre-a-levres-est-le-produit-star-du-moment.html#breadcrumb"},"inLanguage":"fr-FR","potentialAction":[{"@type":"ReadAction","target":["https:\/\/www.elle.lu\/fr\/8129-pourquoi-lencre-a-levres-est-le-produit-star-du-moment.html"]}]},{"@type":"ImageObject","inLanguage":"fr-FR","@id":"https:\/\/www.elle.lu\/fr\/8129-pourquoi-lencre-a-levres-est-le-produit-star-du-moment.html#primaryimage","url":"https:\/\/www.elle.lu\/fr\/wp-content\/uploads\/2025\/09\/violette-fr-plume-lip-violette-in-en-feu-01-2.jpg","contentUrl":"https:\/\/www.elle.lu\/fr\/wp-content\/uploads\/2025\/09\/violette-fr-plume-lip-violette-in-en-feu-01-2.jpg","width":2316,"height":3088,"caption":"\u00a9Violette_FR"},{"@type":"BreadcrumbList","@id":"https:\/\/www.elle.lu\/fr\/8129-pourquoi-lencre-a-levres-est-le-produit-star-du-moment.html#breadcrumb","itemListElement":[{"@type":"ListItem","position":1,"name":"Accueil","item":"https:\/\/www.elle.lu\/fr"},{"@type":"ListItem","position":2,"name":"Pourquoi l\u2019encre \u00e0 l\u00e8vres est le produit star du moment ?"}]},{"@type":"WebSite","@id":"https:\/\/www.elle.lu\/fr\/#website","url":"https:\/\/www.elle.lu\/fr\/","name":"ELLE.lu","description":"Explorez les derni\u00e8res tendances mode, beaut\u00e9 et art de vivre au Luxembourg sur ELLE.lu. Un contenu exclusivement luxembourgeois sur notre site, r\u00e9seaux sociaux et YouTube.","potentialAction":[{"@type":"SearchAction","target":{"@type":"EntryPoint","urlTemplate":"https:\/\/www.elle.lu\/fr\/?s={search_term_string}"},"query-input":{"@type":"PropertyValueSpecification","valueRequired":true,"valueName":"search_term_string"}}],"inLanguage":"fr-FR"},{"@type":"Person","@id":"https:\/\/www.elle.lu\/fr\/#\/schema\/person\/9f46b98d1e40ec669426239054a74f55","name":"ELLE Luxembourg","image":{"@type":"ImageObject","inLanguage":"fr-FR","@id":"https:\/\/secure.gravatar.com\/avatar\/53ba8a0846e80e757a82f9012841e058a80a9c9fcef00955129602230f0fd7ac?s=96&d=mm&r=g","url":"https:\/\/secure.gravatar.com\/avatar\/53ba8a0846e80e757a82f9012841e058a80a9c9fcef00955129602230f0fd7ac?s=96&d=mm&r=g","contentUrl":"https:\/\/secure.gravatar.com\/avatar\/53ba8a0846e80e757a82f9012841e058a80a9c9fcef00955129602230f0fd7ac?s=96&d=mm&r=g","caption":"ELLE Luxembourg"},"url":"https:\/\/www.elle.lu\/fr\/author\/elle-luxembourg"}]}},"jetpack_featured_media_url":"https:\/\/www.elle.lu\/fr\/wp-content\/uploads\/2025\/09\/violette-fr-plume-lip-violette-in-en-feu-01-2.jpg","jetpack_sharing_enabled":true,"_links":{"self":[{"href":"https:\/\/www.elle.lu\/fr\/wp-json\/wp\/v2\/posts\/8129","targetHints":{"allow":["GET"]}}],"collection":[{"href":"https:\/\/www.elle.lu\/fr\/wp-json\/wp\/v2\/posts"}],"about":[{"href":"https:\/\/www.elle.lu\/fr\/wp-json\/wp\/v2\/types\/post"}],"author":[{"embeddable":true,"href":"https:\/\/www.elle.lu\/fr\/wp-json\/wp\/v2\/users\/14"}],"replies":[{"embeddable":true,"href":"https:\/\/www.elle.lu\/fr\/wp-json\/wp\/v2\/comments?post=8129"}],"version-history":[{"count":1,"href":"https:\/\/www.elle.lu\/fr\/wp-json\/wp\/v2\/posts\/8129\/revisions"}],"predecessor-version":[{"id":8131,"href":"https:\/\/www.elle.lu\/fr\/wp-json\/wp\/v2\/posts\/8129\/revisions\/8131"}],"wp:featuredmedia":[{"embeddable":true,"href":"https:\/\/www.elle.lu\/fr\/wp-json\/wp\/v2\/media\/8130"}],"wp:attachment":[{"href":"https:\/\/www.elle.lu\/fr\/wp-json\/wp\/v2\/media?parent=8129"}],"wp:term":[{"taxonomy":"category","embeddable":true,"href":"https:\/\/www.elle.lu\/fr\/wp-json\/wp\/v2\/categories?post=8129"},{"taxonomy":"post_tag","embeddable":true,"href":"https:\/\/www.elle.lu\/fr\/wp-json\/wp\/v2\/tags?post=8129"}],"curies":[{"name":"wp","href":"https:\/\/api.w.org\/{rel}","templated":true}]}}