{"id":8261,"date":"2025-10-05T19:25:43","date_gmt":"2025-10-05T17:25:43","guid":{"rendered":"https:\/\/www.elle.lu\/fr\/?p=8261"},"modified":"2025-10-05T19:28:31","modified_gmt":"2025-10-05T17:28:31","slug":"victoria-beckham-une-collection-inspiree-de-son-documentaire-netflix-et-de-la-relation-de-harper-a-la-modela-nouvelle-collection-de-victoria-beckham-sinspire-de-son-documentaire-netflix-et-de-la-re","status":"publish","type":"post","link":"https:\/\/www.elle.lu\/fr\/8261-victoria-beckham-une-collection-inspiree-de-son-documentaire-netflix-et-de-la-relation-de-harper-a-la-modela-nouvelle-collection-de-victoria-beckham-sinspire-de-son-documentaire-netflix-et-de-la-re.html","title":{"rendered":"Victoria Beckham : une collection inspir\u00e9e de son documentaire Netflix et de la relation de Harper \u00e0 la mode"},"content":{"rendered":"","protected":false},"excerpt":{"rendered":"C\u2019est une grande semaine pour Victoria Beckham. ...","protected":false},"author":14,"featured_media":8270,"comment_status":"open","ping_status":"open","sticky":false,"template":"","format":"standard","meta":{"_acf_changed":false,"_jetpack_memberships_contains_paid_content":false,"footnotes":""},"categories":[2],"tags":[],"class_list":["post-8261","post","type-post","status-publish","format-standard","has-post-thumbnail","hentry","category-mode"],"acf":[],"yoast_head":"<!-- This site is optimized with the Yoast SEO plugin v27.5 - https:\/\/yoast.com\/product\/yoast-seo-wordpress\/ -->\n<title>Victoria Beckham : une collection inspir\u00e9e de son documentaire Netflix et de la relation de Harper \u00e0 la mode - ELLE.lu Luxembourg<\/title>\n<meta name=\"description\" content=\"C\u2019est une grande semaine pour Victoria Beckham. Son documentaire tr\u00e8s attendu sort sur Netflix ce jeudi (et apr\u00e8s son apparition remarqu\u00e9e dans celui consacr\u00e9 \u00e0 David en 2023, les attentes sont \u00e9lev\u00e9es).\" \/>\n<meta name=\"robots\" content=\"index, follow, max-snippet:-1, max-image-preview:large, max-video-preview:-1\" \/>\n<link rel=\"canonical\" href=\"https:\/\/www.elle.lu\/fr\/8261-victoria-beckham-une-collection-inspiree-de-son-documentaire-netflix-et-de-la-relation-de-harper-a-la-modela-nouvelle-collection-de-victoria-beckham-sinspire-de-son-documentaire-netflix-et-de-la-re.html\" \/>\n<meta property=\"og:locale\" content=\"fr_FR\" \/>\n<meta property=\"og:type\" content=\"article\" \/>\n<meta property=\"og:title\" content=\"Victoria Beckham : une collection inspir\u00e9e de son documentaire Netflix et de la relation de Harper \u00e0 la mode - ELLE.lu Luxembourg\" \/>\n<meta property=\"og:description\" content=\"C\u2019est une grande semaine pour Victoria Beckham. Son documentaire tr\u00e8s attendu sort sur Netflix ce jeudi (et apr\u00e8s son apparition remarqu\u00e9e dans celui consacr\u00e9 \u00e0 David en 2023, les attentes sont \u00e9lev\u00e9es).\" \/>\n<meta property=\"og:url\" content=\"https:\/\/www.elle.lu\/fr\/8261-victoria-beckham-une-collection-inspiree-de-son-documentaire-netflix-et-de-la-relation-de-harper-a-la-modela-nouvelle-collection-de-victoria-beckham-sinspire-de-son-documentaire-netflix-et-de-la-re.html\" \/>\n<meta property=\"og:site_name\" content=\"ELLE.lu Luxembourg\" \/>\n<meta property=\"article:published_time\" content=\"2025-10-05T17:25:43+00:00\" \/>\n<meta property=\"article:modified_time\" content=\"2025-10-05T17:28:31+00:00\" \/>\n<meta property=\"og:image\" content=\"https:\/\/www.elle.lu\/fr\/wp-content\/uploads\/2025\/10\/victoria-beckham-s26-021.jpg\" \/>\n\t<meta property=\"og:image:width\" content=\"1320\" \/>\n\t<meta property=\"og:image:height\" content=\"1980\" \/>\n\t<meta property=\"og:image:type\" content=\"image\/jpeg\" \/>\n<meta name=\"author\" content=\"ELLE Luxembourg\" \/>\n<meta name=\"twitter:card\" content=\"summary_large_image\" \/>\n<meta name=\"twitter:label1\" content=\"\u00c9crit par\" \/>\n\t<meta name=\"twitter:data1\" content=\"ELLE Luxembourg\" \/>\n\t<meta name=\"twitter:label2\" content=\"Dur\u00e9e de lecture estim\u00e9e\" \/>\n\t<meta name=\"twitter:data2\" content=\"3 minutes\" \/>\n<script type=\"application\/ld+json\" class=\"yoast-schema-graph\">{\"@context\":\"https:\\\/\\\/schema.org\",\"@graph\":[{\"@type\":\"Article\",\"@id\":\"https:\\\/\\\/www.elle.lu\\\/fr\\\/8261-victoria-beckham-une-collection-inspiree-de-son-documentaire-netflix-et-de-la-relation-de-harper-a-la-modela-nouvelle-collection-de-victoria-beckham-sinspire-de-son-documentaire-netflix-et-de-la-re.html#article\",\"isPartOf\":{\"@id\":\"https:\\\/\\\/www.elle.lu\\\/fr\\\/8261-victoria-beckham-une-collection-inspiree-de-son-documentaire-netflix-et-de-la-relation-de-harper-a-la-modela-nouvelle-collection-de-victoria-beckham-sinspire-de-son-documentaire-netflix-et-de-la-re.html\"},\"author\":{\"name\":\"ELLE Luxembourg\",\"@id\":\"https:\\\/\\\/www.elle.lu\\\/fr\\\/#\\\/schema\\\/person\\\/9f46b98d1e40ec669426239054a74f55\"},\"headline\":\"Victoria Beckham : une collection inspir\u00e9e de son documentaire Netflix et de la relation de Harper \u00e0 la mode\",\"datePublished\":\"2025-10-05T17:25:43+00:00\",\"dateModified\":\"2025-10-05T17:28:31+00:00\",\"mainEntityOfPage\":{\"@id\":\"https:\\\/\\\/www.elle.lu\\\/fr\\\/8261-victoria-beckham-une-collection-inspiree-de-son-documentaire-netflix-et-de-la-relation-de-harper-a-la-modela-nouvelle-collection-de-victoria-beckham-sinspire-de-son-documentaire-netflix-et-de-la-re.html\"},\"wordCount\":574,\"commentCount\":0,\"image\":{\"@id\":\"https:\\\/\\\/www.elle.lu\\\/fr\\\/8261-victoria-beckham-une-collection-inspiree-de-son-documentaire-netflix-et-de-la-relation-de-harper-a-la-modela-nouvelle-collection-de-victoria-beckham-sinspire-de-son-documentaire-netflix-et-de-la-re.html#primaryimage\"},\"thumbnailUrl\":\"https:\\\/\\\/www.elle.lu\\\/fr\\\/wp-content\\\/uploads\\\/2025\\\/10\\\/victoria-beckham-s26-021.jpg\",\"articleSection\":[\"Mode\"],\"inLanguage\":\"fr-FR\",\"potentialAction\":[{\"@type\":\"CommentAction\",\"name\":\"Comment\",\"target\":[\"https:\\\/\\\/www.elle.lu\\\/fr\\\/8261-victoria-beckham-une-collection-inspiree-de-son-documentaire-netflix-et-de-la-relation-de-harper-a-la-modela-nouvelle-collection-de-victoria-beckham-sinspire-de-son-documentaire-netflix-et-de-la-re.html#respond\"]}]},{\"@type\":\"WebPage\",\"@id\":\"https:\\\/\\\/www.elle.lu\\\/fr\\\/8261-victoria-beckham-une-collection-inspiree-de-son-documentaire-netflix-et-de-la-relation-de-harper-a-la-modela-nouvelle-collection-de-victoria-beckham-sinspire-de-son-documentaire-netflix-et-de-la-re.html\",\"url\":\"https:\\\/\\\/www.elle.lu\\\/fr\\\/8261-victoria-beckham-une-collection-inspiree-de-son-documentaire-netflix-et-de-la-relation-de-harper-a-la-modela-nouvelle-collection-de-victoria-beckham-sinspire-de-son-documentaire-netflix-et-de-la-re.html\",\"name\":\"Victoria Beckham : une collection inspir\u00e9e de son documentaire Netflix et de la relation de Harper \u00e0 la mode - ELLE.lu Luxembourg\",\"isPartOf\":{\"@id\":\"https:\\\/\\\/www.elle.lu\\\/fr\\\/#website\"},\"primaryImageOfPage\":{\"@id\":\"https:\\\/\\\/www.elle.lu\\\/fr\\\/8261-victoria-beckham-une-collection-inspiree-de-son-documentaire-netflix-et-de-la-relation-de-harper-a-la-modela-nouvelle-collection-de-victoria-beckham-sinspire-de-son-documentaire-netflix-et-de-la-re.html#primaryimage\"},\"image\":{\"@id\":\"https:\\\/\\\/www.elle.lu\\\/fr\\\/8261-victoria-beckham-une-collection-inspiree-de-son-documentaire-netflix-et-de-la-relation-de-harper-a-la-modela-nouvelle-collection-de-victoria-beckham-sinspire-de-son-documentaire-netflix-et-de-la-re.html#primaryimage\"},\"thumbnailUrl\":\"https:\\\/\\\/www.elle.lu\\\/fr\\\/wp-content\\\/uploads\\\/2025\\\/10\\\/victoria-beckham-s26-021.jpg\",\"datePublished\":\"2025-10-05T17:25:43+00:00\",\"dateModified\":\"2025-10-05T17:28:31+00:00\",\"author\":{\"@id\":\"https:\\\/\\\/www.elle.lu\\\/fr\\\/#\\\/schema\\\/person\\\/9f46b98d1e40ec669426239054a74f55\"},\"description\":\"C\u2019est une grande semaine pour Victoria Beckham. Son documentaire tr\u00e8s attendu sort sur Netflix ce jeudi (et apr\u00e8s son apparition remarqu\u00e9e dans celui consacr\u00e9 \u00e0 David en 2023, les attentes sont \u00e9lev\u00e9es).\",\"breadcrumb\":{\"@id\":\"https:\\\/\\\/www.elle.lu\\\/fr\\\/8261-victoria-beckham-une-collection-inspiree-de-son-documentaire-netflix-et-de-la-relation-de-harper-a-la-modela-nouvelle-collection-de-victoria-beckham-sinspire-de-son-documentaire-netflix-et-de-la-re.html#breadcrumb\"},\"inLanguage\":\"fr-FR\",\"potentialAction\":[{\"@type\":\"ReadAction\",\"target\":[\"https:\\\/\\\/www.elle.lu\\\/fr\\\/8261-victoria-beckham-une-collection-inspiree-de-son-documentaire-netflix-et-de-la-relation-de-harper-a-la-modela-nouvelle-collection-de-victoria-beckham-sinspire-de-son-documentaire-netflix-et-de-la-re.html\"]}]},{\"@type\":\"ImageObject\",\"inLanguage\":\"fr-FR\",\"@id\":\"https:\\\/\\\/www.elle.lu\\\/fr\\\/8261-victoria-beckham-une-collection-inspiree-de-son-documentaire-netflix-et-de-la-relation-de-harper-a-la-modela-nouvelle-collection-de-victoria-beckham-sinspire-de-son-documentaire-netflix-et-de-la-re.html#primaryimage\",\"url\":\"https:\\\/\\\/www.elle.lu\\\/fr\\\/wp-content\\\/uploads\\\/2025\\\/10\\\/victoria-beckham-s26-021.jpg\",\"contentUrl\":\"https:\\\/\\\/www.elle.lu\\\/fr\\\/wp-content\\\/uploads\\\/2025\\\/10\\\/victoria-beckham-s26-021.jpg\",\"width\":1320,\"height\":1980,\"caption\":\"\u00a9Launchmetrics Spotlight \\\/ Victoria Beckham S26\"},{\"@type\":\"BreadcrumbList\",\"@id\":\"https:\\\/\\\/www.elle.lu\\\/fr\\\/8261-victoria-beckham-une-collection-inspiree-de-son-documentaire-netflix-et-de-la-relation-de-harper-a-la-modela-nouvelle-collection-de-victoria-beckham-sinspire-de-son-documentaire-netflix-et-de-la-re.html#breadcrumb\",\"itemListElement\":[{\"@type\":\"ListItem\",\"position\":1,\"name\":\"Accueil\",\"item\":\"https:\\\/\\\/www.elle.lu\\\/fr\"},{\"@type\":\"ListItem\",\"position\":2,\"name\":\"Victoria Beckham : une collection inspir\u00e9e de son documentaire Netflix et de la relation de Harper \u00e0 la mode\"}]},{\"@type\":\"WebSite\",\"@id\":\"https:\\\/\\\/www.elle.lu\\\/fr\\\/#website\",\"url\":\"https:\\\/\\\/www.elle.lu\\\/fr\\\/\",\"name\":\"ELLE.lu\",\"description\":\"Explorez les derni\u00e8res tendances mode, beaut\u00e9 et art de vivre au Luxembourg sur ELLE.lu. Un contenu exclusivement luxembourgeois sur notre site, r\u00e9seaux sociaux et YouTube.\",\"potentialAction\":[{\"@type\":\"SearchAction\",\"target\":{\"@type\":\"EntryPoint\",\"urlTemplate\":\"https:\\\/\\\/www.elle.lu\\\/fr\\\/?s={search_term_string}\"},\"query-input\":{\"@type\":\"PropertyValueSpecification\",\"valueRequired\":true,\"valueName\":\"search_term_string\"}}],\"inLanguage\":\"fr-FR\"},{\"@type\":\"Person\",\"@id\":\"https:\\\/\\\/www.elle.lu\\\/fr\\\/#\\\/schema\\\/person\\\/9f46b98d1e40ec669426239054a74f55\",\"name\":\"ELLE Luxembourg\",\"image\":{\"@type\":\"ImageObject\",\"inLanguage\":\"fr-FR\",\"@id\":\"https:\\\/\\\/secure.gravatar.com\\\/avatar\\\/53ba8a0846e80e757a82f9012841e058a80a9c9fcef00955129602230f0fd7ac?s=96&d=mm&r=g\",\"url\":\"https:\\\/\\\/secure.gravatar.com\\\/avatar\\\/53ba8a0846e80e757a82f9012841e058a80a9c9fcef00955129602230f0fd7ac?s=96&d=mm&r=g\",\"contentUrl\":\"https:\\\/\\\/secure.gravatar.com\\\/avatar\\\/53ba8a0846e80e757a82f9012841e058a80a9c9fcef00955129602230f0fd7ac?s=96&d=mm&r=g\",\"caption\":\"ELLE Luxembourg\"},\"url\":\"https:\\\/\\\/www.elle.lu\\\/fr\\\/author\\\/elle-luxembourg\"}]}<\/script>\n<!-- \/ Yoast SEO plugin. -->","yoast_head_json":{"title":"Victoria Beckham : une collection inspir\u00e9e de son documentaire Netflix et de la relation de Harper \u00e0 la mode - ELLE.lu Luxembourg","description":"C\u2019est une grande semaine pour Victoria Beckham. Son documentaire tr\u00e8s attendu sort sur Netflix ce jeudi (et apr\u00e8s son apparition remarqu\u00e9e dans celui consacr\u00e9 \u00e0 David en 2023, les attentes sont \u00e9lev\u00e9es).","robots":{"index":"index","follow":"follow","max-snippet":"max-snippet:-1","max-image-preview":"max-image-preview:large","max-video-preview":"max-video-preview:-1"},"canonical":"https:\/\/www.elle.lu\/fr\/8261-victoria-beckham-une-collection-inspiree-de-son-documentaire-netflix-et-de-la-relation-de-harper-a-la-modela-nouvelle-collection-de-victoria-beckham-sinspire-de-son-documentaire-netflix-et-de-la-re.html","og_locale":"fr_FR","og_type":"article","og_title":"Victoria Beckham : une collection inspir\u00e9e de son documentaire Netflix et de la relation de Harper \u00e0 la mode - ELLE.lu Luxembourg","og_description":"C\u2019est une grande semaine pour Victoria Beckham. Son documentaire tr\u00e8s attendu sort sur Netflix ce jeudi (et apr\u00e8s son apparition remarqu\u00e9e dans celui consacr\u00e9 \u00e0 David en 2023, les attentes sont \u00e9lev\u00e9es).","og_url":"https:\/\/www.elle.lu\/fr\/8261-victoria-beckham-une-collection-inspiree-de-son-documentaire-netflix-et-de-la-relation-de-harper-a-la-modela-nouvelle-collection-de-victoria-beckham-sinspire-de-son-documentaire-netflix-et-de-la-re.html","og_site_name":"ELLE.lu Luxembourg","article_published_time":"2025-10-05T17:25:43+00:00","article_modified_time":"2025-10-05T17:28:31+00:00","og_image":[{"width":1320,"height":1980,"url":"https:\/\/www.elle.lu\/fr\/wp-content\/uploads\/2025\/10\/victoria-beckham-s26-021.jpg","type":"image\/jpeg"}],"author":"ELLE Luxembourg","twitter_card":"summary_large_image","twitter_misc":{"\u00c9crit par":"ELLE Luxembourg","Dur\u00e9e de lecture estim\u00e9e":"3 minutes"},"schema":{"@context":"https:\/\/schema.org","@graph":[{"@type":"Article","@id":"https:\/\/www.elle.lu\/fr\/8261-victoria-beckham-une-collection-inspiree-de-son-documentaire-netflix-et-de-la-relation-de-harper-a-la-modela-nouvelle-collection-de-victoria-beckham-sinspire-de-son-documentaire-netflix-et-de-la-re.html#article","isPartOf":{"@id":"https:\/\/www.elle.lu\/fr\/8261-victoria-beckham-une-collection-inspiree-de-son-documentaire-netflix-et-de-la-relation-de-harper-a-la-modela-nouvelle-collection-de-victoria-beckham-sinspire-de-son-documentaire-netflix-et-de-la-re.html"},"author":{"name":"ELLE Luxembourg","@id":"https:\/\/www.elle.lu\/fr\/#\/schema\/person\/9f46b98d1e40ec669426239054a74f55"},"headline":"Victoria Beckham : une collection inspir\u00e9e de son documentaire Netflix et de la relation de Harper \u00e0 la mode","datePublished":"2025-10-05T17:25:43+00:00","dateModified":"2025-10-05T17:28:31+00:00","mainEntityOfPage":{"@id":"https:\/\/www.elle.lu\/fr\/8261-victoria-beckham-une-collection-inspiree-de-son-documentaire-netflix-et-de-la-relation-de-harper-a-la-modela-nouvelle-collection-de-victoria-beckham-sinspire-de-son-documentaire-netflix-et-de-la-re.html"},"wordCount":574,"commentCount":0,"image":{"@id":"https:\/\/www.elle.lu\/fr\/8261-victoria-beckham-une-collection-inspiree-de-son-documentaire-netflix-et-de-la-relation-de-harper-a-la-modela-nouvelle-collection-de-victoria-beckham-sinspire-de-son-documentaire-netflix-et-de-la-re.html#primaryimage"},"thumbnailUrl":"https:\/\/www.elle.lu\/fr\/wp-content\/uploads\/2025\/10\/victoria-beckham-s26-021.jpg","articleSection":["Mode"],"inLanguage":"fr-FR","potentialAction":[{"@type":"CommentAction","name":"Comment","target":["https:\/\/www.elle.lu\/fr\/8261-victoria-beckham-une-collection-inspiree-de-son-documentaire-netflix-et-de-la-relation-de-harper-a-la-modela-nouvelle-collection-de-victoria-beckham-sinspire-de-son-documentaire-netflix-et-de-la-re.html#respond"]}]},{"@type":"WebPage","@id":"https:\/\/www.elle.lu\/fr\/8261-victoria-beckham-une-collection-inspiree-de-son-documentaire-netflix-et-de-la-relation-de-harper-a-la-modela-nouvelle-collection-de-victoria-beckham-sinspire-de-son-documentaire-netflix-et-de-la-re.html","url":"https:\/\/www.elle.lu\/fr\/8261-victoria-beckham-une-collection-inspiree-de-son-documentaire-netflix-et-de-la-relation-de-harper-a-la-modela-nouvelle-collection-de-victoria-beckham-sinspire-de-son-documentaire-netflix-et-de-la-re.html","name":"Victoria Beckham : une collection inspir\u00e9e de son documentaire Netflix et de la relation de Harper \u00e0 la mode - ELLE.lu Luxembourg","isPartOf":{"@id":"https:\/\/www.elle.lu\/fr\/#website"},"primaryImageOfPage":{"@id":"https:\/\/www.elle.lu\/fr\/8261-victoria-beckham-une-collection-inspiree-de-son-documentaire-netflix-et-de-la-relation-de-harper-a-la-modela-nouvelle-collection-de-victoria-beckham-sinspire-de-son-documentaire-netflix-et-de-la-re.html#primaryimage"},"image":{"@id":"https:\/\/www.elle.lu\/fr\/8261-victoria-beckham-une-collection-inspiree-de-son-documentaire-netflix-et-de-la-relation-de-harper-a-la-modela-nouvelle-collection-de-victoria-beckham-sinspire-de-son-documentaire-netflix-et-de-la-re.html#primaryimage"},"thumbnailUrl":"https:\/\/www.elle.lu\/fr\/wp-content\/uploads\/2025\/10\/victoria-beckham-s26-021.jpg","datePublished":"2025-10-05T17:25:43+00:00","dateModified":"2025-10-05T17:28:31+00:00","author":{"@id":"https:\/\/www.elle.lu\/fr\/#\/schema\/person\/9f46b98d1e40ec669426239054a74f55"},"description":"C\u2019est une grande semaine pour Victoria Beckham. Son documentaire tr\u00e8s attendu sort sur Netflix ce jeudi (et apr\u00e8s son apparition remarqu\u00e9e dans celui consacr\u00e9 \u00e0 David en 2023, les attentes sont \u00e9lev\u00e9es).","breadcrumb":{"@id":"https:\/\/www.elle.lu\/fr\/8261-victoria-beckham-une-collection-inspiree-de-son-documentaire-netflix-et-de-la-relation-de-harper-a-la-modela-nouvelle-collection-de-victoria-beckham-sinspire-de-son-documentaire-netflix-et-de-la-re.html#breadcrumb"},"inLanguage":"fr-FR","potentialAction":[{"@type":"ReadAction","target":["https:\/\/www.elle.lu\/fr\/8261-victoria-beckham-une-collection-inspiree-de-son-documentaire-netflix-et-de-la-relation-de-harper-a-la-modela-nouvelle-collection-de-victoria-beckham-sinspire-de-son-documentaire-netflix-et-de-la-re.html"]}]},{"@type":"ImageObject","inLanguage":"fr-FR","@id":"https:\/\/www.elle.lu\/fr\/8261-victoria-beckham-une-collection-inspiree-de-son-documentaire-netflix-et-de-la-relation-de-harper-a-la-modela-nouvelle-collection-de-victoria-beckham-sinspire-de-son-documentaire-netflix-et-de-la-re.html#primaryimage","url":"https:\/\/www.elle.lu\/fr\/wp-content\/uploads\/2025\/10\/victoria-beckham-s26-021.jpg","contentUrl":"https:\/\/www.elle.lu\/fr\/wp-content\/uploads\/2025\/10\/victoria-beckham-s26-021.jpg","width":1320,"height":1980,"caption":"\u00a9Launchmetrics Spotlight \/ Victoria Beckham S26"},{"@type":"BreadcrumbList","@id":"https:\/\/www.elle.lu\/fr\/8261-victoria-beckham-une-collection-inspiree-de-son-documentaire-netflix-et-de-la-relation-de-harper-a-la-modela-nouvelle-collection-de-victoria-beckham-sinspire-de-son-documentaire-netflix-et-de-la-re.html#breadcrumb","itemListElement":[{"@type":"ListItem","position":1,"name":"Accueil","item":"https:\/\/www.elle.lu\/fr"},{"@type":"ListItem","position":2,"name":"Victoria Beckham : une collection inspir\u00e9e de son documentaire Netflix et de la relation de Harper \u00e0 la mode"}]},{"@type":"WebSite","@id":"https:\/\/www.elle.lu\/fr\/#website","url":"https:\/\/www.elle.lu\/fr\/","name":"ELLE.lu","description":"Explorez les derni\u00e8res tendances mode, beaut\u00e9 et art de vivre au Luxembourg sur ELLE.lu. Un contenu exclusivement luxembourgeois sur notre site, r\u00e9seaux sociaux et YouTube.","potentialAction":[{"@type":"SearchAction","target":{"@type":"EntryPoint","urlTemplate":"https:\/\/www.elle.lu\/fr\/?s={search_term_string}"},"query-input":{"@type":"PropertyValueSpecification","valueRequired":true,"valueName":"search_term_string"}}],"inLanguage":"fr-FR"},{"@type":"Person","@id":"https:\/\/www.elle.lu\/fr\/#\/schema\/person\/9f46b98d1e40ec669426239054a74f55","name":"ELLE Luxembourg","image":{"@type":"ImageObject","inLanguage":"fr-FR","@id":"https:\/\/secure.gravatar.com\/avatar\/53ba8a0846e80e757a82f9012841e058a80a9c9fcef00955129602230f0fd7ac?s=96&d=mm&r=g","url":"https:\/\/secure.gravatar.com\/avatar\/53ba8a0846e80e757a82f9012841e058a80a9c9fcef00955129602230f0fd7ac?s=96&d=mm&r=g","contentUrl":"https:\/\/secure.gravatar.com\/avatar\/53ba8a0846e80e757a82f9012841e058a80a9c9fcef00955129602230f0fd7ac?s=96&d=mm&r=g","caption":"ELLE Luxembourg"},"url":"https:\/\/www.elle.lu\/fr\/author\/elle-luxembourg"}]}},"jetpack_featured_media_url":"https:\/\/www.elle.lu\/fr\/wp-content\/uploads\/2025\/10\/victoria-beckham-s26-021.jpg","jetpack_sharing_enabled":true,"_links":{"self":[{"href":"https:\/\/www.elle.lu\/fr\/wp-json\/wp\/v2\/posts\/8261","targetHints":{"allow":["GET"]}}],"collection":[{"href":"https:\/\/www.elle.lu\/fr\/wp-json\/wp\/v2\/posts"}],"about":[{"href":"https:\/\/www.elle.lu\/fr\/wp-json\/wp\/v2\/types\/post"}],"author":[{"embeddable":true,"href":"https:\/\/www.elle.lu\/fr\/wp-json\/wp\/v2\/users\/14"}],"replies":[{"embeddable":true,"href":"https:\/\/www.elle.lu\/fr\/wp-json\/wp\/v2\/comments?post=8261"}],"version-history":[{"count":4,"href":"https:\/\/www.elle.lu\/fr\/wp-json\/wp\/v2\/posts\/8261\/revisions"}],"predecessor-version":[{"id":8274,"href":"https:\/\/www.elle.lu\/fr\/wp-json\/wp\/v2\/posts\/8261\/revisions\/8274"}],"wp:featuredmedia":[{"embeddable":true,"href":"https:\/\/www.elle.lu\/fr\/wp-json\/wp\/v2\/media\/8270"}],"wp:attachment":[{"href":"https:\/\/www.elle.lu\/fr\/wp-json\/wp\/v2\/media?parent=8261"}],"wp:term":[{"taxonomy":"category","embeddable":true,"href":"https:\/\/www.elle.lu\/fr\/wp-json\/wp\/v2\/categories?post=8261"},{"taxonomy":"post_tag","embeddable":true,"href":"https:\/\/www.elle.lu\/fr\/wp-json\/wp\/v2\/tags?post=8261"}],"curies":[{"name":"wp","href":"https:\/\/api.w.org\/{rel}","templated":true}]}}