{"id":8295,"date":"2025-10-10T07:00:15","date_gmt":"2025-10-10T05:00:15","guid":{"rendered":"https:\/\/www.elle.lu\/fr\/?p=8295"},"modified":"2025-10-10T13:10:12","modified_gmt":"2025-10-10T11:10:12","slug":"mayra-andrade-la-musique-est-mon-espace-de-verite-et-de-liberte","status":"publish","type":"post","link":"https:\/\/www.elle.lu\/fr\/8295-mayra-andrade-la-musique-est-mon-espace-de-verite-et-de-liberte.html","title":{"rendered":"Mayra Andrade : \u00ab La musique est mon espace de v\u00e9rit\u00e9 et de libert\u00e9 \u00bb"},"content":{"rendered":"","protected":false},"excerpt":{"rendered":"\u00c0 l\u2019occasion du Festival Atl\u00e2ntico, la chanteuse capverdienne Mayra Andrade se produira \u00e0 la Philharmonie Luxembourg le 11 octobre. octobre....","protected":false},"author":11,"featured_media":8297,"comment_status":"open","ping_status":"open","sticky":false,"template":"","format":"standard","meta":{"_acf_changed":false,"_jetpack_memberships_contains_paid_content":false,"footnotes":""},"categories":[13],"tags":[],"class_list":["post-8295","post","type-post","status-publish","format-standard","has-post-thumbnail","hentry","category-culture"],"acf":[],"yoast_head":"<!-- This site is optimized with the Yoast SEO plugin v27.2 - https:\/\/yoast.com\/product\/yoast-seo-wordpress\/ -->\n<title>Mayra Andrade : \u00ab La musique est mon espace de v\u00e9rit\u00e9 et de libert\u00e9 \u00bb - ELLE.lu Luxembourg<\/title>\n<meta name=\"description\" content=\"\u00c0 l\u2019occasion du Festival Atl\u00e2ntico, la chanteuse capverdienne Mayra Andrade se produira \u00e0 la Philharmonie Luxembourg le 11 octobre. Rencontre avec une artiste dont la voix traverse les fronti\u00e8res et les g\u00e9n\u00e9rations.\" \/>\n<meta name=\"robots\" content=\"index, follow, max-snippet:-1, max-image-preview:large, max-video-preview:-1\" \/>\n<link rel=\"canonical\" href=\"https:\/\/www.elle.lu\/fr\/8295-mayra-andrade-la-musique-est-mon-espace-de-verite-et-de-liberte.html\" \/>\n<meta property=\"og:locale\" content=\"fr_FR\" \/>\n<meta property=\"og:type\" content=\"article\" \/>\n<meta property=\"og:title\" content=\"Mayra Andrade : \u00ab La musique est mon espace de v\u00e9rit\u00e9 et de libert\u00e9 \u00bb - ELLE.lu Luxembourg\" \/>\n<meta property=\"og:description\" content=\"\u00c0 l\u2019occasion du Festival Atl\u00e2ntico, la chanteuse capverdienne Mayra Andrade se produira \u00e0 la Philharmonie Luxembourg le 11 octobre. Rencontre avec une artiste dont la voix traverse les fronti\u00e8res et les g\u00e9n\u00e9rations.\" \/>\n<meta property=\"og:url\" content=\"https:\/\/www.elle.lu\/fr\/8295-mayra-andrade-la-musique-est-mon-espace-de-verite-et-de-liberte.html\" \/>\n<meta property=\"og:site_name\" content=\"ELLE.lu Luxembourg\" \/>\n<meta property=\"article:published_time\" content=\"2025-10-10T05:00:15+00:00\" \/>\n<meta property=\"article:modified_time\" content=\"2025-10-10T11:10:12+00:00\" \/>\n<meta property=\"og:image\" content=\"https:\/\/www.elle.lu\/fr\/wp-content\/uploads\/2025\/10\/photo-de-couverture-rita-braz-mayra-andrade-2.jpg\" \/>\n\t<meta property=\"og:image:width\" content=\"2500\" \/>\n\t<meta property=\"og:image:height\" content=\"3331\" \/>\n\t<meta property=\"og:image:type\" content=\"image\/jpeg\" \/>\n<meta name=\"author\" content=\"Delali Amegah\" \/>\n<meta name=\"twitter:card\" content=\"summary_large_image\" \/>\n<meta name=\"twitter:label1\" content=\"\u00c9crit par\" \/>\n\t<meta name=\"twitter:data1\" content=\"Delali Amegah\" \/>\n\t<meta name=\"twitter:label2\" content=\"Dur\u00e9e de lecture estim\u00e9e\" \/>\n\t<meta name=\"twitter:data2\" content=\"5 minutes\" \/>\n<script type=\"application\/ld+json\" class=\"yoast-schema-graph\">{\"@context\":\"https:\/\/schema.org\",\"@graph\":[{\"@type\":\"Article\",\"@id\":\"https:\/\/www.elle.lu\/fr\/8295-mayra-andrade-la-musique-est-mon-espace-de-verite-et-de-liberte.html#article\",\"isPartOf\":{\"@id\":\"https:\/\/www.elle.lu\/fr\/8295-mayra-andrade-la-musique-est-mon-espace-de-verite-et-de-liberte.html\"},\"author\":{\"name\":\"Delali Amegah\",\"@id\":\"https:\/\/www.elle.lu\/fr\/#\/schema\/person\/1aafd2ac01ca330e3fc2b29784df8862\"},\"headline\":\"Mayra Andrade : \u00ab La musique est mon espace de v\u00e9rit\u00e9 et de libert\u00e9 \u00bb\",\"datePublished\":\"2025-10-10T05:00:15+00:00\",\"dateModified\":\"2025-10-10T11:10:12+00:00\",\"mainEntityOfPage\":{\"@id\":\"https:\/\/www.elle.lu\/fr\/8295-mayra-andrade-la-musique-est-mon-espace-de-verite-et-de-liberte.html\"},\"wordCount\":933,\"commentCount\":0,\"image\":{\"@id\":\"https:\/\/www.elle.lu\/fr\/8295-mayra-andrade-la-musique-est-mon-espace-de-verite-et-de-liberte.html#primaryimage\"},\"thumbnailUrl\":\"https:\/\/www.elle.lu\/fr\/wp-content\/uploads\/2025\/10\/photo-de-couverture-rita-braz-mayra-andrade-2.jpg\",\"articleSection\":[\"Culture\"],\"inLanguage\":\"fr-FR\",\"potentialAction\":[{\"@type\":\"CommentAction\",\"name\":\"Comment\",\"target\":[\"https:\/\/www.elle.lu\/fr\/8295-mayra-andrade-la-musique-est-mon-espace-de-verite-et-de-liberte.html#respond\"]}]},{\"@type\":\"WebPage\",\"@id\":\"https:\/\/www.elle.lu\/fr\/8295-mayra-andrade-la-musique-est-mon-espace-de-verite-et-de-liberte.html\",\"url\":\"https:\/\/www.elle.lu\/fr\/8295-mayra-andrade-la-musique-est-mon-espace-de-verite-et-de-liberte.html\",\"name\":\"Mayra Andrade : \u00ab La musique est mon espace de v\u00e9rit\u00e9 et de libert\u00e9 \u00bb - ELLE.lu Luxembourg\",\"isPartOf\":{\"@id\":\"https:\/\/www.elle.lu\/fr\/#website\"},\"primaryImageOfPage\":{\"@id\":\"https:\/\/www.elle.lu\/fr\/8295-mayra-andrade-la-musique-est-mon-espace-de-verite-et-de-liberte.html#primaryimage\"},\"image\":{\"@id\":\"https:\/\/www.elle.lu\/fr\/8295-mayra-andrade-la-musique-est-mon-espace-de-verite-et-de-liberte.html#primaryimage\"},\"thumbnailUrl\":\"https:\/\/www.elle.lu\/fr\/wp-content\/uploads\/2025\/10\/photo-de-couverture-rita-braz-mayra-andrade-2.jpg\",\"datePublished\":\"2025-10-10T05:00:15+00:00\",\"dateModified\":\"2025-10-10T11:10:12+00:00\",\"author\":{\"@id\":\"https:\/\/www.elle.lu\/fr\/#\/schema\/person\/1aafd2ac01ca330e3fc2b29784df8862\"},\"description\":\"\u00c0 l\u2019occasion du Festival Atl\u00e2ntico, la chanteuse capverdienne Mayra Andrade se produira \u00e0 la Philharmonie Luxembourg le 11 octobre. Rencontre avec une artiste dont la voix traverse les fronti\u00e8res et les g\u00e9n\u00e9rations.\",\"breadcrumb\":{\"@id\":\"https:\/\/www.elle.lu\/fr\/8295-mayra-andrade-la-musique-est-mon-espace-de-verite-et-de-liberte.html#breadcrumb\"},\"inLanguage\":\"fr-FR\",\"potentialAction\":[{\"@type\":\"ReadAction\",\"target\":[\"https:\/\/www.elle.lu\/fr\/8295-mayra-andrade-la-musique-est-mon-espace-de-verite-et-de-liberte.html\"]}]},{\"@type\":\"ImageObject\",\"inLanguage\":\"fr-FR\",\"@id\":\"https:\/\/www.elle.lu\/fr\/8295-mayra-andrade-la-musique-est-mon-espace-de-verite-et-de-liberte.html#primaryimage\",\"url\":\"https:\/\/www.elle.lu\/fr\/wp-content\/uploads\/2025\/10\/photo-de-couverture-rita-braz-mayra-andrade-2.jpg\",\"contentUrl\":\"https:\/\/www.elle.lu\/fr\/wp-content\/uploads\/2025\/10\/photo-de-couverture-rita-braz-mayra-andrade-2.jpg\",\"width\":2500,\"height\":3331,\"caption\":\"\u00a9Rita Braz\"},{\"@type\":\"BreadcrumbList\",\"@id\":\"https:\/\/www.elle.lu\/fr\/8295-mayra-andrade-la-musique-est-mon-espace-de-verite-et-de-liberte.html#breadcrumb\",\"itemListElement\":[{\"@type\":\"ListItem\",\"position\":1,\"name\":\"Accueil\",\"item\":\"https:\/\/www.elle.lu\/fr\"},{\"@type\":\"ListItem\",\"position\":2,\"name\":\"Mayra Andrade : \u00ab La musique est mon espace de v\u00e9rit\u00e9 et de libert\u00e9 \u00bb\"}]},{\"@type\":\"WebSite\",\"@id\":\"https:\/\/www.elle.lu\/fr\/#website\",\"url\":\"https:\/\/www.elle.lu\/fr\/\",\"name\":\"ELLE.lu\",\"description\":\"Explorez les derni\u00e8res tendances mode, beaut\u00e9 et art de vivre au Luxembourg sur ELLE.lu. Un contenu exclusivement luxembourgeois sur notre site, r\u00e9seaux sociaux et YouTube.\",\"potentialAction\":[{\"@type\":\"SearchAction\",\"target\":{\"@type\":\"EntryPoint\",\"urlTemplate\":\"https:\/\/www.elle.lu\/fr\/?s={search_term_string}\"},\"query-input\":{\"@type\":\"PropertyValueSpecification\",\"valueRequired\":true,\"valueName\":\"search_term_string\"}}],\"inLanguage\":\"fr-FR\"},{\"@type\":\"Person\",\"@id\":\"https:\/\/www.elle.lu\/fr\/#\/schema\/person\/1aafd2ac01ca330e3fc2b29784df8862\",\"name\":\"Delali Amegah\",\"image\":{\"@type\":\"ImageObject\",\"inLanguage\":\"fr-FR\",\"@id\":\"https:\/\/secure.gravatar.com\/avatar\/4bba6a17c99e289f5d54dfc2be6268cb23719c63a3df10440a4724a7cf90f659?s=96&d=mm&r=g\",\"url\":\"https:\/\/secure.gravatar.com\/avatar\/4bba6a17c99e289f5d54dfc2be6268cb23719c63a3df10440a4724a7cf90f659?s=96&d=mm&r=g\",\"contentUrl\":\"https:\/\/secure.gravatar.com\/avatar\/4bba6a17c99e289f5d54dfc2be6268cb23719c63a3df10440a4724a7cf90f659?s=96&d=mm&r=g\",\"caption\":\"Delali Amegah\"},\"url\":\"https:\/\/www.elle.lu\/fr\/author\/delali-amegah\"}]}<\/script>\n<!-- \/ Yoast SEO plugin. -->","yoast_head_json":{"title":"Mayra Andrade : \u00ab La musique est mon espace de v\u00e9rit\u00e9 et de libert\u00e9 \u00bb - ELLE.lu Luxembourg","description":"\u00c0 l\u2019occasion du Festival Atl\u00e2ntico, la chanteuse capverdienne Mayra Andrade se produira \u00e0 la Philharmonie Luxembourg le 11 octobre. Rencontre avec une artiste dont la voix traverse les fronti\u00e8res et les g\u00e9n\u00e9rations.","robots":{"index":"index","follow":"follow","max-snippet":"max-snippet:-1","max-image-preview":"max-image-preview:large","max-video-preview":"max-video-preview:-1"},"canonical":"https:\/\/www.elle.lu\/fr\/8295-mayra-andrade-la-musique-est-mon-espace-de-verite-et-de-liberte.html","og_locale":"fr_FR","og_type":"article","og_title":"Mayra Andrade : \u00ab La musique est mon espace de v\u00e9rit\u00e9 et de libert\u00e9 \u00bb - ELLE.lu Luxembourg","og_description":"\u00c0 l\u2019occasion du Festival Atl\u00e2ntico, la chanteuse capverdienne Mayra Andrade se produira \u00e0 la Philharmonie Luxembourg le 11 octobre. Rencontre avec une artiste dont la voix traverse les fronti\u00e8res et les g\u00e9n\u00e9rations.","og_url":"https:\/\/www.elle.lu\/fr\/8295-mayra-andrade-la-musique-est-mon-espace-de-verite-et-de-liberte.html","og_site_name":"ELLE.lu Luxembourg","article_published_time":"2025-10-10T05:00:15+00:00","article_modified_time":"2025-10-10T11:10:12+00:00","og_image":[{"width":2500,"height":3331,"url":"https:\/\/www.elle.lu\/fr\/wp-content\/uploads\/2025\/10\/photo-de-couverture-rita-braz-mayra-andrade-2.jpg","type":"image\/jpeg"}],"author":"Delali Amegah","twitter_card":"summary_large_image","twitter_misc":{"\u00c9crit par":"Delali Amegah","Dur\u00e9e de lecture estim\u00e9e":"5 minutes"},"schema":{"@context":"https:\/\/schema.org","@graph":[{"@type":"Article","@id":"https:\/\/www.elle.lu\/fr\/8295-mayra-andrade-la-musique-est-mon-espace-de-verite-et-de-liberte.html#article","isPartOf":{"@id":"https:\/\/www.elle.lu\/fr\/8295-mayra-andrade-la-musique-est-mon-espace-de-verite-et-de-liberte.html"},"author":{"name":"Delali Amegah","@id":"https:\/\/www.elle.lu\/fr\/#\/schema\/person\/1aafd2ac01ca330e3fc2b29784df8862"},"headline":"Mayra Andrade : \u00ab La musique est mon espace de v\u00e9rit\u00e9 et de libert\u00e9 \u00bb","datePublished":"2025-10-10T05:00:15+00:00","dateModified":"2025-10-10T11:10:12+00:00","mainEntityOfPage":{"@id":"https:\/\/www.elle.lu\/fr\/8295-mayra-andrade-la-musique-est-mon-espace-de-verite-et-de-liberte.html"},"wordCount":933,"commentCount":0,"image":{"@id":"https:\/\/www.elle.lu\/fr\/8295-mayra-andrade-la-musique-est-mon-espace-de-verite-et-de-liberte.html#primaryimage"},"thumbnailUrl":"https:\/\/www.elle.lu\/fr\/wp-content\/uploads\/2025\/10\/photo-de-couverture-rita-braz-mayra-andrade-2.jpg","articleSection":["Culture"],"inLanguage":"fr-FR","potentialAction":[{"@type":"CommentAction","name":"Comment","target":["https:\/\/www.elle.lu\/fr\/8295-mayra-andrade-la-musique-est-mon-espace-de-verite-et-de-liberte.html#respond"]}]},{"@type":"WebPage","@id":"https:\/\/www.elle.lu\/fr\/8295-mayra-andrade-la-musique-est-mon-espace-de-verite-et-de-liberte.html","url":"https:\/\/www.elle.lu\/fr\/8295-mayra-andrade-la-musique-est-mon-espace-de-verite-et-de-liberte.html","name":"Mayra Andrade : \u00ab La musique est mon espace de v\u00e9rit\u00e9 et de libert\u00e9 \u00bb - ELLE.lu Luxembourg","isPartOf":{"@id":"https:\/\/www.elle.lu\/fr\/#website"},"primaryImageOfPage":{"@id":"https:\/\/www.elle.lu\/fr\/8295-mayra-andrade-la-musique-est-mon-espace-de-verite-et-de-liberte.html#primaryimage"},"image":{"@id":"https:\/\/www.elle.lu\/fr\/8295-mayra-andrade-la-musique-est-mon-espace-de-verite-et-de-liberte.html#primaryimage"},"thumbnailUrl":"https:\/\/www.elle.lu\/fr\/wp-content\/uploads\/2025\/10\/photo-de-couverture-rita-braz-mayra-andrade-2.jpg","datePublished":"2025-10-10T05:00:15+00:00","dateModified":"2025-10-10T11:10:12+00:00","author":{"@id":"https:\/\/www.elle.lu\/fr\/#\/schema\/person\/1aafd2ac01ca330e3fc2b29784df8862"},"description":"\u00c0 l\u2019occasion du Festival Atl\u00e2ntico, la chanteuse capverdienne Mayra Andrade se produira \u00e0 la Philharmonie Luxembourg le 11 octobre. Rencontre avec une artiste dont la voix traverse les fronti\u00e8res et les g\u00e9n\u00e9rations.","breadcrumb":{"@id":"https:\/\/www.elle.lu\/fr\/8295-mayra-andrade-la-musique-est-mon-espace-de-verite-et-de-liberte.html#breadcrumb"},"inLanguage":"fr-FR","potentialAction":[{"@type":"ReadAction","target":["https:\/\/www.elle.lu\/fr\/8295-mayra-andrade-la-musique-est-mon-espace-de-verite-et-de-liberte.html"]}]},{"@type":"ImageObject","inLanguage":"fr-FR","@id":"https:\/\/www.elle.lu\/fr\/8295-mayra-andrade-la-musique-est-mon-espace-de-verite-et-de-liberte.html#primaryimage","url":"https:\/\/www.elle.lu\/fr\/wp-content\/uploads\/2025\/10\/photo-de-couverture-rita-braz-mayra-andrade-2.jpg","contentUrl":"https:\/\/www.elle.lu\/fr\/wp-content\/uploads\/2025\/10\/photo-de-couverture-rita-braz-mayra-andrade-2.jpg","width":2500,"height":3331,"caption":"\u00a9Rita Braz"},{"@type":"BreadcrumbList","@id":"https:\/\/www.elle.lu\/fr\/8295-mayra-andrade-la-musique-est-mon-espace-de-verite-et-de-liberte.html#breadcrumb","itemListElement":[{"@type":"ListItem","position":1,"name":"Accueil","item":"https:\/\/www.elle.lu\/fr"},{"@type":"ListItem","position":2,"name":"Mayra Andrade : \u00ab La musique est mon espace de v\u00e9rit\u00e9 et de libert\u00e9 \u00bb"}]},{"@type":"WebSite","@id":"https:\/\/www.elle.lu\/fr\/#website","url":"https:\/\/www.elle.lu\/fr\/","name":"ELLE.lu","description":"Explorez les derni\u00e8res tendances mode, beaut\u00e9 et art de vivre au Luxembourg sur ELLE.lu. Un contenu exclusivement luxembourgeois sur notre site, r\u00e9seaux sociaux et YouTube.","potentialAction":[{"@type":"SearchAction","target":{"@type":"EntryPoint","urlTemplate":"https:\/\/www.elle.lu\/fr\/?s={search_term_string}"},"query-input":{"@type":"PropertyValueSpecification","valueRequired":true,"valueName":"search_term_string"}}],"inLanguage":"fr-FR"},{"@type":"Person","@id":"https:\/\/www.elle.lu\/fr\/#\/schema\/person\/1aafd2ac01ca330e3fc2b29784df8862","name":"Delali Amegah","image":{"@type":"ImageObject","inLanguage":"fr-FR","@id":"https:\/\/secure.gravatar.com\/avatar\/4bba6a17c99e289f5d54dfc2be6268cb23719c63a3df10440a4724a7cf90f659?s=96&d=mm&r=g","url":"https:\/\/secure.gravatar.com\/avatar\/4bba6a17c99e289f5d54dfc2be6268cb23719c63a3df10440a4724a7cf90f659?s=96&d=mm&r=g","contentUrl":"https:\/\/secure.gravatar.com\/avatar\/4bba6a17c99e289f5d54dfc2be6268cb23719c63a3df10440a4724a7cf90f659?s=96&d=mm&r=g","caption":"Delali Amegah"},"url":"https:\/\/www.elle.lu\/fr\/author\/delali-amegah"}]}},"jetpack_featured_media_url":"https:\/\/www.elle.lu\/fr\/wp-content\/uploads\/2025\/10\/photo-de-couverture-rita-braz-mayra-andrade-2.jpg","jetpack_sharing_enabled":true,"_links":{"self":[{"href":"https:\/\/www.elle.lu\/fr\/wp-json\/wp\/v2\/posts\/8295","targetHints":{"allow":["GET"]}}],"collection":[{"href":"https:\/\/www.elle.lu\/fr\/wp-json\/wp\/v2\/posts"}],"about":[{"href":"https:\/\/www.elle.lu\/fr\/wp-json\/wp\/v2\/types\/post"}],"author":[{"embeddable":true,"href":"https:\/\/www.elle.lu\/fr\/wp-json\/wp\/v2\/users\/11"}],"replies":[{"embeddable":true,"href":"https:\/\/www.elle.lu\/fr\/wp-json\/wp\/v2\/comments?post=8295"}],"version-history":[{"count":1,"href":"https:\/\/www.elle.lu\/fr\/wp-json\/wp\/v2\/posts\/8295\/revisions"}],"predecessor-version":[{"id":8298,"href":"https:\/\/www.elle.lu\/fr\/wp-json\/wp\/v2\/posts\/8295\/revisions\/8298"}],"wp:featuredmedia":[{"embeddable":true,"href":"https:\/\/www.elle.lu\/fr\/wp-json\/wp\/v2\/media\/8297"}],"wp:attachment":[{"href":"https:\/\/www.elle.lu\/fr\/wp-json\/wp\/v2\/media?parent=8295"}],"wp:term":[{"taxonomy":"category","embeddable":true,"href":"https:\/\/www.elle.lu\/fr\/wp-json\/wp\/v2\/categories?post=8295"},{"taxonomy":"post_tag","embeddable":true,"href":"https:\/\/www.elle.lu\/fr\/wp-json\/wp\/v2\/tags?post=8295"}],"curies":[{"name":"wp","href":"https:\/\/api.w.org\/{rel}","templated":true}]}}